{"id":21623,"date":"2013-11-29T14:06:26","date_gmt":"2013-11-29T14:06:26","guid":{"rendered":"http:\/\/ddigital.webs.ull.es\/finaliza-con-exito-la-exposicion-anual-de-setas-de-la-facultad-de-bilogia\/"},"modified":"2013-11-29T14:06:26","modified_gmt":"2013-11-29T14:06:26","slug":"finaliza-con-exito-la-exposicion-anual-de-setas-de-la-facultad-de-bilogia","status":"publish","type":"post","link":"https:\/\/www.ull.es\/portal\/noticias\/2013\/finaliza-con-exito-la-exposicion-anual-de-setas-de-la-facultad-de-bilogia\/","title":{"rendered":"Finaliza con \u00e9xito la exposici\u00f3n anual de setas de la Facultad de Bilog\u00eda"},"content":{"rendered":"<p> \tLa Facultad de Biolog&iacute;a de la Universidad de La Laguna organiza cada oto&ntilde;o una exposici&oacute;n de ejemplares vivos de setas y hongos que ya se ha convertido en una esperada tradici&oacute;n en la instituci&oacute;n acad&eacute;mica. Esta semana celebr&oacute; entre el 25 y el 28 de noviembre su trig&eacute;simo primera edici&oacute;n, en la que se exhibieron 120 especies diferentes, n&uacute;mero muy superior al de a&ntilde;os anteriores, que ha sido en torno a las 70. Se mostraron tanto ejemplares aprovechables en gastronom&iacute;a, como el rebozuelo, el boleto calabaza o n&iacute;scalos, como de t&oacute;xicas, algunas de ellas mortales, como la oronja verde. Como es habitual, a lo largo de la semana se recibi&oacute; la visita de varios centros escolares de la isla de Tenerife que fueron atendidos por los voluntarios del alumnado de la facultad.<\/p>\n<p>NULL<\/p>\n","protected":false},"excerpt":{"rendered":"<p>La Facultad de Biolog&iacute;a de la Universidad de La Laguna organiza cada oto&ntilde;o una exposici&oacute;n de ejemplares vivos de setas&#8230;<\/p>\n","protected":false},"author":21,"featured_media":21629,"comment_status":"open","ping_status":"open","sticky":false,"template":"","format":"standard","meta":{"inline_featured_image":false,"footnotes":""},"categories":[344,1],"tags":[],"acf":[],"yoast_head":"<!-- This site is optimized with the Yoast SEO plugin v21.3 - https:\/\/yoast.com\/wordpress\/plugins\/seo\/ -->\n<title>Finaliza con \u00e9xito la exposici\u00f3n anual de setas de la Facultad de Bilog\u00eda - ULL - Noticias<\/title>\n<meta name=\"robots\" content=\"index, follow, max-snippet:-1, max-image-preview:large, max-video-preview:-1\" \/>\n<link rel=\"canonical\" href=\"https:\/\/www.ull.es\/portal\/noticias\/2013\/finaliza-con-exito-la-exposicion-anual-de-setas-de-la-facultad-de-bilogia\/\" \/>\n<meta property=\"og:locale\" content=\"es_ES\" \/>\n<meta property=\"og:type\" content=\"article\" \/>\n<meta property=\"og:title\" content=\"Finaliza con \u00e9xito la exposici\u00f3n anual de setas de la Facultad de Bilog\u00eda - ULL - Noticias\" \/>\n<meta property=\"og:description\" content=\"La Facultad de Biolog&iacute;a de la Universidad de La Laguna organiza cada oto&ntilde;o una exposici&oacute;n de ejemplares vivos de setas...\" \/>\n<meta property=\"og:url\" content=\"https:\/\/www.ull.es\/portal\/noticias\/2013\/finaliza-con-exito-la-exposicion-anual-de-setas-de-la-facultad-de-bilogia\/\" \/>\n<meta property=\"og:site_name\" content=\"ULL - Noticias\" \/>\n<meta property=\"article:publisher\" content=\"https:\/\/www.facebook.com\/universidaddelalaguna\/\" \/>\n<meta property=\"article:published_time\" content=\"2013-11-29T14:06:26+00:00\" \/>\n<meta property=\"og:image\" content=\"https:\/\/www.ull.es\/portal\/noticias\/wp-content\/uploads\/sites\/13\/2015\/07\/Jorn-Micologicas-13-28.jpg\" \/>\n\t<meta property=\"og:image:width\" content=\"1034\" \/>\n\t<meta property=\"og:image:height\" content=\"708\" \/>\n\t<meta property=\"og:image:type\" content=\"image\/jpeg\" \/>\n<meta name=\"author\" content=\"prensa2\" \/>\n<meta name=\"twitter:card\" content=\"summary_large_image\" \/>\n<meta name=\"twitter:creator\" content=\"@CanalULL\" \/>\n<meta name=\"twitter:site\" content=\"@CanalULL\" \/>\n<meta name=\"twitter:label1\" content=\"Escrito por\" \/>\n\t<meta name=\"twitter:data1\" content=\"prensa2\" \/>\n\t<meta name=\"twitter:label2\" content=\"Tiempo de lectura\" \/>\n\t<meta name=\"twitter:data2\" content=\"1 minuto\" \/>\n<script type=\"application\/ld+json\" class=\"yoast-schema-graph\">{\"@context\":\"https:\/\/schema.org\",\"@graph\":[{\"@type\":\"WebPage\",\"@id\":\"https:\/\/www.ull.es\/portal\/noticias\/2013\/finaliza-con-exito-la-exposicion-anual-de-setas-de-la-facultad-de-bilogia\/\",\"url\":\"https:\/\/www.ull.es\/portal\/noticias\/2013\/finaliza-con-exito-la-exposicion-anual-de-setas-de-la-facultad-de-bilogia\/\",\"name\":\"Finaliza con \u00e9xito la exposici\u00f3n anual de setas de la Facultad de Bilog\u00eda - ULL - Noticias\",\"isPartOf\":{\"@id\":\"https:\/\/www.ull.es\/portal\/noticias\/#website\"},\"datePublished\":\"2013-11-29T14:06:26+00:00\",\"dateModified\":\"2013-11-29T14:06:26+00:00\",\"author\":{\"@id\":\"https:\/\/www.ull.es\/portal\/noticias\/#\/schema\/person\/c3b2aa857797592927a03740d6664376\"},\"breadcrumb\":{\"@id\":\"https:\/\/www.ull.es\/portal\/noticias\/2013\/finaliza-con-exito-la-exposicion-anual-de-setas-de-la-facultad-de-bilogia\/#breadcrumb\"},\"inLanguage\":\"es\",\"potentialAction\":[{\"@type\":\"ReadAction\",\"target\":[\"https:\/\/www.ull.es\/portal\/noticias\/2013\/finaliza-con-exito-la-exposicion-anual-de-setas-de-la-facultad-de-bilogia\/\"]}]},{\"@type\":\"BreadcrumbList\",\"@id\":\"https:\/\/www.ull.es\/portal\/noticias\/2013\/finaliza-con-exito-la-exposicion-anual-de-setas-de-la-facultad-de-bilogia\/#breadcrumb\",\"itemListElement\":[{\"@type\":\"ListItem\",\"position\":1,\"name\":\"Portada\",\"item\":\"https:\/\/www.ull.es\/portal\/noticias\/\"},{\"@type\":\"ListItem\",\"position\":2,\"name\":\"Finaliza con \u00e9xito la exposici\u00f3n anual de setas de la Facultad de Bilog\u00eda\"}]},{\"@type\":\"WebSite\",\"@id\":\"https:\/\/www.ull.es\/portal\/noticias\/#website\",\"url\":\"https:\/\/www.ull.es\/portal\/noticias\/\",\"name\":\"ULL - Noticias\",\"description\":\"\",\"potentialAction\":[{\"@type\":\"SearchAction\",\"target\":{\"@type\":\"EntryPoint\",\"urlTemplate\":\"https:\/\/www.ull.es\/portal\/noticias\/?s={search_term_string}\"},\"query-input\":\"required name=search_term_string\"}],\"inLanguage\":\"es\"},{\"@type\":\"Person\",\"@id\":\"https:\/\/www.ull.es\/portal\/noticias\/#\/schema\/person\/c3b2aa857797592927a03740d6664376\",\"name\":\"prensa2\",\"image\":{\"@type\":\"ImageObject\",\"inLanguage\":\"es\",\"@id\":\"https:\/\/www.ull.es\/portal\/noticias\/#\/schema\/person\/image\/\",\"url\":\"https:\/\/secure.gravatar.com\/avatar\/b58f310a5de5feb33d1e026d2493f23c?s=96&d=mm&r=g\",\"contentUrl\":\"https:\/\/secure.gravatar.com\/avatar\/b58f310a5de5feb33d1e026d2493f23c?s=96&d=mm&r=g\",\"caption\":\"prensa2\"},\"url\":\"https:\/\/www.ull.es\/portal\/noticias\/author\/prensa2\/\"}]}<\/script>\n<!-- \/ Yoast SEO plugin. -->","yoast_head_json":{"title":"Finaliza con \u00e9xito la exposici\u00f3n anual de setas de la Facultad de Bilog\u00eda - ULL - Noticias","robots":{"index":"index","follow":"follow","max-snippet":"max-snippet:-1","max-image-preview":"max-image-preview:large","max-video-preview":"max-video-preview:-1"},"canonical":"https:\/\/www.ull.es\/portal\/noticias\/2013\/finaliza-con-exito-la-exposicion-anual-de-setas-de-la-facultad-de-bilogia\/","og_locale":"es_ES","og_type":"article","og_title":"Finaliza con \u00e9xito la exposici\u00f3n anual de setas de la Facultad de Bilog\u00eda - ULL - Noticias","og_description":"La Facultad de Biolog&iacute;a de la Universidad de La Laguna organiza cada oto&ntilde;o una exposici&oacute;n de ejemplares vivos de setas...","og_url":"https:\/\/www.ull.es\/portal\/noticias\/2013\/finaliza-con-exito-la-exposicion-anual-de-setas-de-la-facultad-de-bilogia\/","og_site_name":"ULL - Noticias","article_publisher":"https:\/\/www.facebook.com\/universidaddelalaguna\/","article_published_time":"2013-11-29T14:06:26+00:00","og_image":[{"width":1034,"height":708,"url":"https:\/\/www.ull.es\/portal\/noticias\/wp-content\/uploads\/sites\/13\/2015\/07\/Jorn-Micologicas-13-28.jpg","type":"image\/jpeg"}],"author":"prensa2","twitter_card":"summary_large_image","twitter_creator":"@CanalULL","twitter_site":"@CanalULL","twitter_misc":{"Escrito por":"prensa2","Tiempo de lectura":"1 minuto"},"schema":{"@context":"https:\/\/schema.org","@graph":[{"@type":"WebPage","@id":"https:\/\/www.ull.es\/portal\/noticias\/2013\/finaliza-con-exito-la-exposicion-anual-de-setas-de-la-facultad-de-bilogia\/","url":"https:\/\/www.ull.es\/portal\/noticias\/2013\/finaliza-con-exito-la-exposicion-anual-de-setas-de-la-facultad-de-bilogia\/","name":"Finaliza con \u00e9xito la exposici\u00f3n anual de setas de la Facultad de Bilog\u00eda - ULL - Noticias","isPartOf":{"@id":"https:\/\/www.ull.es\/portal\/noticias\/#website"},"datePublished":"2013-11-29T14:06:26+00:00","dateModified":"2013-11-29T14:06:26+00:00","author":{"@id":"https:\/\/www.ull.es\/portal\/noticias\/#\/schema\/person\/c3b2aa857797592927a03740d6664376"},"breadcrumb":{"@id":"https:\/\/www.ull.es\/portal\/noticias\/2013\/finaliza-con-exito-la-exposicion-anual-de-setas-de-la-facultad-de-bilogia\/#breadcrumb"},"inLanguage":"es","potentialAction":[{"@type":"ReadAction","target":["https:\/\/www.ull.es\/portal\/noticias\/2013\/finaliza-con-exito-la-exposicion-anual-de-setas-de-la-facultad-de-bilogia\/"]}]},{"@type":"BreadcrumbList","@id":"https:\/\/www.ull.es\/portal\/noticias\/2013\/finaliza-con-exito-la-exposicion-anual-de-setas-de-la-facultad-de-bilogia\/#breadcrumb","itemListElement":[{"@type":"ListItem","position":1,"name":"Portada","item":"https:\/\/www.ull.es\/portal\/noticias\/"},{"@type":"ListItem","position":2,"name":"Finaliza con \u00e9xito la exposici\u00f3n anual de setas de la Facultad de Bilog\u00eda"}]},{"@type":"WebSite","@id":"https:\/\/www.ull.es\/portal\/noticias\/#website","url":"https:\/\/www.ull.es\/portal\/noticias\/","name":"ULL - Noticias","description":"","potentialAction":[{"@type":"SearchAction","target":{"@type":"EntryPoint","urlTemplate":"https:\/\/www.ull.es\/portal\/noticias\/?s={search_term_string}"},"query-input":"required name=search_term_string"}],"inLanguage":"es"},{"@type":"Person","@id":"https:\/\/www.ull.es\/portal\/noticias\/#\/schema\/person\/c3b2aa857797592927a03740d6664376","name":"prensa2","image":{"@type":"ImageObject","inLanguage":"es","@id":"https:\/\/www.ull.es\/portal\/noticias\/#\/schema\/person\/image\/","url":"https:\/\/secure.gravatar.com\/avatar\/b58f310a5de5feb33d1e026d2493f23c?s=96&d=mm&r=g","contentUrl":"https:\/\/secure.gravatar.com\/avatar\/b58f310a5de5feb33d1e026d2493f23c?s=96&d=mm&r=g","caption":"prensa2"},"url":"https:\/\/www.ull.es\/portal\/noticias\/author\/prensa2\/"}]}},"primary_category":null,"featured_image_thumbnail_url":"https:\/\/www.ull.es\/portal\/noticias\/wp-content\/uploads\/sites\/13\/2015\/07\/Jorn-Micologicas-13-28-300x205.jpg","_links":{"self":[{"href":"https:\/\/www.ull.es\/portal\/noticias\/wp-json\/wp\/v2\/posts\/21623"}],"collection":[{"href":"https:\/\/www.ull.es\/portal\/noticias\/wp-json\/wp\/v2\/posts"}],"about":[{"href":"https:\/\/www.ull.es\/portal\/noticias\/wp-json\/wp\/v2\/types\/post"}],"author":[{"embeddable":true,"href":"https:\/\/www.ull.es\/portal\/noticias\/wp-json\/wp\/v2\/users\/21"}],"replies":[{"embeddable":true,"href":"https:\/\/www.ull.es\/portal\/noticias\/wp-json\/wp\/v2\/comments?post=21623"}],"version-history":[{"count":0,"href":"https:\/\/www.ull.es\/portal\/noticias\/wp-json\/wp\/v2\/posts\/21623\/revisions"}],"wp:featuredmedia":[{"embeddable":true,"href":"https:\/\/www.ull.es\/portal\/noticias\/wp-json\/wp\/v2\/media\/21629"}],"wp:attachment":[{"href":"https:\/\/www.ull.es\/portal\/noticias\/wp-json\/wp\/v2\/media?parent=21623"}],"wp:term":[{"taxonomy":"category","embeddable":true,"href":"https:\/\/www.ull.es\/portal\/noticias\/wp-json\/wp\/v2\/categories?post=21623"},{"taxonomy":"post_tag","embeddable":true,"href":"https:\/\/www.ull.es\/portal\/noticias\/wp-json\/wp\/v2\/tags?post=21623"}],"curies":[{"name":"wp","href":"https:\/\/api.w.org\/{rel}","templated":true}]}}