{"id":21748,"date":"2014-01-09T13:28:40","date_gmt":"2014-01-09T13:28:40","guid":{"rendered":"http:\/\/ddigital.webs.ull.es\/jose-maria-palazon-nuevo-secretario-general-de-la-universidad-de-la-laguna\/"},"modified":"2014-01-09T13:28:40","modified_gmt":"2014-01-09T13:28:40","slug":"jose-maria-palazon-nuevo-secretario-general-de-la-universidad-de-la-laguna","status":"publish","type":"post","link":"https:\/\/www.ull.es\/portal\/noticias\/2014\/jose-maria-palazon-nuevo-secretario-general-de-la-universidad-de-la-laguna\/","title":{"rendered":"Jos\u00e9 Mar\u00eda Palaz\u00f3n, nuevo secretario general de la Universidad de La Laguna"},"content":{"rendered":"<p> \tEl que hasta ahora fuera vicerrector de Posgrado, Nuevos Estudios y Espacio Europeo de Educaci&oacute;n Superior, Jos&eacute; Mar&iacute;a Palaz&oacute;n L&oacute;pez, ha tomado posesi&oacute;n hoy jueves 9 de enero como secretario general de la Universidad de La Laguna, en una ceremonia celebrada en la sala de juntas del Rectorado.<\/p>\n<p> \tEl rector del centro acad&eacute;mico, Eduardo Dom&eacute;nech, agradeci&oacute; muy sinceramente el trabajo desempe&ntilde;ado por el secretario general saliente, Juan Rodr&iacute;guez Calero, quien ha decidido presentar su renuncia por cuestiones personales. Alab&oacute; su competencia y profesionalidad, reconocida en todos los &oacute;rganos de gobierno de la instituci&oacute;n universitaria, al tiempo que su lealtad y talante universitario.<\/p>\n<p> \tDom&eacute;nech tambi&eacute;n tuvo palabras de agasajo para el secretario general entrante, calificado en tono de broma como &ldquo;hombre todoterreno&rdquo;, en la idea de resaltar su gran capacidad de trabajo, a la que se suma su profundo conocimiento de la legislaci&oacute;n universitaria. Palaz&oacute;n deja atr&aacute;s un vicerrectorado muy activo, no en vano esta universidad fue la primera instituci&oacute;n regional en pasarse al modelo de grados oficiales adaptados a los nuevos criterios de la reforma europea de titulaciones.<\/p>\n<p> \tEntre las competencias del secretario general figura la direcci&oacute;n de la secretar&iacute;a de todos los &oacute;rganos de gobierno presididos por el rector, la custodia del archivo y de los documentos oficiales, tambi&eacute;n tiene capacidad para ejercer competencias en protocolo y ceremonias, da fe de los acuerdos y promueve su publicidad.<\/p>\n<p> \t&nbsp;<\/p>\n","protected":false},"excerpt":{"rendered":"<p>El que hasta ahora fuera vicerrector de Posgrado, Nuevos Estudios y Espacio Europeo de Educaci&oacute;n Superior, Jos&eacute; Mar&iacute;a Palaz&oacute;n L&oacute;pez,&#8230;<\/p>\n","protected":false},"author":21,"featured_media":21751,"comment_status":"open","ping_status":"open","sticky":false,"template":"","format":"standard","meta":{"inline_featured_image":false,"footnotes":""},"categories":[347,1],"tags":[],"acf":[],"yoast_head":"<!-- This site is optimized with the Yoast SEO plugin v21.3 - https:\/\/yoast.com\/wordpress\/plugins\/seo\/ -->\n<title>Jos\u00e9 Mar\u00eda Palaz\u00f3n, nuevo secretario general de la Universidad de La Laguna - ULL - Noticias<\/title>\n<meta name=\"robots\" content=\"index, follow, max-snippet:-1, max-image-preview:large, max-video-preview:-1\" \/>\n<link rel=\"canonical\" href=\"https:\/\/www.ull.es\/portal\/noticias\/2014\/jose-maria-palazon-nuevo-secretario-general-de-la-universidad-de-la-laguna\/\" \/>\n<meta property=\"og:locale\" content=\"es_ES\" \/>\n<meta property=\"og:type\" content=\"article\" \/>\n<meta property=\"og:title\" content=\"Jos\u00e9 Mar\u00eda Palaz\u00f3n, nuevo secretario general de la Universidad de La Laguna - ULL - Noticias\" \/>\n<meta property=\"og:description\" content=\"El que hasta ahora fuera vicerrector de Posgrado, Nuevos Estudios y Espacio Europeo de Educaci&oacute;n Superior, Jos&eacute; Mar&iacute;a Palaz&oacute;n L&oacute;pez,...\" \/>\n<meta property=\"og:url\" content=\"https:\/\/www.ull.es\/portal\/noticias\/2014\/jose-maria-palazon-nuevo-secretario-general-de-la-universidad-de-la-laguna\/\" \/>\n<meta property=\"og:site_name\" content=\"ULL - Noticias\" \/>\n<meta property=\"article:publisher\" content=\"https:\/\/www.facebook.com\/universidaddelalaguna\/\" \/>\n<meta property=\"article:published_time\" content=\"2014-01-09T13:28:40+00:00\" \/>\n<meta property=\"og:image\" content=\"https:\/\/www.ull.es\/portal\/noticias\/wp-content\/uploads\/sites\/13\/2015\/07\/Toma-pos-Secret-Gral-13.jpg\" \/>\n\t<meta property=\"og:image:width\" content=\"1034\" \/>\n\t<meta property=\"og:image:height\" content=\"708\" \/>\n\t<meta property=\"og:image:type\" content=\"image\/jpeg\" \/>\n<meta name=\"author\" content=\"prensa2\" \/>\n<meta name=\"twitter:card\" content=\"summary_large_image\" \/>\n<meta name=\"twitter:creator\" content=\"@CanalULL\" \/>\n<meta name=\"twitter:site\" content=\"@CanalULL\" \/>\n<meta name=\"twitter:label1\" content=\"Escrito por\" \/>\n\t<meta name=\"twitter:data1\" content=\"prensa2\" \/>\n\t<meta name=\"twitter:label2\" content=\"Tiempo de lectura\" \/>\n\t<meta name=\"twitter:data2\" content=\"1 minuto\" \/>\n<script type=\"application\/ld+json\" class=\"yoast-schema-graph\">{\"@context\":\"https:\/\/schema.org\",\"@graph\":[{\"@type\":\"WebPage\",\"@id\":\"https:\/\/www.ull.es\/portal\/noticias\/2014\/jose-maria-palazon-nuevo-secretario-general-de-la-universidad-de-la-laguna\/\",\"url\":\"https:\/\/www.ull.es\/portal\/noticias\/2014\/jose-maria-palazon-nuevo-secretario-general-de-la-universidad-de-la-laguna\/\",\"name\":\"Jos\u00e9 Mar\u00eda Palaz\u00f3n, nuevo secretario general de la Universidad de La Laguna - ULL - Noticias\",\"isPartOf\":{\"@id\":\"https:\/\/www.ull.es\/portal\/noticias\/#website\"},\"datePublished\":\"2014-01-09T13:28:40+00:00\",\"dateModified\":\"2014-01-09T13:28:40+00:00\",\"author\":{\"@id\":\"https:\/\/www.ull.es\/portal\/noticias\/#\/schema\/person\/c3b2aa857797592927a03740d6664376\"},\"breadcrumb\":{\"@id\":\"https:\/\/www.ull.es\/portal\/noticias\/2014\/jose-maria-palazon-nuevo-secretario-general-de-la-universidad-de-la-laguna\/#breadcrumb\"},\"inLanguage\":\"es\",\"potentialAction\":[{\"@type\":\"ReadAction\",\"target\":[\"https:\/\/www.ull.es\/portal\/noticias\/2014\/jose-maria-palazon-nuevo-secretario-general-de-la-universidad-de-la-laguna\/\"]}]},{\"@type\":\"BreadcrumbList\",\"@id\":\"https:\/\/www.ull.es\/portal\/noticias\/2014\/jose-maria-palazon-nuevo-secretario-general-de-la-universidad-de-la-laguna\/#breadcrumb\",\"itemListElement\":[{\"@type\":\"ListItem\",\"position\":1,\"name\":\"Portada\",\"item\":\"https:\/\/www.ull.es\/portal\/noticias\/\"},{\"@type\":\"ListItem\",\"position\":2,\"name\":\"Jos\u00e9 Mar\u00eda Palaz\u00f3n, nuevo secretario general de la Universidad de La Laguna\"}]},{\"@type\":\"WebSite\",\"@id\":\"https:\/\/www.ull.es\/portal\/noticias\/#website\",\"url\":\"https:\/\/www.ull.es\/portal\/noticias\/\",\"name\":\"ULL - Noticias\",\"description\":\"\",\"potentialAction\":[{\"@type\":\"SearchAction\",\"target\":{\"@type\":\"EntryPoint\",\"urlTemplate\":\"https:\/\/www.ull.es\/portal\/noticias\/?s={search_term_string}\"},\"query-input\":\"required name=search_term_string\"}],\"inLanguage\":\"es\"},{\"@type\":\"Person\",\"@id\":\"https:\/\/www.ull.es\/portal\/noticias\/#\/schema\/person\/c3b2aa857797592927a03740d6664376\",\"name\":\"prensa2\",\"image\":{\"@type\":\"ImageObject\",\"inLanguage\":\"es\",\"@id\":\"https:\/\/www.ull.es\/portal\/noticias\/#\/schema\/person\/image\/\",\"url\":\"https:\/\/secure.gravatar.com\/avatar\/b58f310a5de5feb33d1e026d2493f23c?s=96&d=mm&r=g\",\"contentUrl\":\"https:\/\/secure.gravatar.com\/avatar\/b58f310a5de5feb33d1e026d2493f23c?s=96&d=mm&r=g\",\"caption\":\"prensa2\"},\"url\":\"https:\/\/www.ull.es\/portal\/noticias\/author\/prensa2\/\"}]}<\/script>\n<!-- \/ Yoast SEO plugin. -->","yoast_head_json":{"title":"Jos\u00e9 Mar\u00eda Palaz\u00f3n, nuevo secretario general de la Universidad de La Laguna - ULL - Noticias","robots":{"index":"index","follow":"follow","max-snippet":"max-snippet:-1","max-image-preview":"max-image-preview:large","max-video-preview":"max-video-preview:-1"},"canonical":"https:\/\/www.ull.es\/portal\/noticias\/2014\/jose-maria-palazon-nuevo-secretario-general-de-la-universidad-de-la-laguna\/","og_locale":"es_ES","og_type":"article","og_title":"Jos\u00e9 Mar\u00eda Palaz\u00f3n, nuevo secretario general de la Universidad de La Laguna - ULL - Noticias","og_description":"El que hasta ahora fuera vicerrector de Posgrado, Nuevos Estudios y Espacio Europeo de Educaci&oacute;n Superior, Jos&eacute; Mar&iacute;a Palaz&oacute;n L&oacute;pez,...","og_url":"https:\/\/www.ull.es\/portal\/noticias\/2014\/jose-maria-palazon-nuevo-secretario-general-de-la-universidad-de-la-laguna\/","og_site_name":"ULL - Noticias","article_publisher":"https:\/\/www.facebook.com\/universidaddelalaguna\/","article_published_time":"2014-01-09T13:28:40+00:00","og_image":[{"width":1034,"height":708,"url":"https:\/\/www.ull.es\/portal\/noticias\/wp-content\/uploads\/sites\/13\/2015\/07\/Toma-pos-Secret-Gral-13.jpg","type":"image\/jpeg"}],"author":"prensa2","twitter_card":"summary_large_image","twitter_creator":"@CanalULL","twitter_site":"@CanalULL","twitter_misc":{"Escrito por":"prensa2","Tiempo de lectura":"1 minuto"},"schema":{"@context":"https:\/\/schema.org","@graph":[{"@type":"WebPage","@id":"https:\/\/www.ull.es\/portal\/noticias\/2014\/jose-maria-palazon-nuevo-secretario-general-de-la-universidad-de-la-laguna\/","url":"https:\/\/www.ull.es\/portal\/noticias\/2014\/jose-maria-palazon-nuevo-secretario-general-de-la-universidad-de-la-laguna\/","name":"Jos\u00e9 Mar\u00eda Palaz\u00f3n, nuevo secretario general de la Universidad de La Laguna - ULL - Noticias","isPartOf":{"@id":"https:\/\/www.ull.es\/portal\/noticias\/#website"},"datePublished":"2014-01-09T13:28:40+00:00","dateModified":"2014-01-09T13:28:40+00:00","author":{"@id":"https:\/\/www.ull.es\/portal\/noticias\/#\/schema\/person\/c3b2aa857797592927a03740d6664376"},"breadcrumb":{"@id":"https:\/\/www.ull.es\/portal\/noticias\/2014\/jose-maria-palazon-nuevo-secretario-general-de-la-universidad-de-la-laguna\/#breadcrumb"},"inLanguage":"es","potentialAction":[{"@type":"ReadAction","target":["https:\/\/www.ull.es\/portal\/noticias\/2014\/jose-maria-palazon-nuevo-secretario-general-de-la-universidad-de-la-laguna\/"]}]},{"@type":"BreadcrumbList","@id":"https:\/\/www.ull.es\/portal\/noticias\/2014\/jose-maria-palazon-nuevo-secretario-general-de-la-universidad-de-la-laguna\/#breadcrumb","itemListElement":[{"@type":"ListItem","position":1,"name":"Portada","item":"https:\/\/www.ull.es\/portal\/noticias\/"},{"@type":"ListItem","position":2,"name":"Jos\u00e9 Mar\u00eda Palaz\u00f3n, nuevo secretario general de la Universidad de La Laguna"}]},{"@type":"WebSite","@id":"https:\/\/www.ull.es\/portal\/noticias\/#website","url":"https:\/\/www.ull.es\/portal\/noticias\/","name":"ULL - Noticias","description":"","potentialAction":[{"@type":"SearchAction","target":{"@type":"EntryPoint","urlTemplate":"https:\/\/www.ull.es\/portal\/noticias\/?s={search_term_string}"},"query-input":"required name=search_term_string"}],"inLanguage":"es"},{"@type":"Person","@id":"https:\/\/www.ull.es\/portal\/noticias\/#\/schema\/person\/c3b2aa857797592927a03740d6664376","name":"prensa2","image":{"@type":"ImageObject","inLanguage":"es","@id":"https:\/\/www.ull.es\/portal\/noticias\/#\/schema\/person\/image\/","url":"https:\/\/secure.gravatar.com\/avatar\/b58f310a5de5feb33d1e026d2493f23c?s=96&d=mm&r=g","contentUrl":"https:\/\/secure.gravatar.com\/avatar\/b58f310a5de5feb33d1e026d2493f23c?s=96&d=mm&r=g","caption":"prensa2"},"url":"https:\/\/www.ull.es\/portal\/noticias\/author\/prensa2\/"}]}},"primary_category":null,"featured_image_thumbnail_url":"https:\/\/www.ull.es\/portal\/noticias\/wp-content\/uploads\/sites\/13\/2015\/07\/Toma-pos-Secret-Gral-13-300x205.jpg","_links":{"self":[{"href":"https:\/\/www.ull.es\/portal\/noticias\/wp-json\/wp\/v2\/posts\/21748"}],"collection":[{"href":"https:\/\/www.ull.es\/portal\/noticias\/wp-json\/wp\/v2\/posts"}],"about":[{"href":"https:\/\/www.ull.es\/portal\/noticias\/wp-json\/wp\/v2\/types\/post"}],"author":[{"embeddable":true,"href":"https:\/\/www.ull.es\/portal\/noticias\/wp-json\/wp\/v2\/users\/21"}],"replies":[{"embeddable":true,"href":"https:\/\/www.ull.es\/portal\/noticias\/wp-json\/wp\/v2\/comments?post=21748"}],"version-history":[{"count":0,"href":"https:\/\/www.ull.es\/portal\/noticias\/wp-json\/wp\/v2\/posts\/21748\/revisions"}],"wp:featuredmedia":[{"embeddable":true,"href":"https:\/\/www.ull.es\/portal\/noticias\/wp-json\/wp\/v2\/media\/21751"}],"wp:attachment":[{"href":"https:\/\/www.ull.es\/portal\/noticias\/wp-json\/wp\/v2\/media?parent=21748"}],"wp:term":[{"taxonomy":"category","embeddable":true,"href":"https:\/\/www.ull.es\/portal\/noticias\/wp-json\/wp\/v2\/categories?post=21748"},{"taxonomy":"post_tag","embeddable":true,"href":"https:\/\/www.ull.es\/portal\/noticias\/wp-json\/wp\/v2\/tags?post=21748"}],"curies":[{"name":"wp","href":"https:\/\/api.w.org\/{rel}","templated":true}]}}