{"id":21953,"date":"2014-02-19T12:10:35","date_gmt":"2014-02-19T12:10:35","guid":{"rendered":"http:\/\/ddigital.webs.ull.es\/la-vision-politica-de-miguel-de-unamuno-centra-la-tematica-del-curso-unamuno-en-fuerteventura-xvi\/"},"modified":"2014-02-19T12:10:35","modified_gmt":"2014-02-19T12:10:35","slug":"la-vision-politica-de-miguel-de-unamuno-centra-la-tematica-del-curso-unamuno-en-fuerteventura-xvi","status":"publish","type":"post","link":"https:\/\/www.ull.es\/portal\/noticias\/2014\/la-vision-politica-de-miguel-de-unamuno-centra-la-tematica-del-curso-unamuno-en-fuerteventura-xvi\/","title":{"rendered":"La visi\u00f3n pol\u00edtica de Miguel de Unamuno centra la tem\u00e1tica del curso Unamuno en Fuerteventura XVI"},"content":{"rendered":"<p> \tEn la tarde del lunes 17 de febrero tuvo lugar la apertura del curso de extensi&oacute;n universitaria Unamuno en Fuerteventura XVI, que se desarrolla una vez m&aacute;s en el marco de la colaboraci&oacute;n que desarrollan la C&aacute;tedra Cultural Miguel de Unamuno, el Cabildo de Fuerteventura y la Universidad de La Laguna, y que indagar&aacute; durante la presente edici&oacute;n en la vertiente pol&iacute;tica del pensador y escritor vasco.<\/p>\n<p> \tLos treinta y dos alumnos inscritos asistieron al acto inaugural, que cont&oacute; con las intervenciones del consejero de Cultura y Patrimonio Hist&oacute;rico del Cabildo, Juan Jim&eacute;nez, la vicerrectora de Relaciones, Universidad y Sociedad de la Universidad de La Laguna, N&eacute;lida Rancel, y el director de la C&aacute;tedra Cultural Miguel de Unamuno, Marcial Morera. <\/p>\n<p> \tEl director del curso expuso c&oacute;mo el programa did&aacute;ctico de este a&ntilde;o: &quot;Se centra en Unamuno y la pol&iacute;tica, un aspecto esencial del personaje, pues Unamuno era un animal pol&iacute;tico, y no un escritor netamente esteticista como s&iacute; lo fueron autores contempor&aacute;neos como Lorca o Alexaindre. &Eacute;l opinaba sobre la vida pol&iacute;tica. Nos encontramos en un momento hist&oacute;rico de este pa&iacute;s en que se hace necesaria la aparici&oacute;n de gente con ideas, como hizo el propio Unamuno en sus d&iacute;as. Ideas que podr&iacute;an abordar situaciones similares, pues tanto entonces como ahora ya se planteaban cuestiones como la identidad de las regiones espa&ntilde;olas, o se elabor&oacute; una nueva Constituci&oacute;n para la Rep&uacute;blica con la participaci&oacute;n directa de Unamuno&quot;.<\/p>\n<p> \tJuan Jim&eacute;nez se refiri&oacute; al curso Unamuno en Fuerteventura que viene &quot;glosando sobre diversos aspectos de la vida y obra de Unamuno, en este 2014 en que se cumplen 150 a&ntilde;os de su nacimiento, y 90 de su estancia en la Isla&quot;. N&eacute;lida Rancel dijo sentirse una vez m&aacute;s acogida en Fuerteventura, &quot;tal y como parad&oacute;jicamente se sinti&oacute; el propio Unamuno durante su confinamiento en la Isla. Un confinamiento que fue f&iacute;sico pero no mental, pues ha quedado constancia del apego por las gentes y por la naturaleza de esta tierra que sinti&oacute; el autor&quot;.<\/p>\n<p> \tEl curso cuenta con cinco sesiones programadas, que se desarrollar&aacute;n de lunes a viernes durante la presente semana. Dos profesores expertos en la figura de Unamumo venidos desde fuera del Archipi&eacute;lago intervienen en esta XVI edici&oacute;n del curso. El primero de ellos, el catedr&aacute;tico de Historia Contempor&aacute;nea de la Universidad de Salamanca, Mariano Esteban de Vega, expuso la ponencia titulada &#039;Unamuno ante la Dictadura de Primo de Rivera&#039;. Hoy martes abordar&aacute; el tema &#039;Unamuno ante la II Rep&uacute;blica&#039;.<\/p>\n<p> \tEl segundo, el catedr&aacute;tico de Historia de la Universidad de Deusto, Jos&eacute; Antonio Ere&ntilde;o Altuna, llegar&aacute; a la Isla este mi&eacute;rcoles para tratar sobre &#039;Las opiniones pol&iacute;ticas del primer Unamuno (1864-1884)&#039; y &#039;El combate socialista de Unamuno (1894-1897)&#039;.<\/p>\n<p> \t<strong>Programa<br \/> \t<\/strong><br \/> \t<strong>Lunes 17 de febrero<\/strong><br \/> \tUnamuno ante la Dictadura de Primo de Rivera, por D. Mariano Esteban de Vega, Catedr&aacute;tico de Historia Contempor&aacute;nea de la Universidad de Salamanca.<\/p>\n<p> \t<strong>Martes 18 de febrero<\/strong><br \/> \tUnamuno ante la II Rep&uacute;blica, por D. Mariano Esteban de Vega, Catedr&aacute;tico de Historia Contempor&aacute;nea de la Universidad de Salamanca.<\/p>\n<p> \t<strong>Mi&eacute;rcoles 19 de febrero<\/strong><br \/> \tLas opiniones pol&iacute;ticas del primer Unamuno (1864-1884), por D. Jos&eacute; Antonio Ere&ntilde;o Altuna, catedr&aacute;tico de Historia de la Universidad de Deusto.<\/p>\n<p> \t<strong>Jueves 20 de febrero<\/strong><br \/> \tEl combate socialista de Unamuno (1894-1897), por D. Jos&eacute; Antonio Ere&ntilde;o Altuna, catedr&aacute;tico de Historia de la Universidad de Deusto.<\/p>\n<p> \tComentarios a la obra El resentimiento tr&aacute;gico de la vida, por D. Marcial Morera, catedr&aacute;tico de Filolog&iacute;a espa&ntilde;ola de la Universidad de La Laguna y Director de la C&aacute;tedra Miguel de Unamuno.<\/p>\n<p> \t<strong>Viernes 21 de febrero<\/strong><br \/> \tUnamuno y la guerra civil espa&ntilde;ola del 36, por D. Marcial Morera, catedr&aacute;tico de Filolog&iacute;a espa&ntilde;ola de la Universidad de La Laguna y director de la C&aacute;tedra Miguel de Unamuno.<\/p>\n<p> \t(Nota y foto cedidas por el Cabildo de Fuerteventura)<\/p>\n","protected":false},"excerpt":{"rendered":"<p>En la tarde del lunes 17 de febrero tuvo lugar la apertura del curso de extensi&oacute;n universitaria Unamuno en Fuerteventura&#8230;<\/p>\n","protected":false},"author":21,"featured_media":21954,"comment_status":"open","ping_status":"open","sticky":false,"template":"","format":"standard","meta":{"inline_featured_image":false,"footnotes":""},"categories":[344,1],"tags":[],"acf":[],"yoast_head":"<!-- This site is optimized with the Yoast SEO plugin v21.3 - https:\/\/yoast.com\/wordpress\/plugins\/seo\/ -->\n<title>La visi\u00f3n pol\u00edtica de Miguel de Unamuno centra la tem\u00e1tica del curso Unamuno en Fuerteventura XVI - ULL - Noticias<\/title>\n<meta name=\"robots\" content=\"index, follow, max-snippet:-1, max-image-preview:large, max-video-preview:-1\" \/>\n<link rel=\"canonical\" href=\"https:\/\/www.ull.es\/portal\/noticias\/2014\/la-vision-politica-de-miguel-de-unamuno-centra-la-tematica-del-curso-unamuno-en-fuerteventura-xvi\/\" \/>\n<meta property=\"og:locale\" content=\"es_ES\" \/>\n<meta property=\"og:type\" content=\"article\" \/>\n<meta property=\"og:title\" content=\"La visi\u00f3n pol\u00edtica de Miguel de Unamuno centra la tem\u00e1tica del curso Unamuno en Fuerteventura XVI - ULL - Noticias\" \/>\n<meta property=\"og:description\" content=\"En la tarde del lunes 17 de febrero tuvo lugar la apertura del curso de extensi&oacute;n universitaria Unamuno en Fuerteventura...\" \/>\n<meta property=\"og:url\" content=\"https:\/\/www.ull.es\/portal\/noticias\/2014\/la-vision-politica-de-miguel-de-unamuno-centra-la-tematica-del-curso-unamuno-en-fuerteventura-xvi\/\" \/>\n<meta property=\"og:site_name\" content=\"ULL - Noticias\" \/>\n<meta property=\"article:publisher\" content=\"https:\/\/www.facebook.com\/universidaddelalaguna\/\" \/>\n<meta property=\"article:published_time\" content=\"2014-02-19T12:10:35+00:00\" \/>\n<meta property=\"og:image\" content=\"https:\/\/www.ull.es\/portal\/noticias\/wp-content\/uploads\/sites\/13\/2015\/07\/unamuno_fuerteventura.jpg\" \/>\n\t<meta property=\"og:image:width\" content=\"1024\" \/>\n\t<meta property=\"og:image:height\" content=\"674\" \/>\n\t<meta property=\"og:image:type\" content=\"image\/jpeg\" \/>\n<meta name=\"author\" content=\"prensa2\" \/>\n<meta name=\"twitter:card\" content=\"summary_large_image\" \/>\n<meta name=\"twitter:creator\" content=\"@CanalULL\" \/>\n<meta name=\"twitter:site\" content=\"@CanalULL\" \/>\n<meta name=\"twitter:label1\" content=\"Escrito por\" \/>\n\t<meta name=\"twitter:data1\" content=\"prensa2\" \/>\n\t<meta name=\"twitter:label2\" content=\"Tiempo de lectura\" \/>\n\t<meta name=\"twitter:data2\" content=\"4 minutos\" \/>\n<script type=\"application\/ld+json\" class=\"yoast-schema-graph\">{\"@context\":\"https:\/\/schema.org\",\"@graph\":[{\"@type\":\"WebPage\",\"@id\":\"https:\/\/www.ull.es\/portal\/noticias\/2014\/la-vision-politica-de-miguel-de-unamuno-centra-la-tematica-del-curso-unamuno-en-fuerteventura-xvi\/\",\"url\":\"https:\/\/www.ull.es\/portal\/noticias\/2014\/la-vision-politica-de-miguel-de-unamuno-centra-la-tematica-del-curso-unamuno-en-fuerteventura-xvi\/\",\"name\":\"La visi\u00f3n pol\u00edtica de Miguel de Unamuno centra la tem\u00e1tica del curso Unamuno en Fuerteventura XVI - ULL - Noticias\",\"isPartOf\":{\"@id\":\"https:\/\/www.ull.es\/portal\/noticias\/#website\"},\"datePublished\":\"2014-02-19T12:10:35+00:00\",\"dateModified\":\"2014-02-19T12:10:35+00:00\",\"author\":{\"@id\":\"https:\/\/www.ull.es\/portal\/noticias\/#\/schema\/person\/c3b2aa857797592927a03740d6664376\"},\"breadcrumb\":{\"@id\":\"https:\/\/www.ull.es\/portal\/noticias\/2014\/la-vision-politica-de-miguel-de-unamuno-centra-la-tematica-del-curso-unamuno-en-fuerteventura-xvi\/#breadcrumb\"},\"inLanguage\":\"es\",\"potentialAction\":[{\"@type\":\"ReadAction\",\"target\":[\"https:\/\/www.ull.es\/portal\/noticias\/2014\/la-vision-politica-de-miguel-de-unamuno-centra-la-tematica-del-curso-unamuno-en-fuerteventura-xvi\/\"]}]},{\"@type\":\"BreadcrumbList\",\"@id\":\"https:\/\/www.ull.es\/portal\/noticias\/2014\/la-vision-politica-de-miguel-de-unamuno-centra-la-tematica-del-curso-unamuno-en-fuerteventura-xvi\/#breadcrumb\",\"itemListElement\":[{\"@type\":\"ListItem\",\"position\":1,\"name\":\"Portada\",\"item\":\"https:\/\/www.ull.es\/portal\/noticias\/\"},{\"@type\":\"ListItem\",\"position\":2,\"name\":\"La visi\u00f3n pol\u00edtica de Miguel de Unamuno centra la tem\u00e1tica del curso Unamuno en Fuerteventura XVI\"}]},{\"@type\":\"WebSite\",\"@id\":\"https:\/\/www.ull.es\/portal\/noticias\/#website\",\"url\":\"https:\/\/www.ull.es\/portal\/noticias\/\",\"name\":\"ULL - Noticias\",\"description\":\"\",\"potentialAction\":[{\"@type\":\"SearchAction\",\"target\":{\"@type\":\"EntryPoint\",\"urlTemplate\":\"https:\/\/www.ull.es\/portal\/noticias\/?s={search_term_string}\"},\"query-input\":\"required name=search_term_string\"}],\"inLanguage\":\"es\"},{\"@type\":\"Person\",\"@id\":\"https:\/\/www.ull.es\/portal\/noticias\/#\/schema\/person\/c3b2aa857797592927a03740d6664376\",\"name\":\"prensa2\",\"image\":{\"@type\":\"ImageObject\",\"inLanguage\":\"es\",\"@id\":\"https:\/\/www.ull.es\/portal\/noticias\/#\/schema\/person\/image\/\",\"url\":\"https:\/\/secure.gravatar.com\/avatar\/b58f310a5de5feb33d1e026d2493f23c?s=96&d=mm&r=g\",\"contentUrl\":\"https:\/\/secure.gravatar.com\/avatar\/b58f310a5de5feb33d1e026d2493f23c?s=96&d=mm&r=g\",\"caption\":\"prensa2\"},\"url\":\"https:\/\/www.ull.es\/portal\/noticias\/author\/prensa2\/\"}]}<\/script>\n<!-- \/ Yoast SEO plugin. -->","yoast_head_json":{"title":"La visi\u00f3n pol\u00edtica de Miguel de Unamuno centra la tem\u00e1tica del curso Unamuno en Fuerteventura XVI - ULL - Noticias","robots":{"index":"index","follow":"follow","max-snippet":"max-snippet:-1","max-image-preview":"max-image-preview:large","max-video-preview":"max-video-preview:-1"},"canonical":"https:\/\/www.ull.es\/portal\/noticias\/2014\/la-vision-politica-de-miguel-de-unamuno-centra-la-tematica-del-curso-unamuno-en-fuerteventura-xvi\/","og_locale":"es_ES","og_type":"article","og_title":"La visi\u00f3n pol\u00edtica de Miguel de Unamuno centra la tem\u00e1tica del curso Unamuno en Fuerteventura XVI - ULL - Noticias","og_description":"En la tarde del lunes 17 de febrero tuvo lugar la apertura del curso de extensi&oacute;n universitaria Unamuno en Fuerteventura...","og_url":"https:\/\/www.ull.es\/portal\/noticias\/2014\/la-vision-politica-de-miguel-de-unamuno-centra-la-tematica-del-curso-unamuno-en-fuerteventura-xvi\/","og_site_name":"ULL - Noticias","article_publisher":"https:\/\/www.facebook.com\/universidaddelalaguna\/","article_published_time":"2014-02-19T12:10:35+00:00","og_image":[{"width":1024,"height":674,"url":"https:\/\/www.ull.es\/portal\/noticias\/wp-content\/uploads\/sites\/13\/2015\/07\/unamuno_fuerteventura.jpg","type":"image\/jpeg"}],"author":"prensa2","twitter_card":"summary_large_image","twitter_creator":"@CanalULL","twitter_site":"@CanalULL","twitter_misc":{"Escrito por":"prensa2","Tiempo de lectura":"4 minutos"},"schema":{"@context":"https:\/\/schema.org","@graph":[{"@type":"WebPage","@id":"https:\/\/www.ull.es\/portal\/noticias\/2014\/la-vision-politica-de-miguel-de-unamuno-centra-la-tematica-del-curso-unamuno-en-fuerteventura-xvi\/","url":"https:\/\/www.ull.es\/portal\/noticias\/2014\/la-vision-politica-de-miguel-de-unamuno-centra-la-tematica-del-curso-unamuno-en-fuerteventura-xvi\/","name":"La visi\u00f3n pol\u00edtica de Miguel de Unamuno centra la tem\u00e1tica del curso Unamuno en Fuerteventura XVI - ULL - Noticias","isPartOf":{"@id":"https:\/\/www.ull.es\/portal\/noticias\/#website"},"datePublished":"2014-02-19T12:10:35+00:00","dateModified":"2014-02-19T12:10:35+00:00","author":{"@id":"https:\/\/www.ull.es\/portal\/noticias\/#\/schema\/person\/c3b2aa857797592927a03740d6664376"},"breadcrumb":{"@id":"https:\/\/www.ull.es\/portal\/noticias\/2014\/la-vision-politica-de-miguel-de-unamuno-centra-la-tematica-del-curso-unamuno-en-fuerteventura-xvi\/#breadcrumb"},"inLanguage":"es","potentialAction":[{"@type":"ReadAction","target":["https:\/\/www.ull.es\/portal\/noticias\/2014\/la-vision-politica-de-miguel-de-unamuno-centra-la-tematica-del-curso-unamuno-en-fuerteventura-xvi\/"]}]},{"@type":"BreadcrumbList","@id":"https:\/\/www.ull.es\/portal\/noticias\/2014\/la-vision-politica-de-miguel-de-unamuno-centra-la-tematica-del-curso-unamuno-en-fuerteventura-xvi\/#breadcrumb","itemListElement":[{"@type":"ListItem","position":1,"name":"Portada","item":"https:\/\/www.ull.es\/portal\/noticias\/"},{"@type":"ListItem","position":2,"name":"La visi\u00f3n pol\u00edtica de Miguel de Unamuno centra la tem\u00e1tica del curso Unamuno en Fuerteventura XVI"}]},{"@type":"WebSite","@id":"https:\/\/www.ull.es\/portal\/noticias\/#website","url":"https:\/\/www.ull.es\/portal\/noticias\/","name":"ULL - Noticias","description":"","potentialAction":[{"@type":"SearchAction","target":{"@type":"EntryPoint","urlTemplate":"https:\/\/www.ull.es\/portal\/noticias\/?s={search_term_string}"},"query-input":"required name=search_term_string"}],"inLanguage":"es"},{"@type":"Person","@id":"https:\/\/www.ull.es\/portal\/noticias\/#\/schema\/person\/c3b2aa857797592927a03740d6664376","name":"prensa2","image":{"@type":"ImageObject","inLanguage":"es","@id":"https:\/\/www.ull.es\/portal\/noticias\/#\/schema\/person\/image\/","url":"https:\/\/secure.gravatar.com\/avatar\/b58f310a5de5feb33d1e026d2493f23c?s=96&d=mm&r=g","contentUrl":"https:\/\/secure.gravatar.com\/avatar\/b58f310a5de5feb33d1e026d2493f23c?s=96&d=mm&r=g","caption":"prensa2"},"url":"https:\/\/www.ull.es\/portal\/noticias\/author\/prensa2\/"}]}},"primary_category":null,"featured_image_thumbnail_url":"https:\/\/www.ull.es\/portal\/noticias\/wp-content\/uploads\/sites\/13\/2015\/07\/unamuno_fuerteventura-300x197.jpg","_links":{"self":[{"href":"https:\/\/www.ull.es\/portal\/noticias\/wp-json\/wp\/v2\/posts\/21953"}],"collection":[{"href":"https:\/\/www.ull.es\/portal\/noticias\/wp-json\/wp\/v2\/posts"}],"about":[{"href":"https:\/\/www.ull.es\/portal\/noticias\/wp-json\/wp\/v2\/types\/post"}],"author":[{"embeddable":true,"href":"https:\/\/www.ull.es\/portal\/noticias\/wp-json\/wp\/v2\/users\/21"}],"replies":[{"embeddable":true,"href":"https:\/\/www.ull.es\/portal\/noticias\/wp-json\/wp\/v2\/comments?post=21953"}],"version-history":[{"count":0,"href":"https:\/\/www.ull.es\/portal\/noticias\/wp-json\/wp\/v2\/posts\/21953\/revisions"}],"wp:featuredmedia":[{"embeddable":true,"href":"https:\/\/www.ull.es\/portal\/noticias\/wp-json\/wp\/v2\/media\/21954"}],"wp:attachment":[{"href":"https:\/\/www.ull.es\/portal\/noticias\/wp-json\/wp\/v2\/media?parent=21953"}],"wp:term":[{"taxonomy":"category","embeddable":true,"href":"https:\/\/www.ull.es\/portal\/noticias\/wp-json\/wp\/v2\/categories?post=21953"},{"taxonomy":"post_tag","embeddable":true,"href":"https:\/\/www.ull.es\/portal\/noticias\/wp-json\/wp\/v2\/tags?post=21953"}],"curies":[{"name":"wp","href":"https:\/\/api.w.org\/{rel}","templated":true}]}}