{"id":22122,"date":"2014-03-20T14:40:54","date_gmt":"2014-03-20T14:40:54","guid":{"rendered":"http:\/\/ddigital.webs.ull.es\/inaugurada-la-exposicion-que-conmemora-los-50-anos-de-estudios-de-filologia-inglesa-en-la-ull\/"},"modified":"2014-03-20T14:40:54","modified_gmt":"2014-03-20T14:40:54","slug":"inaugurada-la-exposicion-que-conmemora-los-50-anos-de-estudios-de-filologia-inglesa-en-la-ull","status":"publish","type":"post","link":"https:\/\/www.ull.es\/portal\/noticias\/2014\/inaugurada-la-exposicion-que-conmemora-los-50-anos-de-estudios-de-filologia-inglesa-en-la-ull\/","title":{"rendered":"Inaugurada la exposici\u00f3n que conmemora los 50 a\u00f1os de estudios de Filolog\u00eda Inglesa en la ULL"},"content":{"rendered":"<p> \tEn octubre de 1963 comenzaron a impartirse en la Universidad de La Laguna los estudios en Filolog&iacute;a Inglesa, en la entonces Facultad de filosof&iacute;a y Letras. Cincuenta a&ntilde;os despu&eacute;s, el Departamento de Filolog&iacute;a Inglesa y Alemana ha organizado varias actividades para conmemorar la efem&eacute;ride, entre las que destaca la exposici&oacute;n bibliogr&aacute;fica inaugurada hoy, jueves 20 de marzo, en la Biblioteca General y de Humanidades del Campus de Guajara, centrada en las publicaciones peri&oacute;dicas y revistas inglesas y alemanas presentes en los fondos documentales de la ULL. <a href=\"http:\/\/youtu.be\/PWfsWcpOqFs\" target=\"_blank\" target=\"_blank\" rel=\"noopener\"><strong>Ver videonoticia<\/strong><\/a><\/p>\n<p> \tLa muestra, que permanecer&aacute; abierta hasta el pr&oacute;ximo 11 de abril, fue inaugurada por la vicerrectora de Tecnolog&iacute;as de la Informaci&oacute;n y Servicios Universitarios, Rosa M&ordf; Aguilar, y por su comisario, el profesor del Departamento de Filolog&iacute;a Inglesa y Alemana Francisco Javier Castillo.<\/p>\n<p> \tEn las vitrinas de esta exposici&oacute;n se muestran ejemplares de varias revistas inglesas y americanas datadas entre el siglo XVIII hasta principios del XX, centradas principalmente en cubrir acontecimientos de actualidad y culturales de su &eacute;poca. Como se&ntilde;ala Castillo, el inter&eacute;s de estas piezas no reside &uacute;nicamente en su contenido, sino en los valores est&eacute;ticos de su encuadernaci&oacute;n, tipograf&iacute;a, o la propia calidad de los grabados que se contienen.<\/p>\n<p> \tEn palabras de su comisario, esta exposici&oacute;n viene a completar una realizada en 2004 denominada &ldquo;Fuentes inglesas en la ULL&rdquo;, que por razones de espacio solamente se centr&oacute; en ejemplares de obras literarias. Ahora se cubre la vertiente correspondiente a las publicaciones peri&oacute;dicas que en aquella ocasi&oacute;n no se pudo afrontar.<\/p>\n<p> \tLa presencia de estos ejemplares en los fondos de la biblioteca universitaria viene a demostrar la influencia de la colonia brit&aacute;nica que se asent&oacute; en Tenerife a finales del siglo XVIII, en localidades como Puerto de la Cruz, y que posibilit&oacute; la entrada de las ideas europeas en la regi&oacute;n.<\/p>\n<p> \tLos ejemplares m&aacute;s antiguos exhibidos son de la cabecera <em>The Ramble<\/em>r, publicada en Londres entre 1709 y 1752. Tambi&eacute;n hay muestras de revistas como <em>The London Magazine of Gentleman&rsquo;s Monthly Intelligencer<\/em>, <em>The North American Review<\/em> o <em>The Spectator<\/em>, que se fund&oacute; en 1753 y sigue public&aacute;ndose hoy en d&iacute;a. <\/p>\n<p> \tCastillo destac&oacute; especialmente dos estampas aparecidas en <em>The Illustrated London News<\/em>, pues en ellas aparecen dos escenas canarias: concretamente, una vista de las fiestas de San Antonio en la que se aprecia El Teide, y otra del Valle de San Roque en Gran Canaria.<\/p>\n","protected":false},"excerpt":{"rendered":"<p>En octubre de 1963 comenzaron a impartirse en la Universidad de La Laguna los estudios en Filolog&iacute;a Inglesa, en la&#8230;<\/p>\n","protected":false},"author":21,"featured_media":22126,"comment_status":"open","ping_status":"open","sticky":false,"template":"","format":"standard","meta":{"inline_featured_image":false,"footnotes":""},"categories":[344,1],"tags":[],"acf":[],"yoast_head":"<!-- This site is optimized with the Yoast SEO plugin v21.3 - https:\/\/yoast.com\/wordpress\/plugins\/seo\/ -->\n<title>Inaugurada la exposici\u00f3n que conmemora los 50 a\u00f1os de estudios de Filolog\u00eda Inglesa en la ULL - ULL - Noticias<\/title>\n<meta name=\"robots\" content=\"index, follow, max-snippet:-1, max-image-preview:large, max-video-preview:-1\" \/>\n<link rel=\"canonical\" href=\"https:\/\/www.ull.es\/portal\/noticias\/2014\/inaugurada-la-exposicion-que-conmemora-los-50-anos-de-estudios-de-filologia-inglesa-en-la-ull\/\" \/>\n<meta property=\"og:locale\" content=\"es_ES\" \/>\n<meta property=\"og:type\" content=\"article\" \/>\n<meta property=\"og:title\" content=\"Inaugurada la exposici\u00f3n que conmemora los 50 a\u00f1os de estudios de Filolog\u00eda Inglesa en la ULL - ULL - Noticias\" \/>\n<meta property=\"og:description\" content=\"En octubre de 1963 comenzaron a impartirse en la Universidad de La Laguna los estudios en Filolog&iacute;a Inglesa, en la...\" \/>\n<meta property=\"og:url\" content=\"https:\/\/www.ull.es\/portal\/noticias\/2014\/inaugurada-la-exposicion-que-conmemora-los-50-anos-de-estudios-de-filologia-inglesa-en-la-ull\/\" \/>\n<meta property=\"og:site_name\" content=\"ULL - Noticias\" \/>\n<meta property=\"article:publisher\" content=\"https:\/\/www.facebook.com\/universidaddelalaguna\/\" \/>\n<meta property=\"article:published_time\" content=\"2014-03-20T14:40:54+00:00\" \/>\n<meta property=\"og:image\" content=\"https:\/\/www.ull.es\/portal\/noticias\/wp-content\/uploads\/sites\/13\/2015\/07\/Expo-revistas-inglesas_vicerrectora_y_profesor.jpg\" \/>\n\t<meta property=\"og:image:width\" content=\"1034\" \/>\n\t<meta property=\"og:image:height\" content=\"708\" \/>\n\t<meta property=\"og:image:type\" content=\"image\/jpeg\" \/>\n<meta name=\"author\" content=\"prensa2\" \/>\n<meta name=\"twitter:card\" content=\"summary_large_image\" \/>\n<meta name=\"twitter:creator\" content=\"@CanalULL\" \/>\n<meta name=\"twitter:site\" content=\"@CanalULL\" \/>\n<meta name=\"twitter:label1\" content=\"Escrito por\" \/>\n\t<meta name=\"twitter:data1\" content=\"prensa2\" \/>\n\t<meta name=\"twitter:label2\" content=\"Tiempo de lectura\" \/>\n\t<meta name=\"twitter:data2\" content=\"2 minutos\" \/>\n<script type=\"application\/ld+json\" class=\"yoast-schema-graph\">{\"@context\":\"https:\/\/schema.org\",\"@graph\":[{\"@type\":\"WebPage\",\"@id\":\"https:\/\/www.ull.es\/portal\/noticias\/2014\/inaugurada-la-exposicion-que-conmemora-los-50-anos-de-estudios-de-filologia-inglesa-en-la-ull\/\",\"url\":\"https:\/\/www.ull.es\/portal\/noticias\/2014\/inaugurada-la-exposicion-que-conmemora-los-50-anos-de-estudios-de-filologia-inglesa-en-la-ull\/\",\"name\":\"Inaugurada la exposici\u00f3n que conmemora los 50 a\u00f1os de estudios de Filolog\u00eda Inglesa en la ULL - ULL - Noticias\",\"isPartOf\":{\"@id\":\"https:\/\/www.ull.es\/portal\/noticias\/#website\"},\"datePublished\":\"2014-03-20T14:40:54+00:00\",\"dateModified\":\"2014-03-20T14:40:54+00:00\",\"author\":{\"@id\":\"https:\/\/www.ull.es\/portal\/noticias\/#\/schema\/person\/c3b2aa857797592927a03740d6664376\"},\"breadcrumb\":{\"@id\":\"https:\/\/www.ull.es\/portal\/noticias\/2014\/inaugurada-la-exposicion-que-conmemora-los-50-anos-de-estudios-de-filologia-inglesa-en-la-ull\/#breadcrumb\"},\"inLanguage\":\"es\",\"potentialAction\":[{\"@type\":\"ReadAction\",\"target\":[\"https:\/\/www.ull.es\/portal\/noticias\/2014\/inaugurada-la-exposicion-que-conmemora-los-50-anos-de-estudios-de-filologia-inglesa-en-la-ull\/\"]}]},{\"@type\":\"BreadcrumbList\",\"@id\":\"https:\/\/www.ull.es\/portal\/noticias\/2014\/inaugurada-la-exposicion-que-conmemora-los-50-anos-de-estudios-de-filologia-inglesa-en-la-ull\/#breadcrumb\",\"itemListElement\":[{\"@type\":\"ListItem\",\"position\":1,\"name\":\"Portada\",\"item\":\"https:\/\/www.ull.es\/portal\/noticias\/\"},{\"@type\":\"ListItem\",\"position\":2,\"name\":\"Inaugurada la exposici\u00f3n que conmemora los 50 a\u00f1os de estudios de Filolog\u00eda Inglesa en la ULL\"}]},{\"@type\":\"WebSite\",\"@id\":\"https:\/\/www.ull.es\/portal\/noticias\/#website\",\"url\":\"https:\/\/www.ull.es\/portal\/noticias\/\",\"name\":\"ULL - Noticias\",\"description\":\"\",\"potentialAction\":[{\"@type\":\"SearchAction\",\"target\":{\"@type\":\"EntryPoint\",\"urlTemplate\":\"https:\/\/www.ull.es\/portal\/noticias\/?s={search_term_string}\"},\"query-input\":\"required name=search_term_string\"}],\"inLanguage\":\"es\"},{\"@type\":\"Person\",\"@id\":\"https:\/\/www.ull.es\/portal\/noticias\/#\/schema\/person\/c3b2aa857797592927a03740d6664376\",\"name\":\"prensa2\",\"image\":{\"@type\":\"ImageObject\",\"inLanguage\":\"es\",\"@id\":\"https:\/\/www.ull.es\/portal\/noticias\/#\/schema\/person\/image\/\",\"url\":\"https:\/\/secure.gravatar.com\/avatar\/b58f310a5de5feb33d1e026d2493f23c?s=96&d=mm&r=g\",\"contentUrl\":\"https:\/\/secure.gravatar.com\/avatar\/b58f310a5de5feb33d1e026d2493f23c?s=96&d=mm&r=g\",\"caption\":\"prensa2\"},\"url\":\"https:\/\/www.ull.es\/portal\/noticias\/author\/prensa2\/\"}]}<\/script>\n<!-- \/ Yoast SEO plugin. -->","yoast_head_json":{"title":"Inaugurada la exposici\u00f3n que conmemora los 50 a\u00f1os de estudios de Filolog\u00eda Inglesa en la ULL - ULL - Noticias","robots":{"index":"index","follow":"follow","max-snippet":"max-snippet:-1","max-image-preview":"max-image-preview:large","max-video-preview":"max-video-preview:-1"},"canonical":"https:\/\/www.ull.es\/portal\/noticias\/2014\/inaugurada-la-exposicion-que-conmemora-los-50-anos-de-estudios-de-filologia-inglesa-en-la-ull\/","og_locale":"es_ES","og_type":"article","og_title":"Inaugurada la exposici\u00f3n que conmemora los 50 a\u00f1os de estudios de Filolog\u00eda Inglesa en la ULL - ULL - Noticias","og_description":"En octubre de 1963 comenzaron a impartirse en la Universidad de La Laguna los estudios en Filolog&iacute;a Inglesa, en la...","og_url":"https:\/\/www.ull.es\/portal\/noticias\/2014\/inaugurada-la-exposicion-que-conmemora-los-50-anos-de-estudios-de-filologia-inglesa-en-la-ull\/","og_site_name":"ULL - Noticias","article_publisher":"https:\/\/www.facebook.com\/universidaddelalaguna\/","article_published_time":"2014-03-20T14:40:54+00:00","og_image":[{"width":1034,"height":708,"url":"https:\/\/www.ull.es\/portal\/noticias\/wp-content\/uploads\/sites\/13\/2015\/07\/Expo-revistas-inglesas_vicerrectora_y_profesor.jpg","type":"image\/jpeg"}],"author":"prensa2","twitter_card":"summary_large_image","twitter_creator":"@CanalULL","twitter_site":"@CanalULL","twitter_misc":{"Escrito por":"prensa2","Tiempo de lectura":"2 minutos"},"schema":{"@context":"https:\/\/schema.org","@graph":[{"@type":"WebPage","@id":"https:\/\/www.ull.es\/portal\/noticias\/2014\/inaugurada-la-exposicion-que-conmemora-los-50-anos-de-estudios-de-filologia-inglesa-en-la-ull\/","url":"https:\/\/www.ull.es\/portal\/noticias\/2014\/inaugurada-la-exposicion-que-conmemora-los-50-anos-de-estudios-de-filologia-inglesa-en-la-ull\/","name":"Inaugurada la exposici\u00f3n que conmemora los 50 a\u00f1os de estudios de Filolog\u00eda Inglesa en la ULL - ULL - Noticias","isPartOf":{"@id":"https:\/\/www.ull.es\/portal\/noticias\/#website"},"datePublished":"2014-03-20T14:40:54+00:00","dateModified":"2014-03-20T14:40:54+00:00","author":{"@id":"https:\/\/www.ull.es\/portal\/noticias\/#\/schema\/person\/c3b2aa857797592927a03740d6664376"},"breadcrumb":{"@id":"https:\/\/www.ull.es\/portal\/noticias\/2014\/inaugurada-la-exposicion-que-conmemora-los-50-anos-de-estudios-de-filologia-inglesa-en-la-ull\/#breadcrumb"},"inLanguage":"es","potentialAction":[{"@type":"ReadAction","target":["https:\/\/www.ull.es\/portal\/noticias\/2014\/inaugurada-la-exposicion-que-conmemora-los-50-anos-de-estudios-de-filologia-inglesa-en-la-ull\/"]}]},{"@type":"BreadcrumbList","@id":"https:\/\/www.ull.es\/portal\/noticias\/2014\/inaugurada-la-exposicion-que-conmemora-los-50-anos-de-estudios-de-filologia-inglesa-en-la-ull\/#breadcrumb","itemListElement":[{"@type":"ListItem","position":1,"name":"Portada","item":"https:\/\/www.ull.es\/portal\/noticias\/"},{"@type":"ListItem","position":2,"name":"Inaugurada la exposici\u00f3n que conmemora los 50 a\u00f1os de estudios de Filolog\u00eda Inglesa en la ULL"}]},{"@type":"WebSite","@id":"https:\/\/www.ull.es\/portal\/noticias\/#website","url":"https:\/\/www.ull.es\/portal\/noticias\/","name":"ULL - Noticias","description":"","potentialAction":[{"@type":"SearchAction","target":{"@type":"EntryPoint","urlTemplate":"https:\/\/www.ull.es\/portal\/noticias\/?s={search_term_string}"},"query-input":"required name=search_term_string"}],"inLanguage":"es"},{"@type":"Person","@id":"https:\/\/www.ull.es\/portal\/noticias\/#\/schema\/person\/c3b2aa857797592927a03740d6664376","name":"prensa2","image":{"@type":"ImageObject","inLanguage":"es","@id":"https:\/\/www.ull.es\/portal\/noticias\/#\/schema\/person\/image\/","url":"https:\/\/secure.gravatar.com\/avatar\/b58f310a5de5feb33d1e026d2493f23c?s=96&d=mm&r=g","contentUrl":"https:\/\/secure.gravatar.com\/avatar\/b58f310a5de5feb33d1e026d2493f23c?s=96&d=mm&r=g","caption":"prensa2"},"url":"https:\/\/www.ull.es\/portal\/noticias\/author\/prensa2\/"}]}},"primary_category":null,"featured_image_thumbnail_url":"https:\/\/www.ull.es\/portal\/noticias\/wp-content\/uploads\/sites\/13\/2015\/07\/Expo-revistas-inglesas_vicerrectora_y_profesor-300x205.jpg","_links":{"self":[{"href":"https:\/\/www.ull.es\/portal\/noticias\/wp-json\/wp\/v2\/posts\/22122"}],"collection":[{"href":"https:\/\/www.ull.es\/portal\/noticias\/wp-json\/wp\/v2\/posts"}],"about":[{"href":"https:\/\/www.ull.es\/portal\/noticias\/wp-json\/wp\/v2\/types\/post"}],"author":[{"embeddable":true,"href":"https:\/\/www.ull.es\/portal\/noticias\/wp-json\/wp\/v2\/users\/21"}],"replies":[{"embeddable":true,"href":"https:\/\/www.ull.es\/portal\/noticias\/wp-json\/wp\/v2\/comments?post=22122"}],"version-history":[{"count":0,"href":"https:\/\/www.ull.es\/portal\/noticias\/wp-json\/wp\/v2\/posts\/22122\/revisions"}],"wp:featuredmedia":[{"embeddable":true,"href":"https:\/\/www.ull.es\/portal\/noticias\/wp-json\/wp\/v2\/media\/22126"}],"wp:attachment":[{"href":"https:\/\/www.ull.es\/portal\/noticias\/wp-json\/wp\/v2\/media?parent=22122"}],"wp:term":[{"taxonomy":"category","embeddable":true,"href":"https:\/\/www.ull.es\/portal\/noticias\/wp-json\/wp\/v2\/categories?post=22122"},{"taxonomy":"post_tag","embeddable":true,"href":"https:\/\/www.ull.es\/portal\/noticias\/wp-json\/wp\/v2\/tags?post=22122"}],"curies":[{"name":"wp","href":"https:\/\/api.w.org\/{rel}","templated":true}]}}