{"id":22183,"date":"2014-03-31T13:19:08","date_gmt":"2014-03-31T13:19:08","guid":{"rendered":"http:\/\/ddigital.webs.ull.es\/el-consejo-de-gobierno-aprueba-la-designacion-del-filologo-corriente-y-del-neuropsicologo-denis-como-doctores-honoris-causa-por-la-ull\/"},"modified":"2014-03-31T13:19:08","modified_gmt":"2014-03-31T13:19:08","slug":"el-consejo-de-gobierno-aprueba-la-designacion-del-filologo-corriente-y-del-neuropsicologo-denis-como-doctores-honoris-causa-por-la-ull","status":"publish","type":"post","link":"https:\/\/www.ull.es\/portal\/noticias\/2014\/el-consejo-de-gobierno-aprueba-la-designacion-del-filologo-corriente-y-del-neuropsicologo-denis-como-doctores-honoris-causa-por-la-ull\/","title":{"rendered":"El Consejo de Gobierno aprueba la designaci\u00f3n del fil\u00f3logo Corriente y del neuropsic\u00f3logo Denis como doctores Honoris Causa por la ULL"},"content":{"rendered":"<p> \tEl Consejo de Gobierno de la Universidad de La Laguna aprob&oacute; en su sesi&oacute;n del pasado viernes 28 de marzo las solicitudes para nombrar a dos nuevos doctores Honoris Causa, concretamente a Federico Corriente C&oacute;rdoba, catedr&aacute;tico de Estudios &Aacute;rabes e Isl&aacute;micos de la Universidad de Zaragoza, y a Michel Denis, investigador en Psicolog&iacute;a Cognitiva de la Universidad de Par&iacute;s y el Centro Nacional de Investigaciones Cient&iacute;ficas de Francia (CNRS en sus siglas originales).<\/p>\n<p> \tAmbas candidaturas fueron aprobadas por 38 votos a favor, 2 en blanco y uno nulo. Tras este refrendo por parte del &oacute;rgano colegiado, s&oacute;lo resta que el Claustro haga lo propio mediante votaci&oacute;n secreta en una futura sesi&oacute;n.<\/p>\n<p> \tFederico Corriente C&oacute;rdoba comenz&oacute; su carrera docente e investigadora en la Universidad Complutense de Madrid en 1972, y posteriormente recal&oacute; en la Universidad de Zaragoza, de la cual desde 1991 es catedr&aacute;tico de Estudios &Aacute;rabes e Isl&aacute;micos tras haberlo sido tambi&eacute;n de Lengua y Literatura &Aacute;rabes entre 196 y 1986, y de Estudios &Aacute;rabes e Isl&aacute;micos entre 1986 y 1991 en la universidad madrile&ntilde;a.<\/p>\n<p> \tSus l&iacute;neas de investigaci&oacute;n abarcan la ling&uuml;&iacute;stica sem&iacute;tica, la gram&aacute;tica y dialectolog&iacute;a &aacute;rabe, la poes&iacute;a estr&oacute;fica andalus&iacute; y la traducci&oacute;n de obras &aacute;rabes, entre otras materias. Es miembro de la Academia de la Lengua &Aacute;rabe de El Cairo desde 1992, y Premio del Ministerio de Cultura de la Rep&uacute;blica &Aacute;rabe de Egipto a la mejor edici&oacute;n de textos &aacute;rabes en 1995. Su vinculaci&oacute;n con la ULL ha sido muy fluida a lo largo de los a&ntilde;os, pues ha participado como ponente en una decena de cursos y seminarios organizados por la instituci&oacute;n tinerfe&ntilde;a entre 1991 y 2009. <\/p>\n<p> \tMichel Denis ha desarrollado en Francia una importante labor cient&iacute;fica en los campos de la psicolog&iacute;a cognitiva, la neurociencia cognitiva y la inteligencia artificial, lo que le ha llevado a dirigir en el CNRS investigaciones especializadas en la cognici&oacute;n espacial y sus relaciones con los procesos del lenguaje. Ha desempe&ntilde;ado numerosos cargos de responsabilidad en instituciones de gesti&oacute;n cient&iacute;fica tanto de su pa&iacute;s como de la Uni&oacute;n Europea. Ostenta, adem&aacute;s, la m&aacute;xima condecoraci&oacute;n francesa al m&eacute;rito profesional, la Legi&oacute;n de Honor.<\/p>\n<p> \tSu vinculaci&oacute;n con la ULL le ha llevado a visitar la instituci&oacute;n acad&eacute;mica al menos una vez al a&ntilde;o desde 1990 para impartir numerosos seminarios e intercambios de investigaci&oacute;n entre su centro y la Facultad de Psicolog&iacute;a tinerfe&ntilde;a. Es, adem&aacute;s, una de las autoridades que apoyan la campa&ntilde;a de recuperaci&oacute;n y conversi&oacute;n de la Casa Amarilla de Puerto de la Cruz -la cual acogi&oacute; los pioneros experimentos de Wolfgang K&ouml;hler con primates- en un centro de cient&iacute;fico internacional.<br \/> \t<strong><br \/> \tApoyo al Sahara<\/strong><\/p>\n<p> \tDurante la sesi&oacute;n del pasado viernes el Conejo de Gobierno aprob&oacute; por unanimidad un manifiesto de solidaridad con el pueblo saharaui, el cual puede consultarse &iacute;ntegramente en la p&aacute;gina web institucional, en el enlace: <a href=\"http:\/\/www.ull.es\/Private\/folder\/institucional\/ull\/wull\/destacados\/manifiesto_solidaridad.pdf\" target=\"_blank\" target=\"_blank\" rel=\"noopener\">http:\/\/www.ull.es\/Private\/folder\/institucional\/ull\/wull\/destacados\/manifiesto_solidaridad.pdf<\/a><\/p>\n<p> \tEl manifiesto contiene varias reivindicaciones: reiterar el apoyo al derecho que tiene reconocido el pueblo saharaui a la autodeterminaci&oacute;n y a ejercitarlo mediante un refer&eacute;ndum libre y democr&aacute;tico en el que se planteen las opciones, tal y como estipula el Derecho Internacional; mostrar la preocupaci&oacute;n por la situaci&oacute;n de los derechos humanos en los territorios ocupados; y apoyar en la medida de las posibilidades de la instituci&oacute;n proyectos de ayuda humanitaria, con especial menci&oacute;n al programa &ldquo;Vacaciones en paz&rdquo; para acoger en Canarias durante los meses de verano a ni&ntilde;os y ni&ntilde;as de procedentes de los campos de refugiados.<\/p>\n<p> \tEl manifiesto tambi&eacute;n solicita al gobierno espa&ntilde;ol que siga manteniendo una postura clara en defensa de la legalidad internacional que conduzca al desbloqueo del refer&eacute;ndum, y tambi&eacute;n que reconozca de manera efectiva al Frente Polisario como representante leg&iacute;timo del pueblo saharaui, para que puedan gozar del mismo estatus diplom&aacute;tico que la Misi&oacute;n Diplom&aacute;tica Palestina en el Reino de Espa&ntilde;a.<br \/> \t&nbsp;<\/p>\n","protected":false},"excerpt":{"rendered":"<p>El Consejo de Gobierno de la Universidad de La Laguna aprob&oacute; en su sesi&oacute;n del pasado viernes 28 de marzo&#8230;<\/p>\n","protected":false},"author":21,"featured_media":22184,"comment_status":"open","ping_status":"open","sticky":false,"template":"","format":"standard","meta":{"inline_featured_image":false,"footnotes":""},"categories":[347,1],"tags":[],"acf":[],"yoast_head":"<!-- This site is optimized with the Yoast SEO plugin v21.3 - https:\/\/yoast.com\/wordpress\/plugins\/seo\/ -->\n<title>El Consejo de Gobierno aprueba la designaci\u00f3n del fil\u00f3logo Corriente y del neuropsic\u00f3logo Denis como doctores Honoris Causa por la ULL - ULL - Noticias<\/title>\n<meta name=\"robots\" content=\"index, follow, max-snippet:-1, max-image-preview:large, max-video-preview:-1\" \/>\n<link rel=\"canonical\" href=\"https:\/\/www.ull.es\/portal\/noticias\/2014\/el-consejo-de-gobierno-aprueba-la-designacion-del-filologo-corriente-y-del-neuropsicologo-denis-como-doctores-honoris-causa-por-la-ull\/\" \/>\n<meta property=\"og:locale\" content=\"es_ES\" \/>\n<meta property=\"og:type\" content=\"article\" \/>\n<meta property=\"og:title\" content=\"El Consejo de Gobierno aprueba la designaci\u00f3n del fil\u00f3logo Corriente y del neuropsic\u00f3logo Denis como doctores Honoris Causa por la ULL - ULL - Noticias\" \/>\n<meta property=\"og:description\" content=\"El Consejo de Gobierno de la Universidad de La Laguna aprob&oacute; en su sesi&oacute;n del pasado viernes 28 de marzo...\" \/>\n<meta property=\"og:url\" content=\"https:\/\/www.ull.es\/portal\/noticias\/2014\/el-consejo-de-gobierno-aprueba-la-designacion-del-filologo-corriente-y-del-neuropsicologo-denis-como-doctores-honoris-causa-por-la-ull\/\" \/>\n<meta property=\"og:site_name\" content=\"ULL - Noticias\" \/>\n<meta property=\"article:publisher\" content=\"https:\/\/www.facebook.com\/universidaddelalaguna\/\" \/>\n<meta property=\"article:published_time\" content=\"2014-03-31T13:19:08+00:00\" \/>\n<meta property=\"og:image\" content=\"https:\/\/www.ull.es\/portal\/noticias\/wp-content\/uploads\/sites\/13\/2015\/07\/Cons-Gob-28-3-03.jpg\" \/>\n\t<meta property=\"og:image:width\" content=\"1034\" \/>\n\t<meta property=\"og:image:height\" content=\"708\" \/>\n\t<meta property=\"og:image:type\" content=\"image\/jpeg\" \/>\n<meta name=\"author\" content=\"prensa2\" \/>\n<meta name=\"twitter:card\" content=\"summary_large_image\" \/>\n<meta name=\"twitter:creator\" content=\"@CanalULL\" \/>\n<meta name=\"twitter:site\" content=\"@CanalULL\" \/>\n<meta name=\"twitter:label1\" content=\"Escrito por\" \/>\n\t<meta name=\"twitter:data1\" content=\"prensa2\" \/>\n\t<meta name=\"twitter:label2\" content=\"Tiempo de lectura\" \/>\n\t<meta name=\"twitter:data2\" content=\"4 minutos\" \/>\n<script type=\"application\/ld+json\" class=\"yoast-schema-graph\">{\"@context\":\"https:\/\/schema.org\",\"@graph\":[{\"@type\":\"WebPage\",\"@id\":\"https:\/\/www.ull.es\/portal\/noticias\/2014\/el-consejo-de-gobierno-aprueba-la-designacion-del-filologo-corriente-y-del-neuropsicologo-denis-como-doctores-honoris-causa-por-la-ull\/\",\"url\":\"https:\/\/www.ull.es\/portal\/noticias\/2014\/el-consejo-de-gobierno-aprueba-la-designacion-del-filologo-corriente-y-del-neuropsicologo-denis-como-doctores-honoris-causa-por-la-ull\/\",\"name\":\"El Consejo de Gobierno aprueba la designaci\u00f3n del fil\u00f3logo Corriente y del neuropsic\u00f3logo Denis como doctores Honoris Causa por la ULL - ULL - Noticias\",\"isPartOf\":{\"@id\":\"https:\/\/www.ull.es\/portal\/noticias\/#website\"},\"datePublished\":\"2014-03-31T13:19:08+00:00\",\"dateModified\":\"2014-03-31T13:19:08+00:00\",\"author\":{\"@id\":\"https:\/\/www.ull.es\/portal\/noticias\/#\/schema\/person\/c3b2aa857797592927a03740d6664376\"},\"breadcrumb\":{\"@id\":\"https:\/\/www.ull.es\/portal\/noticias\/2014\/el-consejo-de-gobierno-aprueba-la-designacion-del-filologo-corriente-y-del-neuropsicologo-denis-como-doctores-honoris-causa-por-la-ull\/#breadcrumb\"},\"inLanguage\":\"es\",\"potentialAction\":[{\"@type\":\"ReadAction\",\"target\":[\"https:\/\/www.ull.es\/portal\/noticias\/2014\/el-consejo-de-gobierno-aprueba-la-designacion-del-filologo-corriente-y-del-neuropsicologo-denis-como-doctores-honoris-causa-por-la-ull\/\"]}]},{\"@type\":\"BreadcrumbList\",\"@id\":\"https:\/\/www.ull.es\/portal\/noticias\/2014\/el-consejo-de-gobierno-aprueba-la-designacion-del-filologo-corriente-y-del-neuropsicologo-denis-como-doctores-honoris-causa-por-la-ull\/#breadcrumb\",\"itemListElement\":[{\"@type\":\"ListItem\",\"position\":1,\"name\":\"Portada\",\"item\":\"https:\/\/www.ull.es\/portal\/noticias\/\"},{\"@type\":\"ListItem\",\"position\":2,\"name\":\"El Consejo de Gobierno aprueba la designaci\u00f3n del fil\u00f3logo Corriente y del neuropsic\u00f3logo Denis como doctores Honoris Causa por la ULL\"}]},{\"@type\":\"WebSite\",\"@id\":\"https:\/\/www.ull.es\/portal\/noticias\/#website\",\"url\":\"https:\/\/www.ull.es\/portal\/noticias\/\",\"name\":\"ULL - Noticias\",\"description\":\"\",\"potentialAction\":[{\"@type\":\"SearchAction\",\"target\":{\"@type\":\"EntryPoint\",\"urlTemplate\":\"https:\/\/www.ull.es\/portal\/noticias\/?s={search_term_string}\"},\"query-input\":\"required name=search_term_string\"}],\"inLanguage\":\"es\"},{\"@type\":\"Person\",\"@id\":\"https:\/\/www.ull.es\/portal\/noticias\/#\/schema\/person\/c3b2aa857797592927a03740d6664376\",\"name\":\"prensa2\",\"image\":{\"@type\":\"ImageObject\",\"inLanguage\":\"es\",\"@id\":\"https:\/\/www.ull.es\/portal\/noticias\/#\/schema\/person\/image\/\",\"url\":\"https:\/\/secure.gravatar.com\/avatar\/b58f310a5de5feb33d1e026d2493f23c?s=96&d=mm&r=g\",\"contentUrl\":\"https:\/\/secure.gravatar.com\/avatar\/b58f310a5de5feb33d1e026d2493f23c?s=96&d=mm&r=g\",\"caption\":\"prensa2\"},\"url\":\"https:\/\/www.ull.es\/portal\/noticias\/author\/prensa2\/\"}]}<\/script>\n<!-- \/ Yoast SEO plugin. -->","yoast_head_json":{"title":"El Consejo de Gobierno aprueba la designaci\u00f3n del fil\u00f3logo Corriente y del neuropsic\u00f3logo Denis como doctores Honoris Causa por la ULL - ULL - Noticias","robots":{"index":"index","follow":"follow","max-snippet":"max-snippet:-1","max-image-preview":"max-image-preview:large","max-video-preview":"max-video-preview:-1"},"canonical":"https:\/\/www.ull.es\/portal\/noticias\/2014\/el-consejo-de-gobierno-aprueba-la-designacion-del-filologo-corriente-y-del-neuropsicologo-denis-como-doctores-honoris-causa-por-la-ull\/","og_locale":"es_ES","og_type":"article","og_title":"El Consejo de Gobierno aprueba la designaci\u00f3n del fil\u00f3logo Corriente y del neuropsic\u00f3logo Denis como doctores Honoris Causa por la ULL - ULL - Noticias","og_description":"El Consejo de Gobierno de la Universidad de La Laguna aprob&oacute; en su sesi&oacute;n del pasado viernes 28 de marzo...","og_url":"https:\/\/www.ull.es\/portal\/noticias\/2014\/el-consejo-de-gobierno-aprueba-la-designacion-del-filologo-corriente-y-del-neuropsicologo-denis-como-doctores-honoris-causa-por-la-ull\/","og_site_name":"ULL - Noticias","article_publisher":"https:\/\/www.facebook.com\/universidaddelalaguna\/","article_published_time":"2014-03-31T13:19:08+00:00","og_image":[{"width":1034,"height":708,"url":"https:\/\/www.ull.es\/portal\/noticias\/wp-content\/uploads\/sites\/13\/2015\/07\/Cons-Gob-28-3-03.jpg","type":"image\/jpeg"}],"author":"prensa2","twitter_card":"summary_large_image","twitter_creator":"@CanalULL","twitter_site":"@CanalULL","twitter_misc":{"Escrito por":"prensa2","Tiempo de lectura":"4 minutos"},"schema":{"@context":"https:\/\/schema.org","@graph":[{"@type":"WebPage","@id":"https:\/\/www.ull.es\/portal\/noticias\/2014\/el-consejo-de-gobierno-aprueba-la-designacion-del-filologo-corriente-y-del-neuropsicologo-denis-como-doctores-honoris-causa-por-la-ull\/","url":"https:\/\/www.ull.es\/portal\/noticias\/2014\/el-consejo-de-gobierno-aprueba-la-designacion-del-filologo-corriente-y-del-neuropsicologo-denis-como-doctores-honoris-causa-por-la-ull\/","name":"El Consejo de Gobierno aprueba la designaci\u00f3n del fil\u00f3logo Corriente y del neuropsic\u00f3logo Denis como doctores Honoris Causa por la ULL - ULL - Noticias","isPartOf":{"@id":"https:\/\/www.ull.es\/portal\/noticias\/#website"},"datePublished":"2014-03-31T13:19:08+00:00","dateModified":"2014-03-31T13:19:08+00:00","author":{"@id":"https:\/\/www.ull.es\/portal\/noticias\/#\/schema\/person\/c3b2aa857797592927a03740d6664376"},"breadcrumb":{"@id":"https:\/\/www.ull.es\/portal\/noticias\/2014\/el-consejo-de-gobierno-aprueba-la-designacion-del-filologo-corriente-y-del-neuropsicologo-denis-como-doctores-honoris-causa-por-la-ull\/#breadcrumb"},"inLanguage":"es","potentialAction":[{"@type":"ReadAction","target":["https:\/\/www.ull.es\/portal\/noticias\/2014\/el-consejo-de-gobierno-aprueba-la-designacion-del-filologo-corriente-y-del-neuropsicologo-denis-como-doctores-honoris-causa-por-la-ull\/"]}]},{"@type":"BreadcrumbList","@id":"https:\/\/www.ull.es\/portal\/noticias\/2014\/el-consejo-de-gobierno-aprueba-la-designacion-del-filologo-corriente-y-del-neuropsicologo-denis-como-doctores-honoris-causa-por-la-ull\/#breadcrumb","itemListElement":[{"@type":"ListItem","position":1,"name":"Portada","item":"https:\/\/www.ull.es\/portal\/noticias\/"},{"@type":"ListItem","position":2,"name":"El Consejo de Gobierno aprueba la designaci\u00f3n del fil\u00f3logo Corriente y del neuropsic\u00f3logo Denis como doctores Honoris Causa por la ULL"}]},{"@type":"WebSite","@id":"https:\/\/www.ull.es\/portal\/noticias\/#website","url":"https:\/\/www.ull.es\/portal\/noticias\/","name":"ULL - Noticias","description":"","potentialAction":[{"@type":"SearchAction","target":{"@type":"EntryPoint","urlTemplate":"https:\/\/www.ull.es\/portal\/noticias\/?s={search_term_string}"},"query-input":"required name=search_term_string"}],"inLanguage":"es"},{"@type":"Person","@id":"https:\/\/www.ull.es\/portal\/noticias\/#\/schema\/person\/c3b2aa857797592927a03740d6664376","name":"prensa2","image":{"@type":"ImageObject","inLanguage":"es","@id":"https:\/\/www.ull.es\/portal\/noticias\/#\/schema\/person\/image\/","url":"https:\/\/secure.gravatar.com\/avatar\/b58f310a5de5feb33d1e026d2493f23c?s=96&d=mm&r=g","contentUrl":"https:\/\/secure.gravatar.com\/avatar\/b58f310a5de5feb33d1e026d2493f23c?s=96&d=mm&r=g","caption":"prensa2"},"url":"https:\/\/www.ull.es\/portal\/noticias\/author\/prensa2\/"}]}},"primary_category":null,"featured_image_thumbnail_url":"https:\/\/www.ull.es\/portal\/noticias\/wp-content\/uploads\/sites\/13\/2015\/07\/Cons-Gob-28-3-03-300x205.jpg","_links":{"self":[{"href":"https:\/\/www.ull.es\/portal\/noticias\/wp-json\/wp\/v2\/posts\/22183"}],"collection":[{"href":"https:\/\/www.ull.es\/portal\/noticias\/wp-json\/wp\/v2\/posts"}],"about":[{"href":"https:\/\/www.ull.es\/portal\/noticias\/wp-json\/wp\/v2\/types\/post"}],"author":[{"embeddable":true,"href":"https:\/\/www.ull.es\/portal\/noticias\/wp-json\/wp\/v2\/users\/21"}],"replies":[{"embeddable":true,"href":"https:\/\/www.ull.es\/portal\/noticias\/wp-json\/wp\/v2\/comments?post=22183"}],"version-history":[{"count":0,"href":"https:\/\/www.ull.es\/portal\/noticias\/wp-json\/wp\/v2\/posts\/22183\/revisions"}],"wp:featuredmedia":[{"embeddable":true,"href":"https:\/\/www.ull.es\/portal\/noticias\/wp-json\/wp\/v2\/media\/22184"}],"wp:attachment":[{"href":"https:\/\/www.ull.es\/portal\/noticias\/wp-json\/wp\/v2\/media?parent=22183"}],"wp:term":[{"taxonomy":"category","embeddable":true,"href":"https:\/\/www.ull.es\/portal\/noticias\/wp-json\/wp\/v2\/categories?post=22183"},{"taxonomy":"post_tag","embeddable":true,"href":"https:\/\/www.ull.es\/portal\/noticias\/wp-json\/wp\/v2\/tags?post=22183"}],"curies":[{"name":"wp","href":"https:\/\/api.w.org\/{rel}","templated":true}]}}