{"id":22293,"date":"2014-04-28T13:51:51","date_gmt":"2014-04-28T13:51:51","guid":{"rendered":"http:\/\/ddigital.webs.ull.es\/el-consejo-de-gobierno-de-la-ull-aprueba-el-cambio-de-denominacion-de-la-titulacion-de-ingenieria-marina\/"},"modified":"2014-04-28T13:51:51","modified_gmt":"2014-04-28T13:51:51","slug":"el-consejo-de-gobierno-de-la-ull-aprueba-el-cambio-de-denominacion-de-la-titulacion-de-ingenieria-marina","status":"publish","type":"post","link":"https:\/\/www.ull.es\/portal\/noticias\/2014\/el-consejo-de-gobierno-de-la-ull-aprueba-el-cambio-de-denominacion-de-la-titulacion-de-ingenieria-marina\/","title":{"rendered":"El Consejo de Gobierno de la ULL aprueba el cambio de denominaci\u00f3n de la titulaci\u00f3n de Ingenier\u00eda Marina"},"content":{"rendered":"<p> \tEl Consejo de Gobierno de la Universidad de La Laguna ha aprobado en su sesi&oacute;n de hoy, lunes 28 de abril de 2014, por 35 votos a favor, una en contra y una abstenci&oacute;n, un cambio de denominaci&oacute;n en el Grado en Ingenier&iacute;a Marina, que ahora pasar&iacute;a a denominarse Grado en Tecnolog&iacute;as Marinas. Esta variaci&oacute;n est&aacute; motivada por el acuerdo adoptado en la anterior reuni&oacute;n del &oacute;rgano colegiado, seg&uacute;n la cual se acataba la sentencia del Tribunal Supremo en el que se obligaba a retirar la palabra &quot;Ingenier&iacute;a&quot; de ciertas titulaciones de la Escuela de N&aacute;utica de la ULL.<\/p>\n<p> \tTal y como explic&oacute; vicerrector de Posgrado, Nuevos Estudios y Espacio Europeo de Educaci&oacute;n Superior, Justo P&eacute;rez, en una reuni&oacute;n celebrada el 11 de abril de todas las escuelas de estudios n&aacute;uticos del pa&iacute;s se acord&oacute; una denominaci&oacute;n com&uacute;n para las titulaciones nacionales, en el cual se propuso &quot;Grado en Tecnolog&iacute;as Marinas&quot; como sustituta del &quot;Grado en Ingenier&iacute;a Marina&quot; preexistente.<\/p>\n<p> \tPor su parte, el rector del centro, Eduardo Dom&eacute;nech, explic&oacute; que, aunque la ULL se ha adherido a un recurso de casaci&oacute;n presentado ante el Tribunal Supremo por la Universidad del Pa&iacute;s Vasco solicitando el mantenimiento de la denominaci&oacute;n anterior, mientras &eacute;ste se resuelve, era necesario acatar la sentencia y cambiar el nombre del t&iacute;tulo, o de lo contrario, en los pr&oacute;ximos cursos ni se podr&iacute;an expedir t&iacute;tulos al alumnado de la escuela ni se podr&iacute;a matricular a nadie m&aacute;s.<\/p>\n<p> \t<strong>Liquidaci&oacute;n presupuestaria<br \/> \t<\/strong><\/p>\n<p> \tEl Consejo de Gobierno aprob&oacute; tambi&eacute;n por 32 votos a favor, 1 en contra y 2 abstenciones la memoria de liquidaci&oacute;n del ejercicio presupuestario de 2013, presentada por el gerente de la instituci&oacute;n, Justo J. Artiles. El documento abarca el importe de los cr&eacute;ditos iniciales para el ejercicio de 2013 y las modificaciones de cr&eacute;dito transcurridas a lo largo del a&ntilde;o, as&iacute; como las obligaciones reconocidas de los pagos realizados y pendientes del citado ejercicio.<\/p>\n<p> \tAs&iacute;, la Universidad de La Laguna cont&oacute; con un presupuesto inicial de 136.082.042,70 euros. Se realizaron un conjunto de modificaciones presupuestarias por valor de 38.168.068,05 euros, por lo que los cr&eacute;ditos definitivos en 2013 se elevaron a 174.250.110,75 euros.<br \/> \tEl informe se&ntilde;ala que la ULL posee unas cuentas saneadas y registra un super&aacute;vit de unos 190.000, una cifra que el gerente calific&oacute; de muy &ldquo;ajustada&rdquo;, si bien hay que considerar que esa cifra corresponde a lo que ha quedado tras utilizar parte de los fondos para finalizar la obra de la Facultad de Bellas Artes. Por ello, Artiles se&ntilde;al&oacute; que la instituci&oacute;n debe mantenerse a&uacute;n alerta y persistir en sus pol&iacute;ticas de contenci&oacute;n de gasto.<\/p>\n<p> \tEn la reuni&oacute;n de hoy tambi&eacute;n se aprob&oacute; una modificaci&oacute;n en la Relaci&oacute;n de Puestos de Trabajo (RPT) del profesorado+, sobre la cual el vicerrector de Ordenaci&oacute;n Acad&eacute;mica y Profesorado, Juan Felipe P&eacute;rez Franc&eacute;s, explico que se trata de un asunto puramente burocr&aacute;tico, necesario para adaptarlo al nuevo reordenamiento de los departamentos de la ULL producido a finales de 2013, algunos de los cuales han desaparecido, otros han cambiado de denominaci&oacute;n y han variado las &aacute;reas a las que se adscribe el personal.<\/p>\n<p> \tDado que en la RPT del personal docente e investigadores es necesario, entre otros puntos, indicar a qu&eacute; departamento y &aacute;rea desaparece, ha sido preciso abordar esta modificaci&oacute;n pero, en todo caso, no se ha modificado el techo financiero ni ning&uacute;n otro aspecto fundamental del texto preexistente.<\/p>\n<p> \tDurante la sesi&oacute;n, el gerente tambi&eacute;n dio cuenta de la subsanaci&oacute;n de algunas erratas en el texto de la RPT del Personal de Administraci&oacute;n y Servicios Laboral aprobada en la sesi&oacute;n anterior del Consejo de Gobierno.<\/p>\n<p> \tPor su parte, el vicerrector de Posgrado, Nuevos Estudios y Espacio Europeo de Educaci&oacute;n Superior, Justo P&eacute;rez, present&oacute; ante el &oacute;rgano una modificaci&oacute;n de las directrices generales para el dise&ntilde;o de t&iacute;tulos de grado, que fue aprobada por 32 votos favorables, ninguno en contra y 2 abstenciones. Esta modificaci&oacute;n indica que no debe haber restricciones adicionales en la matr&iacute;cula de unas asignaturas sobre otras, para no contradecir la normativa de progreso y permanencia del alumnado, lo cual pretende corregir ciertas dificultades aparecidas con las llamadas &ldquo;asignaturas llave&rdquo; en algunas titulaciones.<br \/> \t&nbsp;<\/p>\n","protected":false},"excerpt":{"rendered":"<p>El Consejo de Gobierno de la Universidad de La Laguna ha aprobado en su sesi&oacute;n de hoy, lunes 28 de&#8230;<\/p>\n","protected":false},"author":21,"featured_media":22294,"comment_status":"open","ping_status":"open","sticky":false,"template":"","format":"standard","meta":{"inline_featured_image":false,"footnotes":""},"categories":[347,1],"tags":[],"acf":[],"yoast_head":"<!-- This site is optimized with the Yoast SEO plugin v21.3 - https:\/\/yoast.com\/wordpress\/plugins\/seo\/ -->\n<title>El Consejo de Gobierno de la ULL aprueba el cambio de denominaci\u00f3n de la titulaci\u00f3n de Ingenier\u00eda Marina - ULL - Noticias<\/title>\n<meta name=\"robots\" content=\"index, follow, max-snippet:-1, max-image-preview:large, max-video-preview:-1\" \/>\n<link rel=\"canonical\" href=\"https:\/\/www.ull.es\/portal\/noticias\/2014\/el-consejo-de-gobierno-de-la-ull-aprueba-el-cambio-de-denominacion-de-la-titulacion-de-ingenieria-marina\/\" \/>\n<meta property=\"og:locale\" content=\"es_ES\" \/>\n<meta property=\"og:type\" content=\"article\" \/>\n<meta property=\"og:title\" content=\"El Consejo de Gobierno de la ULL aprueba el cambio de denominaci\u00f3n de la titulaci\u00f3n de Ingenier\u00eda Marina - ULL - Noticias\" \/>\n<meta property=\"og:description\" content=\"El Consejo de Gobierno de la Universidad de La Laguna ha aprobado en su sesi&oacute;n de hoy, lunes 28 de...\" \/>\n<meta property=\"og:url\" content=\"https:\/\/www.ull.es\/portal\/noticias\/2014\/el-consejo-de-gobierno-de-la-ull-aprueba-el-cambio-de-denominacion-de-la-titulacion-de-ingenieria-marina\/\" \/>\n<meta property=\"og:site_name\" content=\"ULL - Noticias\" \/>\n<meta property=\"article:publisher\" content=\"https:\/\/www.facebook.com\/universidaddelalaguna\/\" \/>\n<meta property=\"article:published_time\" content=\"2014-04-28T13:51:51+00:00\" \/>\n<meta property=\"og:image\" content=\"https:\/\/www.ull.es\/portal\/noticias\/wp-content\/uploads\/sites\/13\/2015\/07\/Cons-Gobierno-28-4-10.jpg\" \/>\n\t<meta property=\"og:image:width\" content=\"1034\" \/>\n\t<meta property=\"og:image:height\" content=\"708\" \/>\n\t<meta property=\"og:image:type\" content=\"image\/jpeg\" \/>\n<meta name=\"author\" content=\"prensa2\" \/>\n<meta name=\"twitter:card\" content=\"summary_large_image\" \/>\n<meta name=\"twitter:creator\" content=\"@CanalULL\" \/>\n<meta name=\"twitter:site\" content=\"@CanalULL\" \/>\n<meta name=\"twitter:label1\" content=\"Escrito por\" \/>\n\t<meta name=\"twitter:data1\" content=\"prensa2\" \/>\n\t<meta name=\"twitter:label2\" content=\"Tiempo de lectura\" \/>\n\t<meta name=\"twitter:data2\" content=\"4 minutos\" \/>\n<script type=\"application\/ld+json\" class=\"yoast-schema-graph\">{\"@context\":\"https:\/\/schema.org\",\"@graph\":[{\"@type\":\"WebPage\",\"@id\":\"https:\/\/www.ull.es\/portal\/noticias\/2014\/el-consejo-de-gobierno-de-la-ull-aprueba-el-cambio-de-denominacion-de-la-titulacion-de-ingenieria-marina\/\",\"url\":\"https:\/\/www.ull.es\/portal\/noticias\/2014\/el-consejo-de-gobierno-de-la-ull-aprueba-el-cambio-de-denominacion-de-la-titulacion-de-ingenieria-marina\/\",\"name\":\"El Consejo de Gobierno de la ULL aprueba el cambio de denominaci\u00f3n de la titulaci\u00f3n de Ingenier\u00eda Marina - ULL - Noticias\",\"isPartOf\":{\"@id\":\"https:\/\/www.ull.es\/portal\/noticias\/#website\"},\"datePublished\":\"2014-04-28T13:51:51+00:00\",\"dateModified\":\"2014-04-28T13:51:51+00:00\",\"author\":{\"@id\":\"https:\/\/www.ull.es\/portal\/noticias\/#\/schema\/person\/c3b2aa857797592927a03740d6664376\"},\"breadcrumb\":{\"@id\":\"https:\/\/www.ull.es\/portal\/noticias\/2014\/el-consejo-de-gobierno-de-la-ull-aprueba-el-cambio-de-denominacion-de-la-titulacion-de-ingenieria-marina\/#breadcrumb\"},\"inLanguage\":\"es\",\"potentialAction\":[{\"@type\":\"ReadAction\",\"target\":[\"https:\/\/www.ull.es\/portal\/noticias\/2014\/el-consejo-de-gobierno-de-la-ull-aprueba-el-cambio-de-denominacion-de-la-titulacion-de-ingenieria-marina\/\"]}]},{\"@type\":\"BreadcrumbList\",\"@id\":\"https:\/\/www.ull.es\/portal\/noticias\/2014\/el-consejo-de-gobierno-de-la-ull-aprueba-el-cambio-de-denominacion-de-la-titulacion-de-ingenieria-marina\/#breadcrumb\",\"itemListElement\":[{\"@type\":\"ListItem\",\"position\":1,\"name\":\"Portada\",\"item\":\"https:\/\/www.ull.es\/portal\/noticias\/\"},{\"@type\":\"ListItem\",\"position\":2,\"name\":\"El Consejo de Gobierno de la ULL aprueba el cambio de denominaci\u00f3n de la titulaci\u00f3n de Ingenier\u00eda Marina\"}]},{\"@type\":\"WebSite\",\"@id\":\"https:\/\/www.ull.es\/portal\/noticias\/#website\",\"url\":\"https:\/\/www.ull.es\/portal\/noticias\/\",\"name\":\"ULL - Noticias\",\"description\":\"\",\"potentialAction\":[{\"@type\":\"SearchAction\",\"target\":{\"@type\":\"EntryPoint\",\"urlTemplate\":\"https:\/\/www.ull.es\/portal\/noticias\/?s={search_term_string}\"},\"query-input\":\"required name=search_term_string\"}],\"inLanguage\":\"es\"},{\"@type\":\"Person\",\"@id\":\"https:\/\/www.ull.es\/portal\/noticias\/#\/schema\/person\/c3b2aa857797592927a03740d6664376\",\"name\":\"prensa2\",\"image\":{\"@type\":\"ImageObject\",\"inLanguage\":\"es\",\"@id\":\"https:\/\/www.ull.es\/portal\/noticias\/#\/schema\/person\/image\/\",\"url\":\"https:\/\/secure.gravatar.com\/avatar\/b58f310a5de5feb33d1e026d2493f23c?s=96&d=mm&r=g\",\"contentUrl\":\"https:\/\/secure.gravatar.com\/avatar\/b58f310a5de5feb33d1e026d2493f23c?s=96&d=mm&r=g\",\"caption\":\"prensa2\"},\"url\":\"https:\/\/www.ull.es\/portal\/noticias\/author\/prensa2\/\"}]}<\/script>\n<!-- \/ Yoast SEO plugin. -->","yoast_head_json":{"title":"El Consejo de Gobierno de la ULL aprueba el cambio de denominaci\u00f3n de la titulaci\u00f3n de Ingenier\u00eda Marina - ULL - Noticias","robots":{"index":"index","follow":"follow","max-snippet":"max-snippet:-1","max-image-preview":"max-image-preview:large","max-video-preview":"max-video-preview:-1"},"canonical":"https:\/\/www.ull.es\/portal\/noticias\/2014\/el-consejo-de-gobierno-de-la-ull-aprueba-el-cambio-de-denominacion-de-la-titulacion-de-ingenieria-marina\/","og_locale":"es_ES","og_type":"article","og_title":"El Consejo de Gobierno de la ULL aprueba el cambio de denominaci\u00f3n de la titulaci\u00f3n de Ingenier\u00eda Marina - ULL - Noticias","og_description":"El Consejo de Gobierno de la Universidad de La Laguna ha aprobado en su sesi&oacute;n de hoy, lunes 28 de...","og_url":"https:\/\/www.ull.es\/portal\/noticias\/2014\/el-consejo-de-gobierno-de-la-ull-aprueba-el-cambio-de-denominacion-de-la-titulacion-de-ingenieria-marina\/","og_site_name":"ULL - Noticias","article_publisher":"https:\/\/www.facebook.com\/universidaddelalaguna\/","article_published_time":"2014-04-28T13:51:51+00:00","og_image":[{"width":1034,"height":708,"url":"https:\/\/www.ull.es\/portal\/noticias\/wp-content\/uploads\/sites\/13\/2015\/07\/Cons-Gobierno-28-4-10.jpg","type":"image\/jpeg"}],"author":"prensa2","twitter_card":"summary_large_image","twitter_creator":"@CanalULL","twitter_site":"@CanalULL","twitter_misc":{"Escrito por":"prensa2","Tiempo de lectura":"4 minutos"},"schema":{"@context":"https:\/\/schema.org","@graph":[{"@type":"WebPage","@id":"https:\/\/www.ull.es\/portal\/noticias\/2014\/el-consejo-de-gobierno-de-la-ull-aprueba-el-cambio-de-denominacion-de-la-titulacion-de-ingenieria-marina\/","url":"https:\/\/www.ull.es\/portal\/noticias\/2014\/el-consejo-de-gobierno-de-la-ull-aprueba-el-cambio-de-denominacion-de-la-titulacion-de-ingenieria-marina\/","name":"El Consejo de Gobierno de la ULL aprueba el cambio de denominaci\u00f3n de la titulaci\u00f3n de Ingenier\u00eda Marina - ULL - Noticias","isPartOf":{"@id":"https:\/\/www.ull.es\/portal\/noticias\/#website"},"datePublished":"2014-04-28T13:51:51+00:00","dateModified":"2014-04-28T13:51:51+00:00","author":{"@id":"https:\/\/www.ull.es\/portal\/noticias\/#\/schema\/person\/c3b2aa857797592927a03740d6664376"},"breadcrumb":{"@id":"https:\/\/www.ull.es\/portal\/noticias\/2014\/el-consejo-de-gobierno-de-la-ull-aprueba-el-cambio-de-denominacion-de-la-titulacion-de-ingenieria-marina\/#breadcrumb"},"inLanguage":"es","potentialAction":[{"@type":"ReadAction","target":["https:\/\/www.ull.es\/portal\/noticias\/2014\/el-consejo-de-gobierno-de-la-ull-aprueba-el-cambio-de-denominacion-de-la-titulacion-de-ingenieria-marina\/"]}]},{"@type":"BreadcrumbList","@id":"https:\/\/www.ull.es\/portal\/noticias\/2014\/el-consejo-de-gobierno-de-la-ull-aprueba-el-cambio-de-denominacion-de-la-titulacion-de-ingenieria-marina\/#breadcrumb","itemListElement":[{"@type":"ListItem","position":1,"name":"Portada","item":"https:\/\/www.ull.es\/portal\/noticias\/"},{"@type":"ListItem","position":2,"name":"El Consejo de Gobierno de la ULL aprueba el cambio de denominaci\u00f3n de la titulaci\u00f3n de Ingenier\u00eda Marina"}]},{"@type":"WebSite","@id":"https:\/\/www.ull.es\/portal\/noticias\/#website","url":"https:\/\/www.ull.es\/portal\/noticias\/","name":"ULL - Noticias","description":"","potentialAction":[{"@type":"SearchAction","target":{"@type":"EntryPoint","urlTemplate":"https:\/\/www.ull.es\/portal\/noticias\/?s={search_term_string}"},"query-input":"required name=search_term_string"}],"inLanguage":"es"},{"@type":"Person","@id":"https:\/\/www.ull.es\/portal\/noticias\/#\/schema\/person\/c3b2aa857797592927a03740d6664376","name":"prensa2","image":{"@type":"ImageObject","inLanguage":"es","@id":"https:\/\/www.ull.es\/portal\/noticias\/#\/schema\/person\/image\/","url":"https:\/\/secure.gravatar.com\/avatar\/b58f310a5de5feb33d1e026d2493f23c?s=96&d=mm&r=g","contentUrl":"https:\/\/secure.gravatar.com\/avatar\/b58f310a5de5feb33d1e026d2493f23c?s=96&d=mm&r=g","caption":"prensa2"},"url":"https:\/\/www.ull.es\/portal\/noticias\/author\/prensa2\/"}]}},"primary_category":null,"featured_image_thumbnail_url":"https:\/\/www.ull.es\/portal\/noticias\/wp-content\/uploads\/sites\/13\/2015\/07\/Cons-Gobierno-28-4-10-300x205.jpg","_links":{"self":[{"href":"https:\/\/www.ull.es\/portal\/noticias\/wp-json\/wp\/v2\/posts\/22293"}],"collection":[{"href":"https:\/\/www.ull.es\/portal\/noticias\/wp-json\/wp\/v2\/posts"}],"about":[{"href":"https:\/\/www.ull.es\/portal\/noticias\/wp-json\/wp\/v2\/types\/post"}],"author":[{"embeddable":true,"href":"https:\/\/www.ull.es\/portal\/noticias\/wp-json\/wp\/v2\/users\/21"}],"replies":[{"embeddable":true,"href":"https:\/\/www.ull.es\/portal\/noticias\/wp-json\/wp\/v2\/comments?post=22293"}],"version-history":[{"count":0,"href":"https:\/\/www.ull.es\/portal\/noticias\/wp-json\/wp\/v2\/posts\/22293\/revisions"}],"wp:featuredmedia":[{"embeddable":true,"href":"https:\/\/www.ull.es\/portal\/noticias\/wp-json\/wp\/v2\/media\/22294"}],"wp:attachment":[{"href":"https:\/\/www.ull.es\/portal\/noticias\/wp-json\/wp\/v2\/media?parent=22293"}],"wp:term":[{"taxonomy":"category","embeddable":true,"href":"https:\/\/www.ull.es\/portal\/noticias\/wp-json\/wp\/v2\/categories?post=22293"},{"taxonomy":"post_tag","embeddable":true,"href":"https:\/\/www.ull.es\/portal\/noticias\/wp-json\/wp\/v2\/tags?post=22293"}],"curies":[{"name":"wp","href":"https:\/\/api.w.org\/{rel}","templated":true}]}}