{"id":22389,"date":"2014-05-09T10:03:06","date_gmt":"2014-05-09T10:03:06","guid":{"rendered":"http:\/\/ddigital.webs.ull.es\/la-vii-exposicion-de-dibujantes-e-ilustradores-de-canarias-contara-con-un-curso-impartido-por-david-pena-puno\/"},"modified":"2014-05-09T10:03:06","modified_gmt":"2014-05-09T10:03:06","slug":"la-vii-exposicion-de-dibujantes-e-ilustradores-de-canarias-contara-con-un-curso-impartido-por-david-pena-puno","status":"publish","type":"post","link":"https:\/\/www.ull.es\/portal\/noticias\/2014\/la-vii-exposicion-de-dibujantes-e-ilustradores-de-canarias-contara-con-un-curso-impartido-por-david-pena-puno\/","title":{"rendered":"La VII Exposici\u00f3n de Dibujantes e Ilustradores de Canarias contar\u00e1 con un curso impartido por David Pe\u00f1a \u201cPu\u00f1o\u201d"},"content":{"rendered":"<p> \tLa VII Exposici&oacute;n de Dibujantes e Ilustradores de Canarias, un proyecto art&iacute;stico-educativo dirigido por la profesora de Bellas Artes Mar&iacute;a Luisa Hodgson, abrir&aacute; su nueva propuesta, centrada en el mundo de las f&aacute;bulas, entre el 13 de mayo al 29 de junio en la Biblioteca Municipal Central de Tenerife Espacio de las Artes (TEA). Como actividad complementaria, se impartir&aacute; el curso &ldquo;Dibujantes Fabulosos&rdquo; los d&iacute;as 14, 15 y 16, que contar&aacute; con la presencia como ponente del renombrado ilustrador David Pe&ntilde;a, m&aacute;s conocido como &ldquo;Pu&ntilde;o&rdquo;.<\/p>\n<p> \tEl curso se desarrollar&aacute; en las instalaciones de la Biblioteca Municipal Central de TEA y de la Facultad de Bellas Artes de la ULL, y constar&aacute; de una charla y dos talleres. Esta actividad formativa se presentar&aacute; el d&iacute;a 13 de mayo con la apertura al p&uacute;blico de la exposici&oacute;n a las 19 horas y dar&aacute; comienzo el 14 de mayo, con una charla titulada &ldquo;C&oacute;mo ser creativos en tiempos de crisis&rdquo;, impartida por David Pe&ntilde;a. En ella, se analizar&aacute; la cuesti&oacute;n desde el punto de vista de un ilustrador y se expondr&aacute;n unas conclusiones extrapolables a cualquier otra disciplina. Adem&aacute;s, se profundizar&aacute; en los mecanismos cerebrales de los procesos creativos y su impacto en el desarrollo profesional.<\/p>\n<p> \tEl 15 de mayo, el propio Pe&ntilde;a continuar&aacute; con el &ldquo;Taller de Estimulaci&oacute;n Creativa&rdquo;, que tendr&aacute; lugar de 16 a 19 horas en la Facultad de Bellas Artes. Como cierre del curso, dos destacados ilustradores canarios, V&iacute;ctor Jaubert y Jorge P&eacute;rez Rodr&iacute;guez, impartir&aacute;n conjuntamente el taller &ldquo;La mano inteligente-Leer entre l&iacute;neas&rdquo;, el 16 de mayo de 16 a 19 horas en TEA.<\/p>\n<p> \tLa inscripci&oacute;n para la charla y los talleres puede formalizarse en la secci&oacute;n &ldquo;Formaci&oacute;n&rdquo; de la<a href=\"https:\/\/sede.fg.ull.es\/\" target=\"_blank\" target=\"_blank\" rel=\"noopener\"> Sede Electr&oacute;nica de la Fundaci&oacute;n General de la ULL<\/a>. El precio de la primera oscilar&aacute; entre los 10 y 20 euros, mientras que los talleres se mueven en torno a los 40 y 60 euros; hay diferentes tarifas seg&uacute;n sea la condici&oacute;n de la persona matriculada: p&uacute;blico general, comunidad universitaria o demandantes de empleo.<\/p>\n<p> \t<strong>David Pe&ntilde;a, PU&Ntilde;O<br \/> \t<\/strong><\/p>\n<p> \tIlustrador y dibujante, estudi&oacute; Cinematograf&iacute;a y Comunicaci&oacute;n Audiovisual. Docente en la Escuela de Visual Comunicaci&oacute;n del IDE Madrid, ha trabajado tambi&eacute;n como profesor de c&oacute;mics, dibujante de storyboards y, principalmente, como ilustrador para prensa, publicidad y publicaciones escolares y de narrativa. Sus obras han aparecido en portadas de editoriales como SM, Anaya o Astiberri, as&iacute; como campa&ntilde;as publicitarias de ING Direct o de Nike. Por sus trabajos, ha sido galardonado con el Premio Internacional de Ilustraci&oacute;n Fundaci&oacute;n SM y el Primer Premio Creacomic CAM 2009.<br \/> \t&nbsp;<\/p>\n","protected":false},"excerpt":{"rendered":"<p>La VII Exposici&oacute;n de Dibujantes e Ilustradores de Canarias, un proyecto art&iacute;stico-educativo dirigido por la profesora de Bellas Artes Mar&iacute;a&#8230;<\/p>\n","protected":false},"author":21,"featured_media":22390,"comment_status":"open","ping_status":"open","sticky":false,"template":"","format":"standard","meta":{"inline_featured_image":false,"footnotes":""},"categories":[344,1],"tags":[],"acf":[],"yoast_head":"<!-- This site is optimized with the Yoast SEO plugin v21.3 - https:\/\/yoast.com\/wordpress\/plugins\/seo\/ -->\n<title>La VII Exposici\u00f3n de Dibujantes e Ilustradores de Canarias contar\u00e1 con un curso impartido por David Pe\u00f1a \u201cPu\u00f1o\u201d - ULL - Noticias<\/title>\n<meta name=\"robots\" content=\"index, follow, max-snippet:-1, max-image-preview:large, max-video-preview:-1\" \/>\n<link rel=\"canonical\" href=\"https:\/\/www.ull.es\/portal\/noticias\/2014\/la-vii-exposicion-de-dibujantes-e-ilustradores-de-canarias-contara-con-un-curso-impartido-por-david-pena-puno\/\" \/>\n<meta property=\"og:locale\" content=\"es_ES\" \/>\n<meta property=\"og:type\" content=\"article\" \/>\n<meta property=\"og:title\" content=\"La VII Exposici\u00f3n de Dibujantes e Ilustradores de Canarias contar\u00e1 con un curso impartido por David Pe\u00f1a \u201cPu\u00f1o\u201d - ULL - Noticias\" \/>\n<meta property=\"og:description\" content=\"La VII Exposici&oacute;n de Dibujantes e Ilustradores de Canarias, un proyecto art&iacute;stico-educativo dirigido por la profesora de Bellas Artes Mar&iacute;a...\" \/>\n<meta property=\"og:url\" content=\"https:\/\/www.ull.es\/portal\/noticias\/2014\/la-vii-exposicion-de-dibujantes-e-ilustradores-de-canarias-contara-con-un-curso-impartido-por-david-pena-puno\/\" \/>\n<meta property=\"og:site_name\" content=\"ULL - Noticias\" \/>\n<meta property=\"article:publisher\" content=\"https:\/\/www.facebook.com\/universidaddelalaguna\/\" \/>\n<meta property=\"article:published_time\" content=\"2014-05-09T10:03:06+00:00\" \/>\n<meta property=\"og:image\" content=\"https:\/\/www.ull.es\/portal\/noticias\/wp-content\/uploads\/sites\/13\/2015\/07\/dibujantes_fabulosos.jpg\" \/>\n\t<meta property=\"og:image:width\" content=\"2146\" \/>\n\t<meta property=\"og:image:height\" content=\"1476\" \/>\n\t<meta property=\"og:image:type\" content=\"image\/jpeg\" \/>\n<meta name=\"author\" content=\"prensa2\" \/>\n<meta name=\"twitter:card\" content=\"summary_large_image\" \/>\n<meta name=\"twitter:creator\" content=\"@CanalULL\" \/>\n<meta name=\"twitter:site\" content=\"@CanalULL\" \/>\n<meta name=\"twitter:label1\" content=\"Escrito por\" \/>\n\t<meta name=\"twitter:data1\" content=\"prensa2\" \/>\n\t<meta name=\"twitter:label2\" content=\"Tiempo de lectura\" \/>\n\t<meta name=\"twitter:data2\" content=\"3 minutos\" \/>\n<script type=\"application\/ld+json\" class=\"yoast-schema-graph\">{\"@context\":\"https:\/\/schema.org\",\"@graph\":[{\"@type\":\"WebPage\",\"@id\":\"https:\/\/www.ull.es\/portal\/noticias\/2014\/la-vii-exposicion-de-dibujantes-e-ilustradores-de-canarias-contara-con-un-curso-impartido-por-david-pena-puno\/\",\"url\":\"https:\/\/www.ull.es\/portal\/noticias\/2014\/la-vii-exposicion-de-dibujantes-e-ilustradores-de-canarias-contara-con-un-curso-impartido-por-david-pena-puno\/\",\"name\":\"La VII Exposici\u00f3n de Dibujantes e Ilustradores de Canarias contar\u00e1 con un curso impartido por David Pe\u00f1a \u201cPu\u00f1o\u201d - ULL - Noticias\",\"isPartOf\":{\"@id\":\"https:\/\/www.ull.es\/portal\/noticias\/#website\"},\"datePublished\":\"2014-05-09T10:03:06+00:00\",\"dateModified\":\"2014-05-09T10:03:06+00:00\",\"author\":{\"@id\":\"https:\/\/www.ull.es\/portal\/noticias\/#\/schema\/person\/c3b2aa857797592927a03740d6664376\"},\"breadcrumb\":{\"@id\":\"https:\/\/www.ull.es\/portal\/noticias\/2014\/la-vii-exposicion-de-dibujantes-e-ilustradores-de-canarias-contara-con-un-curso-impartido-por-david-pena-puno\/#breadcrumb\"},\"inLanguage\":\"es\",\"potentialAction\":[{\"@type\":\"ReadAction\",\"target\":[\"https:\/\/www.ull.es\/portal\/noticias\/2014\/la-vii-exposicion-de-dibujantes-e-ilustradores-de-canarias-contara-con-un-curso-impartido-por-david-pena-puno\/\"]}]},{\"@type\":\"BreadcrumbList\",\"@id\":\"https:\/\/www.ull.es\/portal\/noticias\/2014\/la-vii-exposicion-de-dibujantes-e-ilustradores-de-canarias-contara-con-un-curso-impartido-por-david-pena-puno\/#breadcrumb\",\"itemListElement\":[{\"@type\":\"ListItem\",\"position\":1,\"name\":\"Portada\",\"item\":\"https:\/\/www.ull.es\/portal\/noticias\/\"},{\"@type\":\"ListItem\",\"position\":2,\"name\":\"La VII Exposici\u00f3n de Dibujantes e Ilustradores de Canarias contar\u00e1 con un curso impartido por David Pe\u00f1a \u201cPu\u00f1o\u201d\"}]},{\"@type\":\"WebSite\",\"@id\":\"https:\/\/www.ull.es\/portal\/noticias\/#website\",\"url\":\"https:\/\/www.ull.es\/portal\/noticias\/\",\"name\":\"ULL - Noticias\",\"description\":\"\",\"potentialAction\":[{\"@type\":\"SearchAction\",\"target\":{\"@type\":\"EntryPoint\",\"urlTemplate\":\"https:\/\/www.ull.es\/portal\/noticias\/?s={search_term_string}\"},\"query-input\":\"required name=search_term_string\"}],\"inLanguage\":\"es\"},{\"@type\":\"Person\",\"@id\":\"https:\/\/www.ull.es\/portal\/noticias\/#\/schema\/person\/c3b2aa857797592927a03740d6664376\",\"name\":\"prensa2\",\"image\":{\"@type\":\"ImageObject\",\"inLanguage\":\"es\",\"@id\":\"https:\/\/www.ull.es\/portal\/noticias\/#\/schema\/person\/image\/\",\"url\":\"https:\/\/secure.gravatar.com\/avatar\/b58f310a5de5feb33d1e026d2493f23c?s=96&d=mm&r=g\",\"contentUrl\":\"https:\/\/secure.gravatar.com\/avatar\/b58f310a5de5feb33d1e026d2493f23c?s=96&d=mm&r=g\",\"caption\":\"prensa2\"},\"url\":\"https:\/\/www.ull.es\/portal\/noticias\/author\/prensa2\/\"}]}<\/script>\n<!-- \/ Yoast SEO plugin. -->","yoast_head_json":{"title":"La VII Exposici\u00f3n de Dibujantes e Ilustradores de Canarias contar\u00e1 con un curso impartido por David Pe\u00f1a \u201cPu\u00f1o\u201d - ULL - Noticias","robots":{"index":"index","follow":"follow","max-snippet":"max-snippet:-1","max-image-preview":"max-image-preview:large","max-video-preview":"max-video-preview:-1"},"canonical":"https:\/\/www.ull.es\/portal\/noticias\/2014\/la-vii-exposicion-de-dibujantes-e-ilustradores-de-canarias-contara-con-un-curso-impartido-por-david-pena-puno\/","og_locale":"es_ES","og_type":"article","og_title":"La VII Exposici\u00f3n de Dibujantes e Ilustradores de Canarias contar\u00e1 con un curso impartido por David Pe\u00f1a \u201cPu\u00f1o\u201d - ULL - Noticias","og_description":"La VII Exposici&oacute;n de Dibujantes e Ilustradores de Canarias, un proyecto art&iacute;stico-educativo dirigido por la profesora de Bellas Artes Mar&iacute;a...","og_url":"https:\/\/www.ull.es\/portal\/noticias\/2014\/la-vii-exposicion-de-dibujantes-e-ilustradores-de-canarias-contara-con-un-curso-impartido-por-david-pena-puno\/","og_site_name":"ULL - Noticias","article_publisher":"https:\/\/www.facebook.com\/universidaddelalaguna\/","article_published_time":"2014-05-09T10:03:06+00:00","og_image":[{"width":2146,"height":1476,"url":"https:\/\/www.ull.es\/portal\/noticias\/wp-content\/uploads\/sites\/13\/2015\/07\/dibujantes_fabulosos.jpg","type":"image\/jpeg"}],"author":"prensa2","twitter_card":"summary_large_image","twitter_creator":"@CanalULL","twitter_site":"@CanalULL","twitter_misc":{"Escrito por":"prensa2","Tiempo de lectura":"3 minutos"},"schema":{"@context":"https:\/\/schema.org","@graph":[{"@type":"WebPage","@id":"https:\/\/www.ull.es\/portal\/noticias\/2014\/la-vii-exposicion-de-dibujantes-e-ilustradores-de-canarias-contara-con-un-curso-impartido-por-david-pena-puno\/","url":"https:\/\/www.ull.es\/portal\/noticias\/2014\/la-vii-exposicion-de-dibujantes-e-ilustradores-de-canarias-contara-con-un-curso-impartido-por-david-pena-puno\/","name":"La VII Exposici\u00f3n de Dibujantes e Ilustradores de Canarias contar\u00e1 con un curso impartido por David Pe\u00f1a \u201cPu\u00f1o\u201d - ULL - Noticias","isPartOf":{"@id":"https:\/\/www.ull.es\/portal\/noticias\/#website"},"datePublished":"2014-05-09T10:03:06+00:00","dateModified":"2014-05-09T10:03:06+00:00","author":{"@id":"https:\/\/www.ull.es\/portal\/noticias\/#\/schema\/person\/c3b2aa857797592927a03740d6664376"},"breadcrumb":{"@id":"https:\/\/www.ull.es\/portal\/noticias\/2014\/la-vii-exposicion-de-dibujantes-e-ilustradores-de-canarias-contara-con-un-curso-impartido-por-david-pena-puno\/#breadcrumb"},"inLanguage":"es","potentialAction":[{"@type":"ReadAction","target":["https:\/\/www.ull.es\/portal\/noticias\/2014\/la-vii-exposicion-de-dibujantes-e-ilustradores-de-canarias-contara-con-un-curso-impartido-por-david-pena-puno\/"]}]},{"@type":"BreadcrumbList","@id":"https:\/\/www.ull.es\/portal\/noticias\/2014\/la-vii-exposicion-de-dibujantes-e-ilustradores-de-canarias-contara-con-un-curso-impartido-por-david-pena-puno\/#breadcrumb","itemListElement":[{"@type":"ListItem","position":1,"name":"Portada","item":"https:\/\/www.ull.es\/portal\/noticias\/"},{"@type":"ListItem","position":2,"name":"La VII Exposici\u00f3n de Dibujantes e Ilustradores de Canarias contar\u00e1 con un curso impartido por David Pe\u00f1a \u201cPu\u00f1o\u201d"}]},{"@type":"WebSite","@id":"https:\/\/www.ull.es\/portal\/noticias\/#website","url":"https:\/\/www.ull.es\/portal\/noticias\/","name":"ULL - Noticias","description":"","potentialAction":[{"@type":"SearchAction","target":{"@type":"EntryPoint","urlTemplate":"https:\/\/www.ull.es\/portal\/noticias\/?s={search_term_string}"},"query-input":"required name=search_term_string"}],"inLanguage":"es"},{"@type":"Person","@id":"https:\/\/www.ull.es\/portal\/noticias\/#\/schema\/person\/c3b2aa857797592927a03740d6664376","name":"prensa2","image":{"@type":"ImageObject","inLanguage":"es","@id":"https:\/\/www.ull.es\/portal\/noticias\/#\/schema\/person\/image\/","url":"https:\/\/secure.gravatar.com\/avatar\/b58f310a5de5feb33d1e026d2493f23c?s=96&d=mm&r=g","contentUrl":"https:\/\/secure.gravatar.com\/avatar\/b58f310a5de5feb33d1e026d2493f23c?s=96&d=mm&r=g","caption":"prensa2"},"url":"https:\/\/www.ull.es\/portal\/noticias\/author\/prensa2\/"}]}},"primary_category":null,"featured_image_thumbnail_url":"https:\/\/www.ull.es\/portal\/noticias\/wp-content\/uploads\/sites\/13\/2015\/07\/dibujantes_fabulosos-300x206.jpg","_links":{"self":[{"href":"https:\/\/www.ull.es\/portal\/noticias\/wp-json\/wp\/v2\/posts\/22389"}],"collection":[{"href":"https:\/\/www.ull.es\/portal\/noticias\/wp-json\/wp\/v2\/posts"}],"about":[{"href":"https:\/\/www.ull.es\/portal\/noticias\/wp-json\/wp\/v2\/types\/post"}],"author":[{"embeddable":true,"href":"https:\/\/www.ull.es\/portal\/noticias\/wp-json\/wp\/v2\/users\/21"}],"replies":[{"embeddable":true,"href":"https:\/\/www.ull.es\/portal\/noticias\/wp-json\/wp\/v2\/comments?post=22389"}],"version-history":[{"count":0,"href":"https:\/\/www.ull.es\/portal\/noticias\/wp-json\/wp\/v2\/posts\/22389\/revisions"}],"wp:featuredmedia":[{"embeddable":true,"href":"https:\/\/www.ull.es\/portal\/noticias\/wp-json\/wp\/v2\/media\/22390"}],"wp:attachment":[{"href":"https:\/\/www.ull.es\/portal\/noticias\/wp-json\/wp\/v2\/media?parent=22389"}],"wp:term":[{"taxonomy":"category","embeddable":true,"href":"https:\/\/www.ull.es\/portal\/noticias\/wp-json\/wp\/v2\/categories?post=22389"},{"taxonomy":"post_tag","embeddable":true,"href":"https:\/\/www.ull.es\/portal\/noticias\/wp-json\/wp\/v2\/tags?post=22389"}],"curies":[{"name":"wp","href":"https:\/\/api.w.org\/{rel}","templated":true}]}}