{"id":22464,"date":"2014-05-21T15:07:16","date_gmt":"2014-05-21T15:07:16","guid":{"rendered":"http:\/\/ddigital.webs.ull.es\/el-iv-foro-cocinarte-se-acerca-al-hecho-gastronomico-desde-su-naturaleza-sanitaria-productiva-e-industrial\/"},"modified":"2014-05-21T15:07:16","modified_gmt":"2014-05-21T15:07:16","slug":"el-iv-foro-cocinarte-se-acerca-al-hecho-gastronomico-desde-su-naturaleza-sanitaria-productiva-e-industrial","status":"publish","type":"post","link":"https:\/\/www.ull.es\/portal\/noticias\/2014\/el-iv-foro-cocinarte-se-acerca-al-hecho-gastronomico-desde-su-naturaleza-sanitaria-productiva-e-industrial\/","title":{"rendered":"El IV Foro Cocinarte se acerca al hecho gastron\u00f3mico desde su naturaleza sanitaria, productiva e industrial"},"content":{"rendered":"<p> \tLa Laguna acoger&aacute; desde el 26 de mayo al 1 de junio la cuarta edici&oacute;n del Foro Cocinarte que, bajo el lema de Gastronom&iacute;a, salud y bienestar, propone una aproximaci&oacute;n al hecho gastron&oacute;mico a partir de vertientes como su naturaleza sanitaria, productiva o industrial. Esta iniciativa, promovida por la Universidad de La Laguna y Selectos Canarios, con la colaboraci&oacute;n del Ayuntamiento y otras entidades p&uacute;blicas y privadas, fue presentada hoy por el concejal lagunero de Econom&iacute;a, Empresa y Empleo, Juan Antonio Alonso, la vicerrectora de Universidad y Sociedad de la ULL, N&eacute;lida Rancel, y el codirector del foro, Agust&iacute;n Santana.<\/p>\n<p> \tCon tal motivo, distintos espacios de la ciudad se convertir&aacute;n en el escenario donde se va desarrollar un amplio programa que, con las aportaciones de cient&iacute;ficos y profesionales de la restauraci&oacute;n, intentar&aacute; despejar las dudas del consumidor sobre aspectos tales como la garant&iacute;a en la trazabilidad, la modificaci&oacute;n gen&eacute;tica en la producci&oacute;n de alimentos, la calidad de los productos de proximidad, las alergias y las intolerancias o los principios b&aacute;sicos nutricionales.<\/p>\n<p> \tPrecisamente, Santana explic&oacute; que en la presente edici&oacute;n se ha apostado por combinar la investigaci&oacute;n y el buen hacer profesional con informaci&oacute;n de inter&eacute;s para los consumidores y con lo l&uacute;dico. A su vez, el edil Juan Antonio Alonso anim&oacute; &ldquo;a todos los empresarios y, en general, a toda la ciudadan&iacute;a a disfrutar de todas las acciones programadas&rdquo;, mientras que N&eacute;lida Rancel resalt&oacute; que el Foro Cocinarte a&uacute;na &ldquo;ciencia, cocina, creaci&oacute;n y cultura&rdquo;.<\/p>\n<p> \tEntre los profesionales de los fogones que asistir&aacute;n al Foro destaca la presencia de Bego&ntilde;a Rodrigo, ganadora de la primera edici&oacute;n de Top Chef y propietaria del restaurante La Salita (Valencia), quien el jueves 29 de mayo, a las 12:30, ofrecer&aacute; un show cooking en el antiguo convento de Santo Domingo.<\/p>\n<p> \tAdem&aacute;s de las ponencias y las exhibiciones, una de las novedades del Foro tiene que ver con el certamen de estudiantes de Servicio de Restauraci&oacute;n, una cita que pretende poner en valor la excelencia y la necesidad de los profesionales del servicio de sala, cuya fase final se desarrollar&aacute; en La Laguna tras un proceso de selecci&oacute;n y en la que los participantes afrontar&aacute;n una serie de pruebas tales como elaborar un combinado cl&aacute;sico para servir en el aperitivo; montar una mesa; ejecutar el servicio de un vino a un conjunto de comensales; proceder a la elaboraci&oacute;n de un plato a la vista del cliente; servicio de caf&eacute; e identificaci&oacute;n de destilado, todo ello ante un jurado especializado y con p&uacute;blico.&nbsp; <\/p>\n<p> \tIgualmente, el Foro acoger&aacute; sesiones introductorias a diversas catas, como la de caf&eacute;, en concreto el que se produce en Agaete -el &uacute;nico que puede considerarse europeo-, de una variedad et&iacute;ope que se introdujo en Gran Canaria en el siglo XIX. Adem&aacute;s, se suceder&aacute;n gustosas catas de mieles, cervezas artesanales o quesos; talleres como el de corte de jam&oacute;n y el de carnes, as&iacute; como m&uacute;ltiples actividades culturales en diversos espacios, o bien en la calle, que convertir&aacute;n La Laguna en el referente gastron&oacute;mico de Canarias. <\/p>\n<p> \tComo en anteriores ediciones se desarrolla el apartado titulado Di&aacute;logos en la Cocina. En esta ocasi&oacute;n, el protagonismo le corresponde a la cocina de viajeros, de tal forma que unos chefs senegaleses mostrar&aacute;n sus elaboraciones culinarias en di&aacute;logo abierto con colegas de las islas, contando con la presencia del jefe de cocina Mamadou Niang y el director del centro de estudios africanos y exrector de la Universidad de La Laguna, Jos&eacute; G&oacute;mez Soli&ntilde;o. Esta cita se acompasar&aacute; con la actuaci&oacute;n musical de un grupo senegal&eacute;s. <\/p>\n<p> \tEl hecho de que la cocina, tambi&eacute;n llamada hogar, represente uno de los espacios de la casa donde se comparten emociones y sentimientos, un lugar tradicionalmente dominado por mujeres y que invita a las confidencias, ha provocado que el programa incluya, casi de forma natural, un encuentro intimista entre la chef y docente Encarna Su&aacute;rez con una de las j&oacute;venes exponentes de la canci&oacute;n en Canarias. <\/p>\n<p> \tEl arte tambi&eacute;n dispone de espacio, de la mano del humor (con el grupo canario Abubukaka) y la interpretaci&oacute;n en id&eacute;ntico formato, con el colof&oacute;n de la gastroexhibici&oacute;n &quot;Mistura&quot;, a cargo del chef, docente y estudioso Rogelio Quintero, quien ofrecer&aacute; un homenaje a la diversidad y tambi&eacute;n a los canarios que emigraron y gestaron ciudades como Nueva Orleans con la que a&uacute;n hoy compartimos estructuras administrativas como los Cabildos, gustos en recetario com&uacute;n como el caldo isle&ntilde;o (nuestro puchero), etc. Con expresiones en la denominada cocina Caj&uacute;n, una cocina criolla de la Louissiana con la que compartimos elementos y aportes. <\/p>\n<p> \tEste acto estar&aacute; &quot;maridado&quot; con los compases de un concierto de la Alabama Dixieland Jazz Band en la que el sonido de Nueva Orleans est&aacute; presente en La Laguna como homenaje a los isle&ntilde;os descendientes de canarios que a&uacute;n mantienen las tradiciones de las islas en ese rec&oacute;ndito territorio. La Jazz Band tambi&eacute;n ejecutar&aacute; temas tradicionales de nuestro folclore adaptados a los sonidos m&aacute;s originales del EEUU profundo, desde un arrorr&oacute; a una seguidilla.<\/p>\n<p> \tAsimismo, y con la colaboraci&oacute;n de los establecimientos de restauraci&oacute;n del municipio, se desplegar&aacute; la gastronom&iacute;a l&iacute;rica, donde diferentes artistas interpretar&aacute;n fragmentos y algunas obras con el objeto de dar a conocer su actividad. <\/p>\n<p> \tM&aacute;s informaci&oacute;n en <a href=\"http:\/\/Con tal motivo, distintos espacios de la ciudad se convertir\u00e1n en el escenario donde se va desarrollar un amplio programa que, con las aportaciones de cient\u00edficos y profesionales de la restauraci\u00f3n, intentar\u00e1 despejar las dudas del consumidor sobre aspectos tales como la garant\u00eda en la trazabilidad, la modificaci\u00f3n gen\u00e9tica en la producci\u00f3n de alimentos, la calidad de los productos de proximidad, las alergias y las intolerancias o los principios b\u00e1sicos nutricionales.  Precisamente, Santana explic\u00f3 que en la presente edici\u00f3n se ha apostado por combinar la investigaci\u00f3n y el buen hacer profesional con informaci\u00f3n de inter\u00e9s para los consumidores y con lo l\u00fadico. A su vez, el edil Juan Antonio Alonso anim\u00f3 \u201ca todos los empresarios y, en general, a toda la ciudadan\u00eda a disfrutar de todas las acciones programadas\u201d, mientras que N\u00e9lida Rancel resalt\u00f3 que el Foro Cocinarte a\u00fana \u201cciencia, cocina, creaci\u00f3n y cultura\u201d.  Entre los profesionales de los fogones que asistir\u00e1n al Foro destaca la presencia de Bego\u00f1a Rodrigo, ganadora de la primera edici\u00f3n de Top Chef y propietaria del restaurante La Salita (Valencia), quien el jueves 29 de mayo, a las 12:30, ofrecer\u00e1 un show cooking en el antiguo convento de Santo Domingo.  Adem\u00e1s de las ponencias y las exhibiciones, una de las novedades del Foro tiene que ver con el certamen de estudiantes de Servicio de Restauraci\u00f3n, una cita que pretende poner en valor la excelencia y la necesidad de los profesionales del servicio de sala, cuya fase final se desarrollar\u00e1 en La Laguna tras un proceso de selecci\u00f3n y en la que los participantes afrontar\u00e1n una serie de pruebas tales como elaborar un combinado cl\u00e1sico para servir en el aperitivo; montar una mesa; ejecutar el servicio de un vino a un conjunto de comensales; proceder a la elaboraci\u00f3n de un plato a la vista del cliente; servicio de caf\u00e9 e identificaci\u00f3n de destilado, todo ello ante un jurado especializado y con p\u00fablico.    Igualmente, el Foro acoger\u00e1 sesiones introductorias a diversas catas, como la de caf\u00e9, en concreto el que se produce en Agaete -el \u00fanico que puede considerarse europeo-, de una variedad et\u00edope que se introdujo en Gran Canaria en el siglo XIX. Adem\u00e1s, se suceder\u00e1n gustosas catas de mieles, cervezas artesanales o quesos; talleres como el de corte de jam\u00f3n y el de carnes, as\u00ed como m\u00faltiples actividades culturales en diversos espacios, o bien en la calle, que convertir\u00e1n La Laguna en el referente gastron\u00f3mico de Canarias.   Como en anteriores ediciones se desarrolla el apartado titulado Di\u00e1logos en la Cocina. En esta ocasi\u00f3n, el protagonismo le corresponde a la cocina de viajeros, de tal forma que unos chefs senegaleses mostrar\u00e1n sus elaboraciones culinarias en di\u00e1logo abierto con colegas de las islas, contando con la presencia del jefe de cocina Mamadou Niang y el director del centro de estudios africanos y exrector de la Universidad de La Laguna, Jos\u00e9 G\u00f3mez Soli\u00f1o. Esta cita se acompasar\u00e1 con la actuaci\u00f3n musical de un grupo senegal\u00e9s.   El hecho de que la cocina, tambi\u00e9n llamada hogar, represente uno de los espacios de la casa donde se comparten emociones y sentimientos, un lugar tradicionalmente dominado por mujeres y que invita a las confidencias, ha provocado que el programa incluya, casi de forma natural, un encuentro intimista entre la chef y docente Encarna Su\u00e1rez con una de las j\u00f3venes exponentes de la canci\u00f3n en Canarias.   El arte tambi\u00e9n dispone de espacio, de la mano del humor (con el grupo canario Abubukaka) y la interpretaci\u00f3n en id\u00e9ntico formato, con el colof\u00f3n de la gastroexhibici\u00f3n &quot;Mistura&quot;, a cargo del chef, docente y estudioso Rogelio Quintero, quien ofrecer\u00e1 un homenaje a la diversidad y tambi\u00e9n a los canarios que emigraron y gestaron ciudades como Nueva Orleans con la que a\u00fan hoy compartimos estructuras administrativas como los Cabildos, gustos en recetario com\u00fan como el caldo isle\u00f1o (nuestro puchero), etc. Con expresiones en la denominada cocina Caj\u00fan, una cocina criolla de la Louissiana con la que compartimos elementos y aportes.   Este acto estar\u00e1 &quot;maridado&quot; con los compases de un concierto de la Alabama Dixieland Jazz Band en la que el sonido de Nueva Orleans est\u00e1 presente en La Laguna como homenaje a los isle\u00f1os descendientes de canarios que a\u00fan mantienen las tradiciones de las islas en ese rec\u00f3ndito territorio. La Jazz Band tambi\u00e9n ejecutar\u00e1 temas tradicionales de nuestro folclore adaptados a los sonidos m\u00e1s originales del EEUU profundo, desde un arrorr\u00f3 a una seguidilla. Asimismo, y con la colaboraci\u00f3n de los establecimientos de restauraci\u00f3n del municipio, se desplegar\u00e1 la gastronom\u00eda l\u00edrica, donde diferentes artistas interpretar\u00e1n fragmentos y algunas obras con el objeto de dar a conocer su actividad.   M\u00e1s informaci\u00f3n: en http:\/\/www.forococinarte.com o forococinarte@gmail.com\" target=\"_blank\" target=\"_blank\" rel=\"noopener\">http:\/\/www.forococinarte.com<\/a> o <a href=\"mailto:forococinarte@gmail.com\" target=\"_blank\" rel=\"noopener\">forococinarte@gmail.com<\/a><\/p>\n<p> \t(Nota cedida por el Ayuntamiento).<\/p>\n<p> \t<!--[if gte mso 9]&gt;     Normal   0         21         false   false   false      ES   X-NONE   X-NONE                                                     MicrosoftInternetExplorer4                                                   &lt;![endif]--><\/p>\n<p> \t<!--[if gte mso 9]&gt;                                                                                                                                                                                                                                                                                                                                                                                                                                   &lt;![endif]--><!--[if gte mso 10]&gt;   \/* Style Definitions *\/  table.MsoNormalTable \t{mso-style-name:\"Tabla normal\"; \tmso-tstyle-rowband-size:0; \tmso-tstyle-colband-size:0; \tmso-style-noshow:yes; \tmso-style-priority:99; \tmso-style-qformat:yes; \tmso-style-parent:\"\"; \tmso-padding-alt:0cm 5.4pt 0cm 5.4pt; \tmso-para-margin:0cm; \tmso-para-margin-bottom:.0001pt; \tmso-pagination:widow-orphan; \tfont-size:10.0pt; \tfont-family:\"Times New Roman\",\"serif\";}  &lt;![endif]--><\/p>\n<p class=\"MsoNormal\" style=\"text-align:justify\"> \t<span><br \/> \t<\/span><\/p>\n<p> \t&nbsp;<\/p>\n","protected":false},"excerpt":{"rendered":"<p>La Laguna acoger&aacute; desde el 26 de mayo al 1 de junio la cuarta edici&oacute;n del Foro Cocinarte que, bajo&#8230;<\/p>\n","protected":false},"author":21,"featured_media":17841,"comment_status":"open","ping_status":"open","sticky":false,"template":"","format":"standard","meta":{"inline_featured_image":false,"footnotes":""},"categories":[344,1],"tags":[],"acf":[],"yoast_head":"<!-- This site is optimized with the Yoast SEO plugin v21.3 - https:\/\/yoast.com\/wordpress\/plugins\/seo\/ -->\n<title>El IV Foro Cocinarte se acerca al hecho gastron\u00f3mico desde su naturaleza sanitaria, productiva e industrial - ULL - Noticias<\/title>\n<meta name=\"robots\" content=\"index, follow, max-snippet:-1, max-image-preview:large, max-video-preview:-1\" \/>\n<link rel=\"canonical\" href=\"https:\/\/www.ull.es\/portal\/noticias\/2014\/el-iv-foro-cocinarte-se-acerca-al-hecho-gastronomico-desde-su-naturaleza-sanitaria-productiva-e-industrial\/\" \/>\n<meta property=\"og:locale\" content=\"es_ES\" \/>\n<meta property=\"og:type\" content=\"article\" \/>\n<meta property=\"og:title\" content=\"El IV Foro Cocinarte se acerca al hecho gastron\u00f3mico desde su naturaleza sanitaria, productiva e industrial - ULL - Noticias\" \/>\n<meta property=\"og:description\" content=\"La Laguna acoger&aacute; desde el 26 de mayo al 1 de junio la cuarta edici&oacute;n del Foro Cocinarte que, bajo...\" \/>\n<meta property=\"og:url\" content=\"https:\/\/www.ull.es\/portal\/noticias\/2014\/el-iv-foro-cocinarte-se-acerca-al-hecho-gastronomico-desde-su-naturaleza-sanitaria-productiva-e-industrial\/\" \/>\n<meta property=\"og:site_name\" content=\"ULL - Noticias\" \/>\n<meta property=\"article:publisher\" content=\"https:\/\/www.facebook.com\/universidaddelalaguna\/\" \/>\n<meta property=\"article:published_time\" content=\"2014-05-21T15:07:16+00:00\" \/>\n<meta property=\"og:image\" content=\"https:\/\/www.ull.es\/portal\/noticias\/wp-content\/uploads\/sites\/13\/2015\/07\/cocinarte.jpg\" \/>\n\t<meta property=\"og:image:width\" content=\"800\" \/>\n\t<meta property=\"og:image:height\" content=\"533\" \/>\n\t<meta property=\"og:image:type\" content=\"image\/jpeg\" \/>\n<meta name=\"author\" content=\"prensa2\" \/>\n<meta name=\"twitter:card\" content=\"summary_large_image\" \/>\n<meta name=\"twitter:creator\" content=\"@CanalULL\" \/>\n<meta name=\"twitter:site\" content=\"@CanalULL\" \/>\n<meta name=\"twitter:label1\" content=\"Escrito por\" \/>\n\t<meta name=\"twitter:data1\" content=\"prensa2\" \/>\n\t<meta name=\"twitter:label2\" content=\"Tiempo de lectura\" \/>\n\t<meta name=\"twitter:data2\" content=\"5 minutos\" \/>\n<script type=\"application\/ld+json\" class=\"yoast-schema-graph\">{\"@context\":\"https:\/\/schema.org\",\"@graph\":[{\"@type\":\"WebPage\",\"@id\":\"https:\/\/www.ull.es\/portal\/noticias\/2014\/el-iv-foro-cocinarte-se-acerca-al-hecho-gastronomico-desde-su-naturaleza-sanitaria-productiva-e-industrial\/\",\"url\":\"https:\/\/www.ull.es\/portal\/noticias\/2014\/el-iv-foro-cocinarte-se-acerca-al-hecho-gastronomico-desde-su-naturaleza-sanitaria-productiva-e-industrial\/\",\"name\":\"El IV Foro Cocinarte se acerca al hecho gastron\u00f3mico desde su naturaleza sanitaria, productiva e industrial - ULL - Noticias\",\"isPartOf\":{\"@id\":\"https:\/\/www.ull.es\/portal\/noticias\/#website\"},\"datePublished\":\"2014-05-21T15:07:16+00:00\",\"dateModified\":\"2014-05-21T15:07:16+00:00\",\"author\":{\"@id\":\"https:\/\/www.ull.es\/portal\/noticias\/#\/schema\/person\/c3b2aa857797592927a03740d6664376\"},\"breadcrumb\":{\"@id\":\"https:\/\/www.ull.es\/portal\/noticias\/2014\/el-iv-foro-cocinarte-se-acerca-al-hecho-gastronomico-desde-su-naturaleza-sanitaria-productiva-e-industrial\/#breadcrumb\"},\"inLanguage\":\"es\",\"potentialAction\":[{\"@type\":\"ReadAction\",\"target\":[\"https:\/\/www.ull.es\/portal\/noticias\/2014\/el-iv-foro-cocinarte-se-acerca-al-hecho-gastronomico-desde-su-naturaleza-sanitaria-productiva-e-industrial\/\"]}]},{\"@type\":\"BreadcrumbList\",\"@id\":\"https:\/\/www.ull.es\/portal\/noticias\/2014\/el-iv-foro-cocinarte-se-acerca-al-hecho-gastronomico-desde-su-naturaleza-sanitaria-productiva-e-industrial\/#breadcrumb\",\"itemListElement\":[{\"@type\":\"ListItem\",\"position\":1,\"name\":\"Portada\",\"item\":\"https:\/\/www.ull.es\/portal\/noticias\/\"},{\"@type\":\"ListItem\",\"position\":2,\"name\":\"El IV Foro Cocinarte se acerca al hecho gastron\u00f3mico desde su naturaleza sanitaria, productiva e industrial\"}]},{\"@type\":\"WebSite\",\"@id\":\"https:\/\/www.ull.es\/portal\/noticias\/#website\",\"url\":\"https:\/\/www.ull.es\/portal\/noticias\/\",\"name\":\"ULL - Noticias\",\"description\":\"\",\"potentialAction\":[{\"@type\":\"SearchAction\",\"target\":{\"@type\":\"EntryPoint\",\"urlTemplate\":\"https:\/\/www.ull.es\/portal\/noticias\/?s={search_term_string}\"},\"query-input\":\"required name=search_term_string\"}],\"inLanguage\":\"es\"},{\"@type\":\"Person\",\"@id\":\"https:\/\/www.ull.es\/portal\/noticias\/#\/schema\/person\/c3b2aa857797592927a03740d6664376\",\"name\":\"prensa2\",\"image\":{\"@type\":\"ImageObject\",\"inLanguage\":\"es\",\"@id\":\"https:\/\/www.ull.es\/portal\/noticias\/#\/schema\/person\/image\/\",\"url\":\"https:\/\/secure.gravatar.com\/avatar\/b58f310a5de5feb33d1e026d2493f23c?s=96&d=mm&r=g\",\"contentUrl\":\"https:\/\/secure.gravatar.com\/avatar\/b58f310a5de5feb33d1e026d2493f23c?s=96&d=mm&r=g\",\"caption\":\"prensa2\"},\"url\":\"https:\/\/www.ull.es\/portal\/noticias\/author\/prensa2\/\"}]}<\/script>\n<!-- \/ Yoast SEO plugin. -->","yoast_head_json":{"title":"El IV Foro Cocinarte se acerca al hecho gastron\u00f3mico desde su naturaleza sanitaria, productiva e industrial - ULL - Noticias","robots":{"index":"index","follow":"follow","max-snippet":"max-snippet:-1","max-image-preview":"max-image-preview:large","max-video-preview":"max-video-preview:-1"},"canonical":"https:\/\/www.ull.es\/portal\/noticias\/2014\/el-iv-foro-cocinarte-se-acerca-al-hecho-gastronomico-desde-su-naturaleza-sanitaria-productiva-e-industrial\/","og_locale":"es_ES","og_type":"article","og_title":"El IV Foro Cocinarte se acerca al hecho gastron\u00f3mico desde su naturaleza sanitaria, productiva e industrial - ULL - Noticias","og_description":"La Laguna acoger&aacute; desde el 26 de mayo al 1 de junio la cuarta edici&oacute;n del Foro Cocinarte que, bajo...","og_url":"https:\/\/www.ull.es\/portal\/noticias\/2014\/el-iv-foro-cocinarte-se-acerca-al-hecho-gastronomico-desde-su-naturaleza-sanitaria-productiva-e-industrial\/","og_site_name":"ULL - Noticias","article_publisher":"https:\/\/www.facebook.com\/universidaddelalaguna\/","article_published_time":"2014-05-21T15:07:16+00:00","og_image":[{"width":800,"height":533,"url":"https:\/\/www.ull.es\/portal\/noticias\/wp-content\/uploads\/sites\/13\/2015\/07\/cocinarte.jpg","type":"image\/jpeg"}],"author":"prensa2","twitter_card":"summary_large_image","twitter_creator":"@CanalULL","twitter_site":"@CanalULL","twitter_misc":{"Escrito por":"prensa2","Tiempo de lectura":"5 minutos"},"schema":{"@context":"https:\/\/schema.org","@graph":[{"@type":"WebPage","@id":"https:\/\/www.ull.es\/portal\/noticias\/2014\/el-iv-foro-cocinarte-se-acerca-al-hecho-gastronomico-desde-su-naturaleza-sanitaria-productiva-e-industrial\/","url":"https:\/\/www.ull.es\/portal\/noticias\/2014\/el-iv-foro-cocinarte-se-acerca-al-hecho-gastronomico-desde-su-naturaleza-sanitaria-productiva-e-industrial\/","name":"El IV Foro Cocinarte se acerca al hecho gastron\u00f3mico desde su naturaleza sanitaria, productiva e industrial - ULL - Noticias","isPartOf":{"@id":"https:\/\/www.ull.es\/portal\/noticias\/#website"},"datePublished":"2014-05-21T15:07:16+00:00","dateModified":"2014-05-21T15:07:16+00:00","author":{"@id":"https:\/\/www.ull.es\/portal\/noticias\/#\/schema\/person\/c3b2aa857797592927a03740d6664376"},"breadcrumb":{"@id":"https:\/\/www.ull.es\/portal\/noticias\/2014\/el-iv-foro-cocinarte-se-acerca-al-hecho-gastronomico-desde-su-naturaleza-sanitaria-productiva-e-industrial\/#breadcrumb"},"inLanguage":"es","potentialAction":[{"@type":"ReadAction","target":["https:\/\/www.ull.es\/portal\/noticias\/2014\/el-iv-foro-cocinarte-se-acerca-al-hecho-gastronomico-desde-su-naturaleza-sanitaria-productiva-e-industrial\/"]}]},{"@type":"BreadcrumbList","@id":"https:\/\/www.ull.es\/portal\/noticias\/2014\/el-iv-foro-cocinarte-se-acerca-al-hecho-gastronomico-desde-su-naturaleza-sanitaria-productiva-e-industrial\/#breadcrumb","itemListElement":[{"@type":"ListItem","position":1,"name":"Portada","item":"https:\/\/www.ull.es\/portal\/noticias\/"},{"@type":"ListItem","position":2,"name":"El IV Foro Cocinarte se acerca al hecho gastron\u00f3mico desde su naturaleza sanitaria, productiva e industrial"}]},{"@type":"WebSite","@id":"https:\/\/www.ull.es\/portal\/noticias\/#website","url":"https:\/\/www.ull.es\/portal\/noticias\/","name":"ULL - Noticias","description":"","potentialAction":[{"@type":"SearchAction","target":{"@type":"EntryPoint","urlTemplate":"https:\/\/www.ull.es\/portal\/noticias\/?s={search_term_string}"},"query-input":"required name=search_term_string"}],"inLanguage":"es"},{"@type":"Person","@id":"https:\/\/www.ull.es\/portal\/noticias\/#\/schema\/person\/c3b2aa857797592927a03740d6664376","name":"prensa2","image":{"@type":"ImageObject","inLanguage":"es","@id":"https:\/\/www.ull.es\/portal\/noticias\/#\/schema\/person\/image\/","url":"https:\/\/secure.gravatar.com\/avatar\/b58f310a5de5feb33d1e026d2493f23c?s=96&d=mm&r=g","contentUrl":"https:\/\/secure.gravatar.com\/avatar\/b58f310a5de5feb33d1e026d2493f23c?s=96&d=mm&r=g","caption":"prensa2"},"url":"https:\/\/www.ull.es\/portal\/noticias\/author\/prensa2\/"}]}},"primary_category":null,"featured_image_thumbnail_url":"https:\/\/www.ull.es\/portal\/noticias\/wp-content\/uploads\/sites\/13\/2015\/07\/cocinarte-300x200.jpg","_links":{"self":[{"href":"https:\/\/www.ull.es\/portal\/noticias\/wp-json\/wp\/v2\/posts\/22464"}],"collection":[{"href":"https:\/\/www.ull.es\/portal\/noticias\/wp-json\/wp\/v2\/posts"}],"about":[{"href":"https:\/\/www.ull.es\/portal\/noticias\/wp-json\/wp\/v2\/types\/post"}],"author":[{"embeddable":true,"href":"https:\/\/www.ull.es\/portal\/noticias\/wp-json\/wp\/v2\/users\/21"}],"replies":[{"embeddable":true,"href":"https:\/\/www.ull.es\/portal\/noticias\/wp-json\/wp\/v2\/comments?post=22464"}],"version-history":[{"count":0,"href":"https:\/\/www.ull.es\/portal\/noticias\/wp-json\/wp\/v2\/posts\/22464\/revisions"}],"wp:featuredmedia":[{"embeddable":true,"href":"https:\/\/www.ull.es\/portal\/noticias\/wp-json\/wp\/v2\/media\/17841"}],"wp:attachment":[{"href":"https:\/\/www.ull.es\/portal\/noticias\/wp-json\/wp\/v2\/media?parent=22464"}],"wp:term":[{"taxonomy":"category","embeddable":true,"href":"https:\/\/www.ull.es\/portal\/noticias\/wp-json\/wp\/v2\/categories?post=22464"},{"taxonomy":"post_tag","embeddable":true,"href":"https:\/\/www.ull.es\/portal\/noticias\/wp-json\/wp\/v2\/tags?post=22464"}],"curies":[{"name":"wp","href":"https:\/\/api.w.org\/{rel}","templated":true}]}}