{"id":22494,"date":"2014-05-26T13:53:48","date_gmt":"2014-05-26T13:53:48","guid":{"rendered":"http:\/\/ddigital.webs.ull.es\/el-consejo-social-avala-la-implantacion-de-un-doctorado-sobre-historia-patrimonio-y-marco-juridico-en-las-islas-atlanticas\/"},"modified":"2014-05-26T13:53:48","modified_gmt":"2014-05-26T13:53:48","slug":"el-consejo-social-avala-la-implantacion-de-un-doctorado-sobre-historia-patrimonio-y-marco-juridico-en-las-islas-atlanticas","status":"publish","type":"post","link":"https:\/\/www.ull.es\/portal\/noticias\/2014\/el-consejo-social-avala-la-implantacion-de-un-doctorado-sobre-historia-patrimonio-y-marco-juridico-en-las-islas-atlanticas\/","title":{"rendered":"El Consejo Social avala la implantaci\u00f3n de un doctorado sobre historia, patrimonio y marco jur\u00eddico en las islas atl\u00e1nticas"},"content":{"rendered":"<p> \tEl Consejo Social de la Universidad de La Laguna (ULL) ha celebrado una sesi&oacute;n ordinaria del pleno, presidida por Jos&eacute; Miguel Gonz&aacute;lez, en la que se ha informado favorablemente sobre la implantaci&oacute;n del programa oficial de Doctorado en Islas Atl&aacute;nticas: Historia, Patrimonio y Marco Jur&iacute;dico Institucional, que se desarrollar&aacute; en conjunto con las universidades de Las Palmas de Gran Canaria (ULPGC), Azores y Madeira, lo que permitir&aacute; estrechar alianzas con estas instituciones acad&eacute;micas.<\/p>\n<p> \tLa titulaci&oacute;n tiene como objetivos espec&iacute;ficos completar los ciclos de las ense&ntilde;anzas de Humanidades, Ciencias Jur&iacute;dicas y Sociales y Arquitectura; cubrir las necesidades de los estudiantes y becarios de las universidades canarias, de las de Azores, Madeira y Cabo Verde, y las correspondientes al &aacute;mbito latinoamericano y africano; responder a las demandas de una formaci&oacute;n de calidad en el nivel de doctorado de una manera integral y abierta; incrementar el potencial de la investigaci&oacute;n y la innovaci&oacute;n, haciendo que las instituciones se conviertan en referentes internacionales; as&iacute; como dar prioridad a la creaci&oacute;n de proyectos auton&oacute;micos, estatales y europeos.<\/p>\n<p> \tCon este doctorado, las universidades participantes se especializar&aacute;n en el marco de estas islas y se proyectar&aacute;n como plataforma tricontinental de investigaci&oacute;n en estudios atl&aacute;nticos, teniendo en cuenta adem&aacute;s las relaciones entre el Campus de Excelencia Internacional (CEI) de la ULL y la ULPG y el concepto de ultraperiferia que caracteriza a los archipi&eacute;lagos de Canarias, Madeira y Azores.<\/p>\n<p> \tDurante la celebraci&oacute;n del pleno, el Consejo Social de la ULL aprob&oacute; tambi&eacute;n la propuesta de modificaci&oacute;n de la Relaci&oacute;n de Puestos de Trabajo (RPT) del Personal de Administraci&oacute;n y Servicio Laboral (PAS) de la ULL. El gerente Justo J. Artiles fue el encargado de explicar a los miembros del &oacute;rgano las principales l&iacute;neas de actuaci&oacute;n de la reforma relativa a esta RPT e indic&oacute; que se actualiza y se adapta a lo establecido en el segundo convenio colectivo llevado a cabo con la ULPGC, as&iacute; como a la reestructuraci&oacute;n de departamentos y de centros. <\/p>\n<p> \tIgualmente, se inform&oacute; favorablemente sobre la RPT del personal docente e investigador en funci&oacute;n a la modificaci&oacute;n en el n&uacute;mero de departamentos de la Universidad.<\/p>\n<p> \tEl Consejo Social de la ULL tambi&eacute;n aprob&oacute; durante la celebraci&oacute;n del pleno la memoria de liquidaci&oacute;n del ejercicio presupuestario de 2013, presentada por el gerente de la instituci&oacute;n acad&eacute;mica, Justo J. Artiles. El documento expone el importe de los cr&eacute;ditos iniciales para 2013 y las modificaciones de cr&eacute;dito aprobadas durante el ejercicio. Tambi&eacute;n recoge las obligaciones reconocidas, los pagos realizados y las obligaciones pendientes de pago a 31 de diciembre de 2013.<\/p>\n<p> \tLa ULL cont&oacute; con un presupuesto inicial de 136.082.042,70 euros y se realizaron un conjunto de modificaciones presupuestarias por valor de 38.168.068,05 euros, por lo que los cr&eacute;ditos definitivos en 2013 se elevaron a 174.250.110,75 euros. Con ello, el gerente inform&oacute; que la ULL posee unas cuentas saneadas tras el cierre del ejercicio, con super&aacute;vit como resultado de las pol&iacute;ticas de contenci&oacute;n del gasto aplicado en el centro.<\/p>\n<p> \t(Nota cedida por el Consejo Social)<\/p>\n","protected":false},"excerpt":{"rendered":"<p>El Consejo Social de la Universidad de La Laguna (ULL) ha celebrado una sesi&oacute;n ordinaria del pleno, presidida por Jos&eacute;&#8230;<\/p>\n","protected":false},"author":21,"featured_media":16931,"comment_status":"open","ping_status":"open","sticky":false,"template":"","format":"standard","meta":{"inline_featured_image":false,"footnotes":""},"categories":[347,1],"tags":[],"acf":[],"yoast_head":"<!-- This site is optimized with the Yoast SEO plugin v21.3 - https:\/\/yoast.com\/wordpress\/plugins\/seo\/ -->\n<title>El Consejo Social avala la implantaci\u00f3n de un doctorado sobre historia, patrimonio y marco jur\u00eddico en las islas atl\u00e1nticas - ULL - Noticias<\/title>\n<meta name=\"robots\" content=\"index, follow, max-snippet:-1, max-image-preview:large, max-video-preview:-1\" \/>\n<link rel=\"canonical\" href=\"https:\/\/www.ull.es\/portal\/noticias\/2014\/el-consejo-social-avala-la-implantacion-de-un-doctorado-sobre-historia-patrimonio-y-marco-juridico-en-las-islas-atlanticas\/\" \/>\n<meta property=\"og:locale\" content=\"es_ES\" \/>\n<meta property=\"og:type\" content=\"article\" \/>\n<meta property=\"og:title\" content=\"El Consejo Social avala la implantaci\u00f3n de un doctorado sobre historia, patrimonio y marco jur\u00eddico en las islas atl\u00e1nticas - ULL - Noticias\" \/>\n<meta property=\"og:description\" content=\"El Consejo Social de la Universidad de La Laguna (ULL) ha celebrado una sesi&oacute;n ordinaria del pleno, presidida por Jos&eacute;...\" \/>\n<meta property=\"og:url\" content=\"https:\/\/www.ull.es\/portal\/noticias\/2014\/el-consejo-social-avala-la-implantacion-de-un-doctorado-sobre-historia-patrimonio-y-marco-juridico-en-las-islas-atlanticas\/\" \/>\n<meta property=\"og:site_name\" content=\"ULL - Noticias\" \/>\n<meta property=\"article:publisher\" content=\"https:\/\/www.facebook.com\/universidaddelalaguna\/\" \/>\n<meta property=\"article:published_time\" content=\"2014-05-26T13:53:48+00:00\" \/>\n<meta property=\"og:image\" content=\"https:\/\/www.ull.es\/portal\/noticias\/wp-content\/uploads\/sites\/13\/2015\/07\/consejo_social.jpg\" \/>\n\t<meta property=\"og:image:width\" content=\"800\" \/>\n\t<meta property=\"og:image:height\" content=\"534\" \/>\n\t<meta property=\"og:image:type\" content=\"image\/jpeg\" \/>\n<meta name=\"author\" content=\"prensa2\" \/>\n<meta name=\"twitter:card\" content=\"summary_large_image\" \/>\n<meta name=\"twitter:creator\" content=\"@CanalULL\" \/>\n<meta name=\"twitter:site\" content=\"@CanalULL\" \/>\n<meta name=\"twitter:label1\" content=\"Escrito por\" \/>\n\t<meta name=\"twitter:data1\" content=\"prensa2\" \/>\n\t<meta name=\"twitter:label2\" content=\"Tiempo de lectura\" \/>\n\t<meta name=\"twitter:data2\" content=\"3 minutos\" \/>\n<script type=\"application\/ld+json\" class=\"yoast-schema-graph\">{\"@context\":\"https:\/\/schema.org\",\"@graph\":[{\"@type\":\"WebPage\",\"@id\":\"https:\/\/www.ull.es\/portal\/noticias\/2014\/el-consejo-social-avala-la-implantacion-de-un-doctorado-sobre-historia-patrimonio-y-marco-juridico-en-las-islas-atlanticas\/\",\"url\":\"https:\/\/www.ull.es\/portal\/noticias\/2014\/el-consejo-social-avala-la-implantacion-de-un-doctorado-sobre-historia-patrimonio-y-marco-juridico-en-las-islas-atlanticas\/\",\"name\":\"El Consejo Social avala la implantaci\u00f3n de un doctorado sobre historia, patrimonio y marco jur\u00eddico en las islas atl\u00e1nticas - ULL - Noticias\",\"isPartOf\":{\"@id\":\"https:\/\/www.ull.es\/portal\/noticias\/#website\"},\"datePublished\":\"2014-05-26T13:53:48+00:00\",\"dateModified\":\"2014-05-26T13:53:48+00:00\",\"author\":{\"@id\":\"https:\/\/www.ull.es\/portal\/noticias\/#\/schema\/person\/c3b2aa857797592927a03740d6664376\"},\"breadcrumb\":{\"@id\":\"https:\/\/www.ull.es\/portal\/noticias\/2014\/el-consejo-social-avala-la-implantacion-de-un-doctorado-sobre-historia-patrimonio-y-marco-juridico-en-las-islas-atlanticas\/#breadcrumb\"},\"inLanguage\":\"es\",\"potentialAction\":[{\"@type\":\"ReadAction\",\"target\":[\"https:\/\/www.ull.es\/portal\/noticias\/2014\/el-consejo-social-avala-la-implantacion-de-un-doctorado-sobre-historia-patrimonio-y-marco-juridico-en-las-islas-atlanticas\/\"]}]},{\"@type\":\"BreadcrumbList\",\"@id\":\"https:\/\/www.ull.es\/portal\/noticias\/2014\/el-consejo-social-avala-la-implantacion-de-un-doctorado-sobre-historia-patrimonio-y-marco-juridico-en-las-islas-atlanticas\/#breadcrumb\",\"itemListElement\":[{\"@type\":\"ListItem\",\"position\":1,\"name\":\"Portada\",\"item\":\"https:\/\/www.ull.es\/portal\/noticias\/\"},{\"@type\":\"ListItem\",\"position\":2,\"name\":\"El Consejo Social avala la implantaci\u00f3n de un doctorado sobre historia, patrimonio y marco jur\u00eddico en las islas atl\u00e1nticas\"}]},{\"@type\":\"WebSite\",\"@id\":\"https:\/\/www.ull.es\/portal\/noticias\/#website\",\"url\":\"https:\/\/www.ull.es\/portal\/noticias\/\",\"name\":\"ULL - Noticias\",\"description\":\"\",\"potentialAction\":[{\"@type\":\"SearchAction\",\"target\":{\"@type\":\"EntryPoint\",\"urlTemplate\":\"https:\/\/www.ull.es\/portal\/noticias\/?s={search_term_string}\"},\"query-input\":\"required name=search_term_string\"}],\"inLanguage\":\"es\"},{\"@type\":\"Person\",\"@id\":\"https:\/\/www.ull.es\/portal\/noticias\/#\/schema\/person\/c3b2aa857797592927a03740d6664376\",\"name\":\"prensa2\",\"image\":{\"@type\":\"ImageObject\",\"inLanguage\":\"es\",\"@id\":\"https:\/\/www.ull.es\/portal\/noticias\/#\/schema\/person\/image\/\",\"url\":\"https:\/\/secure.gravatar.com\/avatar\/b58f310a5de5feb33d1e026d2493f23c?s=96&d=mm&r=g\",\"contentUrl\":\"https:\/\/secure.gravatar.com\/avatar\/b58f310a5de5feb33d1e026d2493f23c?s=96&d=mm&r=g\",\"caption\":\"prensa2\"},\"url\":\"https:\/\/www.ull.es\/portal\/noticias\/author\/prensa2\/\"}]}<\/script>\n<!-- \/ Yoast SEO plugin. -->","yoast_head_json":{"title":"El Consejo Social avala la implantaci\u00f3n de un doctorado sobre historia, patrimonio y marco jur\u00eddico en las islas atl\u00e1nticas - ULL - Noticias","robots":{"index":"index","follow":"follow","max-snippet":"max-snippet:-1","max-image-preview":"max-image-preview:large","max-video-preview":"max-video-preview:-1"},"canonical":"https:\/\/www.ull.es\/portal\/noticias\/2014\/el-consejo-social-avala-la-implantacion-de-un-doctorado-sobre-historia-patrimonio-y-marco-juridico-en-las-islas-atlanticas\/","og_locale":"es_ES","og_type":"article","og_title":"El Consejo Social avala la implantaci\u00f3n de un doctorado sobre historia, patrimonio y marco jur\u00eddico en las islas atl\u00e1nticas - ULL - Noticias","og_description":"El Consejo Social de la Universidad de La Laguna (ULL) ha celebrado una sesi&oacute;n ordinaria del pleno, presidida por Jos&eacute;...","og_url":"https:\/\/www.ull.es\/portal\/noticias\/2014\/el-consejo-social-avala-la-implantacion-de-un-doctorado-sobre-historia-patrimonio-y-marco-juridico-en-las-islas-atlanticas\/","og_site_name":"ULL - Noticias","article_publisher":"https:\/\/www.facebook.com\/universidaddelalaguna\/","article_published_time":"2014-05-26T13:53:48+00:00","og_image":[{"width":800,"height":534,"url":"https:\/\/www.ull.es\/portal\/noticias\/wp-content\/uploads\/sites\/13\/2015\/07\/consejo_social.jpg","type":"image\/jpeg"}],"author":"prensa2","twitter_card":"summary_large_image","twitter_creator":"@CanalULL","twitter_site":"@CanalULL","twitter_misc":{"Escrito por":"prensa2","Tiempo de lectura":"3 minutos"},"schema":{"@context":"https:\/\/schema.org","@graph":[{"@type":"WebPage","@id":"https:\/\/www.ull.es\/portal\/noticias\/2014\/el-consejo-social-avala-la-implantacion-de-un-doctorado-sobre-historia-patrimonio-y-marco-juridico-en-las-islas-atlanticas\/","url":"https:\/\/www.ull.es\/portal\/noticias\/2014\/el-consejo-social-avala-la-implantacion-de-un-doctorado-sobre-historia-patrimonio-y-marco-juridico-en-las-islas-atlanticas\/","name":"El Consejo Social avala la implantaci\u00f3n de un doctorado sobre historia, patrimonio y marco jur\u00eddico en las islas atl\u00e1nticas - ULL - Noticias","isPartOf":{"@id":"https:\/\/www.ull.es\/portal\/noticias\/#website"},"datePublished":"2014-05-26T13:53:48+00:00","dateModified":"2014-05-26T13:53:48+00:00","author":{"@id":"https:\/\/www.ull.es\/portal\/noticias\/#\/schema\/person\/c3b2aa857797592927a03740d6664376"},"breadcrumb":{"@id":"https:\/\/www.ull.es\/portal\/noticias\/2014\/el-consejo-social-avala-la-implantacion-de-un-doctorado-sobre-historia-patrimonio-y-marco-juridico-en-las-islas-atlanticas\/#breadcrumb"},"inLanguage":"es","potentialAction":[{"@type":"ReadAction","target":["https:\/\/www.ull.es\/portal\/noticias\/2014\/el-consejo-social-avala-la-implantacion-de-un-doctorado-sobre-historia-patrimonio-y-marco-juridico-en-las-islas-atlanticas\/"]}]},{"@type":"BreadcrumbList","@id":"https:\/\/www.ull.es\/portal\/noticias\/2014\/el-consejo-social-avala-la-implantacion-de-un-doctorado-sobre-historia-patrimonio-y-marco-juridico-en-las-islas-atlanticas\/#breadcrumb","itemListElement":[{"@type":"ListItem","position":1,"name":"Portada","item":"https:\/\/www.ull.es\/portal\/noticias\/"},{"@type":"ListItem","position":2,"name":"El Consejo Social avala la implantaci\u00f3n de un doctorado sobre historia, patrimonio y marco jur\u00eddico en las islas atl\u00e1nticas"}]},{"@type":"WebSite","@id":"https:\/\/www.ull.es\/portal\/noticias\/#website","url":"https:\/\/www.ull.es\/portal\/noticias\/","name":"ULL - Noticias","description":"","potentialAction":[{"@type":"SearchAction","target":{"@type":"EntryPoint","urlTemplate":"https:\/\/www.ull.es\/portal\/noticias\/?s={search_term_string}"},"query-input":"required name=search_term_string"}],"inLanguage":"es"},{"@type":"Person","@id":"https:\/\/www.ull.es\/portal\/noticias\/#\/schema\/person\/c3b2aa857797592927a03740d6664376","name":"prensa2","image":{"@type":"ImageObject","inLanguage":"es","@id":"https:\/\/www.ull.es\/portal\/noticias\/#\/schema\/person\/image\/","url":"https:\/\/secure.gravatar.com\/avatar\/b58f310a5de5feb33d1e026d2493f23c?s=96&d=mm&r=g","contentUrl":"https:\/\/secure.gravatar.com\/avatar\/b58f310a5de5feb33d1e026d2493f23c?s=96&d=mm&r=g","caption":"prensa2"},"url":"https:\/\/www.ull.es\/portal\/noticias\/author\/prensa2\/"}]}},"primary_category":null,"featured_image_thumbnail_url":"https:\/\/www.ull.es\/portal\/noticias\/wp-content\/uploads\/sites\/13\/2015\/07\/consejo_social-300x200.jpg","_links":{"self":[{"href":"https:\/\/www.ull.es\/portal\/noticias\/wp-json\/wp\/v2\/posts\/22494"}],"collection":[{"href":"https:\/\/www.ull.es\/portal\/noticias\/wp-json\/wp\/v2\/posts"}],"about":[{"href":"https:\/\/www.ull.es\/portal\/noticias\/wp-json\/wp\/v2\/types\/post"}],"author":[{"embeddable":true,"href":"https:\/\/www.ull.es\/portal\/noticias\/wp-json\/wp\/v2\/users\/21"}],"replies":[{"embeddable":true,"href":"https:\/\/www.ull.es\/portal\/noticias\/wp-json\/wp\/v2\/comments?post=22494"}],"version-history":[{"count":0,"href":"https:\/\/www.ull.es\/portal\/noticias\/wp-json\/wp\/v2\/posts\/22494\/revisions"}],"wp:featuredmedia":[{"embeddable":true,"href":"https:\/\/www.ull.es\/portal\/noticias\/wp-json\/wp\/v2\/media\/16931"}],"wp:attachment":[{"href":"https:\/\/www.ull.es\/portal\/noticias\/wp-json\/wp\/v2\/media?parent=22494"}],"wp:term":[{"taxonomy":"category","embeddable":true,"href":"https:\/\/www.ull.es\/portal\/noticias\/wp-json\/wp\/v2\/categories?post=22494"},{"taxonomy":"post_tag","embeddable":true,"href":"https:\/\/www.ull.es\/portal\/noticias\/wp-json\/wp\/v2\/tags?post=22494"}],"curies":[{"name":"wp","href":"https:\/\/api.w.org\/{rel}","templated":true}]}}