{"id":22870,"date":"2014-08-01T09:40:32","date_gmt":"2014-08-01T09:40:32","guid":{"rendered":"http:\/\/ddigital.webs.ull.es\/clausurado-en-santa-maria-de-guia-el-vii-campus-de-estudios-nestor-alamo-dedicado-al-cambio-de-modelo-socioeconomico-y-a-las-alternativas-turisticas\/"},"modified":"2014-08-01T09:40:32","modified_gmt":"2014-08-01T09:40:32","slug":"clausurado-en-santa-maria-de-guia-el-vii-campus-de-estudios-nestor-alamo-dedicado-al-cambio-de-modelo-socioeconomico-y-a-las-alternativas-turisticas","status":"publish","type":"post","link":"https:\/\/www.ull.es\/portal\/noticias\/2014\/clausurado-en-santa-maria-de-guia-el-vii-campus-de-estudios-nestor-alamo-dedicado-al-cambio-de-modelo-socioeconomico-y-a-las-alternativas-turisticas\/","title":{"rendered":"Clausurado en Santa Mar\u00eda de Gu\u00eda el VII Campus de Estudios N\u00e9stor \u00c1lamo dedicado al cambio de modelo socioecon\u00f3mico y a las alternativas tur\u00edsticas"},"content":{"rendered":"<p> \tLa concejal de Cultura del Ayuntamiento de Gu&iacute;a, Mar&iacute;a del Carmen Mendoza, acompa&ntilde;ada de la vicerrectora de Relaciones Universidad y Sociedad de la Universidad de La Laguna, N&eacute;lida Rancel, clausuraron ayer 31 de julio el VII Campus de Estudios Canarios N&eacute;stor &Aacute;lamo que se ha venido celebrando en la ciudad grancanaria desde el pasado 21 de julio.&nbsp;<\/p>\n<p> \tEl campus, organizado por la Fundaci&oacute;n Canaria N&eacute;stor &Aacute;lamo y el Ayuntamiento de Gu&iacute;a en colaboraci&oacute;n con las dos universidades canarias,&nbsp; ha contado en esta edici&oacute;n con dos cursos. En el primero de ellos, organizado por la ULPGC, se analiz&oacute;&nbsp; el cambio de modelo socioecon&oacute;mico actual debido a la crisis mundial, a cargo del profesor Manuel Romero, del Departamento de An&aacute;lisis Econ&oacute;mico Aplicado.&nbsp; El segundo de los cursos, organizado por la Universidad de La Laguna, estuvo centrado en las alternativas al turismo de masas en el siglo XXI, bajo la direcci&oacute;n de&nbsp; los docentes del Departamento de Disciplinas Jur&iacute;dicas B&aacute;sicas, Luis Javier Capote y &Aacute;ngel Lobo.<\/p>\n<p> \tMar&iacute;a del Carmen Mendoza destac&oacute; en su intervenci&oacute;n el esfuerzo que se realiza&nbsp; por parte de las distintas&nbsp; instituciones p&uacute;blicas que colaboran en la organizaci&oacute;n de este campus, &ldquo;con el que continuamos adelante a&nbsp; pesar de las fuertes restricciones que venimos sufriendo en materia de educaci&oacute;n y cultura en este pa&iacute;s&rdquo;, sostuvo, y agradeci&oacute;&nbsp; a las dos universidades canarias el que sigan apostando por una iniciativa como &eacute;sta. &ldquo;Hoy m&aacute;s que nunca es necesario seguir potenciando y fomentando la formaci&oacute;n de toda la sociedad, facilit&aacute;ndole el acceso a la cultura y al conocimiento&nbsp; por encima de cuantas dificultades y obst&aacute;culos nos podamos encontrar&rdquo;, puntualiz&oacute;.<\/p>\n<p> \tEn la misma l&iacute;nea se pronunci&oacute; la vicerrectora, N&eacute;lida R&aacute;ncel, animando adem&aacute;s a los j&oacute;venes participantes en el campus a continuar form&aacute;ndose y a no desesperar por los malos tiempos que corren. Insisti&oacute; en la necesidad de que ampl&iacute;en&nbsp; y diversifiquen su formaci&oacute;n tanto como les sea posible &ldquo;porque vendr&aacute;n mejores tiempos que favorecer&aacute;n a los que est&eacute;n mejor preparados&rdquo;, a&ntilde;adi&oacute;.&nbsp;&nbsp;&nbsp; <\/p>\n<p> \t(Nota cedida).<\/p>\n<p> \t&nbsp;<\/p>\n","protected":false},"excerpt":{"rendered":"<p>La concejal de Cultura del Ayuntamiento de Gu&iacute;a, Mar&iacute;a del Carmen Mendoza, acompa&ntilde;ada de la vicerrectora de Relaciones Universidad y&#8230;<\/p>\n","protected":false},"author":21,"featured_media":22871,"comment_status":"open","ping_status":"open","sticky":false,"template":"","format":"standard","meta":{"inline_featured_image":false,"footnotes":""},"categories":[344,1],"tags":[],"acf":[],"yoast_head":"<!-- This site is optimized with the Yoast SEO plugin v21.3 - https:\/\/yoast.com\/wordpress\/plugins\/seo\/ -->\n<title>Clausurado en Santa Mar\u00eda de Gu\u00eda el VII Campus de Estudios N\u00e9stor \u00c1lamo dedicado al cambio de modelo socioecon\u00f3mico y a las alternativas tur\u00edsticas - ULL - Noticias<\/title>\n<meta name=\"robots\" content=\"index, follow, max-snippet:-1, max-image-preview:large, max-video-preview:-1\" \/>\n<link rel=\"canonical\" href=\"https:\/\/www.ull.es\/portal\/noticias\/2014\/clausurado-en-santa-maria-de-guia-el-vii-campus-de-estudios-nestor-alamo-dedicado-al-cambio-de-modelo-socioeconomico-y-a-las-alternativas-turisticas\/\" \/>\n<meta property=\"og:locale\" content=\"es_ES\" \/>\n<meta property=\"og:type\" content=\"article\" \/>\n<meta property=\"og:title\" content=\"Clausurado en Santa Mar\u00eda de Gu\u00eda el VII Campus de Estudios N\u00e9stor \u00c1lamo dedicado al cambio de modelo socioecon\u00f3mico y a las alternativas tur\u00edsticas - ULL - Noticias\" \/>\n<meta property=\"og:description\" content=\"La concejal de Cultura del Ayuntamiento de Gu&iacute;a, Mar&iacute;a del Carmen Mendoza, acompa&ntilde;ada de la vicerrectora de Relaciones Universidad y...\" \/>\n<meta property=\"og:url\" content=\"https:\/\/www.ull.es\/portal\/noticias\/2014\/clausurado-en-santa-maria-de-guia-el-vii-campus-de-estudios-nestor-alamo-dedicado-al-cambio-de-modelo-socioeconomico-y-a-las-alternativas-turisticas\/\" \/>\n<meta property=\"og:site_name\" content=\"ULL - Noticias\" \/>\n<meta property=\"article:publisher\" content=\"https:\/\/www.facebook.com\/universidaddelalaguna\/\" \/>\n<meta property=\"article:published_time\" content=\"2014-08-01T09:40:32+00:00\" \/>\n<meta property=\"og:image\" content=\"https:\/\/www.ull.es\/portal\/noticias\/wp-content\/uploads\/sites\/13\/2015\/07\/CLAUSURA-CAMPUS-NESTOR-ALAMO-031.jpg\" \/>\n\t<meta property=\"og:image:width\" content=\"2189\" \/>\n\t<meta property=\"og:image:height\" content=\"1642\" \/>\n\t<meta property=\"og:image:type\" content=\"image\/jpeg\" \/>\n<meta name=\"author\" content=\"prensa2\" \/>\n<meta name=\"twitter:card\" content=\"summary_large_image\" \/>\n<meta name=\"twitter:creator\" content=\"@CanalULL\" \/>\n<meta name=\"twitter:site\" content=\"@CanalULL\" \/>\n<meta name=\"twitter:label1\" content=\"Escrito por\" \/>\n\t<meta name=\"twitter:data1\" content=\"prensa2\" \/>\n\t<meta name=\"twitter:label2\" content=\"Tiempo de lectura\" \/>\n\t<meta name=\"twitter:data2\" content=\"2 minutos\" \/>\n<script type=\"application\/ld+json\" class=\"yoast-schema-graph\">{\"@context\":\"https:\/\/schema.org\",\"@graph\":[{\"@type\":\"WebPage\",\"@id\":\"https:\/\/www.ull.es\/portal\/noticias\/2014\/clausurado-en-santa-maria-de-guia-el-vii-campus-de-estudios-nestor-alamo-dedicado-al-cambio-de-modelo-socioeconomico-y-a-las-alternativas-turisticas\/\",\"url\":\"https:\/\/www.ull.es\/portal\/noticias\/2014\/clausurado-en-santa-maria-de-guia-el-vii-campus-de-estudios-nestor-alamo-dedicado-al-cambio-de-modelo-socioeconomico-y-a-las-alternativas-turisticas\/\",\"name\":\"Clausurado en Santa Mar\u00eda de Gu\u00eda el VII Campus de Estudios N\u00e9stor \u00c1lamo dedicado al cambio de modelo socioecon\u00f3mico y a las alternativas tur\u00edsticas - ULL - Noticias\",\"isPartOf\":{\"@id\":\"https:\/\/www.ull.es\/portal\/noticias\/#website\"},\"datePublished\":\"2014-08-01T09:40:32+00:00\",\"dateModified\":\"2014-08-01T09:40:32+00:00\",\"author\":{\"@id\":\"https:\/\/www.ull.es\/portal\/noticias\/#\/schema\/person\/c3b2aa857797592927a03740d6664376\"},\"breadcrumb\":{\"@id\":\"https:\/\/www.ull.es\/portal\/noticias\/2014\/clausurado-en-santa-maria-de-guia-el-vii-campus-de-estudios-nestor-alamo-dedicado-al-cambio-de-modelo-socioeconomico-y-a-las-alternativas-turisticas\/#breadcrumb\"},\"inLanguage\":\"es\",\"potentialAction\":[{\"@type\":\"ReadAction\",\"target\":[\"https:\/\/www.ull.es\/portal\/noticias\/2014\/clausurado-en-santa-maria-de-guia-el-vii-campus-de-estudios-nestor-alamo-dedicado-al-cambio-de-modelo-socioeconomico-y-a-las-alternativas-turisticas\/\"]}]},{\"@type\":\"BreadcrumbList\",\"@id\":\"https:\/\/www.ull.es\/portal\/noticias\/2014\/clausurado-en-santa-maria-de-guia-el-vii-campus-de-estudios-nestor-alamo-dedicado-al-cambio-de-modelo-socioeconomico-y-a-las-alternativas-turisticas\/#breadcrumb\",\"itemListElement\":[{\"@type\":\"ListItem\",\"position\":1,\"name\":\"Portada\",\"item\":\"https:\/\/www.ull.es\/portal\/noticias\/\"},{\"@type\":\"ListItem\",\"position\":2,\"name\":\"Clausurado en Santa Mar\u00eda de Gu\u00eda el VII Campus de Estudios N\u00e9stor \u00c1lamo dedicado al cambio de modelo socioecon\u00f3mico y a las alternativas tur\u00edsticas\"}]},{\"@type\":\"WebSite\",\"@id\":\"https:\/\/www.ull.es\/portal\/noticias\/#website\",\"url\":\"https:\/\/www.ull.es\/portal\/noticias\/\",\"name\":\"ULL - Noticias\",\"description\":\"\",\"potentialAction\":[{\"@type\":\"SearchAction\",\"target\":{\"@type\":\"EntryPoint\",\"urlTemplate\":\"https:\/\/www.ull.es\/portal\/noticias\/?s={search_term_string}\"},\"query-input\":\"required name=search_term_string\"}],\"inLanguage\":\"es\"},{\"@type\":\"Person\",\"@id\":\"https:\/\/www.ull.es\/portal\/noticias\/#\/schema\/person\/c3b2aa857797592927a03740d6664376\",\"name\":\"prensa2\",\"image\":{\"@type\":\"ImageObject\",\"inLanguage\":\"es\",\"@id\":\"https:\/\/www.ull.es\/portal\/noticias\/#\/schema\/person\/image\/\",\"url\":\"https:\/\/secure.gravatar.com\/avatar\/b58f310a5de5feb33d1e026d2493f23c?s=96&d=mm&r=g\",\"contentUrl\":\"https:\/\/secure.gravatar.com\/avatar\/b58f310a5de5feb33d1e026d2493f23c?s=96&d=mm&r=g\",\"caption\":\"prensa2\"},\"url\":\"https:\/\/www.ull.es\/portal\/noticias\/author\/prensa2\/\"}]}<\/script>\n<!-- \/ Yoast SEO plugin. -->","yoast_head_json":{"title":"Clausurado en Santa Mar\u00eda de Gu\u00eda el VII Campus de Estudios N\u00e9stor \u00c1lamo dedicado al cambio de modelo socioecon\u00f3mico y a las alternativas tur\u00edsticas - ULL - Noticias","robots":{"index":"index","follow":"follow","max-snippet":"max-snippet:-1","max-image-preview":"max-image-preview:large","max-video-preview":"max-video-preview:-1"},"canonical":"https:\/\/www.ull.es\/portal\/noticias\/2014\/clausurado-en-santa-maria-de-guia-el-vii-campus-de-estudios-nestor-alamo-dedicado-al-cambio-de-modelo-socioeconomico-y-a-las-alternativas-turisticas\/","og_locale":"es_ES","og_type":"article","og_title":"Clausurado en Santa Mar\u00eda de Gu\u00eda el VII Campus de Estudios N\u00e9stor \u00c1lamo dedicado al cambio de modelo socioecon\u00f3mico y a las alternativas tur\u00edsticas - ULL - Noticias","og_description":"La concejal de Cultura del Ayuntamiento de Gu&iacute;a, Mar&iacute;a del Carmen Mendoza, acompa&ntilde;ada de la vicerrectora de Relaciones Universidad y...","og_url":"https:\/\/www.ull.es\/portal\/noticias\/2014\/clausurado-en-santa-maria-de-guia-el-vii-campus-de-estudios-nestor-alamo-dedicado-al-cambio-de-modelo-socioeconomico-y-a-las-alternativas-turisticas\/","og_site_name":"ULL - Noticias","article_publisher":"https:\/\/www.facebook.com\/universidaddelalaguna\/","article_published_time":"2014-08-01T09:40:32+00:00","og_image":[{"width":2189,"height":1642,"url":"https:\/\/www.ull.es\/portal\/noticias\/wp-content\/uploads\/sites\/13\/2015\/07\/CLAUSURA-CAMPUS-NESTOR-ALAMO-031.jpg","type":"image\/jpeg"}],"author":"prensa2","twitter_card":"summary_large_image","twitter_creator":"@CanalULL","twitter_site":"@CanalULL","twitter_misc":{"Escrito por":"prensa2","Tiempo de lectura":"2 minutos"},"schema":{"@context":"https:\/\/schema.org","@graph":[{"@type":"WebPage","@id":"https:\/\/www.ull.es\/portal\/noticias\/2014\/clausurado-en-santa-maria-de-guia-el-vii-campus-de-estudios-nestor-alamo-dedicado-al-cambio-de-modelo-socioeconomico-y-a-las-alternativas-turisticas\/","url":"https:\/\/www.ull.es\/portal\/noticias\/2014\/clausurado-en-santa-maria-de-guia-el-vii-campus-de-estudios-nestor-alamo-dedicado-al-cambio-de-modelo-socioeconomico-y-a-las-alternativas-turisticas\/","name":"Clausurado en Santa Mar\u00eda de Gu\u00eda el VII Campus de Estudios N\u00e9stor \u00c1lamo dedicado al cambio de modelo socioecon\u00f3mico y a las alternativas tur\u00edsticas - ULL - Noticias","isPartOf":{"@id":"https:\/\/www.ull.es\/portal\/noticias\/#website"},"datePublished":"2014-08-01T09:40:32+00:00","dateModified":"2014-08-01T09:40:32+00:00","author":{"@id":"https:\/\/www.ull.es\/portal\/noticias\/#\/schema\/person\/c3b2aa857797592927a03740d6664376"},"breadcrumb":{"@id":"https:\/\/www.ull.es\/portal\/noticias\/2014\/clausurado-en-santa-maria-de-guia-el-vii-campus-de-estudios-nestor-alamo-dedicado-al-cambio-de-modelo-socioeconomico-y-a-las-alternativas-turisticas\/#breadcrumb"},"inLanguage":"es","potentialAction":[{"@type":"ReadAction","target":["https:\/\/www.ull.es\/portal\/noticias\/2014\/clausurado-en-santa-maria-de-guia-el-vii-campus-de-estudios-nestor-alamo-dedicado-al-cambio-de-modelo-socioeconomico-y-a-las-alternativas-turisticas\/"]}]},{"@type":"BreadcrumbList","@id":"https:\/\/www.ull.es\/portal\/noticias\/2014\/clausurado-en-santa-maria-de-guia-el-vii-campus-de-estudios-nestor-alamo-dedicado-al-cambio-de-modelo-socioeconomico-y-a-las-alternativas-turisticas\/#breadcrumb","itemListElement":[{"@type":"ListItem","position":1,"name":"Portada","item":"https:\/\/www.ull.es\/portal\/noticias\/"},{"@type":"ListItem","position":2,"name":"Clausurado en Santa Mar\u00eda de Gu\u00eda el VII Campus de Estudios N\u00e9stor \u00c1lamo dedicado al cambio de modelo socioecon\u00f3mico y a las alternativas tur\u00edsticas"}]},{"@type":"WebSite","@id":"https:\/\/www.ull.es\/portal\/noticias\/#website","url":"https:\/\/www.ull.es\/portal\/noticias\/","name":"ULL - Noticias","description":"","potentialAction":[{"@type":"SearchAction","target":{"@type":"EntryPoint","urlTemplate":"https:\/\/www.ull.es\/portal\/noticias\/?s={search_term_string}"},"query-input":"required name=search_term_string"}],"inLanguage":"es"},{"@type":"Person","@id":"https:\/\/www.ull.es\/portal\/noticias\/#\/schema\/person\/c3b2aa857797592927a03740d6664376","name":"prensa2","image":{"@type":"ImageObject","inLanguage":"es","@id":"https:\/\/www.ull.es\/portal\/noticias\/#\/schema\/person\/image\/","url":"https:\/\/secure.gravatar.com\/avatar\/b58f310a5de5feb33d1e026d2493f23c?s=96&d=mm&r=g","contentUrl":"https:\/\/secure.gravatar.com\/avatar\/b58f310a5de5feb33d1e026d2493f23c?s=96&d=mm&r=g","caption":"prensa2"},"url":"https:\/\/www.ull.es\/portal\/noticias\/author\/prensa2\/"}]}},"primary_category":null,"featured_image_thumbnail_url":"https:\/\/www.ull.es\/portal\/noticias\/wp-content\/uploads\/sites\/13\/2015\/07\/CLAUSURA-CAMPUS-NESTOR-ALAMO-031-300x225.jpg","_links":{"self":[{"href":"https:\/\/www.ull.es\/portal\/noticias\/wp-json\/wp\/v2\/posts\/22870"}],"collection":[{"href":"https:\/\/www.ull.es\/portal\/noticias\/wp-json\/wp\/v2\/posts"}],"about":[{"href":"https:\/\/www.ull.es\/portal\/noticias\/wp-json\/wp\/v2\/types\/post"}],"author":[{"embeddable":true,"href":"https:\/\/www.ull.es\/portal\/noticias\/wp-json\/wp\/v2\/users\/21"}],"replies":[{"embeddable":true,"href":"https:\/\/www.ull.es\/portal\/noticias\/wp-json\/wp\/v2\/comments?post=22870"}],"version-history":[{"count":0,"href":"https:\/\/www.ull.es\/portal\/noticias\/wp-json\/wp\/v2\/posts\/22870\/revisions"}],"wp:featuredmedia":[{"embeddable":true,"href":"https:\/\/www.ull.es\/portal\/noticias\/wp-json\/wp\/v2\/media\/22871"}],"wp:attachment":[{"href":"https:\/\/www.ull.es\/portal\/noticias\/wp-json\/wp\/v2\/media?parent=22870"}],"wp:term":[{"taxonomy":"category","embeddable":true,"href":"https:\/\/www.ull.es\/portal\/noticias\/wp-json\/wp\/v2\/categories?post=22870"},{"taxonomy":"post_tag","embeddable":true,"href":"https:\/\/www.ull.es\/portal\/noticias\/wp-json\/wp\/v2\/tags?post=22870"}],"curies":[{"name":"wp","href":"https:\/\/api.w.org\/{rel}","templated":true}]}}