{"id":23028,"date":"2014-10-06T08:48:22","date_gmt":"2014-10-06T08:48:22","guid":{"rendered":"http:\/\/ddigital.webs.ull.es\/lopes-recuerda-en-el-campusafrica-de-la-ull-que-canarias-que-esta-al-lado-de-la-region-que-mas-crece-del-mundo\/"},"modified":"2014-10-06T08:48:22","modified_gmt":"2014-10-06T08:48:22","slug":"lopes-recuerda-en-el-campusafrica-de-la-ull-que-canarias-que-esta-al-lado-de-la-region-que-mas-crece-del-mundo","status":"publish","type":"post","link":"https:\/\/www.ull.es\/portal\/noticias\/2014\/lopes-recuerda-en-el-campusafrica-de-la-ull-que-canarias-que-esta-al-lado-de-la-region-que-mas-crece-del-mundo\/","title":{"rendered":"Lopes recuerda en el Campus\u00c1frica de la ULL que Canarias que est\u00e1 al lado de la regi\u00f3n que m\u00e1s crece del mundo"},"content":{"rendered":"<p> \tEl secretario general adjunto de las Naciones Unidas y secretario ejecutivo de la Comisi&oacute;n Econ&oacute;mica para &Aacute;frica (UNECA), Carlos Lopes, lanza un mensaje muy claro a Canarias: &ldquo;Se tienen que dar cuenta de que est&aacute;n al lado de la regi&oacute;n del mundo que mayor crecimiento econ&oacute;mico tiene&rdquo;. En cifras insisti&oacute; en que pese a la crisis mundial el continente vecino crece a un ritmo medio de un cinco por ciento anual. Estos datos fueron el eje de la jornada de la tarde dedicada a la UNESCO que celebr&oacute; Campus&Aacute;FRICA en el Teatro Leal de La Laguna.<\/p>\n<p> \tCarlos Lopes insisti&oacute; en desterrar algunos mitos con respecto al continente y remarc&oacute; que hay que abandonar ya la idea de ayuda al desarrollo y transformarla en otras formas de cooperaci&oacute;n. Denunci&oacute; algunas circunstancias financieras que afectan especialmente a &Aacute;frica como es el hecho de que la banca oficial francesa les obligue a tener 200 millones de euros en fondos de garant&iacute;a a los que se les da solo un 0,004 por ciento de inter&eacute;s mientras que los cr&eacute;ditos se les cobra a un 4%. Tambi&eacute;n denunci&oacute; que las transferencias bancarias de los emigrantes africanos tienen los costes bancarios m&aacute;s altos de todo el mundo. &ldquo;Solo en esa diferencia hay unos 55.000 millones de d&oacute;lares, lo que iguala a la ayuda al desarrollo&rdquo;.<\/p>\n<p> \tOtra denuncia que realiz&oacute; es que las materias primas africanas se pagan muy por debajo del coste internacional de mercado y &ldquo;eso lo podemos saber por los servicios de aduanas europeos que determinan si las mercanc&iacute;as est&aacute;n por debajo de su valor y hemos calculado que la diferencia est&aacute; en 60.000 millones de d&oacute;lares, lo que tambi&eacute;n equivale a la ayuda al desarrollo que recibimos&rdquo;. Luchar en contra de esas diferencias es lo que har&iacute;a desaparecer la necesidad de recibir ayuda.<\/p>\n<p> \tEn este sentido se expres&oacute; tambi&eacute;n el actual embajador de Espa&ntilde;a en Etiop&iacute;a, el canario Miguel Fern&aacute;ndez-Palacios, quien explic&oacute; que todas las reuniones internacionales los representantes africanos quieren hablar de inversiones y no de ayuda al desarrollo.<\/p>\n<p> \tLopes remarc&oacute; que &Aacute;frica debe industrializarse siguiendo un modelo de desarrollo basado en una movilizaci&oacute;n de recursos internos y en la obtenci&oacute;n de mayores econom&iacute;as de escala. Con respecto a la relaci&oacute;n entre Canarias y el continente africano, insisti&oacute; en que es una gran oportunidad para nuestro archipi&eacute;lagoestar cerca de un continente con su capacidad de desarrollo y record&oacute; el caso de Hong-Kong que creci&oacute; gracias a su relaci&oacute;n con zonas en desarrollo.<\/p>\n<p> \tFern&aacute;ndez-Palacios explic&oacute; que el &Aacute;frica actual se aleja cada vez m&aacute;s de la fotograf&iacute;a de la pobreza y el hambre, aunque no hayan dejado de existir. Present&oacute; un &Aacute;frica de desarrollo, de ingenieros y de tecnolog&iacute;a que es tan real como la otra. Tambi&eacute;n remarc&oacute; que se trata de un objetivo econ&oacute;mico prioritario para Espa&ntilde;a ya que &ldquo;las inversiones en &Aacute;frica ya superan las de Am&eacute;rica Latina&rdquo;. Como representante permanente ante la Uni&oacute;n Africana, el embajador asever&oacute; que &ldquo;los africanos entienden que Espa&ntilde;a no tiene un inter&eacute;s oculto&rdquo; y verific&oacute; las relaciones s&oacute;lidas que existen entre ambas zonas.<\/p>\n<p> \tCarlos Lopes tambi&eacute;n critic&oacute; que se de una imagen muy sesgada de su continente y como ejemplo puso a la pirater&iacute;a. &ldquo;En 2009 hubo cerca de 29 ataques de pirater&iacute;a frente a las costas de Somalia mientras que en Asia, en el estrecho de Malak, hubo 150 pero no generaron la misma sensaci&oacute;n de inseguridad internacional&rdquo;. <\/p>\n<p> \tCon respecto a la consecuci&oacute;n de los Objetivos del Milenio, ambos conferenciantes coincidieron en que hay pa&iacute;ses, como Etiop&iacute;a o Cabo Verde, que han hecho un gran esfuerzo pero Carlos Lopes record&oacute; que &Aacute;frica part&iacute;a de una posici&oacute;n muy atrasada con respecto al resto del Globo. &ldquo;Los Objetivos del Milenio han servido de aliciente pero la metodolog&iacute;a para medir su resultado no ha sido la adecuada&rdquo;, afirm&oacute; Lopes.<\/p>\n<p> \tCampus &Aacute;frica es una iniciativa de la FUNCCET en colaboraci&oacute;n con la Universidad de La Laguna (a trav&eacute;s, principalmente, del Instituto Universitario de Enfermedades Tropicales y Salud P&uacute;blica de Canarias y del Centro de Estudios Africanos), el Cabildo de Tenerife, el Ayuntamiento de La Laguna. Adem&aacute;s, cuenta con el patrocinio de Iberia, La Caixa, Binter y Cofarte, entre otras entidades.<\/p>\n<p> \tEl pr&oacute;ximo lunes se retoma las jornadas con el encuentro &lsquo;Los medicamentos en el desarrollo africano&rsquo; en el edificio de Farmacia a partir de las 17,00 horas con las siguientes ponencias:<\/p>\n<ul>\n<li> \t\tSpurious\/falsely-labelled\/falsified\/counterfeit(SFFC) medicines: global health problema. Carmen Bueno. Relaciones Corporativas Lilly S.<\/li>\n<li> \t\tInvestigaci&oacute;n y desarrollo de medicamentos de inter&eacute;s en &Aacute;frica Dr. Jos&eacute; Fari&ntilde;a Espinosa, catedr&aacute;tico de Farmacia y Tecnolog&iacute;a Farmac&eacute;utica, ULL<\/li>\n<li> \t\tTackling the problem of lack of quality medicines in Africa (Abordaje de los problemas del control de la calidad de las medicinas en &Aacute;frica). US Pharmacopeial Convention y del Center for Pharmaceutical Advancement and Training<\/li>\n<li> \t\tEl acceso a los medicamentos en el continente africano. Hermano Jos&eacute; Mar&iacute;a Viadero, Director Fundaci&oacute;n Juan Ciudad ONGD.<\/li>\n<\/ul>\n","protected":false},"excerpt":{"rendered":"<p>El secretario general adjunto de las Naciones Unidas y secretario ejecutivo de la Comisi&oacute;n Econ&oacute;mica para &Aacute;frica (UNECA), Carlos Lopes,&#8230;<\/p>\n","protected":false},"author":21,"featured_media":23029,"comment_status":"open","ping_status":"open","sticky":false,"template":"","format":"standard","meta":{"inline_featured_image":false,"footnotes":""},"categories":[348,1],"tags":[],"acf":[],"yoast_head":"<!-- This site is optimized with the Yoast SEO plugin v21.3 - https:\/\/yoast.com\/wordpress\/plugins\/seo\/ -->\n<title>Lopes recuerda en el Campus\u00c1frica de la ULL que Canarias que est\u00e1 al lado de la regi\u00f3n que m\u00e1s crece del mundo - ULL - Noticias<\/title>\n<meta name=\"robots\" content=\"index, follow, max-snippet:-1, max-image-preview:large, max-video-preview:-1\" \/>\n<link rel=\"canonical\" href=\"https:\/\/www.ull.es\/portal\/noticias\/2014\/lopes-recuerda-en-el-campusafrica-de-la-ull-que-canarias-que-esta-al-lado-de-la-region-que-mas-crece-del-mundo\/\" \/>\n<meta property=\"og:locale\" content=\"es_ES\" \/>\n<meta property=\"og:type\" content=\"article\" \/>\n<meta property=\"og:title\" content=\"Lopes recuerda en el Campus\u00c1frica de la ULL que Canarias que est\u00e1 al lado de la regi\u00f3n que m\u00e1s crece del mundo - ULL - Noticias\" \/>\n<meta property=\"og:description\" content=\"El secretario general adjunto de las Naciones Unidas y secretario ejecutivo de la Comisi&oacute;n Econ&oacute;mica para &Aacute;frica (UNECA), Carlos Lopes,...\" \/>\n<meta property=\"og:url\" content=\"https:\/\/www.ull.es\/portal\/noticias\/2014\/lopes-recuerda-en-el-campusafrica-de-la-ull-que-canarias-que-esta-al-lado-de-la-region-que-mas-crece-del-mundo\/\" \/>\n<meta property=\"og:site_name\" content=\"ULL - Noticias\" \/>\n<meta property=\"article:publisher\" content=\"https:\/\/www.facebook.com\/universidaddelalaguna\/\" \/>\n<meta property=\"article:published_time\" content=\"2014-10-06T08:48:22+00:00\" \/>\n<meta property=\"og:image\" content=\"https:\/\/www.ull.es\/portal\/noticias\/wp-content\/uploads\/sites\/13\/2015\/07\/carlos_lopes.jpg\" \/>\n\t<meta property=\"og:image:width\" content=\"950\" \/>\n\t<meta property=\"og:image:height\" content=\"633\" \/>\n\t<meta property=\"og:image:type\" content=\"image\/jpeg\" \/>\n<meta name=\"author\" content=\"prensa2\" \/>\n<meta name=\"twitter:card\" content=\"summary_large_image\" \/>\n<meta name=\"twitter:creator\" content=\"@CanalULL\" \/>\n<meta name=\"twitter:site\" content=\"@CanalULL\" \/>\n<meta name=\"twitter:label1\" content=\"Escrito por\" \/>\n\t<meta name=\"twitter:data1\" content=\"prensa2\" \/>\n\t<meta name=\"twitter:label2\" content=\"Tiempo de lectura\" \/>\n\t<meta name=\"twitter:data2\" content=\"5 minutos\" \/>\n<script type=\"application\/ld+json\" class=\"yoast-schema-graph\">{\"@context\":\"https:\/\/schema.org\",\"@graph\":[{\"@type\":\"WebPage\",\"@id\":\"https:\/\/www.ull.es\/portal\/noticias\/2014\/lopes-recuerda-en-el-campusafrica-de-la-ull-que-canarias-que-esta-al-lado-de-la-region-que-mas-crece-del-mundo\/\",\"url\":\"https:\/\/www.ull.es\/portal\/noticias\/2014\/lopes-recuerda-en-el-campusafrica-de-la-ull-que-canarias-que-esta-al-lado-de-la-region-que-mas-crece-del-mundo\/\",\"name\":\"Lopes recuerda en el Campus\u00c1frica de la ULL que Canarias que est\u00e1 al lado de la regi\u00f3n que m\u00e1s crece del mundo - ULL - Noticias\",\"isPartOf\":{\"@id\":\"https:\/\/www.ull.es\/portal\/noticias\/#website\"},\"datePublished\":\"2014-10-06T08:48:22+00:00\",\"dateModified\":\"2014-10-06T08:48:22+00:00\",\"author\":{\"@id\":\"https:\/\/www.ull.es\/portal\/noticias\/#\/schema\/person\/c3b2aa857797592927a03740d6664376\"},\"breadcrumb\":{\"@id\":\"https:\/\/www.ull.es\/portal\/noticias\/2014\/lopes-recuerda-en-el-campusafrica-de-la-ull-que-canarias-que-esta-al-lado-de-la-region-que-mas-crece-del-mundo\/#breadcrumb\"},\"inLanguage\":\"es\",\"potentialAction\":[{\"@type\":\"ReadAction\",\"target\":[\"https:\/\/www.ull.es\/portal\/noticias\/2014\/lopes-recuerda-en-el-campusafrica-de-la-ull-que-canarias-que-esta-al-lado-de-la-region-que-mas-crece-del-mundo\/\"]}]},{\"@type\":\"BreadcrumbList\",\"@id\":\"https:\/\/www.ull.es\/portal\/noticias\/2014\/lopes-recuerda-en-el-campusafrica-de-la-ull-que-canarias-que-esta-al-lado-de-la-region-que-mas-crece-del-mundo\/#breadcrumb\",\"itemListElement\":[{\"@type\":\"ListItem\",\"position\":1,\"name\":\"Portada\",\"item\":\"https:\/\/www.ull.es\/portal\/noticias\/\"},{\"@type\":\"ListItem\",\"position\":2,\"name\":\"Lopes recuerda en el Campus\u00c1frica de la ULL que Canarias que est\u00e1 al lado de la regi\u00f3n que m\u00e1s crece del mundo\"}]},{\"@type\":\"WebSite\",\"@id\":\"https:\/\/www.ull.es\/portal\/noticias\/#website\",\"url\":\"https:\/\/www.ull.es\/portal\/noticias\/\",\"name\":\"ULL - Noticias\",\"description\":\"\",\"potentialAction\":[{\"@type\":\"SearchAction\",\"target\":{\"@type\":\"EntryPoint\",\"urlTemplate\":\"https:\/\/www.ull.es\/portal\/noticias\/?s={search_term_string}\"},\"query-input\":\"required name=search_term_string\"}],\"inLanguage\":\"es\"},{\"@type\":\"Person\",\"@id\":\"https:\/\/www.ull.es\/portal\/noticias\/#\/schema\/person\/c3b2aa857797592927a03740d6664376\",\"name\":\"prensa2\",\"image\":{\"@type\":\"ImageObject\",\"inLanguage\":\"es\",\"@id\":\"https:\/\/www.ull.es\/portal\/noticias\/#\/schema\/person\/image\/\",\"url\":\"https:\/\/secure.gravatar.com\/avatar\/b58f310a5de5feb33d1e026d2493f23c?s=96&d=mm&r=g\",\"contentUrl\":\"https:\/\/secure.gravatar.com\/avatar\/b58f310a5de5feb33d1e026d2493f23c?s=96&d=mm&r=g\",\"caption\":\"prensa2\"},\"url\":\"https:\/\/www.ull.es\/portal\/noticias\/author\/prensa2\/\"}]}<\/script>\n<!-- \/ Yoast SEO plugin. -->","yoast_head_json":{"title":"Lopes recuerda en el Campus\u00c1frica de la ULL que Canarias que est\u00e1 al lado de la regi\u00f3n que m\u00e1s crece del mundo - ULL - Noticias","robots":{"index":"index","follow":"follow","max-snippet":"max-snippet:-1","max-image-preview":"max-image-preview:large","max-video-preview":"max-video-preview:-1"},"canonical":"https:\/\/www.ull.es\/portal\/noticias\/2014\/lopes-recuerda-en-el-campusafrica-de-la-ull-que-canarias-que-esta-al-lado-de-la-region-que-mas-crece-del-mundo\/","og_locale":"es_ES","og_type":"article","og_title":"Lopes recuerda en el Campus\u00c1frica de la ULL que Canarias que est\u00e1 al lado de la regi\u00f3n que m\u00e1s crece del mundo - ULL - Noticias","og_description":"El secretario general adjunto de las Naciones Unidas y secretario ejecutivo de la Comisi&oacute;n Econ&oacute;mica para &Aacute;frica (UNECA), Carlos Lopes,...","og_url":"https:\/\/www.ull.es\/portal\/noticias\/2014\/lopes-recuerda-en-el-campusafrica-de-la-ull-que-canarias-que-esta-al-lado-de-la-region-que-mas-crece-del-mundo\/","og_site_name":"ULL - Noticias","article_publisher":"https:\/\/www.facebook.com\/universidaddelalaguna\/","article_published_time":"2014-10-06T08:48:22+00:00","og_image":[{"width":950,"height":633,"url":"https:\/\/www.ull.es\/portal\/noticias\/wp-content\/uploads\/sites\/13\/2015\/07\/carlos_lopes.jpg","type":"image\/jpeg"}],"author":"prensa2","twitter_card":"summary_large_image","twitter_creator":"@CanalULL","twitter_site":"@CanalULL","twitter_misc":{"Escrito por":"prensa2","Tiempo de lectura":"5 minutos"},"schema":{"@context":"https:\/\/schema.org","@graph":[{"@type":"WebPage","@id":"https:\/\/www.ull.es\/portal\/noticias\/2014\/lopes-recuerda-en-el-campusafrica-de-la-ull-que-canarias-que-esta-al-lado-de-la-region-que-mas-crece-del-mundo\/","url":"https:\/\/www.ull.es\/portal\/noticias\/2014\/lopes-recuerda-en-el-campusafrica-de-la-ull-que-canarias-que-esta-al-lado-de-la-region-que-mas-crece-del-mundo\/","name":"Lopes recuerda en el Campus\u00c1frica de la ULL que Canarias que est\u00e1 al lado de la regi\u00f3n que m\u00e1s crece del mundo - ULL - Noticias","isPartOf":{"@id":"https:\/\/www.ull.es\/portal\/noticias\/#website"},"datePublished":"2014-10-06T08:48:22+00:00","dateModified":"2014-10-06T08:48:22+00:00","author":{"@id":"https:\/\/www.ull.es\/portal\/noticias\/#\/schema\/person\/c3b2aa857797592927a03740d6664376"},"breadcrumb":{"@id":"https:\/\/www.ull.es\/portal\/noticias\/2014\/lopes-recuerda-en-el-campusafrica-de-la-ull-que-canarias-que-esta-al-lado-de-la-region-que-mas-crece-del-mundo\/#breadcrumb"},"inLanguage":"es","potentialAction":[{"@type":"ReadAction","target":["https:\/\/www.ull.es\/portal\/noticias\/2014\/lopes-recuerda-en-el-campusafrica-de-la-ull-que-canarias-que-esta-al-lado-de-la-region-que-mas-crece-del-mundo\/"]}]},{"@type":"BreadcrumbList","@id":"https:\/\/www.ull.es\/portal\/noticias\/2014\/lopes-recuerda-en-el-campusafrica-de-la-ull-que-canarias-que-esta-al-lado-de-la-region-que-mas-crece-del-mundo\/#breadcrumb","itemListElement":[{"@type":"ListItem","position":1,"name":"Portada","item":"https:\/\/www.ull.es\/portal\/noticias\/"},{"@type":"ListItem","position":2,"name":"Lopes recuerda en el Campus\u00c1frica de la ULL que Canarias que est\u00e1 al lado de la regi\u00f3n que m\u00e1s crece del mundo"}]},{"@type":"WebSite","@id":"https:\/\/www.ull.es\/portal\/noticias\/#website","url":"https:\/\/www.ull.es\/portal\/noticias\/","name":"ULL - Noticias","description":"","potentialAction":[{"@type":"SearchAction","target":{"@type":"EntryPoint","urlTemplate":"https:\/\/www.ull.es\/portal\/noticias\/?s={search_term_string}"},"query-input":"required name=search_term_string"}],"inLanguage":"es"},{"@type":"Person","@id":"https:\/\/www.ull.es\/portal\/noticias\/#\/schema\/person\/c3b2aa857797592927a03740d6664376","name":"prensa2","image":{"@type":"ImageObject","inLanguage":"es","@id":"https:\/\/www.ull.es\/portal\/noticias\/#\/schema\/person\/image\/","url":"https:\/\/secure.gravatar.com\/avatar\/b58f310a5de5feb33d1e026d2493f23c?s=96&d=mm&r=g","contentUrl":"https:\/\/secure.gravatar.com\/avatar\/b58f310a5de5feb33d1e026d2493f23c?s=96&d=mm&r=g","caption":"prensa2"},"url":"https:\/\/www.ull.es\/portal\/noticias\/author\/prensa2\/"}]}},"primary_category":null,"featured_image_thumbnail_url":"https:\/\/www.ull.es\/portal\/noticias\/wp-content\/uploads\/sites\/13\/2015\/07\/carlos_lopes-300x200.jpg","_links":{"self":[{"href":"https:\/\/www.ull.es\/portal\/noticias\/wp-json\/wp\/v2\/posts\/23028"}],"collection":[{"href":"https:\/\/www.ull.es\/portal\/noticias\/wp-json\/wp\/v2\/posts"}],"about":[{"href":"https:\/\/www.ull.es\/portal\/noticias\/wp-json\/wp\/v2\/types\/post"}],"author":[{"embeddable":true,"href":"https:\/\/www.ull.es\/portal\/noticias\/wp-json\/wp\/v2\/users\/21"}],"replies":[{"embeddable":true,"href":"https:\/\/www.ull.es\/portal\/noticias\/wp-json\/wp\/v2\/comments?post=23028"}],"version-history":[{"count":0,"href":"https:\/\/www.ull.es\/portal\/noticias\/wp-json\/wp\/v2\/posts\/23028\/revisions"}],"wp:featuredmedia":[{"embeddable":true,"href":"https:\/\/www.ull.es\/portal\/noticias\/wp-json\/wp\/v2\/media\/23029"}],"wp:attachment":[{"href":"https:\/\/www.ull.es\/portal\/noticias\/wp-json\/wp\/v2\/media?parent=23028"}],"wp:term":[{"taxonomy":"category","embeddable":true,"href":"https:\/\/www.ull.es\/portal\/noticias\/wp-json\/wp\/v2\/categories?post=23028"},{"taxonomy":"post_tag","embeddable":true,"href":"https:\/\/www.ull.es\/portal\/noticias\/wp-json\/wp\/v2\/tags?post=23028"}],"curies":[{"name":"wp","href":"https:\/\/api.w.org\/{rel}","templated":true}]}}