{"id":23070,"date":"2014-10-09T13:42:47","date_gmt":"2014-10-09T13:42:47","guid":{"rendered":"http:\/\/ddigital.webs.ull.es\/la-muestra-universitaria-de-artes-escenicas-de-la-ull-continua-con-la-obra-el-cadaver-del-sr-garcia\/"},"modified":"2014-10-09T13:42:47","modified_gmt":"2014-10-09T13:42:47","slug":"la-muestra-universitaria-de-artes-escenicas-de-la-ull-continua-con-la-obra-el-cadaver-del-sr-garcia","status":"publish","type":"post","link":"https:\/\/www.ull.es\/portal\/noticias\/2014\/la-muestra-universitaria-de-artes-escenicas-de-la-ull-continua-con-la-obra-el-cadaver-del-sr-garcia\/","title":{"rendered":"La Muestra Universitaria de Artes Esc\u00e9nicas de la ULL contin\u00faa con la obra \u201cEl cad\u00e1ver del Sr. Garc\u00eda\u201d"},"content":{"rendered":"<p> \tLa Muestra Universitaria de la Universidad de La Laguna regresa al Paraninfo con la obra &ldquo;El cad&aacute;ver del Sr. Garc&iacute;a&rdquo;, de Troysteatro Universitario. La funci&oacute;n tendr&aacute; lugar ma&ntilde;ana, viernes 10 de octubre, a las 20:30 horas, al precio de 5 euros y con promoci&oacute;n de 2&#215;1 para estudiantes de la ULL, desempleados y jubilados.<\/p>\n<p> \t&ldquo;El cad&aacute;ver del Sr. Garc&iacute;a&rdquo;, obra de Jardiel Poncela, narra la historia del suicidio del se&ntilde;or Garc&iacute;a. Un hecho que transcurre mientras Abelardo se encuentra en el comedor de la casa de su prometida Hortensia y brinda por la felicidad de su inminente matrimonio. <\/p>\n<p> \tLos enamorados, los porteros, las criadas, los amigos de la pareja, los vecinos de la casa, un coronel, un orador y una recitadora rusa, m&aacute;s un juez ceremonioso y un forense fuera de lo com&uacute;n, sin olvidar la contribuci&oacute;n del se&ntilde;or Garc&iacute;a hecho cad&aacute;ver, forman esta galer&iacute;a de personajes al servicio de una trama disparatada y repleta de originales golpes de humor.<\/p>\n<p> \tLas entradas pueden adquirirse en la plataforma <a href=\"http:\/\/www.tomaticket.es\/paraninf\" target=\"_blank\" target=\"_blank\" rel=\"noopener\">www.tomaticket.es\/paraninf<\/a><a href=\"http:\/\/www.tomaticket.es\/paraninfo\" target=\"_blank\" target=\"_blank\" rel=\"noopener\">o<\/a>, en el Vicerrectorado de Relaciones Universidad y Sociedad (C\/Viana, 50. La Laguna) de 8:00 a 14:00 horas, en la cafeter&iacute;a del Edificio Central de 8:00 a 20:00 horas, y en la taquilla del Paraninfo el mismo d&iacute;a de la actuaci&oacute;n, una hora antes de su comienzo.<\/p>\n<p> \tLos asistentes disponen de estacionamiento gratuito en el aparcamiento del Edificio Central de la Universidad de La Laguna. <\/p>\n<p> \t&nbsp;<\/p>\n","protected":false},"excerpt":{"rendered":"<p>La Muestra Universitaria de la Universidad de La Laguna regresa al Paraninfo con la obra &ldquo;El cad&aacute;ver del Sr. Garc&iacute;a&rdquo;,&#8230;<\/p>\n","protected":false},"author":21,"featured_media":23071,"comment_status":"open","ping_status":"open","sticky":false,"template":"","format":"standard","meta":{"inline_featured_image":false,"footnotes":""},"categories":[344,1],"tags":[],"acf":[],"yoast_head":"<!-- This site is optimized with the Yoast SEO plugin v21.3 - https:\/\/yoast.com\/wordpress\/plugins\/seo\/ -->\n<title>La Muestra Universitaria de Artes Esc\u00e9nicas de la ULL contin\u00faa con la obra \u201cEl cad\u00e1ver del Sr. Garc\u00eda\u201d - ULL - Noticias<\/title>\n<meta name=\"robots\" content=\"index, follow, max-snippet:-1, max-image-preview:large, max-video-preview:-1\" \/>\n<link rel=\"canonical\" href=\"https:\/\/www.ull.es\/portal\/noticias\/2014\/la-muestra-universitaria-de-artes-escenicas-de-la-ull-continua-con-la-obra-el-cadaver-del-sr-garcia\/\" \/>\n<meta property=\"og:locale\" content=\"es_ES\" \/>\n<meta property=\"og:type\" content=\"article\" \/>\n<meta property=\"og:title\" content=\"La Muestra Universitaria de Artes Esc\u00e9nicas de la ULL contin\u00faa con la obra \u201cEl cad\u00e1ver del Sr. Garc\u00eda\u201d - ULL - Noticias\" \/>\n<meta property=\"og:description\" content=\"La Muestra Universitaria de la Universidad de La Laguna regresa al Paraninfo con la obra &ldquo;El cad&aacute;ver del Sr. Garc&iacute;a&rdquo;,...\" \/>\n<meta property=\"og:url\" content=\"https:\/\/www.ull.es\/portal\/noticias\/2014\/la-muestra-universitaria-de-artes-escenicas-de-la-ull-continua-con-la-obra-el-cadaver-del-sr-garcia\/\" \/>\n<meta property=\"og:site_name\" content=\"ULL - Noticias\" \/>\n<meta property=\"article:publisher\" content=\"https:\/\/www.facebook.com\/universidaddelalaguna\/\" \/>\n<meta property=\"article:published_time\" content=\"2014-10-09T13:42:47+00:00\" \/>\n<meta property=\"og:image\" content=\"https:\/\/www.ull.es\/portal\/noticias\/wp-content\/uploads\/sites\/13\/2015\/07\/cartel-El-cad\u00e1ver-del-se\u00f1or-Garc\u00eda1.jpg\" \/>\n\t<meta property=\"og:image:width\" content=\"849\" \/>\n\t<meta property=\"og:image:height\" content=\"1200\" \/>\n\t<meta property=\"og:image:type\" content=\"image\/jpeg\" \/>\n<meta name=\"author\" content=\"prensa2\" \/>\n<meta name=\"twitter:card\" content=\"summary_large_image\" \/>\n<meta name=\"twitter:creator\" content=\"@CanalULL\" \/>\n<meta name=\"twitter:site\" content=\"@CanalULL\" \/>\n<meta name=\"twitter:label1\" content=\"Escrito por\" \/>\n\t<meta name=\"twitter:data1\" content=\"prensa2\" \/>\n\t<meta name=\"twitter:label2\" content=\"Tiempo de lectura\" \/>\n\t<meta name=\"twitter:data2\" content=\"1 minuto\" \/>\n<script type=\"application\/ld+json\" class=\"yoast-schema-graph\">{\"@context\":\"https:\/\/schema.org\",\"@graph\":[{\"@type\":\"WebPage\",\"@id\":\"https:\/\/www.ull.es\/portal\/noticias\/2014\/la-muestra-universitaria-de-artes-escenicas-de-la-ull-continua-con-la-obra-el-cadaver-del-sr-garcia\/\",\"url\":\"https:\/\/www.ull.es\/portal\/noticias\/2014\/la-muestra-universitaria-de-artes-escenicas-de-la-ull-continua-con-la-obra-el-cadaver-del-sr-garcia\/\",\"name\":\"La Muestra Universitaria de Artes Esc\u00e9nicas de la ULL contin\u00faa con la obra \u201cEl cad\u00e1ver del Sr. Garc\u00eda\u201d - ULL - Noticias\",\"isPartOf\":{\"@id\":\"https:\/\/www.ull.es\/portal\/noticias\/#website\"},\"datePublished\":\"2014-10-09T13:42:47+00:00\",\"dateModified\":\"2014-10-09T13:42:47+00:00\",\"author\":{\"@id\":\"https:\/\/www.ull.es\/portal\/noticias\/#\/schema\/person\/c3b2aa857797592927a03740d6664376\"},\"breadcrumb\":{\"@id\":\"https:\/\/www.ull.es\/portal\/noticias\/2014\/la-muestra-universitaria-de-artes-escenicas-de-la-ull-continua-con-la-obra-el-cadaver-del-sr-garcia\/#breadcrumb\"},\"inLanguage\":\"es\",\"potentialAction\":[{\"@type\":\"ReadAction\",\"target\":[\"https:\/\/www.ull.es\/portal\/noticias\/2014\/la-muestra-universitaria-de-artes-escenicas-de-la-ull-continua-con-la-obra-el-cadaver-del-sr-garcia\/\"]}]},{\"@type\":\"BreadcrumbList\",\"@id\":\"https:\/\/www.ull.es\/portal\/noticias\/2014\/la-muestra-universitaria-de-artes-escenicas-de-la-ull-continua-con-la-obra-el-cadaver-del-sr-garcia\/#breadcrumb\",\"itemListElement\":[{\"@type\":\"ListItem\",\"position\":1,\"name\":\"Portada\",\"item\":\"https:\/\/www.ull.es\/portal\/noticias\/\"},{\"@type\":\"ListItem\",\"position\":2,\"name\":\"La Muestra Universitaria de Artes Esc\u00e9nicas de la ULL contin\u00faa con la obra \u201cEl cad\u00e1ver del Sr. Garc\u00eda\u201d\"}]},{\"@type\":\"WebSite\",\"@id\":\"https:\/\/www.ull.es\/portal\/noticias\/#website\",\"url\":\"https:\/\/www.ull.es\/portal\/noticias\/\",\"name\":\"ULL - Noticias\",\"description\":\"\",\"potentialAction\":[{\"@type\":\"SearchAction\",\"target\":{\"@type\":\"EntryPoint\",\"urlTemplate\":\"https:\/\/www.ull.es\/portal\/noticias\/?s={search_term_string}\"},\"query-input\":\"required name=search_term_string\"}],\"inLanguage\":\"es\"},{\"@type\":\"Person\",\"@id\":\"https:\/\/www.ull.es\/portal\/noticias\/#\/schema\/person\/c3b2aa857797592927a03740d6664376\",\"name\":\"prensa2\",\"image\":{\"@type\":\"ImageObject\",\"inLanguage\":\"es\",\"@id\":\"https:\/\/www.ull.es\/portal\/noticias\/#\/schema\/person\/image\/\",\"url\":\"https:\/\/secure.gravatar.com\/avatar\/b58f310a5de5feb33d1e026d2493f23c?s=96&d=mm&r=g\",\"contentUrl\":\"https:\/\/secure.gravatar.com\/avatar\/b58f310a5de5feb33d1e026d2493f23c?s=96&d=mm&r=g\",\"caption\":\"prensa2\"},\"url\":\"https:\/\/www.ull.es\/portal\/noticias\/author\/prensa2\/\"}]}<\/script>\n<!-- \/ Yoast SEO plugin. -->","yoast_head_json":{"title":"La Muestra Universitaria de Artes Esc\u00e9nicas de la ULL contin\u00faa con la obra \u201cEl cad\u00e1ver del Sr. Garc\u00eda\u201d - ULL - Noticias","robots":{"index":"index","follow":"follow","max-snippet":"max-snippet:-1","max-image-preview":"max-image-preview:large","max-video-preview":"max-video-preview:-1"},"canonical":"https:\/\/www.ull.es\/portal\/noticias\/2014\/la-muestra-universitaria-de-artes-escenicas-de-la-ull-continua-con-la-obra-el-cadaver-del-sr-garcia\/","og_locale":"es_ES","og_type":"article","og_title":"La Muestra Universitaria de Artes Esc\u00e9nicas de la ULL contin\u00faa con la obra \u201cEl cad\u00e1ver del Sr. Garc\u00eda\u201d - ULL - Noticias","og_description":"La Muestra Universitaria de la Universidad de La Laguna regresa al Paraninfo con la obra &ldquo;El cad&aacute;ver del Sr. Garc&iacute;a&rdquo;,...","og_url":"https:\/\/www.ull.es\/portal\/noticias\/2014\/la-muestra-universitaria-de-artes-escenicas-de-la-ull-continua-con-la-obra-el-cadaver-del-sr-garcia\/","og_site_name":"ULL - Noticias","article_publisher":"https:\/\/www.facebook.com\/universidaddelalaguna\/","article_published_time":"2014-10-09T13:42:47+00:00","og_image":[{"width":849,"height":1200,"url":"https:\/\/www.ull.es\/portal\/noticias\/wp-content\/uploads\/sites\/13\/2015\/07\/cartel-El-cad\u00e1ver-del-se\u00f1or-Garc\u00eda1.jpg","type":"image\/jpeg"}],"author":"prensa2","twitter_card":"summary_large_image","twitter_creator":"@CanalULL","twitter_site":"@CanalULL","twitter_misc":{"Escrito por":"prensa2","Tiempo de lectura":"1 minuto"},"schema":{"@context":"https:\/\/schema.org","@graph":[{"@type":"WebPage","@id":"https:\/\/www.ull.es\/portal\/noticias\/2014\/la-muestra-universitaria-de-artes-escenicas-de-la-ull-continua-con-la-obra-el-cadaver-del-sr-garcia\/","url":"https:\/\/www.ull.es\/portal\/noticias\/2014\/la-muestra-universitaria-de-artes-escenicas-de-la-ull-continua-con-la-obra-el-cadaver-del-sr-garcia\/","name":"La Muestra Universitaria de Artes Esc\u00e9nicas de la ULL contin\u00faa con la obra \u201cEl cad\u00e1ver del Sr. Garc\u00eda\u201d - ULL - Noticias","isPartOf":{"@id":"https:\/\/www.ull.es\/portal\/noticias\/#website"},"datePublished":"2014-10-09T13:42:47+00:00","dateModified":"2014-10-09T13:42:47+00:00","author":{"@id":"https:\/\/www.ull.es\/portal\/noticias\/#\/schema\/person\/c3b2aa857797592927a03740d6664376"},"breadcrumb":{"@id":"https:\/\/www.ull.es\/portal\/noticias\/2014\/la-muestra-universitaria-de-artes-escenicas-de-la-ull-continua-con-la-obra-el-cadaver-del-sr-garcia\/#breadcrumb"},"inLanguage":"es","potentialAction":[{"@type":"ReadAction","target":["https:\/\/www.ull.es\/portal\/noticias\/2014\/la-muestra-universitaria-de-artes-escenicas-de-la-ull-continua-con-la-obra-el-cadaver-del-sr-garcia\/"]}]},{"@type":"BreadcrumbList","@id":"https:\/\/www.ull.es\/portal\/noticias\/2014\/la-muestra-universitaria-de-artes-escenicas-de-la-ull-continua-con-la-obra-el-cadaver-del-sr-garcia\/#breadcrumb","itemListElement":[{"@type":"ListItem","position":1,"name":"Portada","item":"https:\/\/www.ull.es\/portal\/noticias\/"},{"@type":"ListItem","position":2,"name":"La Muestra Universitaria de Artes Esc\u00e9nicas de la ULL contin\u00faa con la obra \u201cEl cad\u00e1ver del Sr. Garc\u00eda\u201d"}]},{"@type":"WebSite","@id":"https:\/\/www.ull.es\/portal\/noticias\/#website","url":"https:\/\/www.ull.es\/portal\/noticias\/","name":"ULL - Noticias","description":"","potentialAction":[{"@type":"SearchAction","target":{"@type":"EntryPoint","urlTemplate":"https:\/\/www.ull.es\/portal\/noticias\/?s={search_term_string}"},"query-input":"required name=search_term_string"}],"inLanguage":"es"},{"@type":"Person","@id":"https:\/\/www.ull.es\/portal\/noticias\/#\/schema\/person\/c3b2aa857797592927a03740d6664376","name":"prensa2","image":{"@type":"ImageObject","inLanguage":"es","@id":"https:\/\/www.ull.es\/portal\/noticias\/#\/schema\/person\/image\/","url":"https:\/\/secure.gravatar.com\/avatar\/b58f310a5de5feb33d1e026d2493f23c?s=96&d=mm&r=g","contentUrl":"https:\/\/secure.gravatar.com\/avatar\/b58f310a5de5feb33d1e026d2493f23c?s=96&d=mm&r=g","caption":"prensa2"},"url":"https:\/\/www.ull.es\/portal\/noticias\/author\/prensa2\/"}]}},"primary_category":null,"featured_image_thumbnail_url":"https:\/\/www.ull.es\/portal\/noticias\/wp-content\/uploads\/sites\/13\/2015\/07\/cartel-El-cad\u00e1ver-del-se\u00f1or-Garc\u00eda1-212x300.jpg","_links":{"self":[{"href":"https:\/\/www.ull.es\/portal\/noticias\/wp-json\/wp\/v2\/posts\/23070"}],"collection":[{"href":"https:\/\/www.ull.es\/portal\/noticias\/wp-json\/wp\/v2\/posts"}],"about":[{"href":"https:\/\/www.ull.es\/portal\/noticias\/wp-json\/wp\/v2\/types\/post"}],"author":[{"embeddable":true,"href":"https:\/\/www.ull.es\/portal\/noticias\/wp-json\/wp\/v2\/users\/21"}],"replies":[{"embeddable":true,"href":"https:\/\/www.ull.es\/portal\/noticias\/wp-json\/wp\/v2\/comments?post=23070"}],"version-history":[{"count":0,"href":"https:\/\/www.ull.es\/portal\/noticias\/wp-json\/wp\/v2\/posts\/23070\/revisions"}],"wp:featuredmedia":[{"embeddable":true,"href":"https:\/\/www.ull.es\/portal\/noticias\/wp-json\/wp\/v2\/media\/23071"}],"wp:attachment":[{"href":"https:\/\/www.ull.es\/portal\/noticias\/wp-json\/wp\/v2\/media?parent=23070"}],"wp:term":[{"taxonomy":"category","embeddable":true,"href":"https:\/\/www.ull.es\/portal\/noticias\/wp-json\/wp\/v2\/categories?post=23070"},{"taxonomy":"post_tag","embeddable":true,"href":"https:\/\/www.ull.es\/portal\/noticias\/wp-json\/wp\/v2\/tags?post=23070"}],"curies":[{"name":"wp","href":"https:\/\/api.w.org\/{rel}","templated":true}]}}