{"id":23102,"date":"2014-10-15T15:21:45","date_gmt":"2014-10-15T15:21:45","guid":{"rendered":"http:\/\/ddigital.webs.ull.es\/la-ull-votara-la-renovacion-del-sector-del-alumnado-de-su-claustro-el-proximo-27-de-noviembre\/"},"modified":"2014-10-15T15:21:45","modified_gmt":"2014-10-15T15:21:45","slug":"la-ull-votara-la-renovacion-del-sector-del-alumnado-de-su-claustro-el-proximo-27-de-noviembre","status":"publish","type":"post","link":"https:\/\/www.ull.es\/portal\/noticias\/2014\/la-ull-votara-la-renovacion-del-sector-del-alumnado-de-su-claustro-el-proximo-27-de-noviembre\/","title":{"rendered":"La ULL votar\u00e1 la renovaci\u00f3n del sector del alumnado de su Claustro el pr\u00f3ximo 27 de noviembre"},"content":{"rendered":"<p> \tLa Universidad de La Laguna ha publicado hoy, 15 de octubre, la convocatoria de elecciones para renovar el sector de alumnado del Claustro Universitario. Ya se ha publicado en la portada de la p&aacute;gina web institucional la secci&oacute;n dedicada a estos comicios, incluyendo la convocatoria y el calendario electoral. La votaci&oacute;n se celebrar&aacute; el pr&oacute;ximo jueves 27 de noviembre, y a ella est&aacute;n llamados los m&aacute;s de 22.000 estudiantes del centro acad&eacute;mico.<\/p>\n<p> \tEl Claustro universitario est&aacute; compuesto por 250 representantes electos, pertenecientes a los diferentes sectores de la instituci&oacute;n, m&aacute;s los tres miembros natos, que son el rector, el secretario general y el gerente. El &oacute;rgano se renueva cada cuatro a&ntilde;os, excepto el sector del alumnado, integrado por 75 personas, cuya renovaci&oacute;n es bienal y es la que se va a producir con estos comicios.<\/p>\n<p> \tEl calendario electoral prev&eacute; que el d&iacute;a 23 de octubre se publique el censo electoral y que el plazo para presentar candidaturas se abra entre el 29 de octubre y el 6 de noviembre. Para formalizarlas, la Comisi&oacute;n Electoral General facilitar&aacute; el modelo normalizado que deber&aacute;n cumplimentar las diferentes candidaturas, incluyendo la composici&oacute;n de sus listas electorales respectivas.<\/p>\n<p> \tTras el habitual periodo de reclamaciones, las candidaturas se proclamar&iacute;an definitivamente el 15 de noviembre y, entre el 17 y el 25 del mismo mes se desarrollar&iacute;a el periodo de campa&ntilde;a electoral. Tras el d&iacute;a de reflexi&oacute;n preceptivo, el d&iacute;a 27 se desarrollar&iacute;a la votaci&oacute;n y un d&iacute;a despu&eacute;s se publicar&iacute;an los resultados provisionales, los cuales tras dos d&iacute;as para presentar reclamaciones, dar&iacute;an paso a los definitivos, el 3 de diciembre.<\/p>\n<p> \t&nbsp;<\/p>\n","protected":false},"excerpt":{"rendered":"<p>La Universidad de La Laguna ha publicado hoy, 15 de octubre, la convocatoria de elecciones para renovar el sector de&#8230;<\/p>\n","protected":false},"author":21,"featured_media":23103,"comment_status":"open","ping_status":"open","sticky":false,"template":"","format":"standard","meta":{"inline_featured_image":false,"footnotes":""},"categories":[347,1],"tags":[],"acf":[],"yoast_head":"<!-- This site is optimized with the Yoast SEO plugin v21.3 - https:\/\/yoast.com\/wordpress\/plugins\/seo\/ -->\n<title>La ULL votar\u00e1 la renovaci\u00f3n del sector del alumnado de su Claustro el pr\u00f3ximo 27 de noviembre - ULL - Noticias<\/title>\n<meta name=\"robots\" content=\"index, follow, max-snippet:-1, max-image-preview:large, max-video-preview:-1\" \/>\n<link rel=\"canonical\" href=\"https:\/\/www.ull.es\/portal\/noticias\/2014\/la-ull-votara-la-renovacion-del-sector-del-alumnado-de-su-claustro-el-proximo-27-de-noviembre\/\" \/>\n<meta property=\"og:locale\" content=\"es_ES\" \/>\n<meta property=\"og:type\" content=\"article\" \/>\n<meta property=\"og:title\" content=\"La ULL votar\u00e1 la renovaci\u00f3n del sector del alumnado de su Claustro el pr\u00f3ximo 27 de noviembre - ULL - Noticias\" \/>\n<meta property=\"og:description\" content=\"La Universidad de La Laguna ha publicado hoy, 15 de octubre, la convocatoria de elecciones para renovar el sector de...\" \/>\n<meta property=\"og:url\" content=\"https:\/\/www.ull.es\/portal\/noticias\/2014\/la-ull-votara-la-renovacion-del-sector-del-alumnado-de-su-claustro-el-proximo-27-de-noviembre\/\" \/>\n<meta property=\"og:site_name\" content=\"ULL - Noticias\" \/>\n<meta property=\"article:publisher\" content=\"https:\/\/www.facebook.com\/universidaddelalaguna\/\" \/>\n<meta property=\"article:published_time\" content=\"2014-10-15T15:21:45+00:00\" \/>\n<meta property=\"og:image\" content=\"https:\/\/www.ull.es\/portal\/noticias\/wp-content\/uploads\/sites\/13\/2015\/07\/elecciones_claustro_alumnado.jpg\" \/>\n\t<meta property=\"og:image:width\" content=\"154\" \/>\n\t<meta property=\"og:image:height\" content=\"50\" \/>\n\t<meta property=\"og:image:type\" content=\"image\/jpeg\" \/>\n<meta name=\"author\" content=\"prensa2\" \/>\n<meta name=\"twitter:card\" content=\"summary_large_image\" \/>\n<meta name=\"twitter:creator\" content=\"@CanalULL\" \/>\n<meta name=\"twitter:site\" content=\"@CanalULL\" \/>\n<meta name=\"twitter:label1\" content=\"Escrito por\" \/>\n\t<meta name=\"twitter:data1\" content=\"prensa2\" \/>\n\t<meta name=\"twitter:label2\" content=\"Tiempo de lectura\" \/>\n\t<meta name=\"twitter:data2\" content=\"2 minutos\" \/>\n<script type=\"application\/ld+json\" class=\"yoast-schema-graph\">{\"@context\":\"https:\/\/schema.org\",\"@graph\":[{\"@type\":\"WebPage\",\"@id\":\"https:\/\/www.ull.es\/portal\/noticias\/2014\/la-ull-votara-la-renovacion-del-sector-del-alumnado-de-su-claustro-el-proximo-27-de-noviembre\/\",\"url\":\"https:\/\/www.ull.es\/portal\/noticias\/2014\/la-ull-votara-la-renovacion-del-sector-del-alumnado-de-su-claustro-el-proximo-27-de-noviembre\/\",\"name\":\"La ULL votar\u00e1 la renovaci\u00f3n del sector del alumnado de su Claustro el pr\u00f3ximo 27 de noviembre - ULL - Noticias\",\"isPartOf\":{\"@id\":\"https:\/\/www.ull.es\/portal\/noticias\/#website\"},\"datePublished\":\"2014-10-15T15:21:45+00:00\",\"dateModified\":\"2014-10-15T15:21:45+00:00\",\"author\":{\"@id\":\"https:\/\/www.ull.es\/portal\/noticias\/#\/schema\/person\/c3b2aa857797592927a03740d6664376\"},\"breadcrumb\":{\"@id\":\"https:\/\/www.ull.es\/portal\/noticias\/2014\/la-ull-votara-la-renovacion-del-sector-del-alumnado-de-su-claustro-el-proximo-27-de-noviembre\/#breadcrumb\"},\"inLanguage\":\"es\",\"potentialAction\":[{\"@type\":\"ReadAction\",\"target\":[\"https:\/\/www.ull.es\/portal\/noticias\/2014\/la-ull-votara-la-renovacion-del-sector-del-alumnado-de-su-claustro-el-proximo-27-de-noviembre\/\"]}]},{\"@type\":\"BreadcrumbList\",\"@id\":\"https:\/\/www.ull.es\/portal\/noticias\/2014\/la-ull-votara-la-renovacion-del-sector-del-alumnado-de-su-claustro-el-proximo-27-de-noviembre\/#breadcrumb\",\"itemListElement\":[{\"@type\":\"ListItem\",\"position\":1,\"name\":\"Portada\",\"item\":\"https:\/\/www.ull.es\/portal\/noticias\/\"},{\"@type\":\"ListItem\",\"position\":2,\"name\":\"La ULL votar\u00e1 la renovaci\u00f3n del sector del alumnado de su Claustro el pr\u00f3ximo 27 de noviembre\"}]},{\"@type\":\"WebSite\",\"@id\":\"https:\/\/www.ull.es\/portal\/noticias\/#website\",\"url\":\"https:\/\/www.ull.es\/portal\/noticias\/\",\"name\":\"ULL - Noticias\",\"description\":\"\",\"potentialAction\":[{\"@type\":\"SearchAction\",\"target\":{\"@type\":\"EntryPoint\",\"urlTemplate\":\"https:\/\/www.ull.es\/portal\/noticias\/?s={search_term_string}\"},\"query-input\":\"required name=search_term_string\"}],\"inLanguage\":\"es\"},{\"@type\":\"Person\",\"@id\":\"https:\/\/www.ull.es\/portal\/noticias\/#\/schema\/person\/c3b2aa857797592927a03740d6664376\",\"name\":\"prensa2\",\"image\":{\"@type\":\"ImageObject\",\"inLanguage\":\"es\",\"@id\":\"https:\/\/www.ull.es\/portal\/noticias\/#\/schema\/person\/image\/\",\"url\":\"https:\/\/secure.gravatar.com\/avatar\/b58f310a5de5feb33d1e026d2493f23c?s=96&d=mm&r=g\",\"contentUrl\":\"https:\/\/secure.gravatar.com\/avatar\/b58f310a5de5feb33d1e026d2493f23c?s=96&d=mm&r=g\",\"caption\":\"prensa2\"},\"url\":\"https:\/\/www.ull.es\/portal\/noticias\/author\/prensa2\/\"}]}<\/script>\n<!-- \/ Yoast SEO plugin. -->","yoast_head_json":{"title":"La ULL votar\u00e1 la renovaci\u00f3n del sector del alumnado de su Claustro el pr\u00f3ximo 27 de noviembre - ULL - Noticias","robots":{"index":"index","follow":"follow","max-snippet":"max-snippet:-1","max-image-preview":"max-image-preview:large","max-video-preview":"max-video-preview:-1"},"canonical":"https:\/\/www.ull.es\/portal\/noticias\/2014\/la-ull-votara-la-renovacion-del-sector-del-alumnado-de-su-claustro-el-proximo-27-de-noviembre\/","og_locale":"es_ES","og_type":"article","og_title":"La ULL votar\u00e1 la renovaci\u00f3n del sector del alumnado de su Claustro el pr\u00f3ximo 27 de noviembre - ULL - Noticias","og_description":"La Universidad de La Laguna ha publicado hoy, 15 de octubre, la convocatoria de elecciones para renovar el sector de...","og_url":"https:\/\/www.ull.es\/portal\/noticias\/2014\/la-ull-votara-la-renovacion-del-sector-del-alumnado-de-su-claustro-el-proximo-27-de-noviembre\/","og_site_name":"ULL - Noticias","article_publisher":"https:\/\/www.facebook.com\/universidaddelalaguna\/","article_published_time":"2014-10-15T15:21:45+00:00","og_image":[{"width":154,"height":50,"url":"https:\/\/www.ull.es\/portal\/noticias\/wp-content\/uploads\/sites\/13\/2015\/07\/elecciones_claustro_alumnado.jpg","type":"image\/jpeg"}],"author":"prensa2","twitter_card":"summary_large_image","twitter_creator":"@CanalULL","twitter_site":"@CanalULL","twitter_misc":{"Escrito por":"prensa2","Tiempo de lectura":"2 minutos"},"schema":{"@context":"https:\/\/schema.org","@graph":[{"@type":"WebPage","@id":"https:\/\/www.ull.es\/portal\/noticias\/2014\/la-ull-votara-la-renovacion-del-sector-del-alumnado-de-su-claustro-el-proximo-27-de-noviembre\/","url":"https:\/\/www.ull.es\/portal\/noticias\/2014\/la-ull-votara-la-renovacion-del-sector-del-alumnado-de-su-claustro-el-proximo-27-de-noviembre\/","name":"La ULL votar\u00e1 la renovaci\u00f3n del sector del alumnado de su Claustro el pr\u00f3ximo 27 de noviembre - ULL - Noticias","isPartOf":{"@id":"https:\/\/www.ull.es\/portal\/noticias\/#website"},"datePublished":"2014-10-15T15:21:45+00:00","dateModified":"2014-10-15T15:21:45+00:00","author":{"@id":"https:\/\/www.ull.es\/portal\/noticias\/#\/schema\/person\/c3b2aa857797592927a03740d6664376"},"breadcrumb":{"@id":"https:\/\/www.ull.es\/portal\/noticias\/2014\/la-ull-votara-la-renovacion-del-sector-del-alumnado-de-su-claustro-el-proximo-27-de-noviembre\/#breadcrumb"},"inLanguage":"es","potentialAction":[{"@type":"ReadAction","target":["https:\/\/www.ull.es\/portal\/noticias\/2014\/la-ull-votara-la-renovacion-del-sector-del-alumnado-de-su-claustro-el-proximo-27-de-noviembre\/"]}]},{"@type":"BreadcrumbList","@id":"https:\/\/www.ull.es\/portal\/noticias\/2014\/la-ull-votara-la-renovacion-del-sector-del-alumnado-de-su-claustro-el-proximo-27-de-noviembre\/#breadcrumb","itemListElement":[{"@type":"ListItem","position":1,"name":"Portada","item":"https:\/\/www.ull.es\/portal\/noticias\/"},{"@type":"ListItem","position":2,"name":"La ULL votar\u00e1 la renovaci\u00f3n del sector del alumnado de su Claustro el pr\u00f3ximo 27 de noviembre"}]},{"@type":"WebSite","@id":"https:\/\/www.ull.es\/portal\/noticias\/#website","url":"https:\/\/www.ull.es\/portal\/noticias\/","name":"ULL - Noticias","description":"","potentialAction":[{"@type":"SearchAction","target":{"@type":"EntryPoint","urlTemplate":"https:\/\/www.ull.es\/portal\/noticias\/?s={search_term_string}"},"query-input":"required name=search_term_string"}],"inLanguage":"es"},{"@type":"Person","@id":"https:\/\/www.ull.es\/portal\/noticias\/#\/schema\/person\/c3b2aa857797592927a03740d6664376","name":"prensa2","image":{"@type":"ImageObject","inLanguage":"es","@id":"https:\/\/www.ull.es\/portal\/noticias\/#\/schema\/person\/image\/","url":"https:\/\/secure.gravatar.com\/avatar\/b58f310a5de5feb33d1e026d2493f23c?s=96&d=mm&r=g","contentUrl":"https:\/\/secure.gravatar.com\/avatar\/b58f310a5de5feb33d1e026d2493f23c?s=96&d=mm&r=g","caption":"prensa2"},"url":"https:\/\/www.ull.es\/portal\/noticias\/author\/prensa2\/"}]}},"primary_category":null,"featured_image_thumbnail_url":"https:\/\/www.ull.es\/portal\/noticias\/wp-content\/uploads\/sites\/13\/2015\/07\/elecciones_claustro_alumnado.jpg","_links":{"self":[{"href":"https:\/\/www.ull.es\/portal\/noticias\/wp-json\/wp\/v2\/posts\/23102"}],"collection":[{"href":"https:\/\/www.ull.es\/portal\/noticias\/wp-json\/wp\/v2\/posts"}],"about":[{"href":"https:\/\/www.ull.es\/portal\/noticias\/wp-json\/wp\/v2\/types\/post"}],"author":[{"embeddable":true,"href":"https:\/\/www.ull.es\/portal\/noticias\/wp-json\/wp\/v2\/users\/21"}],"replies":[{"embeddable":true,"href":"https:\/\/www.ull.es\/portal\/noticias\/wp-json\/wp\/v2\/comments?post=23102"}],"version-history":[{"count":0,"href":"https:\/\/www.ull.es\/portal\/noticias\/wp-json\/wp\/v2\/posts\/23102\/revisions"}],"wp:featuredmedia":[{"embeddable":true,"href":"https:\/\/www.ull.es\/portal\/noticias\/wp-json\/wp\/v2\/media\/23103"}],"wp:attachment":[{"href":"https:\/\/www.ull.es\/portal\/noticias\/wp-json\/wp\/v2\/media?parent=23102"}],"wp:term":[{"taxonomy":"category","embeddable":true,"href":"https:\/\/www.ull.es\/portal\/noticias\/wp-json\/wp\/v2\/categories?post=23102"},{"taxonomy":"post_tag","embeddable":true,"href":"https:\/\/www.ull.es\/portal\/noticias\/wp-json\/wp\/v2\/tags?post=23102"}],"curies":[{"name":"wp","href":"https:\/\/api.w.org\/{rel}","templated":true}]}}