{"id":23167,"date":"2014-10-24T12:19:26","date_gmt":"2014-10-24T12:19:26","guid":{"rendered":"http:\/\/ddigital.webs.ull.es\/los-comicos-raul-cimas-y-julian-lopez-contaran-toda-la-verdad-sobre-el-oso-hormiguero-en-el-paraninfo-de-la-ull\/"},"modified":"2014-10-24T12:19:26","modified_gmt":"2014-10-24T12:19:26","slug":"los-comicos-raul-cimas-y-julian-lopez-contaran-toda-la-verdad-sobre-el-oso-hormiguero-en-el-paraninfo-de-la-ull","status":"publish","type":"post","link":"https:\/\/www.ull.es\/portal\/noticias\/2014\/los-comicos-raul-cimas-y-julian-lopez-contaran-toda-la-verdad-sobre-el-oso-hormiguero-en-el-paraninfo-de-la-ull\/","title":{"rendered":"Los c\u00f3micos Ra\u00fal Cimas y Juli\u00e1n L\u00f3pez contar\u00e1n \u00abToda la verdad sobre el oso hormiguero\u00bb en el Paraninfo de  la ULL"},"content":{"rendered":"<p> \tLos humoristas Juli&aacute;n L&oacute;pez y Ra&uacute;l Cimas presentar&aacute;n su show &ldquo;Toda la verdad sobre el oso hormiguero&rdquo; el domingo 26 de octubre a las 19:30 horas en el Paraninfo de la Universidad de La Laguna. Las entradas est&aacute;n a la venta desde 12 euros en www.tomaticket.es y en la taquilla del Paraninfo el mismo d&iacute;a de la actuaci&oacute;n, una hora antes de su inicio. Los asistentes disponen de estacionamiento gratuito en el aparcamiento del Edificio Central.<\/p>\n<p> \tDe la mano de la productora Alfa Producciones, ambos c&oacute;micos llegan a Tenerife con el humor que han realizado en &lsquo;La Hora Chanante&rsquo;, &lsquo;Muchachada Nu&iacute;&rsquo; o &lsquo;Museo Coconut&rsquo;. La pieza mezcla varios g&eacute;neros y t&eacute;cnicas para sorprender al espectador, no tanto con grandes efectos o un gran despliegue tecnol&oacute;gico, como con la pura vis c&oacute;mica, calidad y versatilidad de sus ejecutantes.<\/p>\n<p> \tRa&uacute;l Cimas y Juli&aacute;n L&oacute;pez vienen de una saga de c&oacute;micos que, a trav&eacute;s de sus hilarantes mon&oacute;logos, se han ido situando en los v&eacute;rtices de una realidad en la que no se suele reparar y que, m&aacute;s all&aacute; de toda tragedia y amargura, tiene sus incontables partes divertidas.<\/p>\n<p> \tAmbos plantear&aacute;n un sinf&iacute;n de cuestiones que, siempre bailando entre la realidad y la ficci&oacute;n, no pueden resultar m&aacute;s absurdas. Y es que es precisamente ah&iacute; donde ambos c&oacute;micos se defienden como pez en el agua: disparatadas acciones, reflexiones sin sentido o conclusiones llenas de il&oacute;gica, sirven como resorte para la risa.<br \/> \t&nbsp;<\/p>\n","protected":false},"excerpt":{"rendered":"<p>Los humoristas Juli&aacute;n L&oacute;pez y Ra&uacute;l Cimas presentar&aacute;n su show &ldquo;Toda la verdad sobre el oso hormiguero&rdquo; el domingo 26&#8230;<\/p>\n","protected":false},"author":21,"featured_media":23168,"comment_status":"open","ping_status":"open","sticky":false,"template":"","format":"standard","meta":{"inline_featured_image":false,"footnotes":""},"categories":[344,1],"tags":[],"acf":[],"yoast_head":"<!-- This site is optimized with the Yoast SEO plugin v21.3 - https:\/\/yoast.com\/wordpress\/plugins\/seo\/ -->\n<title>Los c\u00f3micos Ra\u00fal Cimas y Juli\u00e1n L\u00f3pez contar\u00e1n &quot;Toda la verdad sobre el oso hormiguero&quot; en el Paraninfo de la ULL - ULL - Noticias<\/title>\n<meta name=\"robots\" content=\"index, follow, max-snippet:-1, max-image-preview:large, max-video-preview:-1\" \/>\n<link rel=\"canonical\" href=\"https:\/\/www.ull.es\/portal\/noticias\/2014\/los-comicos-raul-cimas-y-julian-lopez-contaran-toda-la-verdad-sobre-el-oso-hormiguero-en-el-paraninfo-de-la-ull\/\" \/>\n<meta property=\"og:locale\" content=\"es_ES\" \/>\n<meta property=\"og:type\" content=\"article\" \/>\n<meta property=\"og:title\" content=\"Los c\u00f3micos Ra\u00fal Cimas y Juli\u00e1n L\u00f3pez contar\u00e1n &quot;Toda la verdad sobre el oso hormiguero&quot; en el Paraninfo de la ULL - ULL - Noticias\" \/>\n<meta property=\"og:description\" content=\"Los humoristas Juli&aacute;n L&oacute;pez y Ra&uacute;l Cimas presentar&aacute;n su show &ldquo;Toda la verdad sobre el oso hormiguero&rdquo; el domingo 26...\" \/>\n<meta property=\"og:url\" content=\"https:\/\/www.ull.es\/portal\/noticias\/2014\/los-comicos-raul-cimas-y-julian-lopez-contaran-toda-la-verdad-sobre-el-oso-hormiguero-en-el-paraninfo-de-la-ull\/\" \/>\n<meta property=\"og:site_name\" content=\"ULL - Noticias\" \/>\n<meta property=\"article:publisher\" content=\"https:\/\/www.facebook.com\/universidaddelalaguna\/\" \/>\n<meta property=\"article:published_time\" content=\"2014-10-24T12:19:26+00:00\" \/>\n<meta property=\"og:image\" content=\"https:\/\/www.ull.es\/portal\/noticias\/wp-content\/uploads\/sites\/13\/2015\/07\/Raul-y-Julian-2014-Calle-TF.jpg\" \/>\n\t<meta property=\"og:image:width\" content=\"907\" \/>\n\t<meta property=\"og:image:height\" content=\"1276\" \/>\n\t<meta property=\"og:image:type\" content=\"image\/jpeg\" \/>\n<meta name=\"author\" content=\"prensa2\" \/>\n<meta name=\"twitter:card\" content=\"summary_large_image\" \/>\n<meta name=\"twitter:creator\" content=\"@CanalULL\" \/>\n<meta name=\"twitter:site\" content=\"@CanalULL\" \/>\n<meta name=\"twitter:label1\" content=\"Escrito por\" \/>\n\t<meta name=\"twitter:data1\" content=\"prensa2\" \/>\n\t<meta name=\"twitter:label2\" content=\"Tiempo de lectura\" \/>\n\t<meta name=\"twitter:data2\" content=\"2 minutos\" \/>\n<script type=\"application\/ld+json\" class=\"yoast-schema-graph\">{\"@context\":\"https:\/\/schema.org\",\"@graph\":[{\"@type\":\"WebPage\",\"@id\":\"https:\/\/www.ull.es\/portal\/noticias\/2014\/los-comicos-raul-cimas-y-julian-lopez-contaran-toda-la-verdad-sobre-el-oso-hormiguero-en-el-paraninfo-de-la-ull\/\",\"url\":\"https:\/\/www.ull.es\/portal\/noticias\/2014\/los-comicos-raul-cimas-y-julian-lopez-contaran-toda-la-verdad-sobre-el-oso-hormiguero-en-el-paraninfo-de-la-ull\/\",\"name\":\"Los c\u00f3micos Ra\u00fal Cimas y Juli\u00e1n L\u00f3pez contar\u00e1n \\\"Toda la verdad sobre el oso hormiguero\\\" en el Paraninfo de la ULL - ULL - Noticias\",\"isPartOf\":{\"@id\":\"https:\/\/www.ull.es\/portal\/noticias\/#website\"},\"datePublished\":\"2014-10-24T12:19:26+00:00\",\"dateModified\":\"2014-10-24T12:19:26+00:00\",\"author\":{\"@id\":\"https:\/\/www.ull.es\/portal\/noticias\/#\/schema\/person\/c3b2aa857797592927a03740d6664376\"},\"breadcrumb\":{\"@id\":\"https:\/\/www.ull.es\/portal\/noticias\/2014\/los-comicos-raul-cimas-y-julian-lopez-contaran-toda-la-verdad-sobre-el-oso-hormiguero-en-el-paraninfo-de-la-ull\/#breadcrumb\"},\"inLanguage\":\"es\",\"potentialAction\":[{\"@type\":\"ReadAction\",\"target\":[\"https:\/\/www.ull.es\/portal\/noticias\/2014\/los-comicos-raul-cimas-y-julian-lopez-contaran-toda-la-verdad-sobre-el-oso-hormiguero-en-el-paraninfo-de-la-ull\/\"]}]},{\"@type\":\"BreadcrumbList\",\"@id\":\"https:\/\/www.ull.es\/portal\/noticias\/2014\/los-comicos-raul-cimas-y-julian-lopez-contaran-toda-la-verdad-sobre-el-oso-hormiguero-en-el-paraninfo-de-la-ull\/#breadcrumb\",\"itemListElement\":[{\"@type\":\"ListItem\",\"position\":1,\"name\":\"Portada\",\"item\":\"https:\/\/www.ull.es\/portal\/noticias\/\"},{\"@type\":\"ListItem\",\"position\":2,\"name\":\"Los c\u00f3micos Ra\u00fal Cimas y Juli\u00e1n L\u00f3pez contar\u00e1n \u00abToda la verdad sobre el oso hormiguero\u00bb en el Paraninfo de la ULL\"}]},{\"@type\":\"WebSite\",\"@id\":\"https:\/\/www.ull.es\/portal\/noticias\/#website\",\"url\":\"https:\/\/www.ull.es\/portal\/noticias\/\",\"name\":\"ULL - Noticias\",\"description\":\"\",\"potentialAction\":[{\"@type\":\"SearchAction\",\"target\":{\"@type\":\"EntryPoint\",\"urlTemplate\":\"https:\/\/www.ull.es\/portal\/noticias\/?s={search_term_string}\"},\"query-input\":\"required name=search_term_string\"}],\"inLanguage\":\"es\"},{\"@type\":\"Person\",\"@id\":\"https:\/\/www.ull.es\/portal\/noticias\/#\/schema\/person\/c3b2aa857797592927a03740d6664376\",\"name\":\"prensa2\",\"image\":{\"@type\":\"ImageObject\",\"inLanguage\":\"es\",\"@id\":\"https:\/\/www.ull.es\/portal\/noticias\/#\/schema\/person\/image\/\",\"url\":\"https:\/\/secure.gravatar.com\/avatar\/b58f310a5de5feb33d1e026d2493f23c?s=96&d=mm&r=g\",\"contentUrl\":\"https:\/\/secure.gravatar.com\/avatar\/b58f310a5de5feb33d1e026d2493f23c?s=96&d=mm&r=g\",\"caption\":\"prensa2\"},\"url\":\"https:\/\/www.ull.es\/portal\/noticias\/author\/prensa2\/\"}]}<\/script>\n<!-- \/ Yoast SEO plugin. -->","yoast_head_json":{"title":"Los c\u00f3micos Ra\u00fal Cimas y Juli\u00e1n L\u00f3pez contar\u00e1n \"Toda la verdad sobre el oso hormiguero\" en el Paraninfo de la ULL - ULL - Noticias","robots":{"index":"index","follow":"follow","max-snippet":"max-snippet:-1","max-image-preview":"max-image-preview:large","max-video-preview":"max-video-preview:-1"},"canonical":"https:\/\/www.ull.es\/portal\/noticias\/2014\/los-comicos-raul-cimas-y-julian-lopez-contaran-toda-la-verdad-sobre-el-oso-hormiguero-en-el-paraninfo-de-la-ull\/","og_locale":"es_ES","og_type":"article","og_title":"Los c\u00f3micos Ra\u00fal Cimas y Juli\u00e1n L\u00f3pez contar\u00e1n \"Toda la verdad sobre el oso hormiguero\" en el Paraninfo de la ULL - ULL - Noticias","og_description":"Los humoristas Juli&aacute;n L&oacute;pez y Ra&uacute;l Cimas presentar&aacute;n su show &ldquo;Toda la verdad sobre el oso hormiguero&rdquo; el domingo 26...","og_url":"https:\/\/www.ull.es\/portal\/noticias\/2014\/los-comicos-raul-cimas-y-julian-lopez-contaran-toda-la-verdad-sobre-el-oso-hormiguero-en-el-paraninfo-de-la-ull\/","og_site_name":"ULL - Noticias","article_publisher":"https:\/\/www.facebook.com\/universidaddelalaguna\/","article_published_time":"2014-10-24T12:19:26+00:00","og_image":[{"width":907,"height":1276,"url":"https:\/\/www.ull.es\/portal\/noticias\/wp-content\/uploads\/sites\/13\/2015\/07\/Raul-y-Julian-2014-Calle-TF.jpg","type":"image\/jpeg"}],"author":"prensa2","twitter_card":"summary_large_image","twitter_creator":"@CanalULL","twitter_site":"@CanalULL","twitter_misc":{"Escrito por":"prensa2","Tiempo de lectura":"2 minutos"},"schema":{"@context":"https:\/\/schema.org","@graph":[{"@type":"WebPage","@id":"https:\/\/www.ull.es\/portal\/noticias\/2014\/los-comicos-raul-cimas-y-julian-lopez-contaran-toda-la-verdad-sobre-el-oso-hormiguero-en-el-paraninfo-de-la-ull\/","url":"https:\/\/www.ull.es\/portal\/noticias\/2014\/los-comicos-raul-cimas-y-julian-lopez-contaran-toda-la-verdad-sobre-el-oso-hormiguero-en-el-paraninfo-de-la-ull\/","name":"Los c\u00f3micos Ra\u00fal Cimas y Juli\u00e1n L\u00f3pez contar\u00e1n \"Toda la verdad sobre el oso hormiguero\" en el Paraninfo de la ULL - ULL - Noticias","isPartOf":{"@id":"https:\/\/www.ull.es\/portal\/noticias\/#website"},"datePublished":"2014-10-24T12:19:26+00:00","dateModified":"2014-10-24T12:19:26+00:00","author":{"@id":"https:\/\/www.ull.es\/portal\/noticias\/#\/schema\/person\/c3b2aa857797592927a03740d6664376"},"breadcrumb":{"@id":"https:\/\/www.ull.es\/portal\/noticias\/2014\/los-comicos-raul-cimas-y-julian-lopez-contaran-toda-la-verdad-sobre-el-oso-hormiguero-en-el-paraninfo-de-la-ull\/#breadcrumb"},"inLanguage":"es","potentialAction":[{"@type":"ReadAction","target":["https:\/\/www.ull.es\/portal\/noticias\/2014\/los-comicos-raul-cimas-y-julian-lopez-contaran-toda-la-verdad-sobre-el-oso-hormiguero-en-el-paraninfo-de-la-ull\/"]}]},{"@type":"BreadcrumbList","@id":"https:\/\/www.ull.es\/portal\/noticias\/2014\/los-comicos-raul-cimas-y-julian-lopez-contaran-toda-la-verdad-sobre-el-oso-hormiguero-en-el-paraninfo-de-la-ull\/#breadcrumb","itemListElement":[{"@type":"ListItem","position":1,"name":"Portada","item":"https:\/\/www.ull.es\/portal\/noticias\/"},{"@type":"ListItem","position":2,"name":"Los c\u00f3micos Ra\u00fal Cimas y Juli\u00e1n L\u00f3pez contar\u00e1n \u00abToda la verdad sobre el oso hormiguero\u00bb en el Paraninfo de la ULL"}]},{"@type":"WebSite","@id":"https:\/\/www.ull.es\/portal\/noticias\/#website","url":"https:\/\/www.ull.es\/portal\/noticias\/","name":"ULL - Noticias","description":"","potentialAction":[{"@type":"SearchAction","target":{"@type":"EntryPoint","urlTemplate":"https:\/\/www.ull.es\/portal\/noticias\/?s={search_term_string}"},"query-input":"required name=search_term_string"}],"inLanguage":"es"},{"@type":"Person","@id":"https:\/\/www.ull.es\/portal\/noticias\/#\/schema\/person\/c3b2aa857797592927a03740d6664376","name":"prensa2","image":{"@type":"ImageObject","inLanguage":"es","@id":"https:\/\/www.ull.es\/portal\/noticias\/#\/schema\/person\/image\/","url":"https:\/\/secure.gravatar.com\/avatar\/b58f310a5de5feb33d1e026d2493f23c?s=96&d=mm&r=g","contentUrl":"https:\/\/secure.gravatar.com\/avatar\/b58f310a5de5feb33d1e026d2493f23c?s=96&d=mm&r=g","caption":"prensa2"},"url":"https:\/\/www.ull.es\/portal\/noticias\/author\/prensa2\/"}]}},"primary_category":null,"featured_image_thumbnail_url":"https:\/\/www.ull.es\/portal\/noticias\/wp-content\/uploads\/sites\/13\/2015\/07\/Raul-y-Julian-2014-Calle-TF-213x300.jpg","_links":{"self":[{"href":"https:\/\/www.ull.es\/portal\/noticias\/wp-json\/wp\/v2\/posts\/23167"}],"collection":[{"href":"https:\/\/www.ull.es\/portal\/noticias\/wp-json\/wp\/v2\/posts"}],"about":[{"href":"https:\/\/www.ull.es\/portal\/noticias\/wp-json\/wp\/v2\/types\/post"}],"author":[{"embeddable":true,"href":"https:\/\/www.ull.es\/portal\/noticias\/wp-json\/wp\/v2\/users\/21"}],"replies":[{"embeddable":true,"href":"https:\/\/www.ull.es\/portal\/noticias\/wp-json\/wp\/v2\/comments?post=23167"}],"version-history":[{"count":0,"href":"https:\/\/www.ull.es\/portal\/noticias\/wp-json\/wp\/v2\/posts\/23167\/revisions"}],"wp:featuredmedia":[{"embeddable":true,"href":"https:\/\/www.ull.es\/portal\/noticias\/wp-json\/wp\/v2\/media\/23168"}],"wp:attachment":[{"href":"https:\/\/www.ull.es\/portal\/noticias\/wp-json\/wp\/v2\/media?parent=23167"}],"wp:term":[{"taxonomy":"category","embeddable":true,"href":"https:\/\/www.ull.es\/portal\/noticias\/wp-json\/wp\/v2\/categories?post=23167"},{"taxonomy":"post_tag","embeddable":true,"href":"https:\/\/www.ull.es\/portal\/noticias\/wp-json\/wp\/v2\/tags?post=23167"}],"curies":[{"name":"wp","href":"https:\/\/api.w.org\/{rel}","templated":true}]}}