{"id":23280,"date":"2014-11-13T13:27:29","date_gmt":"2014-11-13T13:27:29","guid":{"rendered":"http:\/\/ddigital.webs.ull.es\/pablo-lopez-mostrara-su-lado-mas-romantico-en-el-paraninfo-de-la-ull\/"},"modified":"2014-11-13T13:27:29","modified_gmt":"2014-11-13T13:27:29","slug":"pablo-lopez-mostrara-su-lado-mas-romantico-en-el-paraninfo-de-la-ull","status":"publish","type":"post","link":"https:\/\/www.ull.es\/portal\/noticias\/2014\/pablo-lopez-mostrara-su-lado-mas-romantico-en-el-paraninfo-de-la-ull\/","title":{"rendered":"Pablo L\u00f3pez mostrar\u00e1 su lado m\u00e1s rom\u00e1ntico en el Paraninfo de la ULL"},"content":{"rendered":"<p> \tEl Paraninfo de la Universidad de La Laguna acoge ma&ntilde;ana, viernes 14 de noviembre a partir de las 22:00 horas, el concierto del cantante Pablo L&oacute;pez, en el cual presentar&aacute; temas de su disco &ldquo;Once historias y un piano&rdquo;. Las entradas se pueden adquirir a trav&eacute;s de <a href=\"http:\/\/www.tomaticket.es\" target=\"_blank\" target=\"_blank\" rel=\"noopener\">www.tomaticket.es<\/a> a partir de 12 euros. Los asistentes disponen adem&aacute;s de estacionamiento gratuito en el parking del Edificio Central de la Universidad de La Laguna.<\/p>\n<p> \tPablo L&oacute;pez fue segundo en la edici&oacute;n de Operaci&oacute;n Triunfo en 2008. Desde entonces, ha recorrido Espa&ntilde;a realizando conciertos. <br \/> \tEl artista es n&uacute;mero 1 en la tienda de m&uacute;sica en l&iacute;nea iTunes con el tema &ldquo;El mejor momento&rdquo;, cuyos beneficios van destinados al proyecto &ldquo;Por Ellas&rdquo; de la Asociaci&oacute;n Espa&ntilde;ola Contra el C&aacute;ncer. <\/p>\n<p> \tDesde el lanzamiento de su disco, L&oacute;pez&ldquo;&rdquo; acumula premios como &ldquo;Artista revelaci&oacute;n 40 Principales 2013&rdquo;, &ldquo;M&aacute;s Popular&rdquo; y &ldquo;Cadena Dial 2013&rdquo;. Adem&aacute;s, recientemente ha sido nominado por los Grammy Latinos en la categor&iacute;a &ldquo;Mejor nuevo artista&rdquo;. <br \/> \t&nbsp;<\/p>\n","protected":false},"excerpt":{"rendered":"<p>El Paraninfo de la Universidad de La Laguna acoge ma&ntilde;ana, viernes 14 de noviembre a partir de las 22:00 horas,&#8230;<\/p>\n","protected":false},"author":21,"featured_media":23281,"comment_status":"open","ping_status":"open","sticky":false,"template":"","format":"standard","meta":{"inline_featured_image":false,"footnotes":""},"categories":[344,1],"tags":[],"acf":[],"yoast_head":"<!-- This site is optimized with the Yoast SEO plugin v21.3 - https:\/\/yoast.com\/wordpress\/plugins\/seo\/ -->\n<title>Pablo L\u00f3pez mostrar\u00e1 su lado m\u00e1s rom\u00e1ntico en el Paraninfo de la ULL - ULL - Noticias<\/title>\n<meta name=\"robots\" content=\"index, follow, max-snippet:-1, max-image-preview:large, max-video-preview:-1\" \/>\n<link rel=\"canonical\" href=\"https:\/\/www.ull.es\/portal\/noticias\/2014\/pablo-lopez-mostrara-su-lado-mas-romantico-en-el-paraninfo-de-la-ull\/\" \/>\n<meta property=\"og:locale\" content=\"es_ES\" \/>\n<meta property=\"og:type\" content=\"article\" \/>\n<meta property=\"og:title\" content=\"Pablo L\u00f3pez mostrar\u00e1 su lado m\u00e1s rom\u00e1ntico en el Paraninfo de la ULL - ULL - Noticias\" \/>\n<meta property=\"og:description\" content=\"El Paraninfo de la Universidad de La Laguna acoge ma&ntilde;ana, viernes 14 de noviembre a partir de las 22:00 horas,...\" \/>\n<meta property=\"og:url\" content=\"https:\/\/www.ull.es\/portal\/noticias\/2014\/pablo-lopez-mostrara-su-lado-mas-romantico-en-el-paraninfo-de-la-ull\/\" \/>\n<meta property=\"og:site_name\" content=\"ULL - Noticias\" \/>\n<meta property=\"article:publisher\" content=\"https:\/\/www.facebook.com\/universidaddelalaguna\/\" \/>\n<meta property=\"article:published_time\" content=\"2014-11-13T13:27:29+00:00\" \/>\n<meta property=\"og:image\" content=\"https:\/\/www.ull.es\/portal\/noticias\/wp-content\/uploads\/sites\/13\/2015\/07\/pablo_lopez.jpg\" \/>\n\t<meta property=\"og:image:width\" content=\"592\" \/>\n\t<meta property=\"og:image:height\" content=\"840\" \/>\n\t<meta property=\"og:image:type\" content=\"image\/jpeg\" \/>\n<meta name=\"author\" content=\"prensa2\" \/>\n<meta name=\"twitter:card\" content=\"summary_large_image\" \/>\n<meta name=\"twitter:creator\" content=\"@CanalULL\" \/>\n<meta name=\"twitter:site\" content=\"@CanalULL\" \/>\n<meta name=\"twitter:label1\" content=\"Escrito por\" \/>\n\t<meta name=\"twitter:data1\" content=\"prensa2\" \/>\n\t<meta name=\"twitter:label2\" content=\"Tiempo de lectura\" \/>\n\t<meta name=\"twitter:data2\" content=\"1 minuto\" \/>\n<script type=\"application\/ld+json\" class=\"yoast-schema-graph\">{\"@context\":\"https:\/\/schema.org\",\"@graph\":[{\"@type\":\"WebPage\",\"@id\":\"https:\/\/www.ull.es\/portal\/noticias\/2014\/pablo-lopez-mostrara-su-lado-mas-romantico-en-el-paraninfo-de-la-ull\/\",\"url\":\"https:\/\/www.ull.es\/portal\/noticias\/2014\/pablo-lopez-mostrara-su-lado-mas-romantico-en-el-paraninfo-de-la-ull\/\",\"name\":\"Pablo L\u00f3pez mostrar\u00e1 su lado m\u00e1s rom\u00e1ntico en el Paraninfo de la ULL - ULL - Noticias\",\"isPartOf\":{\"@id\":\"https:\/\/www.ull.es\/portal\/noticias\/#website\"},\"datePublished\":\"2014-11-13T13:27:29+00:00\",\"dateModified\":\"2014-11-13T13:27:29+00:00\",\"author\":{\"@id\":\"https:\/\/www.ull.es\/portal\/noticias\/#\/schema\/person\/c3b2aa857797592927a03740d6664376\"},\"breadcrumb\":{\"@id\":\"https:\/\/www.ull.es\/portal\/noticias\/2014\/pablo-lopez-mostrara-su-lado-mas-romantico-en-el-paraninfo-de-la-ull\/#breadcrumb\"},\"inLanguage\":\"es\",\"potentialAction\":[{\"@type\":\"ReadAction\",\"target\":[\"https:\/\/www.ull.es\/portal\/noticias\/2014\/pablo-lopez-mostrara-su-lado-mas-romantico-en-el-paraninfo-de-la-ull\/\"]}]},{\"@type\":\"BreadcrumbList\",\"@id\":\"https:\/\/www.ull.es\/portal\/noticias\/2014\/pablo-lopez-mostrara-su-lado-mas-romantico-en-el-paraninfo-de-la-ull\/#breadcrumb\",\"itemListElement\":[{\"@type\":\"ListItem\",\"position\":1,\"name\":\"Portada\",\"item\":\"https:\/\/www.ull.es\/portal\/noticias\/\"},{\"@type\":\"ListItem\",\"position\":2,\"name\":\"Pablo L\u00f3pez mostrar\u00e1 su lado m\u00e1s rom\u00e1ntico en el Paraninfo de la ULL\"}]},{\"@type\":\"WebSite\",\"@id\":\"https:\/\/www.ull.es\/portal\/noticias\/#website\",\"url\":\"https:\/\/www.ull.es\/portal\/noticias\/\",\"name\":\"ULL - Noticias\",\"description\":\"\",\"potentialAction\":[{\"@type\":\"SearchAction\",\"target\":{\"@type\":\"EntryPoint\",\"urlTemplate\":\"https:\/\/www.ull.es\/portal\/noticias\/?s={search_term_string}\"},\"query-input\":\"required name=search_term_string\"}],\"inLanguage\":\"es\"},{\"@type\":\"Person\",\"@id\":\"https:\/\/www.ull.es\/portal\/noticias\/#\/schema\/person\/c3b2aa857797592927a03740d6664376\",\"name\":\"prensa2\",\"image\":{\"@type\":\"ImageObject\",\"inLanguage\":\"es\",\"@id\":\"https:\/\/www.ull.es\/portal\/noticias\/#\/schema\/person\/image\/\",\"url\":\"https:\/\/secure.gravatar.com\/avatar\/b58f310a5de5feb33d1e026d2493f23c?s=96&d=mm&r=g\",\"contentUrl\":\"https:\/\/secure.gravatar.com\/avatar\/b58f310a5de5feb33d1e026d2493f23c?s=96&d=mm&r=g\",\"caption\":\"prensa2\"},\"url\":\"https:\/\/www.ull.es\/portal\/noticias\/author\/prensa2\/\"}]}<\/script>\n<!-- \/ Yoast SEO plugin. -->","yoast_head_json":{"title":"Pablo L\u00f3pez mostrar\u00e1 su lado m\u00e1s rom\u00e1ntico en el Paraninfo de la ULL - ULL - Noticias","robots":{"index":"index","follow":"follow","max-snippet":"max-snippet:-1","max-image-preview":"max-image-preview:large","max-video-preview":"max-video-preview:-1"},"canonical":"https:\/\/www.ull.es\/portal\/noticias\/2014\/pablo-lopez-mostrara-su-lado-mas-romantico-en-el-paraninfo-de-la-ull\/","og_locale":"es_ES","og_type":"article","og_title":"Pablo L\u00f3pez mostrar\u00e1 su lado m\u00e1s rom\u00e1ntico en el Paraninfo de la ULL - ULL - Noticias","og_description":"El Paraninfo de la Universidad de La Laguna acoge ma&ntilde;ana, viernes 14 de noviembre a partir de las 22:00 horas,...","og_url":"https:\/\/www.ull.es\/portal\/noticias\/2014\/pablo-lopez-mostrara-su-lado-mas-romantico-en-el-paraninfo-de-la-ull\/","og_site_name":"ULL - Noticias","article_publisher":"https:\/\/www.facebook.com\/universidaddelalaguna\/","article_published_time":"2014-11-13T13:27:29+00:00","og_image":[{"width":592,"height":840,"url":"https:\/\/www.ull.es\/portal\/noticias\/wp-content\/uploads\/sites\/13\/2015\/07\/pablo_lopez.jpg","type":"image\/jpeg"}],"author":"prensa2","twitter_card":"summary_large_image","twitter_creator":"@CanalULL","twitter_site":"@CanalULL","twitter_misc":{"Escrito por":"prensa2","Tiempo de lectura":"1 minuto"},"schema":{"@context":"https:\/\/schema.org","@graph":[{"@type":"WebPage","@id":"https:\/\/www.ull.es\/portal\/noticias\/2014\/pablo-lopez-mostrara-su-lado-mas-romantico-en-el-paraninfo-de-la-ull\/","url":"https:\/\/www.ull.es\/portal\/noticias\/2014\/pablo-lopez-mostrara-su-lado-mas-romantico-en-el-paraninfo-de-la-ull\/","name":"Pablo L\u00f3pez mostrar\u00e1 su lado m\u00e1s rom\u00e1ntico en el Paraninfo de la ULL - ULL - Noticias","isPartOf":{"@id":"https:\/\/www.ull.es\/portal\/noticias\/#website"},"datePublished":"2014-11-13T13:27:29+00:00","dateModified":"2014-11-13T13:27:29+00:00","author":{"@id":"https:\/\/www.ull.es\/portal\/noticias\/#\/schema\/person\/c3b2aa857797592927a03740d6664376"},"breadcrumb":{"@id":"https:\/\/www.ull.es\/portal\/noticias\/2014\/pablo-lopez-mostrara-su-lado-mas-romantico-en-el-paraninfo-de-la-ull\/#breadcrumb"},"inLanguage":"es","potentialAction":[{"@type":"ReadAction","target":["https:\/\/www.ull.es\/portal\/noticias\/2014\/pablo-lopez-mostrara-su-lado-mas-romantico-en-el-paraninfo-de-la-ull\/"]}]},{"@type":"BreadcrumbList","@id":"https:\/\/www.ull.es\/portal\/noticias\/2014\/pablo-lopez-mostrara-su-lado-mas-romantico-en-el-paraninfo-de-la-ull\/#breadcrumb","itemListElement":[{"@type":"ListItem","position":1,"name":"Portada","item":"https:\/\/www.ull.es\/portal\/noticias\/"},{"@type":"ListItem","position":2,"name":"Pablo L\u00f3pez mostrar\u00e1 su lado m\u00e1s rom\u00e1ntico en el Paraninfo de la ULL"}]},{"@type":"WebSite","@id":"https:\/\/www.ull.es\/portal\/noticias\/#website","url":"https:\/\/www.ull.es\/portal\/noticias\/","name":"ULL - Noticias","description":"","potentialAction":[{"@type":"SearchAction","target":{"@type":"EntryPoint","urlTemplate":"https:\/\/www.ull.es\/portal\/noticias\/?s={search_term_string}"},"query-input":"required name=search_term_string"}],"inLanguage":"es"},{"@type":"Person","@id":"https:\/\/www.ull.es\/portal\/noticias\/#\/schema\/person\/c3b2aa857797592927a03740d6664376","name":"prensa2","image":{"@type":"ImageObject","inLanguage":"es","@id":"https:\/\/www.ull.es\/portal\/noticias\/#\/schema\/person\/image\/","url":"https:\/\/secure.gravatar.com\/avatar\/b58f310a5de5feb33d1e026d2493f23c?s=96&d=mm&r=g","contentUrl":"https:\/\/secure.gravatar.com\/avatar\/b58f310a5de5feb33d1e026d2493f23c?s=96&d=mm&r=g","caption":"prensa2"},"url":"https:\/\/www.ull.es\/portal\/noticias\/author\/prensa2\/"}]}},"primary_category":null,"featured_image_thumbnail_url":"https:\/\/www.ull.es\/portal\/noticias\/wp-content\/uploads\/sites\/13\/2015\/07\/pablo_lopez-211x300.jpg","_links":{"self":[{"href":"https:\/\/www.ull.es\/portal\/noticias\/wp-json\/wp\/v2\/posts\/23280"}],"collection":[{"href":"https:\/\/www.ull.es\/portal\/noticias\/wp-json\/wp\/v2\/posts"}],"about":[{"href":"https:\/\/www.ull.es\/portal\/noticias\/wp-json\/wp\/v2\/types\/post"}],"author":[{"embeddable":true,"href":"https:\/\/www.ull.es\/portal\/noticias\/wp-json\/wp\/v2\/users\/21"}],"replies":[{"embeddable":true,"href":"https:\/\/www.ull.es\/portal\/noticias\/wp-json\/wp\/v2\/comments?post=23280"}],"version-history":[{"count":0,"href":"https:\/\/www.ull.es\/portal\/noticias\/wp-json\/wp\/v2\/posts\/23280\/revisions"}],"wp:featuredmedia":[{"embeddable":true,"href":"https:\/\/www.ull.es\/portal\/noticias\/wp-json\/wp\/v2\/media\/23281"}],"wp:attachment":[{"href":"https:\/\/www.ull.es\/portal\/noticias\/wp-json\/wp\/v2\/media?parent=23280"}],"wp:term":[{"taxonomy":"category","embeddable":true,"href":"https:\/\/www.ull.es\/portal\/noticias\/wp-json\/wp\/v2\/categories?post=23280"},{"taxonomy":"post_tag","embeddable":true,"href":"https:\/\/www.ull.es\/portal\/noticias\/wp-json\/wp\/v2\/tags?post=23280"}],"curies":[{"name":"wp","href":"https:\/\/api.w.org\/{rel}","templated":true}]}}