{"id":23606,"date":"2015-01-28T10:02:23","date_gmt":"2015-01-28T10:02:23","guid":{"rendered":"http:\/\/ddigital.webs.ull.es\/la-universidad-de-la-laguna-votara-manana-para-cambiar-parte-de-la-composicion-de-su-consejo-de-gobierno\/"},"modified":"2015-01-28T10:02:23","modified_gmt":"2015-01-28T10:02:23","slug":"la-universidad-de-la-laguna-votara-manana-para-cambiar-parte-de-la-composicion-de-su-consejo-de-gobierno","status":"publish","type":"post","link":"https:\/\/www.ull.es\/portal\/noticias\/2015\/la-universidad-de-la-laguna-votara-manana-para-cambiar-parte-de-la-composicion-de-su-consejo-de-gobierno\/","title":{"rendered":"La Universidad de La Laguna votar\u00e1 ma\u00f1ana para cambiar parte de la composici\u00f3n de su Consejo de Gobierno"},"content":{"rendered":"<p> \tEl Consejo de Gobierno es el principal &oacute;rgano de gesti&oacute;n de la Universidad de La Laguna, el cual se re&uacute;ne como m&iacute;nimo una vez al mes para decidir por votaci&oacute;n las principales cuestiones que ata&ntilde;en a la instituci&oacute;n, y que est&aacute; integrado por representantes de todos los colectivos que conforman la comunidad universitaria. Ma&ntilde;ana, jueves 29 de enero, se celebrara una votaci&oacute;n para elegir a parte de sus componentes.<\/p>\n<p> \tEn concreto, se elegir&aacute; a siete representantes de los directores de departamentos, otro de los directores de institutos universitarios de investigaci&oacute;n y ocho de los estudiantes claustrales. Se trata de una votaci&oacute;n restringida, en el que votar&aacute;n &uacute;nicamente los integrantes de cada uno de estos tres colectivos. <\/p>\n<p> \tSolamente se ha presentado cuatro candidaturas en el sector de directores de departamento, por lo que no se celebrar&aacute; ninguna votaci&oacute;n y quedar&aacute;n directamente elegidos como representantes. Los tres puestos restantes quedar&aacute;n vacantes hasta la celebraci&oacute;n de los pr&oacute;ximos comicios, dentro de dos a&ntilde;os.<\/p>\n<p> \tAlgo similar ha sucedido con los directores de institutos de investigaci&oacute;n: en este caso no ha habido ninguna candidatura, por lo cual este sector quedar&aacute; sin representaci&oacute;n en el &oacute;rgano colegiado hasta las siguientes elecciones.<\/p>\n<p> \tPor tanto, solamente habr&aacute; votaci&oacute;n en el sector del alumnado, que se celebrar&aacute;n de 10 a 17 horas en la mesa dispuesta en el pabell&oacute;n de gobierno de la ULL y votar&aacute; un censo compuesto por los 75 representantes de los estudiantes en el Claustro. En este caso, se presentan cuatro listas, cada una de ellas con ochos candidatos titulares y hasta tres suplente: Asamblea del Movimiento Estudiantil Canario (AMEC), Asociaci&oacute;n Canaria de Estudiantes (ACE), Libertad Estudiantil-AEULL y Candidatura Unida.<\/p>\n<p> \tEl d&iacute;a 30 de enero se proclamar&aacute;n los resultados provisionales de la votaci&oacute;n, mientras que durante los d&iacute;as 3 y 4 de febrero se podr&aacute;n presentar reclamaciones. El proceso culminar&aacute; el d&iacute;a 5 de febrero, con la publicaci&oacute;n de los resultados definitivos.<br \/> \t&nbsp;<\/p>\n","protected":false},"excerpt":{"rendered":"<p>El Consejo de Gobierno es el principal &oacute;rgano de gesti&oacute;n de la Universidad de La Laguna, el cual se re&uacute;ne&#8230;<\/p>\n","protected":false},"author":21,"featured_media":23607,"comment_status":"open","ping_status":"open","sticky":false,"template":"","format":"standard","meta":{"inline_featured_image":false,"footnotes":""},"categories":[347,1],"tags":[],"acf":[],"yoast_head":"<!-- This site is optimized with the Yoast SEO plugin v21.3 - https:\/\/yoast.com\/wordpress\/plugins\/seo\/ -->\n<title>La Universidad de La Laguna votar\u00e1 ma\u00f1ana para cambiar parte de la composici\u00f3n de su Consejo de Gobierno - ULL - Noticias<\/title>\n<meta name=\"robots\" content=\"index, follow, max-snippet:-1, max-image-preview:large, max-video-preview:-1\" \/>\n<link rel=\"canonical\" href=\"https:\/\/www.ull.es\/portal\/noticias\/2015\/la-universidad-de-la-laguna-votara-manana-para-cambiar-parte-de-la-composicion-de-su-consejo-de-gobierno\/\" \/>\n<meta property=\"og:locale\" content=\"es_ES\" \/>\n<meta property=\"og:type\" content=\"article\" \/>\n<meta property=\"og:title\" content=\"La Universidad de La Laguna votar\u00e1 ma\u00f1ana para cambiar parte de la composici\u00f3n de su Consejo de Gobierno - ULL - Noticias\" \/>\n<meta property=\"og:description\" content=\"El Consejo de Gobierno es el principal &oacute;rgano de gesti&oacute;n de la Universidad de La Laguna, el cual se re&uacute;ne...\" \/>\n<meta property=\"og:url\" content=\"https:\/\/www.ull.es\/portal\/noticias\/2015\/la-universidad-de-la-laguna-votara-manana-para-cambiar-parte-de-la-composicion-de-su-consejo-de-gobierno\/\" \/>\n<meta property=\"og:site_name\" content=\"ULL - Noticias\" \/>\n<meta property=\"article:publisher\" content=\"https:\/\/www.facebook.com\/universidaddelalaguna\/\" \/>\n<meta property=\"article:published_time\" content=\"2015-01-28T10:02:23+00:00\" \/>\n<meta property=\"og:image\" content=\"https:\/\/www.ull.es\/portal\/noticias\/wp-content\/uploads\/sites\/13\/2015\/07\/Elecciones-Cons-Gobierno-2013.jpg\" \/>\n\t<meta property=\"og:image:width\" content=\"1034\" \/>\n\t<meta property=\"og:image:height\" content=\"708\" \/>\n\t<meta property=\"og:image:type\" content=\"image\/jpeg\" \/>\n<meta name=\"author\" content=\"prensa2\" \/>\n<meta name=\"twitter:card\" content=\"summary_large_image\" \/>\n<meta name=\"twitter:creator\" content=\"@CanalULL\" \/>\n<meta name=\"twitter:site\" content=\"@CanalULL\" \/>\n<meta name=\"twitter:label1\" content=\"Escrito por\" \/>\n\t<meta name=\"twitter:data1\" content=\"prensa2\" \/>\n\t<meta name=\"twitter:label2\" content=\"Tiempo de lectura\" \/>\n\t<meta name=\"twitter:data2\" content=\"2 minutos\" \/>\n<script type=\"application\/ld+json\" class=\"yoast-schema-graph\">{\"@context\":\"https:\/\/schema.org\",\"@graph\":[{\"@type\":\"WebPage\",\"@id\":\"https:\/\/www.ull.es\/portal\/noticias\/2015\/la-universidad-de-la-laguna-votara-manana-para-cambiar-parte-de-la-composicion-de-su-consejo-de-gobierno\/\",\"url\":\"https:\/\/www.ull.es\/portal\/noticias\/2015\/la-universidad-de-la-laguna-votara-manana-para-cambiar-parte-de-la-composicion-de-su-consejo-de-gobierno\/\",\"name\":\"La Universidad de La Laguna votar\u00e1 ma\u00f1ana para cambiar parte de la composici\u00f3n de su Consejo de Gobierno - ULL - Noticias\",\"isPartOf\":{\"@id\":\"https:\/\/www.ull.es\/portal\/noticias\/#website\"},\"datePublished\":\"2015-01-28T10:02:23+00:00\",\"dateModified\":\"2015-01-28T10:02:23+00:00\",\"author\":{\"@id\":\"https:\/\/www.ull.es\/portal\/noticias\/#\/schema\/person\/c3b2aa857797592927a03740d6664376\"},\"breadcrumb\":{\"@id\":\"https:\/\/www.ull.es\/portal\/noticias\/2015\/la-universidad-de-la-laguna-votara-manana-para-cambiar-parte-de-la-composicion-de-su-consejo-de-gobierno\/#breadcrumb\"},\"inLanguage\":\"es\",\"potentialAction\":[{\"@type\":\"ReadAction\",\"target\":[\"https:\/\/www.ull.es\/portal\/noticias\/2015\/la-universidad-de-la-laguna-votara-manana-para-cambiar-parte-de-la-composicion-de-su-consejo-de-gobierno\/\"]}]},{\"@type\":\"BreadcrumbList\",\"@id\":\"https:\/\/www.ull.es\/portal\/noticias\/2015\/la-universidad-de-la-laguna-votara-manana-para-cambiar-parte-de-la-composicion-de-su-consejo-de-gobierno\/#breadcrumb\",\"itemListElement\":[{\"@type\":\"ListItem\",\"position\":1,\"name\":\"Portada\",\"item\":\"https:\/\/www.ull.es\/portal\/noticias\/\"},{\"@type\":\"ListItem\",\"position\":2,\"name\":\"La Universidad de La Laguna votar\u00e1 ma\u00f1ana para cambiar parte de la composici\u00f3n de su Consejo de Gobierno\"}]},{\"@type\":\"WebSite\",\"@id\":\"https:\/\/www.ull.es\/portal\/noticias\/#website\",\"url\":\"https:\/\/www.ull.es\/portal\/noticias\/\",\"name\":\"ULL - Noticias\",\"description\":\"\",\"potentialAction\":[{\"@type\":\"SearchAction\",\"target\":{\"@type\":\"EntryPoint\",\"urlTemplate\":\"https:\/\/www.ull.es\/portal\/noticias\/?s={search_term_string}\"},\"query-input\":\"required name=search_term_string\"}],\"inLanguage\":\"es\"},{\"@type\":\"Person\",\"@id\":\"https:\/\/www.ull.es\/portal\/noticias\/#\/schema\/person\/c3b2aa857797592927a03740d6664376\",\"name\":\"prensa2\",\"image\":{\"@type\":\"ImageObject\",\"inLanguage\":\"es\",\"@id\":\"https:\/\/www.ull.es\/portal\/noticias\/#\/schema\/person\/image\/\",\"url\":\"https:\/\/secure.gravatar.com\/avatar\/b58f310a5de5feb33d1e026d2493f23c?s=96&d=mm&r=g\",\"contentUrl\":\"https:\/\/secure.gravatar.com\/avatar\/b58f310a5de5feb33d1e026d2493f23c?s=96&d=mm&r=g\",\"caption\":\"prensa2\"},\"url\":\"https:\/\/www.ull.es\/portal\/noticias\/author\/prensa2\/\"}]}<\/script>\n<!-- \/ Yoast SEO plugin. -->","yoast_head_json":{"title":"La Universidad de La Laguna votar\u00e1 ma\u00f1ana para cambiar parte de la composici\u00f3n de su Consejo de Gobierno - ULL - Noticias","robots":{"index":"index","follow":"follow","max-snippet":"max-snippet:-1","max-image-preview":"max-image-preview:large","max-video-preview":"max-video-preview:-1"},"canonical":"https:\/\/www.ull.es\/portal\/noticias\/2015\/la-universidad-de-la-laguna-votara-manana-para-cambiar-parte-de-la-composicion-de-su-consejo-de-gobierno\/","og_locale":"es_ES","og_type":"article","og_title":"La Universidad de La Laguna votar\u00e1 ma\u00f1ana para cambiar parte de la composici\u00f3n de su Consejo de Gobierno - ULL - Noticias","og_description":"El Consejo de Gobierno es el principal &oacute;rgano de gesti&oacute;n de la Universidad de La Laguna, el cual se re&uacute;ne...","og_url":"https:\/\/www.ull.es\/portal\/noticias\/2015\/la-universidad-de-la-laguna-votara-manana-para-cambiar-parte-de-la-composicion-de-su-consejo-de-gobierno\/","og_site_name":"ULL - Noticias","article_publisher":"https:\/\/www.facebook.com\/universidaddelalaguna\/","article_published_time":"2015-01-28T10:02:23+00:00","og_image":[{"width":1034,"height":708,"url":"https:\/\/www.ull.es\/portal\/noticias\/wp-content\/uploads\/sites\/13\/2015\/07\/Elecciones-Cons-Gobierno-2013.jpg","type":"image\/jpeg"}],"author":"prensa2","twitter_card":"summary_large_image","twitter_creator":"@CanalULL","twitter_site":"@CanalULL","twitter_misc":{"Escrito por":"prensa2","Tiempo de lectura":"2 minutos"},"schema":{"@context":"https:\/\/schema.org","@graph":[{"@type":"WebPage","@id":"https:\/\/www.ull.es\/portal\/noticias\/2015\/la-universidad-de-la-laguna-votara-manana-para-cambiar-parte-de-la-composicion-de-su-consejo-de-gobierno\/","url":"https:\/\/www.ull.es\/portal\/noticias\/2015\/la-universidad-de-la-laguna-votara-manana-para-cambiar-parte-de-la-composicion-de-su-consejo-de-gobierno\/","name":"La Universidad de La Laguna votar\u00e1 ma\u00f1ana para cambiar parte de la composici\u00f3n de su Consejo de Gobierno - ULL - Noticias","isPartOf":{"@id":"https:\/\/www.ull.es\/portal\/noticias\/#website"},"datePublished":"2015-01-28T10:02:23+00:00","dateModified":"2015-01-28T10:02:23+00:00","author":{"@id":"https:\/\/www.ull.es\/portal\/noticias\/#\/schema\/person\/c3b2aa857797592927a03740d6664376"},"breadcrumb":{"@id":"https:\/\/www.ull.es\/portal\/noticias\/2015\/la-universidad-de-la-laguna-votara-manana-para-cambiar-parte-de-la-composicion-de-su-consejo-de-gobierno\/#breadcrumb"},"inLanguage":"es","potentialAction":[{"@type":"ReadAction","target":["https:\/\/www.ull.es\/portal\/noticias\/2015\/la-universidad-de-la-laguna-votara-manana-para-cambiar-parte-de-la-composicion-de-su-consejo-de-gobierno\/"]}]},{"@type":"BreadcrumbList","@id":"https:\/\/www.ull.es\/portal\/noticias\/2015\/la-universidad-de-la-laguna-votara-manana-para-cambiar-parte-de-la-composicion-de-su-consejo-de-gobierno\/#breadcrumb","itemListElement":[{"@type":"ListItem","position":1,"name":"Portada","item":"https:\/\/www.ull.es\/portal\/noticias\/"},{"@type":"ListItem","position":2,"name":"La Universidad de La Laguna votar\u00e1 ma\u00f1ana para cambiar parte de la composici\u00f3n de su Consejo de Gobierno"}]},{"@type":"WebSite","@id":"https:\/\/www.ull.es\/portal\/noticias\/#website","url":"https:\/\/www.ull.es\/portal\/noticias\/","name":"ULL - Noticias","description":"","potentialAction":[{"@type":"SearchAction","target":{"@type":"EntryPoint","urlTemplate":"https:\/\/www.ull.es\/portal\/noticias\/?s={search_term_string}"},"query-input":"required name=search_term_string"}],"inLanguage":"es"},{"@type":"Person","@id":"https:\/\/www.ull.es\/portal\/noticias\/#\/schema\/person\/c3b2aa857797592927a03740d6664376","name":"prensa2","image":{"@type":"ImageObject","inLanguage":"es","@id":"https:\/\/www.ull.es\/portal\/noticias\/#\/schema\/person\/image\/","url":"https:\/\/secure.gravatar.com\/avatar\/b58f310a5de5feb33d1e026d2493f23c?s=96&d=mm&r=g","contentUrl":"https:\/\/secure.gravatar.com\/avatar\/b58f310a5de5feb33d1e026d2493f23c?s=96&d=mm&r=g","caption":"prensa2"},"url":"https:\/\/www.ull.es\/portal\/noticias\/author\/prensa2\/"}]}},"primary_category":null,"featured_image_thumbnail_url":"https:\/\/www.ull.es\/portal\/noticias\/wp-content\/uploads\/sites\/13\/2015\/07\/Elecciones-Cons-Gobierno-2013-300x205.jpg","_links":{"self":[{"href":"https:\/\/www.ull.es\/portal\/noticias\/wp-json\/wp\/v2\/posts\/23606"}],"collection":[{"href":"https:\/\/www.ull.es\/portal\/noticias\/wp-json\/wp\/v2\/posts"}],"about":[{"href":"https:\/\/www.ull.es\/portal\/noticias\/wp-json\/wp\/v2\/types\/post"}],"author":[{"embeddable":true,"href":"https:\/\/www.ull.es\/portal\/noticias\/wp-json\/wp\/v2\/users\/21"}],"replies":[{"embeddable":true,"href":"https:\/\/www.ull.es\/portal\/noticias\/wp-json\/wp\/v2\/comments?post=23606"}],"version-history":[{"count":0,"href":"https:\/\/www.ull.es\/portal\/noticias\/wp-json\/wp\/v2\/posts\/23606\/revisions"}],"wp:featuredmedia":[{"embeddable":true,"href":"https:\/\/www.ull.es\/portal\/noticias\/wp-json\/wp\/v2\/media\/23607"}],"wp:attachment":[{"href":"https:\/\/www.ull.es\/portal\/noticias\/wp-json\/wp\/v2\/media?parent=23606"}],"wp:term":[{"taxonomy":"category","embeddable":true,"href":"https:\/\/www.ull.es\/portal\/noticias\/wp-json\/wp\/v2\/categories?post=23606"},{"taxonomy":"post_tag","embeddable":true,"href":"https:\/\/www.ull.es\/portal\/noticias\/wp-json\/wp\/v2\/tags?post=23606"}],"curies":[{"name":"wp","href":"https:\/\/api.w.org\/{rel}","templated":true}]}}