{"id":23994,"date":"2015-03-27T14:38:24","date_gmt":"2015-03-27T14:38:24","guid":{"rendered":"http:\/\/ddigital.webs.ull.es\/la-universidad-de-la-laguna-reeditara-una-veintena-de-titulos-propios-de-posgrado-y-grado-el-proximo-curso\/"},"modified":"2015-03-27T14:38:24","modified_gmt":"2015-03-27T14:38:24","slug":"la-universidad-de-la-laguna-reeditara-una-veintena-de-titulos-propios-de-posgrado-y-grado-el-proximo-curso","status":"publish","type":"post","link":"https:\/\/www.ull.es\/portal\/noticias\/2015\/la-universidad-de-la-laguna-reeditara-una-veintena-de-titulos-propios-de-posgrado-y-grado-el-proximo-curso\/","title":{"rendered":"La Universidad de La Laguna reeditar\u00e1 una veintena de t\u00edtulos propios de posgrado y grado el pr\u00f3ximo curso"},"content":{"rendered":"<p> \tEl Consejo de Gobierno de la Universidad de La Laguna, reunido hoy viernes 27 de marzo en la Facultad de Derecho, dio su visto bueno a la reedici&oacute;n del cat&aacute;logo de t&iacute;tulos propios de posgrado del centro acad&eacute;mico para el pr&oacute;ximo curso 2015\/16. Se trata de un total de 18 t&iacute;tulos, a los que se unen dos m&aacute;s correspondientes a t&iacute;tulos propios de grado y, finalmente, uno m&aacute;s de posgrado pero de nueva creaci&oacute;n.<\/p>\n<p> \tAs&iacute;, los t&iacute;tulos propios de posgrado que volver&aacute;n a impartirse el pr&oacute;ximo curso son: M&aacute;ster Universitario en Direcci&oacute;n de Empresas (MBA); M&aacute;ster Universitario en Asesor&iacute;a Fiscal y Contable; Experto Universitario en Docencia de Curr&iacute;culos Biling&uuml;es y\/o de Inmersi&oacute;n en Lengua Inglesa en Educaci&oacute;n Infantil, Primaria y Secundaria; Experto Universitario en Interpretaci&oacute;n de Conferencias; Experto Universitario en Protocolo; Experto Universitario en Informaci&oacute;n, Interpretaci&oacute;n y Gu&iacute;a Tur&iacute;stico de las Islas Canarias; Diploma de Especializaci&oacute;n en Seguridad Social; Experto Universitario en Redes Sociales y Comunidades Virtuales (Community Manager); Experto Universitario en Negocio Digital y Comercio Electr&oacute;nico (Digital Business y e-Commerce); Experto Universitario en Parentalidad Positiva y Convivencia Familiar; Experto Universitario en Actividades F&iacute;sicas Dirigidas; Certificado en Formaci&oacute;n Espec&iacute;fica en Representaci&oacute;n Gr&aacute;fica de las Fincas Registrales; Diploma de Especializaci&oacute;n en Ense&ntilde;anza de la Lectura; M&aacute;ster Universitario en Direcci&oacute;n y Producci&oacute;n de Cine Digital; Diploma de Especializaci&oacute;n en Cine Digital; Diploma de Especializaci&oacute;n en Escritura Cinematogr&aacute;fica; y, finalmente, M&aacute;ster Universitario en Gui&oacute;n Cinematogr&aacute;fico.<\/p>\n<p> \tComo se ha indicado, a este cat&aacute;logo se suma la reedici&oacute;n de los t&iacute;tulos propios de grado de Diploma Universitario en Desarrollo Emprendedor (nivel inicial) y Diploma Universitario en Tecnolog&iacute;as para la Creaci&oacute;n (nivel inicial), adem&aacute;s de la incorporaci&oacute;n a la oferta de t&iacute;tulos propios de posgrado del Experto Universitario en Gesti&oacute;n de Pol&iacute;ticas P&uacute;blicas.<\/p>\n<p> \t<strong>Plazas de profesorado<\/strong><\/p>\n<p> \tDebido a los cambios normativos estatales desde el a&ntilde;o 2012 con motivo de la crisis econ&oacute;mica, las instancias presentadas a plazas de catedr&aacute;ticos y titulares de universidad no han podido ser sacas a concurso hasta ahora. Con la entrada en vigor de de Presupuestos Generales del Estado para el a&ntilde;o 2015, explic&oacute; el vicerrector de Ordenaci&oacute;n Acad&eacute;mica y Profesorado, Juan Felipe P&eacute;rez Franc&eacute;s, se ha habilitado a las universidades a gestionar las convocatorias de plazas a trav&eacute;s de la publicaci&oacute;n de la oferta de empleo p&uacute;blico, con una tasa de reposici&oacute;n del 50%.<\/p>\n<p> \tEl vicerrector se&ntilde;al&oacute; en este punto que se hab&iacute;a acordado que se respetar&iacute;a el orden temporal de las solicitudes para el momento en que sea posible proceder a las convocatorias. En total, se trata de once plazas a c&aacute;tedra de universidad y cinco a titularidad.<\/p>\n<p> \t<strong>Revisi&oacute;n de calificaciones<\/strong><\/p>\n<p> \tEl Consejo de Gobierno tambi&eacute;n dio hoy su visto bueno al Reglamento de Evaluaci&oacute;n, Calificaci&oacute;n, Revisi&oacute;n e Impugnaci&oacute;n de Calificaciones y Rectificaci&oacute;n de Actas, aprobado por 25 votos favor, 5 en contra y una abstenci&oacute;n. Este texto persigue regular la evaluaci&oacute;n y calificaci&oacute;n de las asignaturas y actividades formativas, as&iacute; como de la revisi&oacute;n e impugnaci&oacute;n de calificaciones y rectificaci&oacute;n de actas en las titulaciones impartidas por esta universidad. <\/p>\n<p> \tEl reglamento, elaborado por los vicerrectorados de Alumnado, Calidad e Innovaci&oacute;n Educativa y de Posgrado y Nuevos Estudios y EEES, adem&aacute;s de Secretar&iacute;a General, ha contado con la participaci&oacute;n de profesores y alumnos, y ha introducido m&uacute;ltiples sugerencias de los diferentes colectivos. El texto incluye las referencias a la Gu&iacute;a Docente, puesto que constituye un documento clave ya que delimita las condiciones bajo las que se desarrolla el proceso de ense&ntilde;anza-aprendizaje de una asignatura, se&ntilde;al&oacute; Hip&oacute;lito Marrero, vicerrector de Calidad e Innovaci&oacute;n Educativa.<\/p>\n<p> \tEl documento apunta que el alumnado tendr&aacute; derecho a presentarse a uno de los dos llamamientos en la primera convocatoria de cada asignatura, que deber&aacute;n estar separados por un m&iacute;nimo de cinco d&iacute;as, de acuerdo con los Estatutos del centro acad&eacute;mico. El texto legal regula asimismo la quinta y sexta convocatorias y las convocatorias de pr&oacute;rroga contempladas en las normas de progreso y permanencia, as&iacute; como las de finalizaci&oacute;n de estudios de marzo y extraordinarias por resoluci&oacute;n rectoral. Tambi&eacute;n se detalla c&oacute;mo deben ser las evaluaciones continuas y &uacute;nicas, al igual que el desarrollo de las pruebas evaluadoras finales.<\/p>\n<p> \tEl citado reglamento tambi&eacute;n abunda en la evaluaci&oacute;n en el caso de incidencias en las pruebas finales de evaluaci&oacute;n, as&iacute; como en la originalidad y autenticidad de las pruebas, la evaluaci&oacute;n del Trabajo de Fin de Grado, de Fin de M&aacute;ster, y de las pr&aacute;cticas externas, as&iacute; como todo lo relativo al sistema de calificaciones.<\/p>\n<p> \t<strong>IBI<\/strong><\/p>\n<p> \tEl gerente del centro acad&eacute;mico, Justo Artiles, explic&oacute; a los miembros del Consejo de Gobierno el acuerdo alcanzado con el Ayuntamiento de La Laguna para el pago de la deuda que sobre el Impuesto de Bienes Inmuebles (IBI) tiene contra&iacute;da la instituci&oacute;n acad&eacute;mica.<\/p>\n<p> \tAs&iacute;, relat&oacute; que se ha acordado con el ayuntamiento que la deuda de siete millones y medio, m&aacute;s intereses anuales, se pagar&aacute; en un periodo inicial de cinco a&ntilde;os, con cuotas crecientes cada a&ntilde;o. Sobre este acuerdo pesan dos condicionantes: si la universidad tuviera ingresos extraordinarios en ese periodo, podr&iacute;a liquidar la deuda antes del plazo mencionado; y si en el caso de que se llegara al quinto a&ntilde;o y no se hubiese podido satisfacer la deuda por parte del centro acad&eacute;mico, se alargar&iacute;a el periodo de su abono.<\/p>\n<p> \tCon respecto a la bonificaci&oacute;n, el gerente record&oacute; que existe un acuerdo de la junta de portavoces de la corporaci&oacute;n municipal y que deber&aacute; ahora refrendarse por el pleno, de tal forma que se llevar&iacute;a a cabo siempre que el ayuntamiento cumpla con los periodos medios de pago a proveedores exigidos legalmente. Es decir, la universidad tendr&iacute;a una bonificaci&oacute;n del 95% a partir del pr&oacute;ximo a&ntilde;o si el indicador de pago a proveedores se mantiene.<br \/> \t&nbsp;<\/p>\n","protected":false},"excerpt":{"rendered":"<p>El Consejo de Gobierno de la Universidad de La Laguna, reunido hoy viernes 27 de marzo en la Facultad de&#8230;<\/p>\n","protected":false},"author":21,"featured_media":23996,"comment_status":"open","ping_status":"open","sticky":false,"template":"","format":"standard","meta":{"inline_featured_image":false,"footnotes":""},"categories":[347,1],"tags":[],"acf":[],"yoast_head":"<!-- This site is optimized with the Yoast SEO plugin v21.3 - https:\/\/yoast.com\/wordpress\/plugins\/seo\/ -->\n<title>La Universidad de La Laguna reeditar\u00e1 una veintena de t\u00edtulos propios de posgrado y grado el pr\u00f3ximo curso - ULL - Noticias<\/title>\n<meta name=\"robots\" content=\"index, follow, max-snippet:-1, max-image-preview:large, max-video-preview:-1\" \/>\n<link rel=\"canonical\" href=\"https:\/\/www.ull.es\/portal\/noticias\/2015\/la-universidad-de-la-laguna-reeditara-una-veintena-de-titulos-propios-de-posgrado-y-grado-el-proximo-curso\/\" \/>\n<meta property=\"og:locale\" content=\"es_ES\" \/>\n<meta property=\"og:type\" content=\"article\" \/>\n<meta property=\"og:title\" content=\"La Universidad de La Laguna reeditar\u00e1 una veintena de t\u00edtulos propios de posgrado y grado el pr\u00f3ximo curso - ULL - Noticias\" \/>\n<meta property=\"og:description\" content=\"El Consejo de Gobierno de la Universidad de La Laguna, reunido hoy viernes 27 de marzo en la Facultad de...\" \/>\n<meta property=\"og:url\" content=\"https:\/\/www.ull.es\/portal\/noticias\/2015\/la-universidad-de-la-laguna-reeditara-una-veintena-de-titulos-propios-de-posgrado-y-grado-el-proximo-curso\/\" \/>\n<meta property=\"og:site_name\" content=\"ULL - Noticias\" \/>\n<meta property=\"article:publisher\" content=\"https:\/\/www.facebook.com\/universidaddelalaguna\/\" \/>\n<meta property=\"article:published_time\" content=\"2015-03-27T14:38:24+00:00\" \/>\n<meta property=\"og:image\" content=\"https:\/\/www.ull.es\/portal\/noticias\/wp-content\/uploads\/sites\/13\/2015\/07\/Cons-Gobierno-27-03-06.jpg\" \/>\n\t<meta property=\"og:image:width\" content=\"1034\" \/>\n\t<meta property=\"og:image:height\" content=\"708\" \/>\n\t<meta property=\"og:image:type\" content=\"image\/jpeg\" \/>\n<meta name=\"author\" content=\"prensa2\" \/>\n<meta name=\"twitter:card\" content=\"summary_large_image\" \/>\n<meta name=\"twitter:creator\" content=\"@CanalULL\" \/>\n<meta name=\"twitter:site\" content=\"@CanalULL\" \/>\n<meta name=\"twitter:label1\" content=\"Escrito por\" \/>\n\t<meta name=\"twitter:data1\" content=\"prensa2\" \/>\n\t<meta name=\"twitter:label2\" content=\"Tiempo de lectura\" \/>\n\t<meta name=\"twitter:data2\" content=\"6 minutos\" \/>\n<script type=\"application\/ld+json\" class=\"yoast-schema-graph\">{\"@context\":\"https:\/\/schema.org\",\"@graph\":[{\"@type\":\"WebPage\",\"@id\":\"https:\/\/www.ull.es\/portal\/noticias\/2015\/la-universidad-de-la-laguna-reeditara-una-veintena-de-titulos-propios-de-posgrado-y-grado-el-proximo-curso\/\",\"url\":\"https:\/\/www.ull.es\/portal\/noticias\/2015\/la-universidad-de-la-laguna-reeditara-una-veintena-de-titulos-propios-de-posgrado-y-grado-el-proximo-curso\/\",\"name\":\"La Universidad de La Laguna reeditar\u00e1 una veintena de t\u00edtulos propios de posgrado y grado el pr\u00f3ximo curso - ULL - Noticias\",\"isPartOf\":{\"@id\":\"https:\/\/www.ull.es\/portal\/noticias\/#website\"},\"datePublished\":\"2015-03-27T14:38:24+00:00\",\"dateModified\":\"2015-03-27T14:38:24+00:00\",\"author\":{\"@id\":\"https:\/\/www.ull.es\/portal\/noticias\/#\/schema\/person\/c3b2aa857797592927a03740d6664376\"},\"breadcrumb\":{\"@id\":\"https:\/\/www.ull.es\/portal\/noticias\/2015\/la-universidad-de-la-laguna-reeditara-una-veintena-de-titulos-propios-de-posgrado-y-grado-el-proximo-curso\/#breadcrumb\"},\"inLanguage\":\"es\",\"potentialAction\":[{\"@type\":\"ReadAction\",\"target\":[\"https:\/\/www.ull.es\/portal\/noticias\/2015\/la-universidad-de-la-laguna-reeditara-una-veintena-de-titulos-propios-de-posgrado-y-grado-el-proximo-curso\/\"]}]},{\"@type\":\"BreadcrumbList\",\"@id\":\"https:\/\/www.ull.es\/portal\/noticias\/2015\/la-universidad-de-la-laguna-reeditara-una-veintena-de-titulos-propios-de-posgrado-y-grado-el-proximo-curso\/#breadcrumb\",\"itemListElement\":[{\"@type\":\"ListItem\",\"position\":1,\"name\":\"Portada\",\"item\":\"https:\/\/www.ull.es\/portal\/noticias\/\"},{\"@type\":\"ListItem\",\"position\":2,\"name\":\"La Universidad de La Laguna reeditar\u00e1 una veintena de t\u00edtulos propios de posgrado y grado el pr\u00f3ximo curso\"}]},{\"@type\":\"WebSite\",\"@id\":\"https:\/\/www.ull.es\/portal\/noticias\/#website\",\"url\":\"https:\/\/www.ull.es\/portal\/noticias\/\",\"name\":\"ULL - Noticias\",\"description\":\"\",\"potentialAction\":[{\"@type\":\"SearchAction\",\"target\":{\"@type\":\"EntryPoint\",\"urlTemplate\":\"https:\/\/www.ull.es\/portal\/noticias\/?s={search_term_string}\"},\"query-input\":\"required name=search_term_string\"}],\"inLanguage\":\"es\"},{\"@type\":\"Person\",\"@id\":\"https:\/\/www.ull.es\/portal\/noticias\/#\/schema\/person\/c3b2aa857797592927a03740d6664376\",\"name\":\"prensa2\",\"image\":{\"@type\":\"ImageObject\",\"inLanguage\":\"es\",\"@id\":\"https:\/\/www.ull.es\/portal\/noticias\/#\/schema\/person\/image\/\",\"url\":\"https:\/\/secure.gravatar.com\/avatar\/b58f310a5de5feb33d1e026d2493f23c?s=96&d=mm&r=g\",\"contentUrl\":\"https:\/\/secure.gravatar.com\/avatar\/b58f310a5de5feb33d1e026d2493f23c?s=96&d=mm&r=g\",\"caption\":\"prensa2\"},\"url\":\"https:\/\/www.ull.es\/portal\/noticias\/author\/prensa2\/\"}]}<\/script>\n<!-- \/ Yoast SEO plugin. -->","yoast_head_json":{"title":"La Universidad de La Laguna reeditar\u00e1 una veintena de t\u00edtulos propios de posgrado y grado el pr\u00f3ximo curso - ULL - Noticias","robots":{"index":"index","follow":"follow","max-snippet":"max-snippet:-1","max-image-preview":"max-image-preview:large","max-video-preview":"max-video-preview:-1"},"canonical":"https:\/\/www.ull.es\/portal\/noticias\/2015\/la-universidad-de-la-laguna-reeditara-una-veintena-de-titulos-propios-de-posgrado-y-grado-el-proximo-curso\/","og_locale":"es_ES","og_type":"article","og_title":"La Universidad de La Laguna reeditar\u00e1 una veintena de t\u00edtulos propios de posgrado y grado el pr\u00f3ximo curso - ULL - Noticias","og_description":"El Consejo de Gobierno de la Universidad de La Laguna, reunido hoy viernes 27 de marzo en la Facultad de...","og_url":"https:\/\/www.ull.es\/portal\/noticias\/2015\/la-universidad-de-la-laguna-reeditara-una-veintena-de-titulos-propios-de-posgrado-y-grado-el-proximo-curso\/","og_site_name":"ULL - Noticias","article_publisher":"https:\/\/www.facebook.com\/universidaddelalaguna\/","article_published_time":"2015-03-27T14:38:24+00:00","og_image":[{"width":1034,"height":708,"url":"https:\/\/www.ull.es\/portal\/noticias\/wp-content\/uploads\/sites\/13\/2015\/07\/Cons-Gobierno-27-03-06.jpg","type":"image\/jpeg"}],"author":"prensa2","twitter_card":"summary_large_image","twitter_creator":"@CanalULL","twitter_site":"@CanalULL","twitter_misc":{"Escrito por":"prensa2","Tiempo de lectura":"6 minutos"},"schema":{"@context":"https:\/\/schema.org","@graph":[{"@type":"WebPage","@id":"https:\/\/www.ull.es\/portal\/noticias\/2015\/la-universidad-de-la-laguna-reeditara-una-veintena-de-titulos-propios-de-posgrado-y-grado-el-proximo-curso\/","url":"https:\/\/www.ull.es\/portal\/noticias\/2015\/la-universidad-de-la-laguna-reeditara-una-veintena-de-titulos-propios-de-posgrado-y-grado-el-proximo-curso\/","name":"La Universidad de La Laguna reeditar\u00e1 una veintena de t\u00edtulos propios de posgrado y grado el pr\u00f3ximo curso - ULL - Noticias","isPartOf":{"@id":"https:\/\/www.ull.es\/portal\/noticias\/#website"},"datePublished":"2015-03-27T14:38:24+00:00","dateModified":"2015-03-27T14:38:24+00:00","author":{"@id":"https:\/\/www.ull.es\/portal\/noticias\/#\/schema\/person\/c3b2aa857797592927a03740d6664376"},"breadcrumb":{"@id":"https:\/\/www.ull.es\/portal\/noticias\/2015\/la-universidad-de-la-laguna-reeditara-una-veintena-de-titulos-propios-de-posgrado-y-grado-el-proximo-curso\/#breadcrumb"},"inLanguage":"es","potentialAction":[{"@type":"ReadAction","target":["https:\/\/www.ull.es\/portal\/noticias\/2015\/la-universidad-de-la-laguna-reeditara-una-veintena-de-titulos-propios-de-posgrado-y-grado-el-proximo-curso\/"]}]},{"@type":"BreadcrumbList","@id":"https:\/\/www.ull.es\/portal\/noticias\/2015\/la-universidad-de-la-laguna-reeditara-una-veintena-de-titulos-propios-de-posgrado-y-grado-el-proximo-curso\/#breadcrumb","itemListElement":[{"@type":"ListItem","position":1,"name":"Portada","item":"https:\/\/www.ull.es\/portal\/noticias\/"},{"@type":"ListItem","position":2,"name":"La Universidad de La Laguna reeditar\u00e1 una veintena de t\u00edtulos propios de posgrado y grado el pr\u00f3ximo curso"}]},{"@type":"WebSite","@id":"https:\/\/www.ull.es\/portal\/noticias\/#website","url":"https:\/\/www.ull.es\/portal\/noticias\/","name":"ULL - Noticias","description":"","potentialAction":[{"@type":"SearchAction","target":{"@type":"EntryPoint","urlTemplate":"https:\/\/www.ull.es\/portal\/noticias\/?s={search_term_string}"},"query-input":"required name=search_term_string"}],"inLanguage":"es"},{"@type":"Person","@id":"https:\/\/www.ull.es\/portal\/noticias\/#\/schema\/person\/c3b2aa857797592927a03740d6664376","name":"prensa2","image":{"@type":"ImageObject","inLanguage":"es","@id":"https:\/\/www.ull.es\/portal\/noticias\/#\/schema\/person\/image\/","url":"https:\/\/secure.gravatar.com\/avatar\/b58f310a5de5feb33d1e026d2493f23c?s=96&d=mm&r=g","contentUrl":"https:\/\/secure.gravatar.com\/avatar\/b58f310a5de5feb33d1e026d2493f23c?s=96&d=mm&r=g","caption":"prensa2"},"url":"https:\/\/www.ull.es\/portal\/noticias\/author\/prensa2\/"}]}},"primary_category":null,"featured_image_thumbnail_url":"https:\/\/www.ull.es\/portal\/noticias\/wp-content\/uploads\/sites\/13\/2015\/07\/Cons-Gobierno-27-03-06-300x205.jpg","_links":{"self":[{"href":"https:\/\/www.ull.es\/portal\/noticias\/wp-json\/wp\/v2\/posts\/23994"}],"collection":[{"href":"https:\/\/www.ull.es\/portal\/noticias\/wp-json\/wp\/v2\/posts"}],"about":[{"href":"https:\/\/www.ull.es\/portal\/noticias\/wp-json\/wp\/v2\/types\/post"}],"author":[{"embeddable":true,"href":"https:\/\/www.ull.es\/portal\/noticias\/wp-json\/wp\/v2\/users\/21"}],"replies":[{"embeddable":true,"href":"https:\/\/www.ull.es\/portal\/noticias\/wp-json\/wp\/v2\/comments?post=23994"}],"version-history":[{"count":0,"href":"https:\/\/www.ull.es\/portal\/noticias\/wp-json\/wp\/v2\/posts\/23994\/revisions"}],"wp:featuredmedia":[{"embeddable":true,"href":"https:\/\/www.ull.es\/portal\/noticias\/wp-json\/wp\/v2\/media\/23996"}],"wp:attachment":[{"href":"https:\/\/www.ull.es\/portal\/noticias\/wp-json\/wp\/v2\/media?parent=23994"}],"wp:term":[{"taxonomy":"category","embeddable":true,"href":"https:\/\/www.ull.es\/portal\/noticias\/wp-json\/wp\/v2\/categories?post=23994"},{"taxonomy":"post_tag","embeddable":true,"href":"https:\/\/www.ull.es\/portal\/noticias\/wp-json\/wp\/v2\/tags?post=23994"}],"curies":[{"name":"wp","href":"https:\/\/api.w.org\/{rel}","templated":true}]}}