{"id":24431,"date":"2015-07-13T08:51:41","date_gmt":"2015-07-13T08:51:41","guid":{"rendered":"http:\/\/ddigital.webs.ull.es\/?p=24431"},"modified":"2015-07-13T08:51:41","modified_gmt":"2015-07-13T08:51:41","slug":"la-facultad-de-derecho-de-la-ull-rinde-homenaje-a-pedro-g-zerolo","status":"publish","type":"post","link":"https:\/\/www.ull.es\/portal\/noticias\/2015\/la-facultad-de-derecho-de-la-ull-rinde-homenaje-a-pedro-g-zerolo\/","title":{"rendered":"La Facultad de Derecho de la ULL rinde homenaje a Pedro G. Zerolo"},"content":{"rendered":"<p>La Facultad de Derecho de la Universidad de La Laguna celebr\u00f3 el viernes 10 de julio un sencillo acto en homenaje a Pedro Gonz\u00e1lez Zerolo, quien fuera alumno de este centro entre 1977 y 1982. El conocido activista en favor de los derechos sociales en este pa\u00eds, fallecido hace escasamente un mes, fue recordado por sus compa\u00f1eros de promoci\u00f3n y amigos, en presencia del rector, Antonio Martin\u00f3n, que presidi\u00f3 el acto, y al que asisti\u00f3 su familia y, entre otros, el alcalde de La Laguna. Ver videonoticia<\/p>\n<p>Todas las personas que tuvieron ocasi\u00f3n de intervenir en la sesi\u00f3n destacaron el perfil humano de Zerolo, calificado de buen compa\u00f1ero, profundo dem\u00f3crata y convencido luchador por la consecuci\u00f3n de la igualdad en este pa\u00eds.<\/p>\n<p>Las decana del centro anfitri\u00f3n, Elvira Afonso, apunt\u00f3 que el homenajeado fue un claro ejemplo de los valores y principios democr\u00e1ticos que se afianzaron en la etapa universitaria. Su vocaci\u00f3n de servicio p\u00fablico y su lucha por una convivencia m\u00e1s plural fueron ejercidas desde su \u00e9poca de estudiante, en la que ya era un l\u00edder entre sus compa\u00f1eros. Afonso se\u00f1al\u00f3 al comienzo del acto que Pedro Zerolo fue, ante todo, un incansable luchador por la libertad y los derechos ciudadanos.<\/p>\n<p>Uno de sus compa\u00f1eros de promoci\u00f3n, Jes\u00fas Pedreira, tom\u00f3 seguidamente la palabra, para recordar c\u00f3mo era Pedro en aquellos a\u00f1os universitarios. En esos momentos los estudios de Derecho se impart\u00edan en el Edificio Central, junto al resto de titulaciones, lo que supon\u00eda mayor contacto con alumnos de otras disciplinas y, a su vez, mayor acercamiento a la propia ciudad de La Laguna. \u201cLa universidad nos ense\u00f1\u00f3 a dialogar, a discutir dial\u00e9cticamente y a ponernos en la posici\u00f3n del otro\u201d, aleg\u00f3.<\/p>\n<p>Estudiaban en casa de Pedro, junto a sus hermanos y resto de la familia, que los acog\u00eda sin problemas. \u201cMe gustaba husmear en el estudio de su padre, el pintor, para indagar en su obra y conocer su trabajo\u201d. Pereira record\u00f3 a muchos de los profesores que en aquel entonces impartieron docencia en Derecho, buena parte de los cuales, aunque ya jubilados estaban presente en el acto de homenaje: Manuel Mor\u00f3n Palomino, Antonio \u00c1lvarez de la Rosa, Asumpta As\u00edn, Sonsoles Mazorra, etc.<\/p>\n<p>\u201cEra una \u00e9poca de efervescencia cultural, quer\u00edamos conocer, conocer y conocer\u201d, record\u00f3. Zerolo y sus amigos esperaban deseosos la llegada del peri\u00f3dico El Pa\u00eds, a eso de la una del mediod\u00eda, para empaparse de \u00e9l y leerlo al completo. \u201cDe Pedro recuerdo siempre su constante alegr\u00eda y su fin\u00edsima iron\u00eda. \u00c9l no se ha ido; su legado empieza ahora\u201d.<\/p>\n<p>La catedr\u00e1tica Gloria Rojas tambi\u00e9n fue compa\u00f1era de promoci\u00f3n de Zerolo, quien ofreci\u00f3 quiz\u00e1 un perfil m\u00e1s personal del agasajado. Record\u00f3 las fiestas en su casa, y c\u00f3mo siendo delegado de quinto organiz\u00f3 la orla y el viaje de fin de curso. \u201cFueron unos a\u00f1os felices, en los que la universidad nos abri\u00f3 muchas puertas y nos ha permitido organizar este homenaje a nuestro compa\u00f1ero m\u00e1s carism\u00e1tico\u201d. Rojas tuvo palabras de recuerdo para su elocuencia pol\u00edtica: \u201cQu\u00e9 bien se expresaba en el debate pol\u00edtico, qu\u00e9 limpio era en la exposici\u00f3n de sus ideas\u201d.<\/p>\n<p>Carlos Gonz\u00e1lez Segura fue un amigo de Pedro de toda la vida: el colegio, los \u2018scouts\u2019, la pandilla, el instituto, la universidad, el servicio militar. Lo defini\u00f3 en el acto de homenaje como jovial, divertido, extraordinario. Con un car\u00e1cter arrollador, Pedro era exquisito, delicado y cari\u00f1oso, describi\u00f3. \u201cLe cautiv\u00f3 el Madrid de la \u2018movida\u2019, y all\u00ed se transform\u00f3 en un completo l\u00edder\u201d. Empez\u00f3 a colaborar con la parroquia de San Carlos de Borrromeo, prestando asistencia letrada a los toxic\u00f3manos, de ah\u00ed salt\u00f3 a los movimientos sociales y luego a la pol\u00edtica. \u201cDe todo ese tiempo no tengo ni un solo reproche que hacerle\u201d. Gonz\u00e1lez Segura pidi\u00f3 al alcalde de La Laguna que designara un espacio p\u00fablico con el nombre de Pedro Gonz\u00e1lez Zerolo.<\/p>\n<p>Tras un breve recital po\u00e9tico, a manos de Fernando Senante y con Rub\u00e9n D\u00edaz a la guitarra, intervino el rector, quien agradeci\u00f3 expresamente la presencia del alcalde en el acto, ejemplo de lo que espera sea una fruct\u00edfera relaci\u00f3n, dijo. Antonio Martin\u00f3n hizo hincapi\u00e9 en el gran apoyo que la familia de Zerolo prest\u00f3 a la universidad. Record\u00f3 a su t\u00edo, Antonio Gonz\u00e1lez, rector honorario de esta instituci\u00f3n y referente cient\u00edfico, \u201cposiblemente el mejor rector que esta universidad haya tenido nunca\u201d, apunt\u00f3. Tambi\u00e9n tuvo palabras para el padre del homenajeado, Antonio Gonz\u00e1lez, quien fuera decano de la Facultad de Bellas Artes. <\/p>\n<p>\u201cA Zerolo lo identificamos con la igualdad, de hecho fue \u00e9l quien consigui\u00f3 que Espa\u00f1a sea hoy un pa\u00eds m\u00e1s igualitario\u201d, afirm\u00f3 Martin\u00f3n. \u201cFue un valiente, se enfrent\u00f3 a muchos y tuvo el coraje de defender con nitidez su pensamiento\u201d. El rector agreg\u00f3 que con frecuencia pensamos que los que luchan tienen raz\u00f3n, \u201cpero muchas veces los dejamos solos\u201d. \u201cLa Universidad de La Laguna se siente muy orgullosa de haber contado con un alumno como \u00e9l\u201d, concluy\u00f3.<\/p>\n<p>El acto se cerr\u00f3 con un v\u00eddeo sobre la vida de Pedro Zerolo y con una actuaci\u00f3n coral dirigida por Carmen Ruiz Sim\u00f3.<br \/>\n[images_grid auto_slide=\u00bbno\u00bb auto_duration=\u00bb1&#8243; cols=\u00bbthree\u00bb lightbox=\u00bbno\u00bb source=\u00bbmedia: 24432,24433,24434,24435,24436&#8243;][\/images_grid]<\/p>\n","protected":false},"excerpt":{"rendered":"<p>La Facultad de Derecho de la Universidad de La Laguna celebr\u00f3 el viernes 10 de julio un sencillo acto en&#8230;<\/p>\n","protected":false},"author":23,"featured_media":24436,"comment_status":"open","ping_status":"open","sticky":false,"template":"","format":"video","meta":{"inline_featured_image":false,"footnotes":""},"categories":[348,1],"tags":[517,1220,1437,2081,2462,2527,2560],"acf":[],"yoast_head":"<!-- This site is optimized with the Yoast SEO plugin v21.3 - https:\/\/yoast.com\/wordpress\/plugins\/seo\/ -->\n<title>La Facultad de Derecho de la ULL rinde homenaje a Pedro G. Zerolo - ULL - Noticias<\/title>\n<meta name=\"robots\" content=\"index, follow, max-snippet:-1, max-image-preview:large, max-video-preview:-1\" \/>\n<link rel=\"canonical\" href=\"https:\/\/www.ull.es\/portal\/noticias\/2015\/la-facultad-de-derecho-de-la-ull-rinde-homenaje-a-pedro-g-zerolo\/\" \/>\n<meta property=\"og:locale\" content=\"es_ES\" \/>\n<meta property=\"og:type\" content=\"article\" \/>\n<meta property=\"og:title\" content=\"La Facultad de Derecho de la ULL rinde homenaje a Pedro G. Zerolo - ULL - Noticias\" \/>\n<meta property=\"og:description\" content=\"La Facultad de Derecho de la Universidad de La Laguna celebr\u00f3 el viernes 10 de julio un sencillo acto en...\" \/>\n<meta property=\"og:url\" content=\"https:\/\/www.ull.es\/portal\/noticias\/2015\/la-facultad-de-derecho-de-la-ull-rinde-homenaje-a-pedro-g-zerolo\/\" \/>\n<meta property=\"og:site_name\" content=\"ULL - Noticias\" \/>\n<meta property=\"article:publisher\" content=\"https:\/\/www.facebook.com\/universidaddelalaguna\/\" \/>\n<meta property=\"article:published_time\" content=\"2015-07-13T08:51:41+00:00\" \/>\n<meta property=\"og:image\" content=\"https:\/\/www.ull.es\/portal\/noticias\/wp-content\/uploads\/sites\/13\/2015\/07\/Homenaje-Zerolo_rector.jpg\" \/>\n\t<meta property=\"og:image:width\" content=\"1034\" \/>\n\t<meta property=\"og:image:height\" content=\"708\" \/>\n\t<meta property=\"og:image:type\" content=\"image\/jpeg\" \/>\n<meta name=\"author\" content=\"gaprsa\" \/>\n<meta name=\"twitter:card\" content=\"summary_large_image\" \/>\n<meta name=\"twitter:creator\" content=\"@CanalULL\" \/>\n<meta name=\"twitter:site\" content=\"@CanalULL\" \/>\n<meta name=\"twitter:label1\" content=\"Escrito por\" \/>\n\t<meta name=\"twitter:data1\" content=\"gaprsa\" \/>\n\t<meta name=\"twitter:label2\" content=\"Tiempo de lectura\" \/>\n\t<meta name=\"twitter:data2\" content=\"5 minutos\" \/>\n<script type=\"application\/ld+json\" class=\"yoast-schema-graph\">{\"@context\":\"https:\/\/schema.org\",\"@graph\":[{\"@type\":\"WebPage\",\"@id\":\"https:\/\/www.ull.es\/portal\/noticias\/2015\/la-facultad-de-derecho-de-la-ull-rinde-homenaje-a-pedro-g-zerolo\/\",\"url\":\"https:\/\/www.ull.es\/portal\/noticias\/2015\/la-facultad-de-derecho-de-la-ull-rinde-homenaje-a-pedro-g-zerolo\/\",\"name\":\"La Facultad de Derecho de la ULL rinde homenaje a Pedro G. Zerolo - ULL - Noticias\",\"isPartOf\":{\"@id\":\"https:\/\/www.ull.es\/portal\/noticias\/#website\"},\"datePublished\":\"2015-07-13T08:51:41+00:00\",\"dateModified\":\"2015-07-13T08:51:41+00:00\",\"author\":{\"@id\":\"https:\/\/www.ull.es\/portal\/noticias\/#\/schema\/person\/b2b1a89d43ffa609e591f7df8ef3e817\"},\"breadcrumb\":{\"@id\":\"https:\/\/www.ull.es\/portal\/noticias\/2015\/la-facultad-de-derecho-de-la-ull-rinde-homenaje-a-pedro-g-zerolo\/#breadcrumb\"},\"inLanguage\":\"es\",\"potentialAction\":[{\"@type\":\"ReadAction\",\"target\":[\"https:\/\/www.ull.es\/portal\/noticias\/2015\/la-facultad-de-derecho-de-la-ull-rinde-homenaje-a-pedro-g-zerolo\/\"]}]},{\"@type\":\"BreadcrumbList\",\"@id\":\"https:\/\/www.ull.es\/portal\/noticias\/2015\/la-facultad-de-derecho-de-la-ull-rinde-homenaje-a-pedro-g-zerolo\/#breadcrumb\",\"itemListElement\":[{\"@type\":\"ListItem\",\"position\":1,\"name\":\"Portada\",\"item\":\"https:\/\/www.ull.es\/portal\/noticias\/\"},{\"@type\":\"ListItem\",\"position\":2,\"name\":\"La Facultad de Derecho de la ULL rinde homenaje a Pedro G. Zerolo\"}]},{\"@type\":\"WebSite\",\"@id\":\"https:\/\/www.ull.es\/portal\/noticias\/#website\",\"url\":\"https:\/\/www.ull.es\/portal\/noticias\/\",\"name\":\"ULL - Noticias\",\"description\":\"\",\"potentialAction\":[{\"@type\":\"SearchAction\",\"target\":{\"@type\":\"EntryPoint\",\"urlTemplate\":\"https:\/\/www.ull.es\/portal\/noticias\/?s={search_term_string}\"},\"query-input\":\"required name=search_term_string\"}],\"inLanguage\":\"es\"},{\"@type\":\"Person\",\"@id\":\"https:\/\/www.ull.es\/portal\/noticias\/#\/schema\/person\/b2b1a89d43ffa609e591f7df8ef3e817\",\"name\":\"gaprsa\",\"image\":{\"@type\":\"ImageObject\",\"inLanguage\":\"es\",\"@id\":\"https:\/\/www.ull.es\/portal\/noticias\/#\/schema\/person\/image\/\",\"url\":\"https:\/\/secure.gravatar.com\/avatar\/443820550921091458b4823867723b3d?s=96&d=mm&r=g\",\"contentUrl\":\"https:\/\/secure.gravatar.com\/avatar\/443820550921091458b4823867723b3d?s=96&d=mm&r=g\",\"caption\":\"gaprsa\"},\"url\":\"https:\/\/www.ull.es\/portal\/noticias\/author\/gaprsa\/\"}]}<\/script>\n<!-- \/ Yoast SEO plugin. -->","yoast_head_json":{"title":"La Facultad de Derecho de la ULL rinde homenaje a Pedro G. Zerolo - ULL - Noticias","robots":{"index":"index","follow":"follow","max-snippet":"max-snippet:-1","max-image-preview":"max-image-preview:large","max-video-preview":"max-video-preview:-1"},"canonical":"https:\/\/www.ull.es\/portal\/noticias\/2015\/la-facultad-de-derecho-de-la-ull-rinde-homenaje-a-pedro-g-zerolo\/","og_locale":"es_ES","og_type":"article","og_title":"La Facultad de Derecho de la ULL rinde homenaje a Pedro G. Zerolo - ULL - Noticias","og_description":"La Facultad de Derecho de la Universidad de La Laguna celebr\u00f3 el viernes 10 de julio un sencillo acto en...","og_url":"https:\/\/www.ull.es\/portal\/noticias\/2015\/la-facultad-de-derecho-de-la-ull-rinde-homenaje-a-pedro-g-zerolo\/","og_site_name":"ULL - Noticias","article_publisher":"https:\/\/www.facebook.com\/universidaddelalaguna\/","article_published_time":"2015-07-13T08:51:41+00:00","og_image":[{"width":1034,"height":708,"url":"https:\/\/www.ull.es\/portal\/noticias\/wp-content\/uploads\/sites\/13\/2015\/07\/Homenaje-Zerolo_rector.jpg","type":"image\/jpeg"}],"author":"gaprsa","twitter_card":"summary_large_image","twitter_creator":"@CanalULL","twitter_site":"@CanalULL","twitter_misc":{"Escrito por":"gaprsa","Tiempo de lectura":"5 minutos"},"schema":{"@context":"https:\/\/schema.org","@graph":[{"@type":"WebPage","@id":"https:\/\/www.ull.es\/portal\/noticias\/2015\/la-facultad-de-derecho-de-la-ull-rinde-homenaje-a-pedro-g-zerolo\/","url":"https:\/\/www.ull.es\/portal\/noticias\/2015\/la-facultad-de-derecho-de-la-ull-rinde-homenaje-a-pedro-g-zerolo\/","name":"La Facultad de Derecho de la ULL rinde homenaje a Pedro G. Zerolo - ULL - Noticias","isPartOf":{"@id":"https:\/\/www.ull.es\/portal\/noticias\/#website"},"datePublished":"2015-07-13T08:51:41+00:00","dateModified":"2015-07-13T08:51:41+00:00","author":{"@id":"https:\/\/www.ull.es\/portal\/noticias\/#\/schema\/person\/b2b1a89d43ffa609e591f7df8ef3e817"},"breadcrumb":{"@id":"https:\/\/www.ull.es\/portal\/noticias\/2015\/la-facultad-de-derecho-de-la-ull-rinde-homenaje-a-pedro-g-zerolo\/#breadcrumb"},"inLanguage":"es","potentialAction":[{"@type":"ReadAction","target":["https:\/\/www.ull.es\/portal\/noticias\/2015\/la-facultad-de-derecho-de-la-ull-rinde-homenaje-a-pedro-g-zerolo\/"]}]},{"@type":"BreadcrumbList","@id":"https:\/\/www.ull.es\/portal\/noticias\/2015\/la-facultad-de-derecho-de-la-ull-rinde-homenaje-a-pedro-g-zerolo\/#breadcrumb","itemListElement":[{"@type":"ListItem","position":1,"name":"Portada","item":"https:\/\/www.ull.es\/portal\/noticias\/"},{"@type":"ListItem","position":2,"name":"La Facultad de Derecho de la ULL rinde homenaje a Pedro G. Zerolo"}]},{"@type":"WebSite","@id":"https:\/\/www.ull.es\/portal\/noticias\/#website","url":"https:\/\/www.ull.es\/portal\/noticias\/","name":"ULL - Noticias","description":"","potentialAction":[{"@type":"SearchAction","target":{"@type":"EntryPoint","urlTemplate":"https:\/\/www.ull.es\/portal\/noticias\/?s={search_term_string}"},"query-input":"required name=search_term_string"}],"inLanguage":"es"},{"@type":"Person","@id":"https:\/\/www.ull.es\/portal\/noticias\/#\/schema\/person\/b2b1a89d43ffa609e591f7df8ef3e817","name":"gaprsa","image":{"@type":"ImageObject","inLanguage":"es","@id":"https:\/\/www.ull.es\/portal\/noticias\/#\/schema\/person\/image\/","url":"https:\/\/secure.gravatar.com\/avatar\/443820550921091458b4823867723b3d?s=96&d=mm&r=g","contentUrl":"https:\/\/secure.gravatar.com\/avatar\/443820550921091458b4823867723b3d?s=96&d=mm&r=g","caption":"gaprsa"},"url":"https:\/\/www.ull.es\/portal\/noticias\/author\/gaprsa\/"}]}},"primary_category":null,"featured_image_thumbnail_url":"https:\/\/www.ull.es\/portal\/noticias\/wp-content\/uploads\/sites\/13\/2015\/07\/Homenaje-Zerolo_rector-300x205.jpg","_links":{"self":[{"href":"https:\/\/www.ull.es\/portal\/noticias\/wp-json\/wp\/v2\/posts\/24431"}],"collection":[{"href":"https:\/\/www.ull.es\/portal\/noticias\/wp-json\/wp\/v2\/posts"}],"about":[{"href":"https:\/\/www.ull.es\/portal\/noticias\/wp-json\/wp\/v2\/types\/post"}],"author":[{"embeddable":true,"href":"https:\/\/www.ull.es\/portal\/noticias\/wp-json\/wp\/v2\/users\/23"}],"replies":[{"embeddable":true,"href":"https:\/\/www.ull.es\/portal\/noticias\/wp-json\/wp\/v2\/comments?post=24431"}],"version-history":[{"count":0,"href":"https:\/\/www.ull.es\/portal\/noticias\/wp-json\/wp\/v2\/posts\/24431\/revisions"}],"wp:featuredmedia":[{"embeddable":true,"href":"https:\/\/www.ull.es\/portal\/noticias\/wp-json\/wp\/v2\/media\/24436"}],"wp:attachment":[{"href":"https:\/\/www.ull.es\/portal\/noticias\/wp-json\/wp\/v2\/media?parent=24431"}],"wp:term":[{"taxonomy":"category","embeddable":true,"href":"https:\/\/www.ull.es\/portal\/noticias\/wp-json\/wp\/v2\/categories?post=24431"},{"taxonomy":"post_tag","embeddable":true,"href":"https:\/\/www.ull.es\/portal\/noticias\/wp-json\/wp\/v2\/tags?post=24431"}],"curies":[{"name":"wp","href":"https:\/\/api.w.org\/{rel}","templated":true}]}}