{"id":24466,"date":"2015-07-17T08:17:29","date_gmt":"2015-07-17T08:17:29","guid":{"rendered":"http:\/\/ddigital.webs.ull.es\/?p=24466"},"modified":"2015-07-17T08:17:29","modified_gmt":"2015-07-17T08:17:29","slug":"la-fundacion-general-de-la-ull-gestiono-en-2014-mas-de-300-becas-para-facilitar-la-insercion-laboral-de-los-recien-titulados","status":"publish","type":"post","link":"https:\/\/www.ull.es\/portal\/noticias\/2015\/la-fundacion-general-de-la-ull-gestiono-en-2014-mas-de-300-becas-para-facilitar-la-insercion-laboral-de-los-recien-titulados\/","title":{"rendered":"La Fundaci\u00f3n General de la ULL gestion\u00f3 en 2014 m\u00e1s de 300 becas para facilitar la inserci\u00f3n laboral de los reci\u00e9n titulados"},"content":{"rendered":"<p>La Unidad de Formaci\u00f3n Pr\u00e1ctica, conocida como Act\u00edvate: becas y pr\u00e1cticas, y que forma parte de la Agencia Universitaria de Empleo de la Fundaci\u00f3n General de la ULL gestion\u00f3 316 becas para facilitar la inserci\u00f3n laboral de reci\u00e9n titulados durante el a\u00f1o 2014. Adem\u00e1s, se tramitaron 1.528 pr\u00e1cticas en empresas, tanto curriculares como extracurriculares. En cuanto a las becas de inserci\u00f3n laboral, 195 titulados consiguieron un contrato laboral al t\u00e9rmino de su experiencia pr\u00e1ctico-formativa, lo que se traduce en un 61,71% de inserci\u00f3n.<\/p>\n<p>Adem\u00e1s, se ha incrementado el n\u00famero de becas gestionadas con un aumento respecto al mejor de los a\u00f1os anteriores (2010) correspondiente al 263%. Los beneficiarios de las becas se sit\u00faan entre los 24 y 36 a\u00f1os. Se cont\u00f3 asimismo con 168 entidades colaboradoras en las que los titulados han desempe\u00f1ado su funci\u00f3n, un 309,75% m\u00e1s que el a\u00f1o anterior. En lo referente a las pr\u00e1cticas en empresa, tanto curriculares como extracurriculares, un total de 1.528 estudiantes universitarios realizaron su periodo de pr\u00e1cticas en 492 entidades colaboradoras.<\/p>\n<p>El objetivo de la Unidad de Formaci\u00f3n Pr\u00e1ctica es facilitar la formaci\u00f3n profesional tanto a los estudiantes como a los egresados universitarios, dotando a sus curr\u00edculos las competencias y habilidades necesarias para mejorar su empleabilidad. Esto se materializa a trav\u00e9s del programa de becas de inserci\u00f3n laboral para personas con titulaci\u00f3n y de las pr\u00e1cticas externas en empresas para alumnado.<\/p>\n<p>Con el programa de becas de inserci\u00f3n laboral se pretende favorecer la formaci\u00f3n pr\u00e1ctica de j\u00f3venes con titulaci\u00f3n, al ofrecerles la posibilidad de lograr una mayor cualificaci\u00f3n en los centros de trabajo durante un per\u00edodo de tiempo superior y despu\u00e9s de haber obtenido su t\u00edtulo acad\u00e9mico. De esta manera, los egresados y egresadas ganan experiencia profesional y cuentan con la oportunidad de mostrar tu talento y aportar valor a\u00f1adido a las empresas. El objetivo de estas becas es que sus posibilidades de acceder a un primer empleo aumenten. Los beneficiarios de las becas son titulados universitarios, de ciclos formativos y de certificados de profesionalidad que deben haber finalizado sus estudios en los tres a\u00f1os anteriores a la publicaci\u00f3n de la beca.<\/p>\n<p>Programa Cataliza Canarias<\/p>\n<p>Cataliza es un programa de pr\u00e1cticas profesionales no laborales que en 2014 ha cumplido su primer a\u00f1o de andadura. Est\u00e1 dirigido a j\u00f3venes en situaci\u00f3n de desempleo, de entre 18 y 25 a\u00f1os, residentes en Canarias, sin experiencia profesional, con titulaci\u00f3n universitaria o de ciclo formativo y a j\u00f3venes con las mismas caracter\u00edsticas y que cuenten con un certificado profesional de nivel 3.<\/p>\n<p>Durante 2014 fueron 1208 j\u00f3venes los que pasaron por el programa Cataliza de los que un 92%, 1114, recibieron la formaci\u00f3n inicial que contempla el programa. Aunque en un inicio se ten\u00eda previsto que fueran 327 las plazas para becas, en respuesta a la demanda y el buen curso del proyecto, se consigui\u00f3 ampliar este n\u00famero y fueron finalmente 371 j\u00f3venes los beneficiarios de una beca.  De estos, seg\u00fan datos del Observatorio Canario de Empleo, 224 consiguieron insertarse laboralmente, lo que supone m\u00e1s de un 60% del total. En lo que respecta a las empresas de acogida hubo un inter\u00e9s inicial por parte de 204 organizaciones (esto implica que solicitaron y llegaron a firmar un convenio marco de colaboraci\u00f3n) y finalmente participaron 164 empresas.<\/p>\n<p>Balance 2015<\/p>\n<p>En cuanto a los datos de este primer semestre de 2015, hasta el momento se han concedido 154 becas de inserci\u00f3n laboral repartidas entre un total de 99 entidades colaboradoras. Adem\u00e1s, ya se han cubierto las 230 becas correspondientes a la segunda edici\u00f3n del programa de pr\u00e1cticas profesionales no laborales \u2018Cataliza Canarias\u2019. Las titulaciones m\u00e1s demandadas para las becas y las pr\u00e1cticas durante 2014 y 2015 han sido Derecho, Ingenier\u00eda Inform\u00e1tica, Ingenier\u00eda Industrial, Econom\u00eda, Administraci\u00f3n y Direcci\u00f3n de Empresas, Relaciones Laborales, Turismo, Contabilidad y Finanzas, Ingenier\u00eda de Edificaci\u00f3n y el Ciclo de Grado Medio en Electromec\u00e1nica de Veh\u00edculos, entre otros.<\/p>\n<p>(Nota y foto cedidas por la FGULL).<\/p>\n","protected":false},"excerpt":{"rendered":"<p>La Unidad de Formaci\u00f3n Pr\u00e1ctica, conocida como Act\u00edvate: becas y pr\u00e1cticas, y que forma parte de la Agencia Universitaria de&#8230;<\/p>\n","protected":false},"author":23,"featured_media":24467,"comment_status":"open","ping_status":"open","sticky":false,"template":"","format":"image","meta":{"inline_featured_image":false,"footnotes":""},"categories":[343,1],"tags":[],"acf":[],"yoast_head":"<!-- This site is optimized with the Yoast SEO plugin v21.3 - https:\/\/yoast.com\/wordpress\/plugins\/seo\/ -->\n<title>La Fundaci\u00f3n General de la ULL gestion\u00f3 en 2014 m\u00e1s de 300 becas para facilitar la inserci\u00f3n laboral de los reci\u00e9n titulados - ULL - Noticias<\/title>\n<meta name=\"robots\" content=\"index, follow, max-snippet:-1, max-image-preview:large, max-video-preview:-1\" \/>\n<link rel=\"canonical\" href=\"https:\/\/www.ull.es\/portal\/noticias\/2015\/la-fundacion-general-de-la-ull-gestiono-en-2014-mas-de-300-becas-para-facilitar-la-insercion-laboral-de-los-recien-titulados\/\" \/>\n<meta property=\"og:locale\" content=\"es_ES\" \/>\n<meta property=\"og:type\" content=\"article\" \/>\n<meta property=\"og:title\" content=\"La Fundaci\u00f3n General de la ULL gestion\u00f3 en 2014 m\u00e1s de 300 becas para facilitar la inserci\u00f3n laboral de los reci\u00e9n titulados - ULL - Noticias\" \/>\n<meta property=\"og:description\" content=\"La Unidad de Formaci\u00f3n Pr\u00e1ctica, conocida como Act\u00edvate: becas y pr\u00e1cticas, y que forma parte de la Agencia Universitaria de...\" \/>\n<meta property=\"og:url\" content=\"https:\/\/www.ull.es\/portal\/noticias\/2015\/la-fundacion-general-de-la-ull-gestiono-en-2014-mas-de-300-becas-para-facilitar-la-insercion-laboral-de-los-recien-titulados\/\" \/>\n<meta property=\"og:site_name\" content=\"ULL - Noticias\" \/>\n<meta property=\"article:publisher\" content=\"https:\/\/www.facebook.com\/universidaddelalaguna\/\" \/>\n<meta property=\"article:published_time\" content=\"2015-07-17T08:17:29+00:00\" \/>\n<meta property=\"og:image\" content=\"https:\/\/www.ull.es\/portal\/noticias\/wp-content\/uploads\/sites\/13\/2015\/07\/cataliza1.jpg\" \/>\n\t<meta property=\"og:image:width\" content=\"1600\" \/>\n\t<meta property=\"og:image:height\" content=\"900\" \/>\n\t<meta property=\"og:image:type\" content=\"image\/jpeg\" \/>\n<meta name=\"author\" content=\"gaprsa\" \/>\n<meta name=\"twitter:card\" content=\"summary_large_image\" \/>\n<meta name=\"twitter:creator\" content=\"@CanalULL\" \/>\n<meta name=\"twitter:site\" content=\"@CanalULL\" \/>\n<meta name=\"twitter:label1\" content=\"Escrito por\" \/>\n\t<meta name=\"twitter:data1\" content=\"gaprsa\" \/>\n\t<meta name=\"twitter:label2\" content=\"Tiempo de lectura\" \/>\n\t<meta name=\"twitter:data2\" content=\"3 minutos\" \/>\n<script type=\"application\/ld+json\" class=\"yoast-schema-graph\">{\"@context\":\"https:\/\/schema.org\",\"@graph\":[{\"@type\":\"WebPage\",\"@id\":\"https:\/\/www.ull.es\/portal\/noticias\/2015\/la-fundacion-general-de-la-ull-gestiono-en-2014-mas-de-300-becas-para-facilitar-la-insercion-laboral-de-los-recien-titulados\/\",\"url\":\"https:\/\/www.ull.es\/portal\/noticias\/2015\/la-fundacion-general-de-la-ull-gestiono-en-2014-mas-de-300-becas-para-facilitar-la-insercion-laboral-de-los-recien-titulados\/\",\"name\":\"La Fundaci\u00f3n General de la ULL gestion\u00f3 en 2014 m\u00e1s de 300 becas para facilitar la inserci\u00f3n laboral de los reci\u00e9n titulados - ULL - Noticias\",\"isPartOf\":{\"@id\":\"https:\/\/www.ull.es\/portal\/noticias\/#website\"},\"datePublished\":\"2015-07-17T08:17:29+00:00\",\"dateModified\":\"2015-07-17T08:17:29+00:00\",\"author\":{\"@id\":\"https:\/\/www.ull.es\/portal\/noticias\/#\/schema\/person\/b2b1a89d43ffa609e591f7df8ef3e817\"},\"breadcrumb\":{\"@id\":\"https:\/\/www.ull.es\/portal\/noticias\/2015\/la-fundacion-general-de-la-ull-gestiono-en-2014-mas-de-300-becas-para-facilitar-la-insercion-laboral-de-los-recien-titulados\/#breadcrumb\"},\"inLanguage\":\"es\",\"potentialAction\":[{\"@type\":\"ReadAction\",\"target\":[\"https:\/\/www.ull.es\/portal\/noticias\/2015\/la-fundacion-general-de-la-ull-gestiono-en-2014-mas-de-300-becas-para-facilitar-la-insercion-laboral-de-los-recien-titulados\/\"]}]},{\"@type\":\"BreadcrumbList\",\"@id\":\"https:\/\/www.ull.es\/portal\/noticias\/2015\/la-fundacion-general-de-la-ull-gestiono-en-2014-mas-de-300-becas-para-facilitar-la-insercion-laboral-de-los-recien-titulados\/#breadcrumb\",\"itemListElement\":[{\"@type\":\"ListItem\",\"position\":1,\"name\":\"Portada\",\"item\":\"https:\/\/www.ull.es\/portal\/noticias\/\"},{\"@type\":\"ListItem\",\"position\":2,\"name\":\"La Fundaci\u00f3n General de la ULL gestion\u00f3 en 2014 m\u00e1s de 300 becas para facilitar la inserci\u00f3n laboral de los reci\u00e9n titulados\"}]},{\"@type\":\"WebSite\",\"@id\":\"https:\/\/www.ull.es\/portal\/noticias\/#website\",\"url\":\"https:\/\/www.ull.es\/portal\/noticias\/\",\"name\":\"ULL - Noticias\",\"description\":\"\",\"potentialAction\":[{\"@type\":\"SearchAction\",\"target\":{\"@type\":\"EntryPoint\",\"urlTemplate\":\"https:\/\/www.ull.es\/portal\/noticias\/?s={search_term_string}\"},\"query-input\":\"required name=search_term_string\"}],\"inLanguage\":\"es\"},{\"@type\":\"Person\",\"@id\":\"https:\/\/www.ull.es\/portal\/noticias\/#\/schema\/person\/b2b1a89d43ffa609e591f7df8ef3e817\",\"name\":\"gaprsa\",\"image\":{\"@type\":\"ImageObject\",\"inLanguage\":\"es\",\"@id\":\"https:\/\/www.ull.es\/portal\/noticias\/#\/schema\/person\/image\/\",\"url\":\"https:\/\/secure.gravatar.com\/avatar\/443820550921091458b4823867723b3d?s=96&d=mm&r=g\",\"contentUrl\":\"https:\/\/secure.gravatar.com\/avatar\/443820550921091458b4823867723b3d?s=96&d=mm&r=g\",\"caption\":\"gaprsa\"},\"url\":\"https:\/\/www.ull.es\/portal\/noticias\/author\/gaprsa\/\"}]}<\/script>\n<!-- \/ Yoast SEO plugin. -->","yoast_head_json":{"title":"La Fundaci\u00f3n General de la ULL gestion\u00f3 en 2014 m\u00e1s de 300 becas para facilitar la inserci\u00f3n laboral de los reci\u00e9n titulados - ULL - Noticias","robots":{"index":"index","follow":"follow","max-snippet":"max-snippet:-1","max-image-preview":"max-image-preview:large","max-video-preview":"max-video-preview:-1"},"canonical":"https:\/\/www.ull.es\/portal\/noticias\/2015\/la-fundacion-general-de-la-ull-gestiono-en-2014-mas-de-300-becas-para-facilitar-la-insercion-laboral-de-los-recien-titulados\/","og_locale":"es_ES","og_type":"article","og_title":"La Fundaci\u00f3n General de la ULL gestion\u00f3 en 2014 m\u00e1s de 300 becas para facilitar la inserci\u00f3n laboral de los reci\u00e9n titulados - ULL - Noticias","og_description":"La Unidad de Formaci\u00f3n Pr\u00e1ctica, conocida como Act\u00edvate: becas y pr\u00e1cticas, y que forma parte de la Agencia Universitaria de...","og_url":"https:\/\/www.ull.es\/portal\/noticias\/2015\/la-fundacion-general-de-la-ull-gestiono-en-2014-mas-de-300-becas-para-facilitar-la-insercion-laboral-de-los-recien-titulados\/","og_site_name":"ULL - Noticias","article_publisher":"https:\/\/www.facebook.com\/universidaddelalaguna\/","article_published_time":"2015-07-17T08:17:29+00:00","og_image":[{"width":1600,"height":900,"url":"https:\/\/www.ull.es\/portal\/noticias\/wp-content\/uploads\/sites\/13\/2015\/07\/cataliza1.jpg","type":"image\/jpeg"}],"author":"gaprsa","twitter_card":"summary_large_image","twitter_creator":"@CanalULL","twitter_site":"@CanalULL","twitter_misc":{"Escrito por":"gaprsa","Tiempo de lectura":"3 minutos"},"schema":{"@context":"https:\/\/schema.org","@graph":[{"@type":"WebPage","@id":"https:\/\/www.ull.es\/portal\/noticias\/2015\/la-fundacion-general-de-la-ull-gestiono-en-2014-mas-de-300-becas-para-facilitar-la-insercion-laboral-de-los-recien-titulados\/","url":"https:\/\/www.ull.es\/portal\/noticias\/2015\/la-fundacion-general-de-la-ull-gestiono-en-2014-mas-de-300-becas-para-facilitar-la-insercion-laboral-de-los-recien-titulados\/","name":"La Fundaci\u00f3n General de la ULL gestion\u00f3 en 2014 m\u00e1s de 300 becas para facilitar la inserci\u00f3n laboral de los reci\u00e9n titulados - ULL - Noticias","isPartOf":{"@id":"https:\/\/www.ull.es\/portal\/noticias\/#website"},"datePublished":"2015-07-17T08:17:29+00:00","dateModified":"2015-07-17T08:17:29+00:00","author":{"@id":"https:\/\/www.ull.es\/portal\/noticias\/#\/schema\/person\/b2b1a89d43ffa609e591f7df8ef3e817"},"breadcrumb":{"@id":"https:\/\/www.ull.es\/portal\/noticias\/2015\/la-fundacion-general-de-la-ull-gestiono-en-2014-mas-de-300-becas-para-facilitar-la-insercion-laboral-de-los-recien-titulados\/#breadcrumb"},"inLanguage":"es","potentialAction":[{"@type":"ReadAction","target":["https:\/\/www.ull.es\/portal\/noticias\/2015\/la-fundacion-general-de-la-ull-gestiono-en-2014-mas-de-300-becas-para-facilitar-la-insercion-laboral-de-los-recien-titulados\/"]}]},{"@type":"BreadcrumbList","@id":"https:\/\/www.ull.es\/portal\/noticias\/2015\/la-fundacion-general-de-la-ull-gestiono-en-2014-mas-de-300-becas-para-facilitar-la-insercion-laboral-de-los-recien-titulados\/#breadcrumb","itemListElement":[{"@type":"ListItem","position":1,"name":"Portada","item":"https:\/\/www.ull.es\/portal\/noticias\/"},{"@type":"ListItem","position":2,"name":"La Fundaci\u00f3n General de la ULL gestion\u00f3 en 2014 m\u00e1s de 300 becas para facilitar la inserci\u00f3n laboral de los reci\u00e9n titulados"}]},{"@type":"WebSite","@id":"https:\/\/www.ull.es\/portal\/noticias\/#website","url":"https:\/\/www.ull.es\/portal\/noticias\/","name":"ULL - Noticias","description":"","potentialAction":[{"@type":"SearchAction","target":{"@type":"EntryPoint","urlTemplate":"https:\/\/www.ull.es\/portal\/noticias\/?s={search_term_string}"},"query-input":"required name=search_term_string"}],"inLanguage":"es"},{"@type":"Person","@id":"https:\/\/www.ull.es\/portal\/noticias\/#\/schema\/person\/b2b1a89d43ffa609e591f7df8ef3e817","name":"gaprsa","image":{"@type":"ImageObject","inLanguage":"es","@id":"https:\/\/www.ull.es\/portal\/noticias\/#\/schema\/person\/image\/","url":"https:\/\/secure.gravatar.com\/avatar\/443820550921091458b4823867723b3d?s=96&d=mm&r=g","contentUrl":"https:\/\/secure.gravatar.com\/avatar\/443820550921091458b4823867723b3d?s=96&d=mm&r=g","caption":"gaprsa"},"url":"https:\/\/www.ull.es\/portal\/noticias\/author\/gaprsa\/"}]}},"primary_category":null,"featured_image_thumbnail_url":"https:\/\/www.ull.es\/portal\/noticias\/wp-content\/uploads\/sites\/13\/2015\/07\/cataliza1-300x169.jpg","_links":{"self":[{"href":"https:\/\/www.ull.es\/portal\/noticias\/wp-json\/wp\/v2\/posts\/24466"}],"collection":[{"href":"https:\/\/www.ull.es\/portal\/noticias\/wp-json\/wp\/v2\/posts"}],"about":[{"href":"https:\/\/www.ull.es\/portal\/noticias\/wp-json\/wp\/v2\/types\/post"}],"author":[{"embeddable":true,"href":"https:\/\/www.ull.es\/portal\/noticias\/wp-json\/wp\/v2\/users\/23"}],"replies":[{"embeddable":true,"href":"https:\/\/www.ull.es\/portal\/noticias\/wp-json\/wp\/v2\/comments?post=24466"}],"version-history":[{"count":0,"href":"https:\/\/www.ull.es\/portal\/noticias\/wp-json\/wp\/v2\/posts\/24466\/revisions"}],"wp:featuredmedia":[{"embeddable":true,"href":"https:\/\/www.ull.es\/portal\/noticias\/wp-json\/wp\/v2\/media\/24467"}],"wp:attachment":[{"href":"https:\/\/www.ull.es\/portal\/noticias\/wp-json\/wp\/v2\/media?parent=24466"}],"wp:term":[{"taxonomy":"category","embeddable":true,"href":"https:\/\/www.ull.es\/portal\/noticias\/wp-json\/wp\/v2\/categories?post=24466"},{"taxonomy":"post_tag","embeddable":true,"href":"https:\/\/www.ull.es\/portal\/noticias\/wp-json\/wp\/v2\/tags?post=24466"}],"curies":[{"name":"wp","href":"https:\/\/api.w.org\/{rel}","templated":true}]}}