{"id":24506,"date":"2015-07-23T08:58:43","date_gmt":"2015-07-23T08:58:43","guid":{"rendered":"http:\/\/ddigital.webs.ull.es\/?p=24506"},"modified":"2015-07-23T08:58:43","modified_gmt":"2015-07-23T08:58:43","slug":"premiada-una-comunicacion-cientifica-de-la-ull-en-el-congreso-internacional-hyceltec-2015","status":"publish","type":"post","link":"https:\/\/www.ull.es\/portal\/noticias\/2015\/premiada-una-comunicacion-cientifica-de-la-ull-en-el-congreso-internacional-hyceltec-2015\/","title":{"rendered":"Premiada una comunicaci\u00f3n cient\u00edfica de la ULL en el congreso internacional Hyceltec 2015"},"content":{"rendered":"<p>La comunicaci\u00f3n titulada \u00abReducci\u00f3n de la resistencia de polarizaci\u00f3n de un \u00e1nodo de Pilas de Combustible de \u00d3xido S\u00f3lido de Ni-YSZ mediante infiltraci\u00f3n de una dispersi\u00f3n de \u00f3xido de cerio\u00bb (\u201cDecreasing the polarisation resistance of a Ni-YSZ Solid Oxide Fuel Cell anode by infiltration of a ceria based solution\u201d) fue presentada en el V Simposio Ib\u00e9rico del Hidr\u00f3geno, Pilas de Combustible y bater\u00edas Avanzadas: HYCELTEC201, organizado por la Universidad de La Laguna y celebrado en un hotel del Puerto de la Cruz hace escasas semanas.<\/p>\n<p>El trabajo forma parte de la tesis doctoral recientemente defendida en la instituci\u00f3n acad\u00e9mica por Ricardo Fern\u00e1ndez Gonz\u00e1lez y que propone dos estrategias para mejorar significativamente los dispositivos energ\u00e9ticos conocidos como Pilas de Combustible de \u00d3xidos S\u00f3lidos.<\/p>\n<p>Por un lado, se controla la microestructura 3D del material de soporte met\u00e1lico de estas pilas, en forma de panales hexagonales 3D, permitiendo as\u00ed reducir su peso y ahorrar en los costes materiales de fabricaci\u00f3n. Por otro, se utilizan nanopart\u00edculas de un material conocido como \u00f3xido de cerio (ceria) que mejora significativamente el rendimiento electroqu\u00edmico de estas pilas.<\/p>\n<p>Estas dos mejoras, desarrolladas en el grupo de investigaci\u00f3n de Nano y Microingenier\u00eda de Materiales de la ULL, dirigido por Juan Carlos Ruiz-Morales, permiten fabricar nuevos tipos de pilas de combustibles no contaminante con ventajas adicionales como es la reducci\u00f3n del peso de los mismos en cerca de un 67% y una mejora de la potencia obtenida en un 300% al utilizar las nanopart\u00edculas de \u00f3xido de cerio.<\/p>\n<p>El V Simposio Ib\u00e9rico de Hidr\u00f3geno, Pilas de Combustible y Bater\u00edas Avanzadas (HTCELTEC 2015) estuvo organizado desde la Universidad de La Laguna por docentes del Departamento de Qu\u00edmica y el Instituto Universitario de Materiales y Nanotecnolog\u00eda, bajo la coordinaci\u00f3n de la profesora Elena Pastor Tejera. El objetivo de este encuentro fue resaltar la evoluci\u00f3n reciente de la ciencia y la tecnolog\u00eda de las pilas de combustible, el hidr\u00f3geno y las bater\u00edas avanzadas.<\/p>\n<p>P\u00e1gina web del grupo de investigaci\u00f3n: <a href=\"http:\/\/www.sofc.es\" target=\"_blank\" target=\"_blank\" rel=\"noopener\">http:\/\/www.sofc.es<\/a><\/p>\n","protected":false},"excerpt":{"rendered":"<p>La comunicaci\u00f3n titulada \u00abReducci\u00f3n de la resistencia de polarizaci\u00f3n de un \u00e1nodo de Pilas de Combustible de \u00d3xido S\u00f3lido de&#8230;<\/p>\n","protected":false},"author":23,"featured_media":24507,"comment_status":"open","ping_status":"open","sticky":false,"template":"","format":"standard","meta":{"inline_featured_image":false,"footnotes":""},"categories":[350,1],"tags":[2102,2277,2403,2462,2527,2560],"acf":[],"yoast_head":"<!-- This site is optimized with the Yoast SEO plugin v21.3 - https:\/\/yoast.com\/wordpress\/plugins\/seo\/ -->\n<title>Premiada una comunicaci\u00f3n cient\u00edfica de la ULL en el congreso internacional Hyceltec 2015 - ULL - Noticias<\/title>\n<meta name=\"robots\" content=\"index, follow, max-snippet:-1, max-image-preview:large, max-video-preview:-1\" \/>\n<link rel=\"canonical\" href=\"https:\/\/www.ull.es\/portal\/noticias\/2015\/premiada-una-comunicacion-cientifica-de-la-ull-en-el-congreso-internacional-hyceltec-2015\/\" \/>\n<meta property=\"og:locale\" content=\"es_ES\" \/>\n<meta property=\"og:type\" content=\"article\" \/>\n<meta property=\"og:title\" content=\"Premiada una comunicaci\u00f3n cient\u00edfica de la ULL en el congreso internacional Hyceltec 2015 - ULL - Noticias\" \/>\n<meta property=\"og:description\" content=\"La comunicaci\u00f3n titulada \u00abReducci\u00f3n de la resistencia de polarizaci\u00f3n de un \u00e1nodo de Pilas de Combustible de \u00d3xido S\u00f3lido de...\" \/>\n<meta property=\"og:url\" content=\"https:\/\/www.ull.es\/portal\/noticias\/2015\/premiada-una-comunicacion-cientifica-de-la-ull-en-el-congreso-internacional-hyceltec-2015\/\" \/>\n<meta property=\"og:site_name\" content=\"ULL - Noticias\" \/>\n<meta property=\"article:publisher\" content=\"https:\/\/www.facebook.com\/universidaddelalaguna\/\" \/>\n<meta property=\"article:published_time\" content=\"2015-07-23T08:58:43+00:00\" \/>\n<meta property=\"og:image\" content=\"https:\/\/www.ull.es\/portal\/noticias\/wp-content\/uploads\/sites\/13\/2015\/07\/Ricardo-Fern\u00e1ndez-autor-de-la-comunicaci\u00f3n-y-Juan-Carlos-Ruiz-Morales-director-del-grupo.jpg\" \/>\n\t<meta property=\"og:image:width\" content=\"1034\" \/>\n\t<meta property=\"og:image:height\" content=\"708\" \/>\n\t<meta property=\"og:image:type\" content=\"image\/jpeg\" \/>\n<meta name=\"author\" content=\"gaprsa\" \/>\n<meta name=\"twitter:card\" content=\"summary_large_image\" \/>\n<meta name=\"twitter:creator\" content=\"@CanalULL\" \/>\n<meta name=\"twitter:site\" content=\"@CanalULL\" \/>\n<meta name=\"twitter:label1\" content=\"Escrito por\" \/>\n\t<meta name=\"twitter:data1\" content=\"gaprsa\" \/>\n\t<meta name=\"twitter:label2\" content=\"Tiempo de lectura\" \/>\n\t<meta name=\"twitter:data2\" content=\"2 minutos\" \/>\n<script type=\"application\/ld+json\" class=\"yoast-schema-graph\">{\"@context\":\"https:\/\/schema.org\",\"@graph\":[{\"@type\":\"WebPage\",\"@id\":\"https:\/\/www.ull.es\/portal\/noticias\/2015\/premiada-una-comunicacion-cientifica-de-la-ull-en-el-congreso-internacional-hyceltec-2015\/\",\"url\":\"https:\/\/www.ull.es\/portal\/noticias\/2015\/premiada-una-comunicacion-cientifica-de-la-ull-en-el-congreso-internacional-hyceltec-2015\/\",\"name\":\"Premiada una comunicaci\u00f3n cient\u00edfica de la ULL en el congreso internacional Hyceltec 2015 - ULL - Noticias\",\"isPartOf\":{\"@id\":\"https:\/\/www.ull.es\/portal\/noticias\/#website\"},\"datePublished\":\"2015-07-23T08:58:43+00:00\",\"dateModified\":\"2015-07-23T08:58:43+00:00\",\"author\":{\"@id\":\"https:\/\/www.ull.es\/portal\/noticias\/#\/schema\/person\/b2b1a89d43ffa609e591f7df8ef3e817\"},\"breadcrumb\":{\"@id\":\"https:\/\/www.ull.es\/portal\/noticias\/2015\/premiada-una-comunicacion-cientifica-de-la-ull-en-el-congreso-internacional-hyceltec-2015\/#breadcrumb\"},\"inLanguage\":\"es\",\"potentialAction\":[{\"@type\":\"ReadAction\",\"target\":[\"https:\/\/www.ull.es\/portal\/noticias\/2015\/premiada-una-comunicacion-cientifica-de-la-ull-en-el-congreso-internacional-hyceltec-2015\/\"]}]},{\"@type\":\"BreadcrumbList\",\"@id\":\"https:\/\/www.ull.es\/portal\/noticias\/2015\/premiada-una-comunicacion-cientifica-de-la-ull-en-el-congreso-internacional-hyceltec-2015\/#breadcrumb\",\"itemListElement\":[{\"@type\":\"ListItem\",\"position\":1,\"name\":\"Portada\",\"item\":\"https:\/\/www.ull.es\/portal\/noticias\/\"},{\"@type\":\"ListItem\",\"position\":2,\"name\":\"Premiada una comunicaci\u00f3n cient\u00edfica de la ULL en el congreso internacional Hyceltec 2015\"}]},{\"@type\":\"WebSite\",\"@id\":\"https:\/\/www.ull.es\/portal\/noticias\/#website\",\"url\":\"https:\/\/www.ull.es\/portal\/noticias\/\",\"name\":\"ULL - Noticias\",\"description\":\"\",\"potentialAction\":[{\"@type\":\"SearchAction\",\"target\":{\"@type\":\"EntryPoint\",\"urlTemplate\":\"https:\/\/www.ull.es\/portal\/noticias\/?s={search_term_string}\"},\"query-input\":\"required name=search_term_string\"}],\"inLanguage\":\"es\"},{\"@type\":\"Person\",\"@id\":\"https:\/\/www.ull.es\/portal\/noticias\/#\/schema\/person\/b2b1a89d43ffa609e591f7df8ef3e817\",\"name\":\"gaprsa\",\"image\":{\"@type\":\"ImageObject\",\"inLanguage\":\"es\",\"@id\":\"https:\/\/www.ull.es\/portal\/noticias\/#\/schema\/person\/image\/\",\"url\":\"https:\/\/secure.gravatar.com\/avatar\/443820550921091458b4823867723b3d?s=96&d=mm&r=g\",\"contentUrl\":\"https:\/\/secure.gravatar.com\/avatar\/443820550921091458b4823867723b3d?s=96&d=mm&r=g\",\"caption\":\"gaprsa\"},\"url\":\"https:\/\/www.ull.es\/portal\/noticias\/author\/gaprsa\/\"}]}<\/script>\n<!-- \/ Yoast SEO plugin. -->","yoast_head_json":{"title":"Premiada una comunicaci\u00f3n cient\u00edfica de la ULL en el congreso internacional Hyceltec 2015 - ULL - Noticias","robots":{"index":"index","follow":"follow","max-snippet":"max-snippet:-1","max-image-preview":"max-image-preview:large","max-video-preview":"max-video-preview:-1"},"canonical":"https:\/\/www.ull.es\/portal\/noticias\/2015\/premiada-una-comunicacion-cientifica-de-la-ull-en-el-congreso-internacional-hyceltec-2015\/","og_locale":"es_ES","og_type":"article","og_title":"Premiada una comunicaci\u00f3n cient\u00edfica de la ULL en el congreso internacional Hyceltec 2015 - ULL - Noticias","og_description":"La comunicaci\u00f3n titulada \u00abReducci\u00f3n de la resistencia de polarizaci\u00f3n de un \u00e1nodo de Pilas de Combustible de \u00d3xido S\u00f3lido de...","og_url":"https:\/\/www.ull.es\/portal\/noticias\/2015\/premiada-una-comunicacion-cientifica-de-la-ull-en-el-congreso-internacional-hyceltec-2015\/","og_site_name":"ULL - Noticias","article_publisher":"https:\/\/www.facebook.com\/universidaddelalaguna\/","article_published_time":"2015-07-23T08:58:43+00:00","og_image":[{"width":1034,"height":708,"url":"https:\/\/www.ull.es\/portal\/noticias\/wp-content\/uploads\/sites\/13\/2015\/07\/Ricardo-Fern\u00e1ndez-autor-de-la-comunicaci\u00f3n-y-Juan-Carlos-Ruiz-Morales-director-del-grupo.jpg","type":"image\/jpeg"}],"author":"gaprsa","twitter_card":"summary_large_image","twitter_creator":"@CanalULL","twitter_site":"@CanalULL","twitter_misc":{"Escrito por":"gaprsa","Tiempo de lectura":"2 minutos"},"schema":{"@context":"https:\/\/schema.org","@graph":[{"@type":"WebPage","@id":"https:\/\/www.ull.es\/portal\/noticias\/2015\/premiada-una-comunicacion-cientifica-de-la-ull-en-el-congreso-internacional-hyceltec-2015\/","url":"https:\/\/www.ull.es\/portal\/noticias\/2015\/premiada-una-comunicacion-cientifica-de-la-ull-en-el-congreso-internacional-hyceltec-2015\/","name":"Premiada una comunicaci\u00f3n cient\u00edfica de la ULL en el congreso internacional Hyceltec 2015 - ULL - Noticias","isPartOf":{"@id":"https:\/\/www.ull.es\/portal\/noticias\/#website"},"datePublished":"2015-07-23T08:58:43+00:00","dateModified":"2015-07-23T08:58:43+00:00","author":{"@id":"https:\/\/www.ull.es\/portal\/noticias\/#\/schema\/person\/b2b1a89d43ffa609e591f7df8ef3e817"},"breadcrumb":{"@id":"https:\/\/www.ull.es\/portal\/noticias\/2015\/premiada-una-comunicacion-cientifica-de-la-ull-en-el-congreso-internacional-hyceltec-2015\/#breadcrumb"},"inLanguage":"es","potentialAction":[{"@type":"ReadAction","target":["https:\/\/www.ull.es\/portal\/noticias\/2015\/premiada-una-comunicacion-cientifica-de-la-ull-en-el-congreso-internacional-hyceltec-2015\/"]}]},{"@type":"BreadcrumbList","@id":"https:\/\/www.ull.es\/portal\/noticias\/2015\/premiada-una-comunicacion-cientifica-de-la-ull-en-el-congreso-internacional-hyceltec-2015\/#breadcrumb","itemListElement":[{"@type":"ListItem","position":1,"name":"Portada","item":"https:\/\/www.ull.es\/portal\/noticias\/"},{"@type":"ListItem","position":2,"name":"Premiada una comunicaci\u00f3n cient\u00edfica de la ULL en el congreso internacional Hyceltec 2015"}]},{"@type":"WebSite","@id":"https:\/\/www.ull.es\/portal\/noticias\/#website","url":"https:\/\/www.ull.es\/portal\/noticias\/","name":"ULL - Noticias","description":"","potentialAction":[{"@type":"SearchAction","target":{"@type":"EntryPoint","urlTemplate":"https:\/\/www.ull.es\/portal\/noticias\/?s={search_term_string}"},"query-input":"required name=search_term_string"}],"inLanguage":"es"},{"@type":"Person","@id":"https:\/\/www.ull.es\/portal\/noticias\/#\/schema\/person\/b2b1a89d43ffa609e591f7df8ef3e817","name":"gaprsa","image":{"@type":"ImageObject","inLanguage":"es","@id":"https:\/\/www.ull.es\/portal\/noticias\/#\/schema\/person\/image\/","url":"https:\/\/secure.gravatar.com\/avatar\/443820550921091458b4823867723b3d?s=96&d=mm&r=g","contentUrl":"https:\/\/secure.gravatar.com\/avatar\/443820550921091458b4823867723b3d?s=96&d=mm&r=g","caption":"gaprsa"},"url":"https:\/\/www.ull.es\/portal\/noticias\/author\/gaprsa\/"}]}},"primary_category":null,"featured_image_thumbnail_url":"https:\/\/www.ull.es\/portal\/noticias\/wp-content\/uploads\/sites\/13\/2015\/07\/Ricardo-Fern\u00e1ndez-autor-de-la-comunicaci\u00f3n-y-Juan-Carlos-Ruiz-Morales-director-del-grupo-300x205.jpg","_links":{"self":[{"href":"https:\/\/www.ull.es\/portal\/noticias\/wp-json\/wp\/v2\/posts\/24506"}],"collection":[{"href":"https:\/\/www.ull.es\/portal\/noticias\/wp-json\/wp\/v2\/posts"}],"about":[{"href":"https:\/\/www.ull.es\/portal\/noticias\/wp-json\/wp\/v2\/types\/post"}],"author":[{"embeddable":true,"href":"https:\/\/www.ull.es\/portal\/noticias\/wp-json\/wp\/v2\/users\/23"}],"replies":[{"embeddable":true,"href":"https:\/\/www.ull.es\/portal\/noticias\/wp-json\/wp\/v2\/comments?post=24506"}],"version-history":[{"count":0,"href":"https:\/\/www.ull.es\/portal\/noticias\/wp-json\/wp\/v2\/posts\/24506\/revisions"}],"wp:featuredmedia":[{"embeddable":true,"href":"https:\/\/www.ull.es\/portal\/noticias\/wp-json\/wp\/v2\/media\/24507"}],"wp:attachment":[{"href":"https:\/\/www.ull.es\/portal\/noticias\/wp-json\/wp\/v2\/media?parent=24506"}],"wp:term":[{"taxonomy":"category","embeddable":true,"href":"https:\/\/www.ull.es\/portal\/noticias\/wp-json\/wp\/v2\/categories?post=24506"},{"taxonomy":"post_tag","embeddable":true,"href":"https:\/\/www.ull.es\/portal\/noticias\/wp-json\/wp\/v2\/tags?post=24506"}],"curies":[{"name":"wp","href":"https:\/\/api.w.org\/{rel}","templated":true}]}}