{"id":24512,"date":"2015-07-27T09:08:00","date_gmt":"2015-07-27T09:08:00","guid":{"rendered":"http:\/\/ddigital.webs.ull.es\/?p=24512"},"modified":"2015-07-27T09:08:00","modified_gmt":"2015-07-27T09:08:00","slug":"alumni-ull-publica-la-convocatoria-de-la-tercera-edicion-de-su-programa-de-mecenazgo-a-proyectos-universitarios","status":"publish","type":"post","link":"https:\/\/www.ull.es\/portal\/noticias\/2015\/alumni-ull-publica-la-convocatoria-de-la-tercera-edicion-de-su-programa-de-mecenazgo-a-proyectos-universitarios\/","title":{"rendered":"Alumni ULL publica la convocatoria de la tercera edici\u00f3n de su programa de mecenazgo a proyectos universitarios"},"content":{"rendered":"<p>La asociaci\u00f3n Alumni ULL acaba de publicar la tercera convocatoria de su programa anual de mecenazgo, mediante el cual patrocina a centros, grupos de investigaci\u00f3n y colectivos vinculados a la Universidad de La Laguna para que puedan sufragar gastos de inversi\u00f3n para su funcionamiento o proyectos de actividades que se realicen entre el 1 de octubre de 2015 y el 31 de agosto de 2016. La convocatoria, que cuenta con la colaboraci\u00f3n de Cajasiete, est\u00e1 disponible en la <a href=\"http:\/\/www.alumniull.es\/\" target=\"_blank\" target=\"_blank\" rel=\"noopener\">web de la entidad convocante<\/a>.<\/p>\n<p>Pueden solicitar estas ayudas los responsables de centros, grupos o colectivos de la ULL. El plazo para hacerlo estar\u00e1 abierto hasta el 30 de septiembre de 2015 a las 14 horas y deber\u00e1 realizarse en la sede de la asociaci\u00f3n, ubicada en la calle Viana, n\u00famero 50 de La Laguna. A esta convocatoria no podr\u00e1n concurrir los servicios de Biblioteca y de Deportes de la instituci\u00f3n acad\u00e9mica, dado que la asociaci\u00f3n, que re\u00fane a antiguos alumnos y amigos de la universidad, ya mantiene sendas l\u00edneas espec\u00edficas de ayudas para ellos. <\/p>\n<p>La dotaci\u00f3n de cada una de las ayudas que se concedan ser\u00e1 de hasta 400 euros, si bien en casos excepcionales podr\u00e1 aumentar esta cantidad. El cr\u00e9dito total disponible es de 5.500 euros como m\u00e1ximo, con cargo a los presupuestos de Alumni ULL.<\/p>\n<p>Las bases informan de toda la documentaci\u00f3n que cada candidatura deber\u00e1 presentar: Adem\u00e1s del impreso correspondiente y un documento que acredite la vinculaci\u00f3n de la persona solicitante con la Universidad de La Laguna, la parte m\u00e1s importante ser\u00e1 una memoria que explique la finalidad, caracter\u00edsticas y presupuesto desglosado del proyecto, incluyendo informaci\u00f3n sobre si cuenta con financiaci\u00f3n adicional.<\/p>\n<p>La junta directiva de Alumni ULL ser\u00e1 la encargada de resolver esta convocatoria, articulada mediante r\u00e9gimen de concurrencia competitiva. Las ayudas ser\u00e1n resueltas y notificadas a los interesados, como m\u00e1ximo, el 15 de octubre de 2015. <\/p>\n<p>Los beneficiarios se comprometer\u00e1n a realizar la actividad tal cual fue descrita en la memoria, dado que si se produjeran cambios sustanciales en ella, la asociaci\u00f3n podr\u00eda revocar la ayuda y exigir la devoluci\u00f3n de la financiaci\u00f3n. Adem\u00e1s, todos los proyectos seleccionados deber\u00e1n hacer constar de manera clara y visible el mecenazgo de Alumni ULL mediante la inserci\u00f3n de su logotipo.<\/p>\n","protected":false},"excerpt":{"rendered":"<p>La asociaci\u00f3n Alumni ULL acaba de publicar la tercera convocatoria de su programa anual de mecenazgo, mediante el cual patrocina&#8230;<\/p>\n","protected":false},"author":23,"featured_media":24513,"comment_status":"open","ping_status":"open","sticky":false,"template":"","format":"standard","meta":{"inline_featured_image":false,"footnotes":""},"categories":[348,1],"tags":[464,2170,2462,2527,2560],"acf":[],"yoast_head":"<!-- This site is optimized with the Yoast SEO plugin v21.3 - https:\/\/yoast.com\/wordpress\/plugins\/seo\/ -->\n<title>Alumni ULL publica la convocatoria de la tercera edici\u00f3n de su programa de mecenazgo a proyectos universitarios - ULL - Noticias<\/title>\n<meta name=\"robots\" content=\"index, follow, max-snippet:-1, max-image-preview:large, max-video-preview:-1\" \/>\n<link rel=\"canonical\" href=\"https:\/\/www.ull.es\/portal\/noticias\/2015\/alumni-ull-publica-la-convocatoria-de-la-tercera-edicion-de-su-programa-de-mecenazgo-a-proyectos-universitarios\/\" \/>\n<meta property=\"og:locale\" content=\"es_ES\" \/>\n<meta property=\"og:type\" content=\"article\" \/>\n<meta property=\"og:title\" content=\"Alumni ULL publica la convocatoria de la tercera edici\u00f3n de su programa de mecenazgo a proyectos universitarios - ULL - Noticias\" \/>\n<meta property=\"og:description\" content=\"La asociaci\u00f3n Alumni ULL acaba de publicar la tercera convocatoria de su programa anual de mecenazgo, mediante el cual patrocina...\" \/>\n<meta property=\"og:url\" content=\"https:\/\/www.ull.es\/portal\/noticias\/2015\/alumni-ull-publica-la-convocatoria-de-la-tercera-edicion-de-su-programa-de-mecenazgo-a-proyectos-universitarios\/\" \/>\n<meta property=\"og:site_name\" content=\"ULL - Noticias\" \/>\n<meta property=\"article:publisher\" content=\"https:\/\/www.facebook.com\/universidaddelalaguna\/\" \/>\n<meta property=\"article:published_time\" content=\"2015-07-27T09:08:00+00:00\" \/>\n<meta property=\"og:image\" content=\"https:\/\/www.ull.es\/portal\/noticias\/wp-content\/uploads\/sites\/13\/2015\/07\/mecenazgo.jpg\" \/>\n\t<meta property=\"og:image:width\" content=\"798\" \/>\n\t<meta property=\"og:image:height\" content=\"450\" \/>\n\t<meta property=\"og:image:type\" content=\"image\/jpeg\" \/>\n<meta name=\"author\" content=\"gaprsa\" \/>\n<meta name=\"twitter:card\" content=\"summary_large_image\" \/>\n<meta name=\"twitter:creator\" content=\"@CanalULL\" \/>\n<meta name=\"twitter:site\" content=\"@CanalULL\" \/>\n<meta name=\"twitter:label1\" content=\"Escrito por\" \/>\n\t<meta name=\"twitter:data1\" content=\"gaprsa\" \/>\n\t<meta name=\"twitter:label2\" content=\"Tiempo de lectura\" \/>\n\t<meta name=\"twitter:data2\" content=\"2 minutos\" \/>\n<script type=\"application\/ld+json\" class=\"yoast-schema-graph\">{\"@context\":\"https:\/\/schema.org\",\"@graph\":[{\"@type\":\"WebPage\",\"@id\":\"https:\/\/www.ull.es\/portal\/noticias\/2015\/alumni-ull-publica-la-convocatoria-de-la-tercera-edicion-de-su-programa-de-mecenazgo-a-proyectos-universitarios\/\",\"url\":\"https:\/\/www.ull.es\/portal\/noticias\/2015\/alumni-ull-publica-la-convocatoria-de-la-tercera-edicion-de-su-programa-de-mecenazgo-a-proyectos-universitarios\/\",\"name\":\"Alumni ULL publica la convocatoria de la tercera edici\u00f3n de su programa de mecenazgo a proyectos universitarios - ULL - Noticias\",\"isPartOf\":{\"@id\":\"https:\/\/www.ull.es\/portal\/noticias\/#website\"},\"datePublished\":\"2015-07-27T09:08:00+00:00\",\"dateModified\":\"2015-07-27T09:08:00+00:00\",\"author\":{\"@id\":\"https:\/\/www.ull.es\/portal\/noticias\/#\/schema\/person\/b2b1a89d43ffa609e591f7df8ef3e817\"},\"breadcrumb\":{\"@id\":\"https:\/\/www.ull.es\/portal\/noticias\/2015\/alumni-ull-publica-la-convocatoria-de-la-tercera-edicion-de-su-programa-de-mecenazgo-a-proyectos-universitarios\/#breadcrumb\"},\"inLanguage\":\"es\",\"potentialAction\":[{\"@type\":\"ReadAction\",\"target\":[\"https:\/\/www.ull.es\/portal\/noticias\/2015\/alumni-ull-publica-la-convocatoria-de-la-tercera-edicion-de-su-programa-de-mecenazgo-a-proyectos-universitarios\/\"]}]},{\"@type\":\"BreadcrumbList\",\"@id\":\"https:\/\/www.ull.es\/portal\/noticias\/2015\/alumni-ull-publica-la-convocatoria-de-la-tercera-edicion-de-su-programa-de-mecenazgo-a-proyectos-universitarios\/#breadcrumb\",\"itemListElement\":[{\"@type\":\"ListItem\",\"position\":1,\"name\":\"Portada\",\"item\":\"https:\/\/www.ull.es\/portal\/noticias\/\"},{\"@type\":\"ListItem\",\"position\":2,\"name\":\"Alumni ULL publica la convocatoria de la tercera edici\u00f3n de su programa de mecenazgo a proyectos universitarios\"}]},{\"@type\":\"WebSite\",\"@id\":\"https:\/\/www.ull.es\/portal\/noticias\/#website\",\"url\":\"https:\/\/www.ull.es\/portal\/noticias\/\",\"name\":\"ULL - Noticias\",\"description\":\"\",\"potentialAction\":[{\"@type\":\"SearchAction\",\"target\":{\"@type\":\"EntryPoint\",\"urlTemplate\":\"https:\/\/www.ull.es\/portal\/noticias\/?s={search_term_string}\"},\"query-input\":\"required name=search_term_string\"}],\"inLanguage\":\"es\"},{\"@type\":\"Person\",\"@id\":\"https:\/\/www.ull.es\/portal\/noticias\/#\/schema\/person\/b2b1a89d43ffa609e591f7df8ef3e817\",\"name\":\"gaprsa\",\"image\":{\"@type\":\"ImageObject\",\"inLanguage\":\"es\",\"@id\":\"https:\/\/www.ull.es\/portal\/noticias\/#\/schema\/person\/image\/\",\"url\":\"https:\/\/secure.gravatar.com\/avatar\/443820550921091458b4823867723b3d?s=96&d=mm&r=g\",\"contentUrl\":\"https:\/\/secure.gravatar.com\/avatar\/443820550921091458b4823867723b3d?s=96&d=mm&r=g\",\"caption\":\"gaprsa\"},\"url\":\"https:\/\/www.ull.es\/portal\/noticias\/author\/gaprsa\/\"}]}<\/script>\n<!-- \/ Yoast SEO plugin. -->","yoast_head_json":{"title":"Alumni ULL publica la convocatoria de la tercera edici\u00f3n de su programa de mecenazgo a proyectos universitarios - ULL - Noticias","robots":{"index":"index","follow":"follow","max-snippet":"max-snippet:-1","max-image-preview":"max-image-preview:large","max-video-preview":"max-video-preview:-1"},"canonical":"https:\/\/www.ull.es\/portal\/noticias\/2015\/alumni-ull-publica-la-convocatoria-de-la-tercera-edicion-de-su-programa-de-mecenazgo-a-proyectos-universitarios\/","og_locale":"es_ES","og_type":"article","og_title":"Alumni ULL publica la convocatoria de la tercera edici\u00f3n de su programa de mecenazgo a proyectos universitarios - ULL - Noticias","og_description":"La asociaci\u00f3n Alumni ULL acaba de publicar la tercera convocatoria de su programa anual de mecenazgo, mediante el cual patrocina...","og_url":"https:\/\/www.ull.es\/portal\/noticias\/2015\/alumni-ull-publica-la-convocatoria-de-la-tercera-edicion-de-su-programa-de-mecenazgo-a-proyectos-universitarios\/","og_site_name":"ULL - Noticias","article_publisher":"https:\/\/www.facebook.com\/universidaddelalaguna\/","article_published_time":"2015-07-27T09:08:00+00:00","og_image":[{"width":798,"height":450,"url":"https:\/\/www.ull.es\/portal\/noticias\/wp-content\/uploads\/sites\/13\/2015\/07\/mecenazgo.jpg","type":"image\/jpeg"}],"author":"gaprsa","twitter_card":"summary_large_image","twitter_creator":"@CanalULL","twitter_site":"@CanalULL","twitter_misc":{"Escrito por":"gaprsa","Tiempo de lectura":"2 minutos"},"schema":{"@context":"https:\/\/schema.org","@graph":[{"@type":"WebPage","@id":"https:\/\/www.ull.es\/portal\/noticias\/2015\/alumni-ull-publica-la-convocatoria-de-la-tercera-edicion-de-su-programa-de-mecenazgo-a-proyectos-universitarios\/","url":"https:\/\/www.ull.es\/portal\/noticias\/2015\/alumni-ull-publica-la-convocatoria-de-la-tercera-edicion-de-su-programa-de-mecenazgo-a-proyectos-universitarios\/","name":"Alumni ULL publica la convocatoria de la tercera edici\u00f3n de su programa de mecenazgo a proyectos universitarios - ULL - Noticias","isPartOf":{"@id":"https:\/\/www.ull.es\/portal\/noticias\/#website"},"datePublished":"2015-07-27T09:08:00+00:00","dateModified":"2015-07-27T09:08:00+00:00","author":{"@id":"https:\/\/www.ull.es\/portal\/noticias\/#\/schema\/person\/b2b1a89d43ffa609e591f7df8ef3e817"},"breadcrumb":{"@id":"https:\/\/www.ull.es\/portal\/noticias\/2015\/alumni-ull-publica-la-convocatoria-de-la-tercera-edicion-de-su-programa-de-mecenazgo-a-proyectos-universitarios\/#breadcrumb"},"inLanguage":"es","potentialAction":[{"@type":"ReadAction","target":["https:\/\/www.ull.es\/portal\/noticias\/2015\/alumni-ull-publica-la-convocatoria-de-la-tercera-edicion-de-su-programa-de-mecenazgo-a-proyectos-universitarios\/"]}]},{"@type":"BreadcrumbList","@id":"https:\/\/www.ull.es\/portal\/noticias\/2015\/alumni-ull-publica-la-convocatoria-de-la-tercera-edicion-de-su-programa-de-mecenazgo-a-proyectos-universitarios\/#breadcrumb","itemListElement":[{"@type":"ListItem","position":1,"name":"Portada","item":"https:\/\/www.ull.es\/portal\/noticias\/"},{"@type":"ListItem","position":2,"name":"Alumni ULL publica la convocatoria de la tercera edici\u00f3n de su programa de mecenazgo a proyectos universitarios"}]},{"@type":"WebSite","@id":"https:\/\/www.ull.es\/portal\/noticias\/#website","url":"https:\/\/www.ull.es\/portal\/noticias\/","name":"ULL - Noticias","description":"","potentialAction":[{"@type":"SearchAction","target":{"@type":"EntryPoint","urlTemplate":"https:\/\/www.ull.es\/portal\/noticias\/?s={search_term_string}"},"query-input":"required name=search_term_string"}],"inLanguage":"es"},{"@type":"Person","@id":"https:\/\/www.ull.es\/portal\/noticias\/#\/schema\/person\/b2b1a89d43ffa609e591f7df8ef3e817","name":"gaprsa","image":{"@type":"ImageObject","inLanguage":"es","@id":"https:\/\/www.ull.es\/portal\/noticias\/#\/schema\/person\/image\/","url":"https:\/\/secure.gravatar.com\/avatar\/443820550921091458b4823867723b3d?s=96&d=mm&r=g","contentUrl":"https:\/\/secure.gravatar.com\/avatar\/443820550921091458b4823867723b3d?s=96&d=mm&r=g","caption":"gaprsa"},"url":"https:\/\/www.ull.es\/portal\/noticias\/author\/gaprsa\/"}]}},"primary_category":null,"featured_image_thumbnail_url":"https:\/\/www.ull.es\/portal\/noticias\/wp-content\/uploads\/sites\/13\/2015\/07\/mecenazgo-300x169.jpg","_links":{"self":[{"href":"https:\/\/www.ull.es\/portal\/noticias\/wp-json\/wp\/v2\/posts\/24512"}],"collection":[{"href":"https:\/\/www.ull.es\/portal\/noticias\/wp-json\/wp\/v2\/posts"}],"about":[{"href":"https:\/\/www.ull.es\/portal\/noticias\/wp-json\/wp\/v2\/types\/post"}],"author":[{"embeddable":true,"href":"https:\/\/www.ull.es\/portal\/noticias\/wp-json\/wp\/v2\/users\/23"}],"replies":[{"embeddable":true,"href":"https:\/\/www.ull.es\/portal\/noticias\/wp-json\/wp\/v2\/comments?post=24512"}],"version-history":[{"count":0,"href":"https:\/\/www.ull.es\/portal\/noticias\/wp-json\/wp\/v2\/posts\/24512\/revisions"}],"wp:featuredmedia":[{"embeddable":true,"href":"https:\/\/www.ull.es\/portal\/noticias\/wp-json\/wp\/v2\/media\/24513"}],"wp:attachment":[{"href":"https:\/\/www.ull.es\/portal\/noticias\/wp-json\/wp\/v2\/media?parent=24512"}],"wp:term":[{"taxonomy":"category","embeddable":true,"href":"https:\/\/www.ull.es\/portal\/noticias\/wp-json\/wp\/v2\/categories?post=24512"},{"taxonomy":"post_tag","embeddable":true,"href":"https:\/\/www.ull.es\/portal\/noticias\/wp-json\/wp\/v2\/tags?post=24512"}],"curies":[{"name":"wp","href":"https:\/\/api.w.org\/{rel}","templated":true}]}}