{"id":24520,"date":"2015-07-27T09:17:13","date_gmt":"2015-07-27T09:17:13","guid":{"rendered":"http:\/\/ddigital.webs.ull.es\/?p=24520"},"modified":"2015-07-27T09:17:13","modified_gmt":"2015-07-27T09:17:13","slug":"el-consejo-de-gobierno-da-su-visto-bueno-a-los-ultimos-nombramientos-del-equipo-del-rector-de-la-ull","status":"publish","type":"post","link":"https:\/\/www.ull.es\/portal\/noticias\/2015\/el-consejo-de-gobierno-da-su-visto-bueno-a-los-ultimos-nombramientos-del-equipo-del-rector-de-la-ull\/","title":{"rendered":"El Consejo de Gobierno da su visto bueno a los \u00faltimos nombramientos del equipo del rector de la ULL"},"content":{"rendered":"<p>El Consejo de Gobierno de la Universidad de La Laguna dio hoy lunes 27 de julio su visto bueno al nombramiento de varios cargos que completar\u00e1n el equipo de gobierno del rector de la instituci\u00f3n docente. As\u00ed, dentro del Vicerrectorado de Estudiantes se ha nombrado director de Secretariado de Pr\u00e1cticas Externas y Accesos Espec\u00edficos a Hip\u00f3lito Delgado Rodr\u00edguez, profesor titular de escuela universitaria del \u00e1rea de Enfermer\u00eda; mientras que en el Vicerrectorado de Docencia, ha sido designado como director de Secretariado de Titulaciones Jos\u00e9 Miguel C\u00e1ceres Alvarado, profesor contratado doctor del \u00e1rea de Ciencias de los Materiales e Ingenier\u00eda Metal\u00fargica<\/p>\n<p>Adem\u00e1s, el rector de la instituci\u00f3n docente, Antonio Martin\u00f3n, dio cuenta del nombramiento del profesor Daniel Afonso como coordinador de la Oficina de Direcci\u00f3n Estrat\u00e9gica, que ha obtenido 28 votos a favor y tres abstenciones, y que deber\u00e1 trabajar en el dise\u00f1o de la estrategia que a medio plazo habr\u00e1 de seguir la Universidad de La Laguna.<\/p>\n<p>La Comisi\u00f3n Electoral General tambi\u00e9n ha sido renovada, tras la dimisi\u00f3n del equipo anterior. A partir de ahora estar\u00e1 formada por Jos\u00e9 Adri\u00e1n Garc\u00eda Rojas y Fernando D\u00edaz Gonz\u00e1lez, por el sector del profesorado; Inmaculada Rei Merino y Eva Mar\u00eda Mart\u00edn Mu\u00f1oz, por el personal de administraci\u00f3n y servicios; y Alfonso M\u00e9ndez Hern\u00e1ndez y Maximiliano Rosas Barendelli, por el alumnado.<\/p>\n<p>Por otra parte, el \u00f3rgano colegiado se adhiri\u00f3 por 33 votos a favor y una abstenci\u00f3n a la propuesta del Colegio Oficial de Abogados de Santa Cruz de Tenerife de solicitar al Ayuntamiento de Santa Cruz la concesi\u00f3n de una calle a Pedro Gonz\u00e1lez Zerolo, fallecido recientemente y quien fuera alumno de este centro acad\u00e9mico.<\/p>\n<p><strong>Evaluaci\u00f3n curricular por compensaci\u00f3n<\/strong><\/p>\n<p>El vicerrector de Estudiantes, Alfonso Garc\u00eda, present\u00f3 ante el Consejo de Gobierno una modificaci\u00f3n de una disposici\u00f3n adicional del reglamento que regula el Tribunal de Evaluaci\u00f3n Curricular por Compensaci\u00f3n, documento que ya ha experimentado diversos cambios en a\u00f1os anteriores, \u201cen el \u00e1nimo de aportar soluciones a las situaciones de los estudiantes que cursan titulaciones en extinci\u00f3n\u201d, explic\u00f3. Se trata pues de flexibilizar la norma y buscar salidas concretas para aquellos alumnos cuya superaci\u00f3n de una asignatura les impide obtener el t\u00edtulo al que aspiran.<\/p>\n<p>La modificaci\u00f3n aprobada hoy por unanimidad tiene car\u00e1cter excepcional, agreg\u00f3 el vicerrector, y para ello han revisado normativa sobre este mismo asunto de las universidades de Las Palmas de Gran Canaria o Granada, expuso. \u201cParece conveniente que la calificaci\u00f3n no se vincule con un alto n\u00famero de convocatorias previas a la que el estudiante se tiene que presentar y teniendo en su expediente personal una calificaci\u00f3n media superior al 5,5\u201d, explic\u00f3 Alfonso Garc\u00eda.<\/p>\n<p>Por tanto, la propuesta de la modificaci\u00f3n, que contaba con el visto bueno de la comisi\u00f3n delegada de Estudiantes, beneficiar\u00e1 directamente y de forma inmediata a 189 alumnos e, indirectamente, a 312, procedentes de titulaciones como Derecho, Empresariales, Qu\u00edmica, Relaciones Laborales, Biolog\u00eda Farmacia y Econom\u00eda.<br \/>\n[images_grid auto_slide=\u00bbno\u00bb auto_duration=\u00bb1&#8243; cols=\u00bbthree\u00bb lightbox=\u00bbno\u00bb source=\u00bbmedia: 24521,24522&#8243;][\/images_grid]<\/p>\n","protected":false},"excerpt":{"rendered":"<p>El Consejo de Gobierno de la Universidad de La Laguna dio hoy lunes 27 de julio su visto bueno al&#8230;<\/p>\n","protected":false},"author":23,"featured_media":24521,"comment_status":"open","ping_status":"open","sticky":false,"template":"","format":"image","meta":{"inline_featured_image":false,"footnotes":""},"categories":[348,1],"tags":[903,1978,2462,2527,2560],"acf":[],"yoast_head":"<!-- This site is optimized with the Yoast SEO plugin v21.3 - https:\/\/yoast.com\/wordpress\/plugins\/seo\/ -->\n<title>El Consejo de Gobierno da su visto bueno a los \u00faltimos nombramientos del equipo del rector de la ULL - ULL - Noticias<\/title>\n<meta name=\"robots\" content=\"index, follow, max-snippet:-1, max-image-preview:large, max-video-preview:-1\" \/>\n<link rel=\"canonical\" href=\"https:\/\/www.ull.es\/portal\/noticias\/2015\/el-consejo-de-gobierno-da-su-visto-bueno-a-los-ultimos-nombramientos-del-equipo-del-rector-de-la-ull\/\" \/>\n<meta property=\"og:locale\" content=\"es_ES\" \/>\n<meta property=\"og:type\" content=\"article\" \/>\n<meta property=\"og:title\" content=\"El Consejo de Gobierno da su visto bueno a los \u00faltimos nombramientos del equipo del rector de la ULL - ULL - Noticias\" \/>\n<meta property=\"og:description\" content=\"El Consejo de Gobierno de la Universidad de La Laguna dio hoy lunes 27 de julio su visto bueno al...\" \/>\n<meta property=\"og:url\" content=\"https:\/\/www.ull.es\/portal\/noticias\/2015\/el-consejo-de-gobierno-da-su-visto-bueno-a-los-ultimos-nombramientos-del-equipo-del-rector-de-la-ull\/\" \/>\n<meta property=\"og:site_name\" content=\"ULL - Noticias\" \/>\n<meta property=\"article:publisher\" content=\"https:\/\/www.facebook.com\/universidaddelalaguna\/\" \/>\n<meta property=\"article:published_time\" content=\"2015-07-27T09:17:13+00:00\" \/>\n<meta property=\"og:image\" content=\"https:\/\/www.ull.es\/portal\/noticias\/wp-content\/uploads\/sites\/13\/2015\/07\/Cosejo-Gobierno-07.jpg\" \/>\n\t<meta property=\"og:image:width\" content=\"1772\" \/>\n\t<meta property=\"og:image:height\" content=\"1181\" \/>\n\t<meta property=\"og:image:type\" content=\"image\/jpeg\" \/>\n<meta name=\"author\" content=\"gaprsa\" \/>\n<meta name=\"twitter:card\" content=\"summary_large_image\" \/>\n<meta name=\"twitter:creator\" content=\"@CanalULL\" \/>\n<meta name=\"twitter:site\" content=\"@CanalULL\" \/>\n<meta name=\"twitter:label1\" content=\"Escrito por\" \/>\n\t<meta name=\"twitter:data1\" content=\"gaprsa\" \/>\n\t<meta name=\"twitter:label2\" content=\"Tiempo de lectura\" \/>\n\t<meta name=\"twitter:data2\" content=\"3 minutos\" \/>\n<script type=\"application\/ld+json\" class=\"yoast-schema-graph\">{\"@context\":\"https:\/\/schema.org\",\"@graph\":[{\"@type\":\"WebPage\",\"@id\":\"https:\/\/www.ull.es\/portal\/noticias\/2015\/el-consejo-de-gobierno-da-su-visto-bueno-a-los-ultimos-nombramientos-del-equipo-del-rector-de-la-ull\/\",\"url\":\"https:\/\/www.ull.es\/portal\/noticias\/2015\/el-consejo-de-gobierno-da-su-visto-bueno-a-los-ultimos-nombramientos-del-equipo-del-rector-de-la-ull\/\",\"name\":\"El Consejo de Gobierno da su visto bueno a los \u00faltimos nombramientos del equipo del rector de la ULL - ULL - Noticias\",\"isPartOf\":{\"@id\":\"https:\/\/www.ull.es\/portal\/noticias\/#website\"},\"datePublished\":\"2015-07-27T09:17:13+00:00\",\"dateModified\":\"2015-07-27T09:17:13+00:00\",\"author\":{\"@id\":\"https:\/\/www.ull.es\/portal\/noticias\/#\/schema\/person\/b2b1a89d43ffa609e591f7df8ef3e817\"},\"breadcrumb\":{\"@id\":\"https:\/\/www.ull.es\/portal\/noticias\/2015\/el-consejo-de-gobierno-da-su-visto-bueno-a-los-ultimos-nombramientos-del-equipo-del-rector-de-la-ull\/#breadcrumb\"},\"inLanguage\":\"es\",\"potentialAction\":[{\"@type\":\"ReadAction\",\"target\":[\"https:\/\/www.ull.es\/portal\/noticias\/2015\/el-consejo-de-gobierno-da-su-visto-bueno-a-los-ultimos-nombramientos-del-equipo-del-rector-de-la-ull\/\"]}]},{\"@type\":\"BreadcrumbList\",\"@id\":\"https:\/\/www.ull.es\/portal\/noticias\/2015\/el-consejo-de-gobierno-da-su-visto-bueno-a-los-ultimos-nombramientos-del-equipo-del-rector-de-la-ull\/#breadcrumb\",\"itemListElement\":[{\"@type\":\"ListItem\",\"position\":1,\"name\":\"Portada\",\"item\":\"https:\/\/www.ull.es\/portal\/noticias\/\"},{\"@type\":\"ListItem\",\"position\":2,\"name\":\"El Consejo de Gobierno da su visto bueno a los \u00faltimos nombramientos del equipo del rector de la ULL\"}]},{\"@type\":\"WebSite\",\"@id\":\"https:\/\/www.ull.es\/portal\/noticias\/#website\",\"url\":\"https:\/\/www.ull.es\/portal\/noticias\/\",\"name\":\"ULL - Noticias\",\"description\":\"\",\"potentialAction\":[{\"@type\":\"SearchAction\",\"target\":{\"@type\":\"EntryPoint\",\"urlTemplate\":\"https:\/\/www.ull.es\/portal\/noticias\/?s={search_term_string}\"},\"query-input\":\"required name=search_term_string\"}],\"inLanguage\":\"es\"},{\"@type\":\"Person\",\"@id\":\"https:\/\/www.ull.es\/portal\/noticias\/#\/schema\/person\/b2b1a89d43ffa609e591f7df8ef3e817\",\"name\":\"gaprsa\",\"image\":{\"@type\":\"ImageObject\",\"inLanguage\":\"es\",\"@id\":\"https:\/\/www.ull.es\/portal\/noticias\/#\/schema\/person\/image\/\",\"url\":\"https:\/\/secure.gravatar.com\/avatar\/443820550921091458b4823867723b3d?s=96&d=mm&r=g\",\"contentUrl\":\"https:\/\/secure.gravatar.com\/avatar\/443820550921091458b4823867723b3d?s=96&d=mm&r=g\",\"caption\":\"gaprsa\"},\"url\":\"https:\/\/www.ull.es\/portal\/noticias\/author\/gaprsa\/\"}]}<\/script>\n<!-- \/ Yoast SEO plugin. -->","yoast_head_json":{"title":"El Consejo de Gobierno da su visto bueno a los \u00faltimos nombramientos del equipo del rector de la ULL - ULL - Noticias","robots":{"index":"index","follow":"follow","max-snippet":"max-snippet:-1","max-image-preview":"max-image-preview:large","max-video-preview":"max-video-preview:-1"},"canonical":"https:\/\/www.ull.es\/portal\/noticias\/2015\/el-consejo-de-gobierno-da-su-visto-bueno-a-los-ultimos-nombramientos-del-equipo-del-rector-de-la-ull\/","og_locale":"es_ES","og_type":"article","og_title":"El Consejo de Gobierno da su visto bueno a los \u00faltimos nombramientos del equipo del rector de la ULL - ULL - Noticias","og_description":"El Consejo de Gobierno de la Universidad de La Laguna dio hoy lunes 27 de julio su visto bueno al...","og_url":"https:\/\/www.ull.es\/portal\/noticias\/2015\/el-consejo-de-gobierno-da-su-visto-bueno-a-los-ultimos-nombramientos-del-equipo-del-rector-de-la-ull\/","og_site_name":"ULL - Noticias","article_publisher":"https:\/\/www.facebook.com\/universidaddelalaguna\/","article_published_time":"2015-07-27T09:17:13+00:00","og_image":[{"width":1772,"height":1181,"url":"https:\/\/www.ull.es\/portal\/noticias\/wp-content\/uploads\/sites\/13\/2015\/07\/Cosejo-Gobierno-07.jpg","type":"image\/jpeg"}],"author":"gaprsa","twitter_card":"summary_large_image","twitter_creator":"@CanalULL","twitter_site":"@CanalULL","twitter_misc":{"Escrito por":"gaprsa","Tiempo de lectura":"3 minutos"},"schema":{"@context":"https:\/\/schema.org","@graph":[{"@type":"WebPage","@id":"https:\/\/www.ull.es\/portal\/noticias\/2015\/el-consejo-de-gobierno-da-su-visto-bueno-a-los-ultimos-nombramientos-del-equipo-del-rector-de-la-ull\/","url":"https:\/\/www.ull.es\/portal\/noticias\/2015\/el-consejo-de-gobierno-da-su-visto-bueno-a-los-ultimos-nombramientos-del-equipo-del-rector-de-la-ull\/","name":"El Consejo de Gobierno da su visto bueno a los \u00faltimos nombramientos del equipo del rector de la ULL - ULL - Noticias","isPartOf":{"@id":"https:\/\/www.ull.es\/portal\/noticias\/#website"},"datePublished":"2015-07-27T09:17:13+00:00","dateModified":"2015-07-27T09:17:13+00:00","author":{"@id":"https:\/\/www.ull.es\/portal\/noticias\/#\/schema\/person\/b2b1a89d43ffa609e591f7df8ef3e817"},"breadcrumb":{"@id":"https:\/\/www.ull.es\/portal\/noticias\/2015\/el-consejo-de-gobierno-da-su-visto-bueno-a-los-ultimos-nombramientos-del-equipo-del-rector-de-la-ull\/#breadcrumb"},"inLanguage":"es","potentialAction":[{"@type":"ReadAction","target":["https:\/\/www.ull.es\/portal\/noticias\/2015\/el-consejo-de-gobierno-da-su-visto-bueno-a-los-ultimos-nombramientos-del-equipo-del-rector-de-la-ull\/"]}]},{"@type":"BreadcrumbList","@id":"https:\/\/www.ull.es\/portal\/noticias\/2015\/el-consejo-de-gobierno-da-su-visto-bueno-a-los-ultimos-nombramientos-del-equipo-del-rector-de-la-ull\/#breadcrumb","itemListElement":[{"@type":"ListItem","position":1,"name":"Portada","item":"https:\/\/www.ull.es\/portal\/noticias\/"},{"@type":"ListItem","position":2,"name":"El Consejo de Gobierno da su visto bueno a los \u00faltimos nombramientos del equipo del rector de la ULL"}]},{"@type":"WebSite","@id":"https:\/\/www.ull.es\/portal\/noticias\/#website","url":"https:\/\/www.ull.es\/portal\/noticias\/","name":"ULL - Noticias","description":"","potentialAction":[{"@type":"SearchAction","target":{"@type":"EntryPoint","urlTemplate":"https:\/\/www.ull.es\/portal\/noticias\/?s={search_term_string}"},"query-input":"required name=search_term_string"}],"inLanguage":"es"},{"@type":"Person","@id":"https:\/\/www.ull.es\/portal\/noticias\/#\/schema\/person\/b2b1a89d43ffa609e591f7df8ef3e817","name":"gaprsa","image":{"@type":"ImageObject","inLanguage":"es","@id":"https:\/\/www.ull.es\/portal\/noticias\/#\/schema\/person\/image\/","url":"https:\/\/secure.gravatar.com\/avatar\/443820550921091458b4823867723b3d?s=96&d=mm&r=g","contentUrl":"https:\/\/secure.gravatar.com\/avatar\/443820550921091458b4823867723b3d?s=96&d=mm&r=g","caption":"gaprsa"},"url":"https:\/\/www.ull.es\/portal\/noticias\/author\/gaprsa\/"}]}},"primary_category":null,"featured_image_thumbnail_url":"https:\/\/www.ull.es\/portal\/noticias\/wp-content\/uploads\/sites\/13\/2015\/07\/Cosejo-Gobierno-07-300x200.jpg","_links":{"self":[{"href":"https:\/\/www.ull.es\/portal\/noticias\/wp-json\/wp\/v2\/posts\/24520"}],"collection":[{"href":"https:\/\/www.ull.es\/portal\/noticias\/wp-json\/wp\/v2\/posts"}],"about":[{"href":"https:\/\/www.ull.es\/portal\/noticias\/wp-json\/wp\/v2\/types\/post"}],"author":[{"embeddable":true,"href":"https:\/\/www.ull.es\/portal\/noticias\/wp-json\/wp\/v2\/users\/23"}],"replies":[{"embeddable":true,"href":"https:\/\/www.ull.es\/portal\/noticias\/wp-json\/wp\/v2\/comments?post=24520"}],"version-history":[{"count":0,"href":"https:\/\/www.ull.es\/portal\/noticias\/wp-json\/wp\/v2\/posts\/24520\/revisions"}],"wp:featuredmedia":[{"embeddable":true,"href":"https:\/\/www.ull.es\/portal\/noticias\/wp-json\/wp\/v2\/media\/24521"}],"wp:attachment":[{"href":"https:\/\/www.ull.es\/portal\/noticias\/wp-json\/wp\/v2\/media?parent=24520"}],"wp:term":[{"taxonomy":"category","embeddable":true,"href":"https:\/\/www.ull.es\/portal\/noticias\/wp-json\/wp\/v2\/categories?post=24520"},{"taxonomy":"post_tag","embeddable":true,"href":"https:\/\/www.ull.es\/portal\/noticias\/wp-json\/wp\/v2\/tags?post=24520"}],"curies":[{"name":"wp","href":"https:\/\/api.w.org\/{rel}","templated":true}]}}