{"id":24531,"date":"2015-07-15T12:11:52","date_gmt":"2015-07-15T12:11:52","guid":{"rendered":"http:\/\/ddigital.webs.ull.es\/?p=24531"},"modified":"2015-07-15T12:11:52","modified_gmt":"2015-07-15T12:11:52","slug":"julio-brito-ocupa-la-gerencia-de-la-fundacion-general-de-la-universidad-de-la-laguna","status":"publish","type":"post","link":"https:\/\/www.ull.es\/portal\/noticias\/2015\/julio-brito-ocupa-la-gerencia-de-la-fundacion-general-de-la-universidad-de-la-laguna\/","title":{"rendered":"Julio Brito ocupa la Gerencia de la Fundaci\u00f3n General de la Universidad de La Laguna"},"content":{"rendered":"<p>El pasado 9 de julio de 2015 ten\u00eda lugar una reuni\u00f3n extraordinaria del Patronato de la Fundaci\u00f3n General de la Universidad en sus propias instalaciones, con el objeto de incluir al nuevo alcalde de La Laguna como patrono, hacer efectivo el cambio en el cargo de Intervenci\u00f3n-Administraci\u00f3n y proceder a la renovaci\u00f3n de la Gerencia de esta organizaci\u00f3n asociada a la Universidad de La Laguna desde hace veintisiete a\u00f1os.<\/p>\n<p>Asist\u00edan a este encuentro el presidente del Patronato, Antonio Martin\u00f3n, rector de la instituci\u00f3n acad\u00e9mica; Francisco Garc\u00eda, vicerrector de Relaciones con la Sociedad; Francisco C. Almeida, vicerrector de Investigaci\u00f3n; y Ana Isabel Jim\u00e9nez, vicerrectora de Docencia, todos patronos por parte de la Universidad de La Laguna desde el pasado 18 de junio de 2015. Como patrono de entidades p\u00fablicas, miembros de este Patronato desde el pasado 19 de diciembre de 2014, asisti\u00f3 Carlos Alonso, presidente del Cabildo Insular de Tenerife, en representaci\u00f3n del PCTT (Parque Cient\u00edfico y Tecnol\u00f3gico de Tenerife).<\/p>\n<p>En el desarrollo de la reuni\u00f3n se acometi\u00f3, en primer lugar, la integraci\u00f3n con el cargo de Intervenci\u00f3n-administraci\u00f3n por parte Montserrat Mestres Jim\u00e9nez. Adem\u00e1s, se formalizaba la entrada en el Patronato de Alberto D\u00edaz Dom\u00ednguez, nuevo alcalde del municipio de La Laguna, que sustituye en esta funci\u00f3n a Fernando Clavijo.<\/p>\n<p>Por \u00faltimo, se efectuaba el cambio en la Gerencia, inici\u00e1ndose con una intervenci\u00f3n del propio rector, Antonio Martin\u00f3n, que recorri\u00f3 los logros alcanzados durante los \u00faltimos a\u00f1os con el liderazgo de Sergio Alonso. Martin\u00f3n agradeci\u00f3 a Alonso la gesti\u00f3n desempe\u00f1ada, recordando que fue \u00e9l el que canaliz\u00f3 el paso de la entidad de ente privado a ente p\u00fablico y aplaudi\u00f3 los numerosos proyectos que se han llevado a buen t\u00e9rmino durante esta etapa. El rector puntualiz\u00f3 que durante el periodo en la Gerencia por parte de Sergio Alonso se consigui\u00f3 profundizar en el que es uno de los pilares de la misi\u00f3n de la Universidad de La Laguna: acortar las distancias entre la Academia y la sociedad a la que se debe. Finalmente, se formaliz\u00f3 el paso de la Gerencia a Julio Brito, quien tambi\u00e9n tuvo palabras de agradecimiento hacia la labor de Alonso.<\/p>\n<p><strong>Julio Brito Santana, nuevo director-gerente<\/strong><\/p>\n<p>El gerente entrante es licenciado en Matem\u00e1ticas por la Universidad de La Laguna, en la especialidad de Estad\u00edstica e Investigaci\u00f3n Operativa y doctor en Inform\u00e1tica. Durante los \u00faltimos a\u00f1os ha ejercido como profesor titular en el \u00e1rea de conocimiento de Ciencias de la Computaci\u00f3n e Inteligencia Artificial, adscrita al actual Departamento de Ingenier\u00eda Inform\u00e1tica y de Sistemas.<\/p>\n<p>Desde 1990 imparte docencia en Ingenier\u00eda Inform\u00e1tica en materias de Ingenier\u00eda del Software, Ingenier\u00eda del Conocimiento, Gesti\u00f3n de la Innovaci\u00f3n, Inteligencia Artificial y Sistemas de Ayuda a la Decisi\u00f3n. Anteriormente fue funcionario docente, profesor de Secundaria de la especialidad Tecnolog\u00eda Inform\u00e1tica.<\/p>\n<p>En gesti\u00f3n universitaria ha sido secretario del Departamento, miembro de la Unidad de Evaluaci\u00f3n del Plan Nacional durante los cursos 1999\/2000 y 2000\/2001, miembro del grupo de trabajo del Vicerrectorado responsable de la elaboraci\u00f3n del Plan de Empleo Universitario, curso 2001\/2002, responsable de las Practicas Externas en la Facultad de Matem\u00e1ticas 2011-2014 y actualmente hab\u00eda sido elegido subdirector del Departamento. Pertenece tambi\u00e9n al Instituto Universitario de Desarrollo Regional y al grupo de investigaci\u00f3n en Computaci\u00f3n Inteligente de la Universidad de La Laguna.<\/p>\n<p>Ha ocupado diferentes puestos de relevancia en el Gobierno de Canarias: asesor en la Direcci\u00f3n General de Universidades en 1995, dedicado al desarrollo y mejora de la Red Telem\u00e1tica de Educaci\u00f3n e Investigaci\u00f3n; asesor T\u00e9cnico Educativo en la Direcci\u00f3n General de Ordenaci\u00f3n e Innovaci\u00f3n Educativa 1996-1999, responsable de la planificaci\u00f3n de la Formaci\u00f3n Profesional, secretario del Consejo Canario de la Formaci\u00f3n Profesional y director de la Oficina de Ciencia, Tecnolog\u00eda e Innovaci\u00f3n en la Presidencia del Gobierno de Canarias durante 2004-2007.<\/p>\n","protected":false},"excerpt":{"rendered":"<p>El pasado 9 de julio de 2015 ten\u00eda lugar una reuni\u00f3n extraordinaria del Patronato de la Fundaci\u00f3n General de la&#8230;<\/p>\n","protected":false},"author":21,"featured_media":24532,"comment_status":"open","ping_status":"open","sticky":false,"template":"","format":"standard","meta":{"inline_featured_image":false,"footnotes":""},"categories":[347,1],"tags":[],"acf":[],"yoast_head":"<!-- This site is optimized with the Yoast SEO plugin v21.3 - https:\/\/yoast.com\/wordpress\/plugins\/seo\/ -->\n<title>Julio Brito ocupa la Gerencia de la Fundaci\u00f3n General de la Universidad de La Laguna - ULL - Noticias<\/title>\n<meta name=\"robots\" content=\"index, follow, max-snippet:-1, max-image-preview:large, max-video-preview:-1\" \/>\n<link rel=\"canonical\" href=\"https:\/\/www.ull.es\/portal\/noticias\/2015\/julio-brito-ocupa-la-gerencia-de-la-fundacion-general-de-la-universidad-de-la-laguna\/\" \/>\n<meta property=\"og:locale\" content=\"es_ES\" \/>\n<meta property=\"og:type\" content=\"article\" \/>\n<meta property=\"og:title\" content=\"Julio Brito ocupa la Gerencia de la Fundaci\u00f3n General de la Universidad de La Laguna - ULL - Noticias\" \/>\n<meta property=\"og:description\" content=\"El pasado 9 de julio de 2015 ten\u00eda lugar una reuni\u00f3n extraordinaria del Patronato de la Fundaci\u00f3n General de la...\" \/>\n<meta property=\"og:url\" content=\"https:\/\/www.ull.es\/portal\/noticias\/2015\/julio-brito-ocupa-la-gerencia-de-la-fundacion-general-de-la-universidad-de-la-laguna\/\" \/>\n<meta property=\"og:site_name\" content=\"ULL - Noticias\" \/>\n<meta property=\"article:publisher\" content=\"https:\/\/www.facebook.com\/universidaddelalaguna\/\" \/>\n<meta property=\"article:published_time\" content=\"2015-07-15T12:11:52+00:00\" \/>\n<meta property=\"og:image\" content=\"https:\/\/www.ull.es\/portal\/noticias\/wp-content\/uploads\/sites\/13\/2015\/07\/Patronato-FGULL-jul15-02-1.jpg\" \/>\n\t<meta property=\"og:image:width\" content=\"1024\" \/>\n\t<meta property=\"og:image:height\" content=\"683\" \/>\n\t<meta property=\"og:image:type\" content=\"image\/jpeg\" \/>\n<meta name=\"author\" content=\"prensa2\" \/>\n<meta name=\"twitter:card\" content=\"summary_large_image\" \/>\n<meta name=\"twitter:creator\" content=\"@CanalULL\" \/>\n<meta name=\"twitter:site\" content=\"@CanalULL\" \/>\n<meta name=\"twitter:label1\" content=\"Escrito por\" \/>\n\t<meta name=\"twitter:data1\" content=\"prensa2\" \/>\n\t<meta name=\"twitter:label2\" content=\"Tiempo de lectura\" \/>\n\t<meta name=\"twitter:data2\" content=\"3 minutos\" \/>\n<script type=\"application\/ld+json\" class=\"yoast-schema-graph\">{\"@context\":\"https:\/\/schema.org\",\"@graph\":[{\"@type\":\"WebPage\",\"@id\":\"https:\/\/www.ull.es\/portal\/noticias\/2015\/julio-brito-ocupa-la-gerencia-de-la-fundacion-general-de-la-universidad-de-la-laguna\/\",\"url\":\"https:\/\/www.ull.es\/portal\/noticias\/2015\/julio-brito-ocupa-la-gerencia-de-la-fundacion-general-de-la-universidad-de-la-laguna\/\",\"name\":\"Julio Brito ocupa la Gerencia de la Fundaci\u00f3n General de la Universidad de La Laguna - ULL - Noticias\",\"isPartOf\":{\"@id\":\"https:\/\/www.ull.es\/portal\/noticias\/#website\"},\"datePublished\":\"2015-07-15T12:11:52+00:00\",\"dateModified\":\"2015-07-15T12:11:52+00:00\",\"author\":{\"@id\":\"https:\/\/www.ull.es\/portal\/noticias\/#\/schema\/person\/c3b2aa857797592927a03740d6664376\"},\"breadcrumb\":{\"@id\":\"https:\/\/www.ull.es\/portal\/noticias\/2015\/julio-brito-ocupa-la-gerencia-de-la-fundacion-general-de-la-universidad-de-la-laguna\/#breadcrumb\"},\"inLanguage\":\"es\",\"potentialAction\":[{\"@type\":\"ReadAction\",\"target\":[\"https:\/\/www.ull.es\/portal\/noticias\/2015\/julio-brito-ocupa-la-gerencia-de-la-fundacion-general-de-la-universidad-de-la-laguna\/\"]}]},{\"@type\":\"BreadcrumbList\",\"@id\":\"https:\/\/www.ull.es\/portal\/noticias\/2015\/julio-brito-ocupa-la-gerencia-de-la-fundacion-general-de-la-universidad-de-la-laguna\/#breadcrumb\",\"itemListElement\":[{\"@type\":\"ListItem\",\"position\":1,\"name\":\"Portada\",\"item\":\"https:\/\/www.ull.es\/portal\/noticias\/\"},{\"@type\":\"ListItem\",\"position\":2,\"name\":\"Julio Brito ocupa la Gerencia de la Fundaci\u00f3n General de la Universidad de La Laguna\"}]},{\"@type\":\"WebSite\",\"@id\":\"https:\/\/www.ull.es\/portal\/noticias\/#website\",\"url\":\"https:\/\/www.ull.es\/portal\/noticias\/\",\"name\":\"ULL - Noticias\",\"description\":\"\",\"potentialAction\":[{\"@type\":\"SearchAction\",\"target\":{\"@type\":\"EntryPoint\",\"urlTemplate\":\"https:\/\/www.ull.es\/portal\/noticias\/?s={search_term_string}\"},\"query-input\":\"required name=search_term_string\"}],\"inLanguage\":\"es\"},{\"@type\":\"Person\",\"@id\":\"https:\/\/www.ull.es\/portal\/noticias\/#\/schema\/person\/c3b2aa857797592927a03740d6664376\",\"name\":\"prensa2\",\"image\":{\"@type\":\"ImageObject\",\"inLanguage\":\"es\",\"@id\":\"https:\/\/www.ull.es\/portal\/noticias\/#\/schema\/person\/image\/\",\"url\":\"https:\/\/secure.gravatar.com\/avatar\/b58f310a5de5feb33d1e026d2493f23c?s=96&d=mm&r=g\",\"contentUrl\":\"https:\/\/secure.gravatar.com\/avatar\/b58f310a5de5feb33d1e026d2493f23c?s=96&d=mm&r=g\",\"caption\":\"prensa2\"},\"url\":\"https:\/\/www.ull.es\/portal\/noticias\/author\/prensa2\/\"}]}<\/script>\n<!-- \/ Yoast SEO plugin. -->","yoast_head_json":{"title":"Julio Brito ocupa la Gerencia de la Fundaci\u00f3n General de la Universidad de La Laguna - ULL - Noticias","robots":{"index":"index","follow":"follow","max-snippet":"max-snippet:-1","max-image-preview":"max-image-preview:large","max-video-preview":"max-video-preview:-1"},"canonical":"https:\/\/www.ull.es\/portal\/noticias\/2015\/julio-brito-ocupa-la-gerencia-de-la-fundacion-general-de-la-universidad-de-la-laguna\/","og_locale":"es_ES","og_type":"article","og_title":"Julio Brito ocupa la Gerencia de la Fundaci\u00f3n General de la Universidad de La Laguna - ULL - Noticias","og_description":"El pasado 9 de julio de 2015 ten\u00eda lugar una reuni\u00f3n extraordinaria del Patronato de la Fundaci\u00f3n General de la...","og_url":"https:\/\/www.ull.es\/portal\/noticias\/2015\/julio-brito-ocupa-la-gerencia-de-la-fundacion-general-de-la-universidad-de-la-laguna\/","og_site_name":"ULL - Noticias","article_publisher":"https:\/\/www.facebook.com\/universidaddelalaguna\/","article_published_time":"2015-07-15T12:11:52+00:00","og_image":[{"width":1024,"height":683,"url":"https:\/\/www.ull.es\/portal\/noticias\/wp-content\/uploads\/sites\/13\/2015\/07\/Patronato-FGULL-jul15-02-1.jpg","type":"image\/jpeg"}],"author":"prensa2","twitter_card":"summary_large_image","twitter_creator":"@CanalULL","twitter_site":"@CanalULL","twitter_misc":{"Escrito por":"prensa2","Tiempo de lectura":"3 minutos"},"schema":{"@context":"https:\/\/schema.org","@graph":[{"@type":"WebPage","@id":"https:\/\/www.ull.es\/portal\/noticias\/2015\/julio-brito-ocupa-la-gerencia-de-la-fundacion-general-de-la-universidad-de-la-laguna\/","url":"https:\/\/www.ull.es\/portal\/noticias\/2015\/julio-brito-ocupa-la-gerencia-de-la-fundacion-general-de-la-universidad-de-la-laguna\/","name":"Julio Brito ocupa la Gerencia de la Fundaci\u00f3n General de la Universidad de La Laguna - ULL - Noticias","isPartOf":{"@id":"https:\/\/www.ull.es\/portal\/noticias\/#website"},"datePublished":"2015-07-15T12:11:52+00:00","dateModified":"2015-07-15T12:11:52+00:00","author":{"@id":"https:\/\/www.ull.es\/portal\/noticias\/#\/schema\/person\/c3b2aa857797592927a03740d6664376"},"breadcrumb":{"@id":"https:\/\/www.ull.es\/portal\/noticias\/2015\/julio-brito-ocupa-la-gerencia-de-la-fundacion-general-de-la-universidad-de-la-laguna\/#breadcrumb"},"inLanguage":"es","potentialAction":[{"@type":"ReadAction","target":["https:\/\/www.ull.es\/portal\/noticias\/2015\/julio-brito-ocupa-la-gerencia-de-la-fundacion-general-de-la-universidad-de-la-laguna\/"]}]},{"@type":"BreadcrumbList","@id":"https:\/\/www.ull.es\/portal\/noticias\/2015\/julio-brito-ocupa-la-gerencia-de-la-fundacion-general-de-la-universidad-de-la-laguna\/#breadcrumb","itemListElement":[{"@type":"ListItem","position":1,"name":"Portada","item":"https:\/\/www.ull.es\/portal\/noticias\/"},{"@type":"ListItem","position":2,"name":"Julio Brito ocupa la Gerencia de la Fundaci\u00f3n General de la Universidad de La Laguna"}]},{"@type":"WebSite","@id":"https:\/\/www.ull.es\/portal\/noticias\/#website","url":"https:\/\/www.ull.es\/portal\/noticias\/","name":"ULL - Noticias","description":"","potentialAction":[{"@type":"SearchAction","target":{"@type":"EntryPoint","urlTemplate":"https:\/\/www.ull.es\/portal\/noticias\/?s={search_term_string}"},"query-input":"required name=search_term_string"}],"inLanguage":"es"},{"@type":"Person","@id":"https:\/\/www.ull.es\/portal\/noticias\/#\/schema\/person\/c3b2aa857797592927a03740d6664376","name":"prensa2","image":{"@type":"ImageObject","inLanguage":"es","@id":"https:\/\/www.ull.es\/portal\/noticias\/#\/schema\/person\/image\/","url":"https:\/\/secure.gravatar.com\/avatar\/b58f310a5de5feb33d1e026d2493f23c?s=96&d=mm&r=g","contentUrl":"https:\/\/secure.gravatar.com\/avatar\/b58f310a5de5feb33d1e026d2493f23c?s=96&d=mm&r=g","caption":"prensa2"},"url":"https:\/\/www.ull.es\/portal\/noticias\/author\/prensa2\/"}]}},"primary_category":null,"featured_image_thumbnail_url":"https:\/\/www.ull.es\/portal\/noticias\/wp-content\/uploads\/sites\/13\/2015\/07\/Patronato-FGULL-jul15-02-1-300x200.jpg","_links":{"self":[{"href":"https:\/\/www.ull.es\/portal\/noticias\/wp-json\/wp\/v2\/posts\/24531"}],"collection":[{"href":"https:\/\/www.ull.es\/portal\/noticias\/wp-json\/wp\/v2\/posts"}],"about":[{"href":"https:\/\/www.ull.es\/portal\/noticias\/wp-json\/wp\/v2\/types\/post"}],"author":[{"embeddable":true,"href":"https:\/\/www.ull.es\/portal\/noticias\/wp-json\/wp\/v2\/users\/21"}],"replies":[{"embeddable":true,"href":"https:\/\/www.ull.es\/portal\/noticias\/wp-json\/wp\/v2\/comments?post=24531"}],"version-history":[{"count":0,"href":"https:\/\/www.ull.es\/portal\/noticias\/wp-json\/wp\/v2\/posts\/24531\/revisions"}],"wp:featuredmedia":[{"embeddable":true,"href":"https:\/\/www.ull.es\/portal\/noticias\/wp-json\/wp\/v2\/media\/24532"}],"wp:attachment":[{"href":"https:\/\/www.ull.es\/portal\/noticias\/wp-json\/wp\/v2\/media?parent=24531"}],"wp:term":[{"taxonomy":"category","embeddable":true,"href":"https:\/\/www.ull.es\/portal\/noticias\/wp-json\/wp\/v2\/categories?post=24531"},{"taxonomy":"post_tag","embeddable":true,"href":"https:\/\/www.ull.es\/portal\/noticias\/wp-json\/wp\/v2\/tags?post=24531"}],"curies":[{"name":"wp","href":"https:\/\/api.w.org\/{rel}","templated":true}]}}