{"id":24558,"date":"2015-07-31T09:30:05","date_gmt":"2015-07-31T09:30:05","guid":{"rendered":"http:\/\/ddigital.webs.ull.es\/?p=24558"},"modified":"2015-07-31T09:30:05","modified_gmt":"2015-07-31T09:30:05","slug":"la-universidad-de-la-laguna-cerrara-sus-instalaciones-entre-el-3-y-el-24-de-agosto","status":"publish","type":"post","link":"https:\/\/www.ull.es\/portal\/noticias\/2015\/la-universidad-de-la-laguna-cerrara-sus-instalaciones-entre-el-3-y-el-24-de-agosto\/","title":{"rendered":"La Universidad de La Laguna cerrar\u00e1 sus instalaciones entre el 3 y el 24 de agosto"},"content":{"rendered":"<p>Una de las medidas que ha adoptado en los \u00faltimos a\u00f1os la Universidad de La Laguna para contener su gasto corriente ha sido el programa de cierres programados de sus instalaciones en fechas concretas para ahorrar en el consumo de agua, electricidad, seguridad y limpieza, entre otras partidas, y que ha supuesto un importante alivio econ\u00f3mico. El de mayor duraci\u00f3n se producir\u00e1 el mes de agosto, concretamente entre el lunes 3 a partir de las 21:00 horas y el lunes 24 de agosto hasta las 06:00 horas.<\/p>\n<p>El cierre afectar\u00e1 a todas las instalaciones y servicios de la instituci\u00f3n en su integridad, salvo contadas excepciones en las que sea necesario mantener la actividad por razones de fuerza mayor, como es el caso del servicio de Animalario, algunos laboratorios con ensayos en vivo, y tres salas de estudio que permanecer\u00e1n operativas las 24 horas del d\u00eda: la de los edificios de servicios al alumnado ULL-Caixa-CajaCanarias de los campus de Guajara y de Anchieta, y la de la secci\u00f3n de N\u00e1utica, M\u00e1quinas y Radioelectr\u00f3nica Naval.<\/p>\n<p>El registro presencial del centro acad\u00e9mico quedar\u00e1 igualmente inactivo, pero no as\u00ed la Sede Electr\u00f3nica (<a href=\"https:\/\/sede.ull.es\/\" target=\"_blank\" target=\"_blank\" rel=\"noopener\">https:\/\/sede.ull.es\/<\/a>), la cual seguir\u00e1 admitiendo peticiones de los usuarios durante los d\u00edas del cierre, las cuales ser\u00e1n tramitadas tras la reapertura del d\u00eda 24 de agosto. Como refuerzo a esta medida, la instituci\u00f3n acad\u00e9mica ha declarado inh\u00e1biles los d\u00edas comprendidos entre el 4 y el 23 de agosto. Tambi\u00e9n seguir\u00e1n activos la plataforma web, el campus virtual y el servicio de correo electr\u00f3nico.<\/p>\n<p>En cuanto a los centros de alojamiento de la instituci\u00f3n universitaria, los colegios mayores Santa Mar\u00eda y San Fernando cerraron desde el 21 de julio hasta el lunes 1 de septiembre a las 9 horas; mientras que el  San Agust\u00edn lo har\u00e1 desde el lunes 3 de agosto a las 16 horas hasta el martes 1 de septiembre a las 9 horas. Por su parte, la Residencia Parque de las Islas se mantendr\u00e1 abierta, pero solo para los autorizados por el Vicerrectorado de Estudiantes, generalmente alumnado procedente de pa\u00edses no comunitarios.<\/p>\n<p>Como ya ha ocurrido en anteriores ocasiones, la instituci\u00f3n ha habilitado el correo electr\u00f3nico cierre@ull.es para recibir preguntas y comunicar cualquier eventualidad sobre esta medida. Adem\u00e1s, en la portada de la p\u00e1gina web institucional (<a href=\"http:\/\/www.ull.es\" target=\"_blank\" target=\"_blank\" rel=\"noopener\">www.ull.es<\/a>) se ha incorporado una secci\u00f3n con toda la  informaci\u00f3n de inter\u00e9s acerca de este cierre de la ULL.<\/p>\n","protected":false},"excerpt":{"rendered":"<p>Una de las medidas que ha adoptado en los \u00faltimos a\u00f1os la Universidad de La Laguna para contener su gasto&#8230;<\/p>\n","protected":false},"author":23,"featured_media":24559,"comment_status":"open","ping_status":"open","sticky":false,"template":"","format":"standard","meta":{"inline_featured_image":false,"footnotes":""},"categories":[348,1],"tags":[823,2527,2560],"acf":[],"yoast_head":"<!-- This site is optimized with the Yoast SEO plugin v21.3 - https:\/\/yoast.com\/wordpress\/plugins\/seo\/ -->\n<title>La Universidad de La Laguna cerrar\u00e1 sus instalaciones entre el 3 y el 24 de agosto - ULL - Noticias<\/title>\n<meta name=\"robots\" content=\"index, follow, max-snippet:-1, max-image-preview:large, max-video-preview:-1\" \/>\n<link rel=\"canonical\" href=\"https:\/\/www.ull.es\/portal\/noticias\/2015\/la-universidad-de-la-laguna-cerrara-sus-instalaciones-entre-el-3-y-el-24-de-agosto\/\" \/>\n<meta property=\"og:locale\" content=\"es_ES\" \/>\n<meta property=\"og:type\" content=\"article\" \/>\n<meta property=\"og:title\" content=\"La Universidad de La Laguna cerrar\u00e1 sus instalaciones entre el 3 y el 24 de agosto - ULL - Noticias\" \/>\n<meta property=\"og:description\" content=\"Una de las medidas que ha adoptado en los \u00faltimos a\u00f1os la Universidad de La Laguna para contener su gasto...\" \/>\n<meta property=\"og:url\" content=\"https:\/\/www.ull.es\/portal\/noticias\/2015\/la-universidad-de-la-laguna-cerrara-sus-instalaciones-entre-el-3-y-el-24-de-agosto\/\" \/>\n<meta property=\"og:site_name\" content=\"ULL - Noticias\" \/>\n<meta property=\"article:publisher\" content=\"https:\/\/www.facebook.com\/universidaddelalaguna\/\" \/>\n<meta property=\"article:published_time\" content=\"2015-07-31T09:30:05+00:00\" \/>\n<meta property=\"og:image\" content=\"https:\/\/www.ull.es\/portal\/noticias\/wp-content\/uploads\/sites\/13\/2015\/08\/Edificio-Central-01.jpg\" \/>\n\t<meta property=\"og:image:width\" content=\"1200\" \/>\n\t<meta property=\"og:image:height\" content=\"800\" \/>\n\t<meta property=\"og:image:type\" content=\"image\/jpeg\" \/>\n<meta name=\"author\" content=\"gaprsa\" \/>\n<meta name=\"twitter:card\" content=\"summary_large_image\" \/>\n<meta name=\"twitter:creator\" content=\"@CanalULL\" \/>\n<meta name=\"twitter:site\" content=\"@CanalULL\" \/>\n<meta name=\"twitter:label1\" content=\"Escrito por\" \/>\n\t<meta name=\"twitter:data1\" content=\"gaprsa\" \/>\n\t<meta name=\"twitter:label2\" content=\"Tiempo de lectura\" \/>\n\t<meta name=\"twitter:data2\" content=\"2 minutos\" \/>\n<script type=\"application\/ld+json\" class=\"yoast-schema-graph\">{\"@context\":\"https:\/\/schema.org\",\"@graph\":[{\"@type\":\"WebPage\",\"@id\":\"https:\/\/www.ull.es\/portal\/noticias\/2015\/la-universidad-de-la-laguna-cerrara-sus-instalaciones-entre-el-3-y-el-24-de-agosto\/\",\"url\":\"https:\/\/www.ull.es\/portal\/noticias\/2015\/la-universidad-de-la-laguna-cerrara-sus-instalaciones-entre-el-3-y-el-24-de-agosto\/\",\"name\":\"La Universidad de La Laguna cerrar\u00e1 sus instalaciones entre el 3 y el 24 de agosto - ULL - Noticias\",\"isPartOf\":{\"@id\":\"https:\/\/www.ull.es\/portal\/noticias\/#website\"},\"datePublished\":\"2015-07-31T09:30:05+00:00\",\"dateModified\":\"2015-07-31T09:30:05+00:00\",\"author\":{\"@id\":\"https:\/\/www.ull.es\/portal\/noticias\/#\/schema\/person\/b2b1a89d43ffa609e591f7df8ef3e817\"},\"breadcrumb\":{\"@id\":\"https:\/\/www.ull.es\/portal\/noticias\/2015\/la-universidad-de-la-laguna-cerrara-sus-instalaciones-entre-el-3-y-el-24-de-agosto\/#breadcrumb\"},\"inLanguage\":\"es\",\"potentialAction\":[{\"@type\":\"ReadAction\",\"target\":[\"https:\/\/www.ull.es\/portal\/noticias\/2015\/la-universidad-de-la-laguna-cerrara-sus-instalaciones-entre-el-3-y-el-24-de-agosto\/\"]}]},{\"@type\":\"BreadcrumbList\",\"@id\":\"https:\/\/www.ull.es\/portal\/noticias\/2015\/la-universidad-de-la-laguna-cerrara-sus-instalaciones-entre-el-3-y-el-24-de-agosto\/#breadcrumb\",\"itemListElement\":[{\"@type\":\"ListItem\",\"position\":1,\"name\":\"Portada\",\"item\":\"https:\/\/www.ull.es\/portal\/noticias\/\"},{\"@type\":\"ListItem\",\"position\":2,\"name\":\"La Universidad de La Laguna cerrar\u00e1 sus instalaciones entre el 3 y el 24 de agosto\"}]},{\"@type\":\"WebSite\",\"@id\":\"https:\/\/www.ull.es\/portal\/noticias\/#website\",\"url\":\"https:\/\/www.ull.es\/portal\/noticias\/\",\"name\":\"ULL - Noticias\",\"description\":\"\",\"potentialAction\":[{\"@type\":\"SearchAction\",\"target\":{\"@type\":\"EntryPoint\",\"urlTemplate\":\"https:\/\/www.ull.es\/portal\/noticias\/?s={search_term_string}\"},\"query-input\":\"required name=search_term_string\"}],\"inLanguage\":\"es\"},{\"@type\":\"Person\",\"@id\":\"https:\/\/www.ull.es\/portal\/noticias\/#\/schema\/person\/b2b1a89d43ffa609e591f7df8ef3e817\",\"name\":\"gaprsa\",\"image\":{\"@type\":\"ImageObject\",\"inLanguage\":\"es\",\"@id\":\"https:\/\/www.ull.es\/portal\/noticias\/#\/schema\/person\/image\/\",\"url\":\"https:\/\/secure.gravatar.com\/avatar\/443820550921091458b4823867723b3d?s=96&d=mm&r=g\",\"contentUrl\":\"https:\/\/secure.gravatar.com\/avatar\/443820550921091458b4823867723b3d?s=96&d=mm&r=g\",\"caption\":\"gaprsa\"},\"url\":\"https:\/\/www.ull.es\/portal\/noticias\/author\/gaprsa\/\"}]}<\/script>\n<!-- \/ Yoast SEO plugin. -->","yoast_head_json":{"title":"La Universidad de La Laguna cerrar\u00e1 sus instalaciones entre el 3 y el 24 de agosto - ULL - Noticias","robots":{"index":"index","follow":"follow","max-snippet":"max-snippet:-1","max-image-preview":"max-image-preview:large","max-video-preview":"max-video-preview:-1"},"canonical":"https:\/\/www.ull.es\/portal\/noticias\/2015\/la-universidad-de-la-laguna-cerrara-sus-instalaciones-entre-el-3-y-el-24-de-agosto\/","og_locale":"es_ES","og_type":"article","og_title":"La Universidad de La Laguna cerrar\u00e1 sus instalaciones entre el 3 y el 24 de agosto - ULL - Noticias","og_description":"Una de las medidas que ha adoptado en los \u00faltimos a\u00f1os la Universidad de La Laguna para contener su gasto...","og_url":"https:\/\/www.ull.es\/portal\/noticias\/2015\/la-universidad-de-la-laguna-cerrara-sus-instalaciones-entre-el-3-y-el-24-de-agosto\/","og_site_name":"ULL - Noticias","article_publisher":"https:\/\/www.facebook.com\/universidaddelalaguna\/","article_published_time":"2015-07-31T09:30:05+00:00","og_image":[{"width":1200,"height":800,"url":"https:\/\/www.ull.es\/portal\/noticias\/wp-content\/uploads\/sites\/13\/2015\/08\/Edificio-Central-01.jpg","type":"image\/jpeg"}],"author":"gaprsa","twitter_card":"summary_large_image","twitter_creator":"@CanalULL","twitter_site":"@CanalULL","twitter_misc":{"Escrito por":"gaprsa","Tiempo de lectura":"2 minutos"},"schema":{"@context":"https:\/\/schema.org","@graph":[{"@type":"WebPage","@id":"https:\/\/www.ull.es\/portal\/noticias\/2015\/la-universidad-de-la-laguna-cerrara-sus-instalaciones-entre-el-3-y-el-24-de-agosto\/","url":"https:\/\/www.ull.es\/portal\/noticias\/2015\/la-universidad-de-la-laguna-cerrara-sus-instalaciones-entre-el-3-y-el-24-de-agosto\/","name":"La Universidad de La Laguna cerrar\u00e1 sus instalaciones entre el 3 y el 24 de agosto - ULL - Noticias","isPartOf":{"@id":"https:\/\/www.ull.es\/portal\/noticias\/#website"},"datePublished":"2015-07-31T09:30:05+00:00","dateModified":"2015-07-31T09:30:05+00:00","author":{"@id":"https:\/\/www.ull.es\/portal\/noticias\/#\/schema\/person\/b2b1a89d43ffa609e591f7df8ef3e817"},"breadcrumb":{"@id":"https:\/\/www.ull.es\/portal\/noticias\/2015\/la-universidad-de-la-laguna-cerrara-sus-instalaciones-entre-el-3-y-el-24-de-agosto\/#breadcrumb"},"inLanguage":"es","potentialAction":[{"@type":"ReadAction","target":["https:\/\/www.ull.es\/portal\/noticias\/2015\/la-universidad-de-la-laguna-cerrara-sus-instalaciones-entre-el-3-y-el-24-de-agosto\/"]}]},{"@type":"BreadcrumbList","@id":"https:\/\/www.ull.es\/portal\/noticias\/2015\/la-universidad-de-la-laguna-cerrara-sus-instalaciones-entre-el-3-y-el-24-de-agosto\/#breadcrumb","itemListElement":[{"@type":"ListItem","position":1,"name":"Portada","item":"https:\/\/www.ull.es\/portal\/noticias\/"},{"@type":"ListItem","position":2,"name":"La Universidad de La Laguna cerrar\u00e1 sus instalaciones entre el 3 y el 24 de agosto"}]},{"@type":"WebSite","@id":"https:\/\/www.ull.es\/portal\/noticias\/#website","url":"https:\/\/www.ull.es\/portal\/noticias\/","name":"ULL - Noticias","description":"","potentialAction":[{"@type":"SearchAction","target":{"@type":"EntryPoint","urlTemplate":"https:\/\/www.ull.es\/portal\/noticias\/?s={search_term_string}"},"query-input":"required name=search_term_string"}],"inLanguage":"es"},{"@type":"Person","@id":"https:\/\/www.ull.es\/portal\/noticias\/#\/schema\/person\/b2b1a89d43ffa609e591f7df8ef3e817","name":"gaprsa","image":{"@type":"ImageObject","inLanguage":"es","@id":"https:\/\/www.ull.es\/portal\/noticias\/#\/schema\/person\/image\/","url":"https:\/\/secure.gravatar.com\/avatar\/443820550921091458b4823867723b3d?s=96&d=mm&r=g","contentUrl":"https:\/\/secure.gravatar.com\/avatar\/443820550921091458b4823867723b3d?s=96&d=mm&r=g","caption":"gaprsa"},"url":"https:\/\/www.ull.es\/portal\/noticias\/author\/gaprsa\/"}]}},"primary_category":null,"featured_image_thumbnail_url":"https:\/\/www.ull.es\/portal\/noticias\/wp-content\/uploads\/sites\/13\/2015\/08\/Edificio-Central-01-300x200.jpg","_links":{"self":[{"href":"https:\/\/www.ull.es\/portal\/noticias\/wp-json\/wp\/v2\/posts\/24558"}],"collection":[{"href":"https:\/\/www.ull.es\/portal\/noticias\/wp-json\/wp\/v2\/posts"}],"about":[{"href":"https:\/\/www.ull.es\/portal\/noticias\/wp-json\/wp\/v2\/types\/post"}],"author":[{"embeddable":true,"href":"https:\/\/www.ull.es\/portal\/noticias\/wp-json\/wp\/v2\/users\/23"}],"replies":[{"embeddable":true,"href":"https:\/\/www.ull.es\/portal\/noticias\/wp-json\/wp\/v2\/comments?post=24558"}],"version-history":[{"count":0,"href":"https:\/\/www.ull.es\/portal\/noticias\/wp-json\/wp\/v2\/posts\/24558\/revisions"}],"wp:featuredmedia":[{"embeddable":true,"href":"https:\/\/www.ull.es\/portal\/noticias\/wp-json\/wp\/v2\/media\/24559"}],"wp:attachment":[{"href":"https:\/\/www.ull.es\/portal\/noticias\/wp-json\/wp\/v2\/media?parent=24558"}],"wp:term":[{"taxonomy":"category","embeddable":true,"href":"https:\/\/www.ull.es\/portal\/noticias\/wp-json\/wp\/v2\/categories?post=24558"},{"taxonomy":"post_tag","embeddable":true,"href":"https:\/\/www.ull.es\/portal\/noticias\/wp-json\/wp\/v2\/tags?post=24558"}],"curies":[{"name":"wp","href":"https:\/\/api.w.org\/{rel}","templated":true}]}}