{"id":24584,"date":"2015-08-03T13:03:17","date_gmt":"2015-08-03T13:03:17","guid":{"rendered":"http:\/\/ddigital.webs.ull.es\/?p=24584"},"modified":"2015-08-03T13:03:17","modified_gmt":"2015-08-03T13:03:17","slug":"el-area-de-responsabilidad-social-de-la-ull-estrena-plataforma-web","status":"publish","type":"post","link":"https:\/\/www.ull.es\/portal\/noticias\/2015\/el-area-de-responsabilidad-social-de-la-ull-estrena-plataforma-web\/","title":{"rendered":"El \u00e1rea de Responsabilidad Social de la ULL estrena plataforma web"},"content":{"rendered":"<p>La Universidad de La Laguna lleva desde hace alg\u00fan tiempo trabajando el \u00e1rea de responsabilidad social universitaria (RSU), para lo cual se present\u00f3 incluso hace unos meses la primera memoria de actividades en este \u00e1mbito. Ahora, el proyecto ha ido m\u00e1s lejos y acaba de publicarse una plataforma web que comprende todas las acciones que la instituci\u00f3n acad\u00e9mica lleva a cabo en este \u00e1mbito.<\/p>\n<p>As\u00ed, la direcci\u00f3n web <a href=\"http:\/\/www.ull.es\/rsocial\" target=\"_blank\" target=\"_blank\" rel=\"noopener\">www.ull.es\/rsocial <\/a>contiene la ya mencionada primera memoria de RSU correspondiente al a\u00f1o 2014, en la que se recogen los impactos positivos que la universidad genera tanto en su propia organizaci\u00f3n interna como hacia la sociedad en general, al tiempo que tambi\u00e9n da cuenta de otros contenidos.<\/p>\n<p>El objetivo es difundir todos aquellos recursos que ofrece la universidad tanto a la comunidad educativa como al conjunto de la sociedad, con el fin de ayudar a mejorar el bienestar social y la calidad de vida de los ciudadanos. Uno de ellos es, por ejemplo, el proyecto ULL Solidaria, mediante el cual la instituci\u00f3n acad\u00e9mica lleva a cabo campa\u00f1as peri\u00f3dicas de recogida de alimentos, juguetes o material escolar, que es donado a asociaciones sin \u00e1nimo de lucro. En suma, la plataforma da cuenta de \u201clas iniciativas que organizamos para lograr una sociedad m\u00e1s justa, sostenible, solidaria, transparente, participativa y con mayor capacidad de transformaci\u00f3n\u201d, comenta el vicerrector de Relaciones con la Sociedad, Francisco Garc\u00eda Rodr\u00edguez.<\/p>\n<p>El espacio web posee un dise\u00f1o sencillo y accesible. Su p\u00e1gina de inicio incluye una breve definici\u00f3n del significado de Responsabilidad Social Universitaria, seg\u00fan la Estrategia Universidad 2015 del Ministerio de Educaci\u00f3n; y c\u00f3mo la asume la universidad dentro de sus estatutos y su plan estrat\u00e9gico. Con este fin, se estructura en varios apartados, en los que junto a la memoria aparecen noticias, documentos y un enlace directo a la web de ULL Solidaria y a la Oficina de Voluntariado, integrada en el \u00e1rea de Responsabilidad Social.<\/p>\n<p>Cada pesta\u00f1a recoge informaciones y datos de inter\u00e9s tanto para el personal docente y de administraci\u00f3n y servicios como para el alumnado, as\u00ed como para la sociedad, \u201cque es el reto principal de \u00e9ste \u00e1rea, abrir la instituci\u00f3n a la sociedad, y a la propia comunidad educativa que en muchas ocasiones desconoce sus propios servicios\u201d, indic\u00f3 el director de Secretariado de RSU, Francisco Amador Morera.<\/p>\n<p>En este sentido, la plataforma incluye documentos de inter\u00e9s general como ayudas y becas para alumnado, PDI y PAS, reglamentos como el recientemente aprobado del Tribunal de Compensaci\u00f3n o del asociacionismo estudiantil, as\u00ed como ponencias o discursos de inter\u00e9s social por cuanto abordan asuntos que forman parte de la realidad canaria, como el pronunciado en la clausura del curso acad\u00e9mico de la Universidad para Mayores, sobre el estr\u00e9s que causa a muchos abuelos su rol de \u201ccuidadores\u201d de los nietos de forma intensiva.<\/p>\n<p><strong>Informaci\u00f3n en tiempo real<\/strong><\/p>\n<p>Amador Morera subraya que la Universidad de La Laguna es pionera entre las instituciones p\u00fablicas de educaci\u00f3n superior en el dise\u00f1o de su memoria de RSU con formato \u00edntegramente digital. \u201cNo s\u00f3lo se puede descargar mediante el programa PDF -acci\u00f3n que s\u00ed recogen el resto de universidades-, sino que esta plataforma contiene toda la informaci\u00f3n al respecto ordenada en once apartados f\u00e1cilmente identificables y un atractivo dise\u00f1o visual\u201d.<\/p>\n<p>Este modelo permite elaborar la memoria de 2015 \u201cen tiempo real, o lo que es lo mismo, las acciones que desarrolla la ULL se recogen en el momento en que se planifican, por lo que contaremos con un documento vivo y en constante elaboraci\u00f3n, de forma que el personal y alumnado de la universidad y la sociedad en general tenga conocimiento no s\u00f3lo de todos aquellos recursos a los que puede acudir y que ponemos a su disposici\u00f3n, sino de las acciones de las que se pueden beneficiar, propiciando adem\u00e1s la transparencia en la informaci\u00f3n\u201d.<\/p>\n","protected":false},"excerpt":{"rendered":"<p>La Universidad de La Laguna lleva desde hace alg\u00fan tiempo trabajando el \u00e1rea de responsabilidad social universitaria (RSU), para lo&#8230;<\/p>\n","protected":false},"author":23,"featured_media":24585,"comment_status":"open","ping_status":"open","sticky":false,"template":"","format":"standard","meta":{"inline_featured_image":false,"footnotes":""},"categories":[345,348,1],"tags":[],"acf":[],"yoast_head":"<!-- This site is optimized with the Yoast SEO plugin v21.3 - https:\/\/yoast.com\/wordpress\/plugins\/seo\/ -->\n<title>El \u00e1rea de Responsabilidad Social de la ULL estrena plataforma web - ULL - Noticias<\/title>\n<meta name=\"robots\" content=\"index, follow, max-snippet:-1, max-image-preview:large, max-video-preview:-1\" \/>\n<link rel=\"canonical\" href=\"https:\/\/www.ull.es\/portal\/noticias\/2015\/el-area-de-responsabilidad-social-de-la-ull-estrena-plataforma-web\/\" \/>\n<meta property=\"og:locale\" content=\"es_ES\" \/>\n<meta property=\"og:type\" content=\"article\" \/>\n<meta property=\"og:title\" content=\"El \u00e1rea de Responsabilidad Social de la ULL estrena plataforma web - ULL - Noticias\" \/>\n<meta property=\"og:description\" content=\"La Universidad de La Laguna lleva desde hace alg\u00fan tiempo trabajando el \u00e1rea de responsabilidad social universitaria (RSU), para lo...\" \/>\n<meta property=\"og:url\" content=\"https:\/\/www.ull.es\/portal\/noticias\/2015\/el-area-de-responsabilidad-social-de-la-ull-estrena-plataforma-web\/\" \/>\n<meta property=\"og:site_name\" content=\"ULL - Noticias\" \/>\n<meta property=\"article:publisher\" content=\"https:\/\/www.facebook.com\/universidaddelalaguna\/\" \/>\n<meta property=\"article:published_time\" content=\"2015-08-03T13:03:17+00:00\" \/>\n<meta property=\"og:image\" content=\"https:\/\/www.ull.es\/portal\/noticias\/wp-content\/uploads\/sites\/13\/2015\/08\/web-responsabilidad-social.jpg\" \/>\n\t<meta property=\"og:image:width\" content=\"1400\" \/>\n\t<meta property=\"og:image:height\" content=\"1106\" \/>\n\t<meta property=\"og:image:type\" content=\"image\/jpeg\" \/>\n<meta name=\"author\" content=\"gaprsa\" \/>\n<meta name=\"twitter:card\" content=\"summary_large_image\" \/>\n<meta name=\"twitter:creator\" content=\"@CanalULL\" \/>\n<meta name=\"twitter:site\" content=\"@CanalULL\" \/>\n<meta name=\"twitter:label1\" content=\"Escrito por\" \/>\n\t<meta name=\"twitter:data1\" content=\"gaprsa\" \/>\n\t<meta name=\"twitter:label2\" content=\"Tiempo de lectura\" \/>\n\t<meta name=\"twitter:data2\" content=\"3 minutos\" \/>\n<script type=\"application\/ld+json\" class=\"yoast-schema-graph\">{\"@context\":\"https:\/\/schema.org\",\"@graph\":[{\"@type\":\"WebPage\",\"@id\":\"https:\/\/www.ull.es\/portal\/noticias\/2015\/el-area-de-responsabilidad-social-de-la-ull-estrena-plataforma-web\/\",\"url\":\"https:\/\/www.ull.es\/portal\/noticias\/2015\/el-area-de-responsabilidad-social-de-la-ull-estrena-plataforma-web\/\",\"name\":\"El \u00e1rea de Responsabilidad Social de la ULL estrena plataforma web - ULL - Noticias\",\"isPartOf\":{\"@id\":\"https:\/\/www.ull.es\/portal\/noticias\/#website\"},\"datePublished\":\"2015-08-03T13:03:17+00:00\",\"dateModified\":\"2015-08-03T13:03:17+00:00\",\"author\":{\"@id\":\"https:\/\/www.ull.es\/portal\/noticias\/#\/schema\/person\/b2b1a89d43ffa609e591f7df8ef3e817\"},\"breadcrumb\":{\"@id\":\"https:\/\/www.ull.es\/portal\/noticias\/2015\/el-area-de-responsabilidad-social-de-la-ull-estrena-plataforma-web\/#breadcrumb\"},\"inLanguage\":\"es\",\"potentialAction\":[{\"@type\":\"ReadAction\",\"target\":[\"https:\/\/www.ull.es\/portal\/noticias\/2015\/el-area-de-responsabilidad-social-de-la-ull-estrena-plataforma-web\/\"]}]},{\"@type\":\"BreadcrumbList\",\"@id\":\"https:\/\/www.ull.es\/portal\/noticias\/2015\/el-area-de-responsabilidad-social-de-la-ull-estrena-plataforma-web\/#breadcrumb\",\"itemListElement\":[{\"@type\":\"ListItem\",\"position\":1,\"name\":\"Portada\",\"item\":\"https:\/\/www.ull.es\/portal\/noticias\/\"},{\"@type\":\"ListItem\",\"position\":2,\"name\":\"El \u00e1rea de Responsabilidad Social de la ULL estrena plataforma web\"}]},{\"@type\":\"WebSite\",\"@id\":\"https:\/\/www.ull.es\/portal\/noticias\/#website\",\"url\":\"https:\/\/www.ull.es\/portal\/noticias\/\",\"name\":\"ULL - Noticias\",\"description\":\"\",\"potentialAction\":[{\"@type\":\"SearchAction\",\"target\":{\"@type\":\"EntryPoint\",\"urlTemplate\":\"https:\/\/www.ull.es\/portal\/noticias\/?s={search_term_string}\"},\"query-input\":\"required name=search_term_string\"}],\"inLanguage\":\"es\"},{\"@type\":\"Person\",\"@id\":\"https:\/\/www.ull.es\/portal\/noticias\/#\/schema\/person\/b2b1a89d43ffa609e591f7df8ef3e817\",\"name\":\"gaprsa\",\"image\":{\"@type\":\"ImageObject\",\"inLanguage\":\"es\",\"@id\":\"https:\/\/www.ull.es\/portal\/noticias\/#\/schema\/person\/image\/\",\"url\":\"https:\/\/secure.gravatar.com\/avatar\/443820550921091458b4823867723b3d?s=96&d=mm&r=g\",\"contentUrl\":\"https:\/\/secure.gravatar.com\/avatar\/443820550921091458b4823867723b3d?s=96&d=mm&r=g\",\"caption\":\"gaprsa\"},\"url\":\"https:\/\/www.ull.es\/portal\/noticias\/author\/gaprsa\/\"}]}<\/script>\n<!-- \/ Yoast SEO plugin. -->","yoast_head_json":{"title":"El \u00e1rea de Responsabilidad Social de la ULL estrena plataforma web - ULL - Noticias","robots":{"index":"index","follow":"follow","max-snippet":"max-snippet:-1","max-image-preview":"max-image-preview:large","max-video-preview":"max-video-preview:-1"},"canonical":"https:\/\/www.ull.es\/portal\/noticias\/2015\/el-area-de-responsabilidad-social-de-la-ull-estrena-plataforma-web\/","og_locale":"es_ES","og_type":"article","og_title":"El \u00e1rea de Responsabilidad Social de la ULL estrena plataforma web - ULL - Noticias","og_description":"La Universidad de La Laguna lleva desde hace alg\u00fan tiempo trabajando el \u00e1rea de responsabilidad social universitaria (RSU), para lo...","og_url":"https:\/\/www.ull.es\/portal\/noticias\/2015\/el-area-de-responsabilidad-social-de-la-ull-estrena-plataforma-web\/","og_site_name":"ULL - Noticias","article_publisher":"https:\/\/www.facebook.com\/universidaddelalaguna\/","article_published_time":"2015-08-03T13:03:17+00:00","og_image":[{"width":1400,"height":1106,"url":"https:\/\/www.ull.es\/portal\/noticias\/wp-content\/uploads\/sites\/13\/2015\/08\/web-responsabilidad-social.jpg","type":"image\/jpeg"}],"author":"gaprsa","twitter_card":"summary_large_image","twitter_creator":"@CanalULL","twitter_site":"@CanalULL","twitter_misc":{"Escrito por":"gaprsa","Tiempo de lectura":"3 minutos"},"schema":{"@context":"https:\/\/schema.org","@graph":[{"@type":"WebPage","@id":"https:\/\/www.ull.es\/portal\/noticias\/2015\/el-area-de-responsabilidad-social-de-la-ull-estrena-plataforma-web\/","url":"https:\/\/www.ull.es\/portal\/noticias\/2015\/el-area-de-responsabilidad-social-de-la-ull-estrena-plataforma-web\/","name":"El \u00e1rea de Responsabilidad Social de la ULL estrena plataforma web - ULL - Noticias","isPartOf":{"@id":"https:\/\/www.ull.es\/portal\/noticias\/#website"},"datePublished":"2015-08-03T13:03:17+00:00","dateModified":"2015-08-03T13:03:17+00:00","author":{"@id":"https:\/\/www.ull.es\/portal\/noticias\/#\/schema\/person\/b2b1a89d43ffa609e591f7df8ef3e817"},"breadcrumb":{"@id":"https:\/\/www.ull.es\/portal\/noticias\/2015\/el-area-de-responsabilidad-social-de-la-ull-estrena-plataforma-web\/#breadcrumb"},"inLanguage":"es","potentialAction":[{"@type":"ReadAction","target":["https:\/\/www.ull.es\/portal\/noticias\/2015\/el-area-de-responsabilidad-social-de-la-ull-estrena-plataforma-web\/"]}]},{"@type":"BreadcrumbList","@id":"https:\/\/www.ull.es\/portal\/noticias\/2015\/el-area-de-responsabilidad-social-de-la-ull-estrena-plataforma-web\/#breadcrumb","itemListElement":[{"@type":"ListItem","position":1,"name":"Portada","item":"https:\/\/www.ull.es\/portal\/noticias\/"},{"@type":"ListItem","position":2,"name":"El \u00e1rea de Responsabilidad Social de la ULL estrena plataforma web"}]},{"@type":"WebSite","@id":"https:\/\/www.ull.es\/portal\/noticias\/#website","url":"https:\/\/www.ull.es\/portal\/noticias\/","name":"ULL - Noticias","description":"","potentialAction":[{"@type":"SearchAction","target":{"@type":"EntryPoint","urlTemplate":"https:\/\/www.ull.es\/portal\/noticias\/?s={search_term_string}"},"query-input":"required name=search_term_string"}],"inLanguage":"es"},{"@type":"Person","@id":"https:\/\/www.ull.es\/portal\/noticias\/#\/schema\/person\/b2b1a89d43ffa609e591f7df8ef3e817","name":"gaprsa","image":{"@type":"ImageObject","inLanguage":"es","@id":"https:\/\/www.ull.es\/portal\/noticias\/#\/schema\/person\/image\/","url":"https:\/\/secure.gravatar.com\/avatar\/443820550921091458b4823867723b3d?s=96&d=mm&r=g","contentUrl":"https:\/\/secure.gravatar.com\/avatar\/443820550921091458b4823867723b3d?s=96&d=mm&r=g","caption":"gaprsa"},"url":"https:\/\/www.ull.es\/portal\/noticias\/author\/gaprsa\/"}]}},"primary_category":null,"featured_image_thumbnail_url":"https:\/\/www.ull.es\/portal\/noticias\/wp-content\/uploads\/sites\/13\/2015\/08\/web-responsabilidad-social-300x237.jpg","_links":{"self":[{"href":"https:\/\/www.ull.es\/portal\/noticias\/wp-json\/wp\/v2\/posts\/24584"}],"collection":[{"href":"https:\/\/www.ull.es\/portal\/noticias\/wp-json\/wp\/v2\/posts"}],"about":[{"href":"https:\/\/www.ull.es\/portal\/noticias\/wp-json\/wp\/v2\/types\/post"}],"author":[{"embeddable":true,"href":"https:\/\/www.ull.es\/portal\/noticias\/wp-json\/wp\/v2\/users\/23"}],"replies":[{"embeddable":true,"href":"https:\/\/www.ull.es\/portal\/noticias\/wp-json\/wp\/v2\/comments?post=24584"}],"version-history":[{"count":0,"href":"https:\/\/www.ull.es\/portal\/noticias\/wp-json\/wp\/v2\/posts\/24584\/revisions"}],"wp:featuredmedia":[{"embeddable":true,"href":"https:\/\/www.ull.es\/portal\/noticias\/wp-json\/wp\/v2\/media\/24585"}],"wp:attachment":[{"href":"https:\/\/www.ull.es\/portal\/noticias\/wp-json\/wp\/v2\/media?parent=24584"}],"wp:term":[{"taxonomy":"category","embeddable":true,"href":"https:\/\/www.ull.es\/portal\/noticias\/wp-json\/wp\/v2\/categories?post=24584"},{"taxonomy":"post_tag","embeddable":true,"href":"https:\/\/www.ull.es\/portal\/noticias\/wp-json\/wp\/v2\/tags?post=24584"}],"curies":[{"name":"wp","href":"https:\/\/api.w.org\/{rel}","templated":true}]}}