{"id":24731,"date":"2015-09-11T13:52:38","date_gmt":"2015-09-11T13:52:38","guid":{"rendered":"http:\/\/ddigital.webs.ull.es\/?p=24731"},"modified":"2015-09-11T13:52:38","modified_gmt":"2015-09-11T13:52:38","slug":"el-rector-apela-a-la-responsabilidad-de-la-comunidad-universitaria-para-ofrecer-un-servicio-publico-de-calidad","status":"publish","type":"post","link":"https:\/\/www.ull.es\/portal\/noticias\/2015\/el-rector-apela-a-la-responsabilidad-de-la-comunidad-universitaria-para-ofrecer-un-servicio-publico-de-calidad\/","title":{"rendered":"El rector apela a la responsabilidad de la comunidad universitaria para ofrecer un servicio p\u00fablico de calidad"},"content":{"rendered":"<p>Durante la ceremonia de apertura del curso acad\u00e9mico 2015-2016, celebrada en 11 de septiembre en el Paraninfo de la Universidad de La Laguna, el rector Antonio Martin\u00f3n dict\u00f3 el tradicional discurso de apertura. En su locuci\u00f3n, defendi\u00f3 la condici\u00f3n de servicio p\u00fablico de la instituci\u00f3n acad\u00e9mica, y apel\u00f3 a los miembros de su comunidad a trabajar para seguir manteniendo sus principios de solidaridad y excelencia intelectual.<\/p>\n<p>El rector, adem\u00e1s, tendi\u00f3 una mano a las instituciones pol\u00edticas de la isla y la comunidad aut\u00f3noma para ofrecerse para ayudar en lo posible a la mejora de la comunidad. Para ello, propuso al presidente del Gobierno de Canarias, Fernando Clavijo, trabajar en un gran acuerdo sobre la educaci\u00f3n y el empleo, en el que quede integrado todo el sistema educativo.<\/p>\n<p>Martin\u00f3n reclam\u00f3 una mayor inversi\u00f3n en investigaci\u00f3n y ciencia, pero no s\u00f3lo en aquella que ofrezca una rentabilidad m\u00e1s inmediata, sino tambi\u00e9n la b\u00e1sica, que supone, en muchas ocasiones, el sustento de descubrimientos muy posteriores.<\/p>\n<p>La ceremonia comenz\u00f3 con la lectura de la memoria acad\u00e9mica del curso anterior a cargo de la Secretaria General, Dulce M\u00aa Cair\u00f3s y la lecci\u00f3n inaugural pronunciada por el catedr\u00e1tico del \u00c1rea de Producci\u00f3n Vegetal del Departamento de Ingenier\u00eda Agraria, N\u00e1utica, Civil y Mar\u00edtima Eduardo Sobrino, en la que reflexion\u00f3 sobre problemas como la superpoblaci\u00f3n, la escasez energ\u00e9tica y la alimentaci\u00f3n.<\/p>\n","protected":false},"excerpt":{"rendered":"<p>Durante la ceremonia de apertura del curso acad\u00e9mico 2015-2016, celebrada en 11 de septiembre en el Paraninfo de la Universidad&#8230;<\/p>\n","protected":false},"author":23,"featured_media":24790,"comment_status":"open","ping_status":"open","sticky":false,"template":"","format":"video","meta":{"inline_featured_image":false,"footnotes":""},"categories":[345,348,1,352],"tags":[517,526,1072,1098,2047,2527,2560],"acf":[],"yoast_head":"<!-- This site is optimized with the Yoast SEO plugin v21.3 - https:\/\/yoast.com\/wordpress\/plugins\/seo\/ -->\n<title>El rector apela a la responsabilidad de la comunidad universitaria para ofrecer un servicio p\u00fablico de calidad - ULL - Noticias<\/title>\n<meta name=\"robots\" content=\"index, follow, max-snippet:-1, max-image-preview:large, max-video-preview:-1\" \/>\n<link rel=\"canonical\" href=\"https:\/\/www.ull.es\/portal\/noticias\/2015\/el-rector-apela-a-la-responsabilidad-de-la-comunidad-universitaria-para-ofrecer-un-servicio-publico-de-calidad\/\" \/>\n<meta property=\"og:locale\" content=\"es_ES\" \/>\n<meta property=\"og:type\" content=\"article\" \/>\n<meta property=\"og:title\" content=\"El rector apela a la responsabilidad de la comunidad universitaria para ofrecer un servicio p\u00fablico de calidad - ULL - Noticias\" \/>\n<meta property=\"og:description\" content=\"Durante la ceremonia de apertura del curso acad\u00e9mico 2015-2016, celebrada en 11 de septiembre en el Paraninfo de la Universidad...\" \/>\n<meta property=\"og:url\" content=\"https:\/\/www.ull.es\/portal\/noticias\/2015\/el-rector-apela-a-la-responsabilidad-de-la-comunidad-universitaria-para-ofrecer-un-servicio-publico-de-calidad\/\" \/>\n<meta property=\"og:site_name\" content=\"ULL - Noticias\" \/>\n<meta property=\"article:publisher\" content=\"https:\/\/www.facebook.com\/universidaddelalaguna\/\" \/>\n<meta property=\"article:published_time\" content=\"2015-09-11T13:52:38+00:00\" \/>\n<meta property=\"og:image\" content=\"https:\/\/www.ull.es\/portal\/noticias\/wp-content\/uploads\/sites\/13\/2015\/09\/007.jpg\" \/>\n\t<meta property=\"og:image:width\" content=\"1034\" \/>\n\t<meta property=\"og:image:height\" content=\"708\" \/>\n\t<meta property=\"og:image:type\" content=\"image\/jpeg\" \/>\n<meta name=\"author\" content=\"gaprsa\" \/>\n<meta name=\"twitter:card\" content=\"summary_large_image\" \/>\n<meta name=\"twitter:creator\" content=\"@CanalULL\" \/>\n<meta name=\"twitter:site\" content=\"@CanalULL\" \/>\n<meta name=\"twitter:label1\" content=\"Escrito por\" \/>\n\t<meta name=\"twitter:data1\" content=\"gaprsa\" \/>\n\t<meta name=\"twitter:label2\" content=\"Tiempo de lectura\" \/>\n\t<meta name=\"twitter:data2\" content=\"1 minuto\" \/>\n<script type=\"application\/ld+json\" class=\"yoast-schema-graph\">{\"@context\":\"https:\/\/schema.org\",\"@graph\":[{\"@type\":\"WebPage\",\"@id\":\"https:\/\/www.ull.es\/portal\/noticias\/2015\/el-rector-apela-a-la-responsabilidad-de-la-comunidad-universitaria-para-ofrecer-un-servicio-publico-de-calidad\/\",\"url\":\"https:\/\/www.ull.es\/portal\/noticias\/2015\/el-rector-apela-a-la-responsabilidad-de-la-comunidad-universitaria-para-ofrecer-un-servicio-publico-de-calidad\/\",\"name\":\"El rector apela a la responsabilidad de la comunidad universitaria para ofrecer un servicio p\u00fablico de calidad - ULL - Noticias\",\"isPartOf\":{\"@id\":\"https:\/\/www.ull.es\/portal\/noticias\/#website\"},\"datePublished\":\"2015-09-11T13:52:38+00:00\",\"dateModified\":\"2015-09-11T13:52:38+00:00\",\"author\":{\"@id\":\"https:\/\/www.ull.es\/portal\/noticias\/#\/schema\/person\/b2b1a89d43ffa609e591f7df8ef3e817\"},\"breadcrumb\":{\"@id\":\"https:\/\/www.ull.es\/portal\/noticias\/2015\/el-rector-apela-a-la-responsabilidad-de-la-comunidad-universitaria-para-ofrecer-un-servicio-publico-de-calidad\/#breadcrumb\"},\"inLanguage\":\"es\",\"potentialAction\":[{\"@type\":\"ReadAction\",\"target\":[\"https:\/\/www.ull.es\/portal\/noticias\/2015\/el-rector-apela-a-la-responsabilidad-de-la-comunidad-universitaria-para-ofrecer-un-servicio-publico-de-calidad\/\"]}]},{\"@type\":\"BreadcrumbList\",\"@id\":\"https:\/\/www.ull.es\/portal\/noticias\/2015\/el-rector-apela-a-la-responsabilidad-de-la-comunidad-universitaria-para-ofrecer-un-servicio-publico-de-calidad\/#breadcrumb\",\"itemListElement\":[{\"@type\":\"ListItem\",\"position\":1,\"name\":\"Portada\",\"item\":\"https:\/\/www.ull.es\/portal\/noticias\/\"},{\"@type\":\"ListItem\",\"position\":2,\"name\":\"El rector apela a la responsabilidad de la comunidad universitaria para ofrecer un servicio p\u00fablico de calidad\"}]},{\"@type\":\"WebSite\",\"@id\":\"https:\/\/www.ull.es\/portal\/noticias\/#website\",\"url\":\"https:\/\/www.ull.es\/portal\/noticias\/\",\"name\":\"ULL - Noticias\",\"description\":\"\",\"potentialAction\":[{\"@type\":\"SearchAction\",\"target\":{\"@type\":\"EntryPoint\",\"urlTemplate\":\"https:\/\/www.ull.es\/portal\/noticias\/?s={search_term_string}\"},\"query-input\":\"required name=search_term_string\"}],\"inLanguage\":\"es\"},{\"@type\":\"Person\",\"@id\":\"https:\/\/www.ull.es\/portal\/noticias\/#\/schema\/person\/b2b1a89d43ffa609e591f7df8ef3e817\",\"name\":\"gaprsa\",\"image\":{\"@type\":\"ImageObject\",\"inLanguage\":\"es\",\"@id\":\"https:\/\/www.ull.es\/portal\/noticias\/#\/schema\/person\/image\/\",\"url\":\"https:\/\/secure.gravatar.com\/avatar\/443820550921091458b4823867723b3d?s=96&d=mm&r=g\",\"contentUrl\":\"https:\/\/secure.gravatar.com\/avatar\/443820550921091458b4823867723b3d?s=96&d=mm&r=g\",\"caption\":\"gaprsa\"},\"url\":\"https:\/\/www.ull.es\/portal\/noticias\/author\/gaprsa\/\"}]}<\/script>\n<!-- \/ Yoast SEO plugin. -->","yoast_head_json":{"title":"El rector apela a la responsabilidad de la comunidad universitaria para ofrecer un servicio p\u00fablico de calidad - ULL - Noticias","robots":{"index":"index","follow":"follow","max-snippet":"max-snippet:-1","max-image-preview":"max-image-preview:large","max-video-preview":"max-video-preview:-1"},"canonical":"https:\/\/www.ull.es\/portal\/noticias\/2015\/el-rector-apela-a-la-responsabilidad-de-la-comunidad-universitaria-para-ofrecer-un-servicio-publico-de-calidad\/","og_locale":"es_ES","og_type":"article","og_title":"El rector apela a la responsabilidad de la comunidad universitaria para ofrecer un servicio p\u00fablico de calidad - ULL - Noticias","og_description":"Durante la ceremonia de apertura del curso acad\u00e9mico 2015-2016, celebrada en 11 de septiembre en el Paraninfo de la Universidad...","og_url":"https:\/\/www.ull.es\/portal\/noticias\/2015\/el-rector-apela-a-la-responsabilidad-de-la-comunidad-universitaria-para-ofrecer-un-servicio-publico-de-calidad\/","og_site_name":"ULL - Noticias","article_publisher":"https:\/\/www.facebook.com\/universidaddelalaguna\/","article_published_time":"2015-09-11T13:52:38+00:00","og_image":[{"width":1034,"height":708,"url":"https:\/\/www.ull.es\/portal\/noticias\/wp-content\/uploads\/sites\/13\/2015\/09\/007.jpg","type":"image\/jpeg"}],"author":"gaprsa","twitter_card":"summary_large_image","twitter_creator":"@CanalULL","twitter_site":"@CanalULL","twitter_misc":{"Escrito por":"gaprsa","Tiempo de lectura":"1 minuto"},"schema":{"@context":"https:\/\/schema.org","@graph":[{"@type":"WebPage","@id":"https:\/\/www.ull.es\/portal\/noticias\/2015\/el-rector-apela-a-la-responsabilidad-de-la-comunidad-universitaria-para-ofrecer-un-servicio-publico-de-calidad\/","url":"https:\/\/www.ull.es\/portal\/noticias\/2015\/el-rector-apela-a-la-responsabilidad-de-la-comunidad-universitaria-para-ofrecer-un-servicio-publico-de-calidad\/","name":"El rector apela a la responsabilidad de la comunidad universitaria para ofrecer un servicio p\u00fablico de calidad - ULL - Noticias","isPartOf":{"@id":"https:\/\/www.ull.es\/portal\/noticias\/#website"},"datePublished":"2015-09-11T13:52:38+00:00","dateModified":"2015-09-11T13:52:38+00:00","author":{"@id":"https:\/\/www.ull.es\/portal\/noticias\/#\/schema\/person\/b2b1a89d43ffa609e591f7df8ef3e817"},"breadcrumb":{"@id":"https:\/\/www.ull.es\/portal\/noticias\/2015\/el-rector-apela-a-la-responsabilidad-de-la-comunidad-universitaria-para-ofrecer-un-servicio-publico-de-calidad\/#breadcrumb"},"inLanguage":"es","potentialAction":[{"@type":"ReadAction","target":["https:\/\/www.ull.es\/portal\/noticias\/2015\/el-rector-apela-a-la-responsabilidad-de-la-comunidad-universitaria-para-ofrecer-un-servicio-publico-de-calidad\/"]}]},{"@type":"BreadcrumbList","@id":"https:\/\/www.ull.es\/portal\/noticias\/2015\/el-rector-apela-a-la-responsabilidad-de-la-comunidad-universitaria-para-ofrecer-un-servicio-publico-de-calidad\/#breadcrumb","itemListElement":[{"@type":"ListItem","position":1,"name":"Portada","item":"https:\/\/www.ull.es\/portal\/noticias\/"},{"@type":"ListItem","position":2,"name":"El rector apela a la responsabilidad de la comunidad universitaria para ofrecer un servicio p\u00fablico de calidad"}]},{"@type":"WebSite","@id":"https:\/\/www.ull.es\/portal\/noticias\/#website","url":"https:\/\/www.ull.es\/portal\/noticias\/","name":"ULL - Noticias","description":"","potentialAction":[{"@type":"SearchAction","target":{"@type":"EntryPoint","urlTemplate":"https:\/\/www.ull.es\/portal\/noticias\/?s={search_term_string}"},"query-input":"required name=search_term_string"}],"inLanguage":"es"},{"@type":"Person","@id":"https:\/\/www.ull.es\/portal\/noticias\/#\/schema\/person\/b2b1a89d43ffa609e591f7df8ef3e817","name":"gaprsa","image":{"@type":"ImageObject","inLanguage":"es","@id":"https:\/\/www.ull.es\/portal\/noticias\/#\/schema\/person\/image\/","url":"https:\/\/secure.gravatar.com\/avatar\/443820550921091458b4823867723b3d?s=96&d=mm&r=g","contentUrl":"https:\/\/secure.gravatar.com\/avatar\/443820550921091458b4823867723b3d?s=96&d=mm&r=g","caption":"gaprsa"},"url":"https:\/\/www.ull.es\/portal\/noticias\/author\/gaprsa\/"}]}},"primary_category":null,"featured_image_thumbnail_url":"https:\/\/www.ull.es\/portal\/noticias\/wp-content\/uploads\/sites\/13\/2015\/09\/007-300x205.jpg","_links":{"self":[{"href":"https:\/\/www.ull.es\/portal\/noticias\/wp-json\/wp\/v2\/posts\/24731"}],"collection":[{"href":"https:\/\/www.ull.es\/portal\/noticias\/wp-json\/wp\/v2\/posts"}],"about":[{"href":"https:\/\/www.ull.es\/portal\/noticias\/wp-json\/wp\/v2\/types\/post"}],"author":[{"embeddable":true,"href":"https:\/\/www.ull.es\/portal\/noticias\/wp-json\/wp\/v2\/users\/23"}],"replies":[{"embeddable":true,"href":"https:\/\/www.ull.es\/portal\/noticias\/wp-json\/wp\/v2\/comments?post=24731"}],"version-history":[{"count":0,"href":"https:\/\/www.ull.es\/portal\/noticias\/wp-json\/wp\/v2\/posts\/24731\/revisions"}],"wp:featuredmedia":[{"embeddable":true,"href":"https:\/\/www.ull.es\/portal\/noticias\/wp-json\/wp\/v2\/media\/24790"}],"wp:attachment":[{"href":"https:\/\/www.ull.es\/portal\/noticias\/wp-json\/wp\/v2\/media?parent=24731"}],"wp:term":[{"taxonomy":"category","embeddable":true,"href":"https:\/\/www.ull.es\/portal\/noticias\/wp-json\/wp\/v2\/categories?post=24731"},{"taxonomy":"post_tag","embeddable":true,"href":"https:\/\/www.ull.es\/portal\/noticias\/wp-json\/wp\/v2\/tags?post=24731"}],"curies":[{"name":"wp","href":"https:\/\/api.w.org\/{rel}","templated":true}]}}