{"id":24863,"date":"2015-09-25T12:41:38","date_gmt":"2015-09-25T12:41:38","guid":{"rendered":"http:\/\/ddigital.webs.ull.es\/?p=24863"},"modified":"2015-09-25T12:41:38","modified_gmt":"2015-09-25T12:41:38","slug":"gobierno-autonomo-y-universidad-presentaron-en-el-aula-magna-del-campus-de-guajara-el-proyecto-de-innovacion-colaborativa-demola-canarias","status":"publish","type":"post","link":"https:\/\/www.ull.es\/portal\/noticias\/2015\/gobierno-autonomo-y-universidad-presentaron-en-el-aula-magna-del-campus-de-guajara-el-proyecto-de-innovacion-colaborativa-demola-canarias\/","title":{"rendered":"Gobierno aut\u00f3nomo y Universidad presentaron en el Aula Magna del Campus de Guajara el proyecto de innovaci\u00f3n colaborativa Demola Canarias"},"content":{"rendered":"<p>El pasado jueves 24 de septiembre fue presentado en la Universidad de La Laguna DEMOLA, un proyecto pionero en el \u00e1mbito nacional que fomenta la innovaci\u00f3n colaborativa y busca conectar la universidad con el mundo laboral. En el acto estuvieron presentes el director de la Agencia Canaria de Investigaci\u00f3n, Innovaci\u00f3n y Sociedad de la Informaci\u00f3n (ACIISI), Manuel Miranda Medina; el vicerrector de Relaciones con la Sociedad de la ULL, Francisco J. Garc\u00eda; y el director de la Escuela de Doctorado y Estudios de Posgrado de la ULL, Ernesto Pereda.<\/p>\n<p>Miranda reiter\u00f3 la necesidad de llevar el conocimiento a las empresas canarias para garantizar el futuro de los j\u00f3venes emprendedores, rentabilizar el talento de los que viven en nuestras islas y fomentar el crecimiento econ\u00f3mico del Archipi\u00e9lago. En su intervenci\u00f3n agradeci\u00f3 la implicaci\u00f3n de la universidad y las entidades privadas e invit\u00f3 a los universitarios a formar parte activa del programa Demola Canarias.<\/p>\n<p>Garc\u00eda se\u00f1al\u00f3 que uno de los grandes retos de la universidad es la conexi\u00f3n de la actividad acad\u00e9mica del alumnado con las necesidades reales del entorno econ\u00f3mico. \u201cEste proyecto es un buen paso en esta direcci\u00f3n, ya que ser\u00e1n nuestros propios estudiantes los que aborden soluciones a los retos o desaf\u00edos presentados por las empresas\u201d, reflexion\u00f3.<\/p>\n<p>Durante el acto el equipo de t\u00e9cnicos de innovaci\u00f3n de Demola Canarias hizo una breve exposici\u00f3n del proyecto y de los retos que ha acogido la Universidad de La Laguna, para luego pasar al turno de preguntas. Los retos en marcha contienen actuaciones destinadas a explotar nuevas potencialidades, a personalizar servicios acorde a las exigencias del usuario y a aumentar la visibilidad y reconocimiento de la marca o diferenciaci\u00f3n del producto, pasando por estrategias de desarrollo empresarial personalizadas.<\/p>\n<p>Las iniciativas\u00a0 abarcan desde la del Ayuntamiento de la Villa de Tegueste, como territorio rural desde donde implementar los desaf\u00edos con una propuesta conjunta p\u00fablico-privada de atracci\u00f3n, desarrollo y revitalizaci\u00f3n de la actividad productiva multisectorial; o la del Cluster Turisfera, que tiene como objetivo potenciar un turismo centrado en las experiencias aut\u00e9nticas, vivencias \u00fanicas para los viajeros visitantes de la isla.<\/p>\n<p>Tambi\u00e9n se presentaron retos como el de DISA renovables, que consiste en la unificaci\u00f3n de sistemas de monitorizaci\u00f3n en instalaciones energ\u00e9ticas. Por \u00faltimo Libby\u00b4s (E.I. Archipi\u00e9lago S.A.) plantea apostar por desarrollar un \u201cproducto did\u00e1ctico\u201d que pueda ofertar a la comunidad educativa, de tal modo que las visitas aporten un valor a\u00f1adido a los escolares y, al tiempo, sirvan para desarrollar un canal directo de comunicaci\u00f3n con los visitantes, que son potenciales consumidores de sus productos.<br \/>\nDEMOLA<\/p>\n<p>El <a href=\"http:\/\/canaryislands.demola.net\/\" target=\"_blank\" target=\"_blank\" rel=\"noopener\"><strong>proyecto DEMOLA<\/strong><\/a> ha sido puesto en marcha en septiembre por la Consejer\u00eda de Econom\u00eda, Industria, Comercio y Conocimiento del Gobierno de Canarias, a trav\u00e9s de la Agencia Canaria de Investigaci\u00f3n, Innovaci\u00f3n y Sociedad de la Informaci\u00f3n (ACIISI) y las dos universidades p\u00fablicas de Canarias.<\/p>\n<p>Se trata de un modelo de trabajo colaborativo donde estudiantes universitarios idean y dise\u00f1an \u2018demos\u2019 de productos y servicios que aporten soluciones innovadoras a los retos planteados por empresas y organizaciones, y tambi\u00e9n instituciones p\u00fablicas, que desean explorar nuevas oportunidades de mejora junto con un equipo multidisciplinar de j\u00f3venes talentos.<\/p>\n<p>En su implantaci\u00f3n en Canarias, la red internacional de innovaci\u00f3n abierta \u2018DEMOLA\u2019 cuenta con un equipo de t\u00e9cnicos en innovaci\u00f3n que controlan su buen desarrollo, tanto en la fase de definici\u00f3n como en su ejecuci\u00f3n. Para este fin, han recibido una formaci\u00f3n espec\u00edfica, a cargo de expertos y promotores del ecosistema DEMOLA, que les acredita como agentes de soporte a las entidades participantes, con presencia en ambas provincias.<\/p>\n<p>En la actualidad, la plataforma DEMOLA engloba a cerca de 6.000 estudiantes de unas 60 universidades y a m\u00e1s de 500 empresas, con aproximadamente un millar de proyectos en cartera. Surgida en Tampere (Finlandia), la Red opera actualmente en nueve pa\u00edses de Europa y Am\u00e9rica. En Espa\u00f1a, est\u00e1n actualmente Canarias y el Pa\u00eds Vasco.<\/p>\n","protected":false},"excerpt":{"rendered":"<p>El pasado jueves 24 de septiembre fue presentado en la Universidad de La Laguna DEMOLA, un proyecto pionero en el&#8230;<\/p>\n","protected":false},"author":23,"featured_media":24864,"comment_status":"open","ping_status":"open","sticky":false,"template":"","format":"standard","meta":{"inline_featured_image":false,"footnotes":""},"categories":[345,350,1],"tags":[376,994,1155,1304,2527,2560],"acf":[],"yoast_head":"<!-- This site is optimized with the Yoast SEO plugin v21.3 - https:\/\/yoast.com\/wordpress\/plugins\/seo\/ -->\n<title>Gobierno aut\u00f3nomo y Universidad presentaron en el Aula Magna del Campus de Guajara el proyecto de innovaci\u00f3n colaborativa Demola Canarias - ULL - Noticias<\/title>\n<meta name=\"robots\" content=\"index, follow, max-snippet:-1, max-image-preview:large, max-video-preview:-1\" \/>\n<link rel=\"canonical\" href=\"https:\/\/www.ull.es\/portal\/noticias\/2015\/gobierno-autonomo-y-universidad-presentaron-en-el-aula-magna-del-campus-de-guajara-el-proyecto-de-innovacion-colaborativa-demola-canarias\/\" \/>\n<meta property=\"og:locale\" content=\"es_ES\" \/>\n<meta property=\"og:type\" content=\"article\" \/>\n<meta property=\"og:title\" content=\"Gobierno aut\u00f3nomo y Universidad presentaron en el Aula Magna del Campus de Guajara el proyecto de innovaci\u00f3n colaborativa Demola Canarias - ULL - Noticias\" \/>\n<meta property=\"og:description\" content=\"El pasado jueves 24 de septiembre fue presentado en la Universidad de La Laguna DEMOLA, un proyecto pionero en el...\" \/>\n<meta property=\"og:url\" content=\"https:\/\/www.ull.es\/portal\/noticias\/2015\/gobierno-autonomo-y-universidad-presentaron-en-el-aula-magna-del-campus-de-guajara-el-proyecto-de-innovacion-colaborativa-demola-canarias\/\" \/>\n<meta property=\"og:site_name\" content=\"ULL - Noticias\" \/>\n<meta property=\"article:publisher\" content=\"https:\/\/www.facebook.com\/universidaddelalaguna\/\" \/>\n<meta property=\"article:published_time\" content=\"2015-09-25T12:41:38+00:00\" \/>\n<meta property=\"og:image\" content=\"https:\/\/www.ull.es\/portal\/noticias\/wp-content\/uploads\/sites\/13\/2015\/09\/Demola-01.jpg\" \/>\n\t<meta property=\"og:image:width\" content=\"1034\" \/>\n\t<meta property=\"og:image:height\" content=\"708\" \/>\n\t<meta property=\"og:image:type\" content=\"image\/jpeg\" \/>\n<meta name=\"author\" content=\"gaprsa\" \/>\n<meta name=\"twitter:card\" content=\"summary_large_image\" \/>\n<meta name=\"twitter:creator\" content=\"@CanalULL\" \/>\n<meta name=\"twitter:site\" content=\"@CanalULL\" \/>\n<meta name=\"twitter:label1\" content=\"Escrito por\" \/>\n\t<meta name=\"twitter:data1\" content=\"gaprsa\" \/>\n\t<meta name=\"twitter:label2\" content=\"Tiempo de lectura\" \/>\n\t<meta name=\"twitter:data2\" content=\"3 minutos\" \/>\n<script type=\"application\/ld+json\" class=\"yoast-schema-graph\">{\"@context\":\"https:\/\/schema.org\",\"@graph\":[{\"@type\":\"WebPage\",\"@id\":\"https:\/\/www.ull.es\/portal\/noticias\/2015\/gobierno-autonomo-y-universidad-presentaron-en-el-aula-magna-del-campus-de-guajara-el-proyecto-de-innovacion-colaborativa-demola-canarias\/\",\"url\":\"https:\/\/www.ull.es\/portal\/noticias\/2015\/gobierno-autonomo-y-universidad-presentaron-en-el-aula-magna-del-campus-de-guajara-el-proyecto-de-innovacion-colaborativa-demola-canarias\/\",\"name\":\"Gobierno aut\u00f3nomo y Universidad presentaron en el Aula Magna del Campus de Guajara el proyecto de innovaci\u00f3n colaborativa Demola Canarias - ULL - Noticias\",\"isPartOf\":{\"@id\":\"https:\/\/www.ull.es\/portal\/noticias\/#website\"},\"datePublished\":\"2015-09-25T12:41:38+00:00\",\"dateModified\":\"2015-09-25T12:41:38+00:00\",\"author\":{\"@id\":\"https:\/\/www.ull.es\/portal\/noticias\/#\/schema\/person\/b2b1a89d43ffa609e591f7df8ef3e817\"},\"breadcrumb\":{\"@id\":\"https:\/\/www.ull.es\/portal\/noticias\/2015\/gobierno-autonomo-y-universidad-presentaron-en-el-aula-magna-del-campus-de-guajara-el-proyecto-de-innovacion-colaborativa-demola-canarias\/#breadcrumb\"},\"inLanguage\":\"es\",\"potentialAction\":[{\"@type\":\"ReadAction\",\"target\":[\"https:\/\/www.ull.es\/portal\/noticias\/2015\/gobierno-autonomo-y-universidad-presentaron-en-el-aula-magna-del-campus-de-guajara-el-proyecto-de-innovacion-colaborativa-demola-canarias\/\"]}]},{\"@type\":\"BreadcrumbList\",\"@id\":\"https:\/\/www.ull.es\/portal\/noticias\/2015\/gobierno-autonomo-y-universidad-presentaron-en-el-aula-magna-del-campus-de-guajara-el-proyecto-de-innovacion-colaborativa-demola-canarias\/#breadcrumb\",\"itemListElement\":[{\"@type\":\"ListItem\",\"position\":1,\"name\":\"Portada\",\"item\":\"https:\/\/www.ull.es\/portal\/noticias\/\"},{\"@type\":\"ListItem\",\"position\":2,\"name\":\"Gobierno aut\u00f3nomo y Universidad presentaron en el Aula Magna del Campus de Guajara el proyecto de innovaci\u00f3n colaborativa Demola Canarias\"}]},{\"@type\":\"WebSite\",\"@id\":\"https:\/\/www.ull.es\/portal\/noticias\/#website\",\"url\":\"https:\/\/www.ull.es\/portal\/noticias\/\",\"name\":\"ULL - Noticias\",\"description\":\"\",\"potentialAction\":[{\"@type\":\"SearchAction\",\"target\":{\"@type\":\"EntryPoint\",\"urlTemplate\":\"https:\/\/www.ull.es\/portal\/noticias\/?s={search_term_string}\"},\"query-input\":\"required name=search_term_string\"}],\"inLanguage\":\"es\"},{\"@type\":\"Person\",\"@id\":\"https:\/\/www.ull.es\/portal\/noticias\/#\/schema\/person\/b2b1a89d43ffa609e591f7df8ef3e817\",\"name\":\"gaprsa\",\"image\":{\"@type\":\"ImageObject\",\"inLanguage\":\"es\",\"@id\":\"https:\/\/www.ull.es\/portal\/noticias\/#\/schema\/person\/image\/\",\"url\":\"https:\/\/secure.gravatar.com\/avatar\/443820550921091458b4823867723b3d?s=96&d=mm&r=g\",\"contentUrl\":\"https:\/\/secure.gravatar.com\/avatar\/443820550921091458b4823867723b3d?s=96&d=mm&r=g\",\"caption\":\"gaprsa\"},\"url\":\"https:\/\/www.ull.es\/portal\/noticias\/author\/gaprsa\/\"}]}<\/script>\n<!-- \/ Yoast SEO plugin. -->","yoast_head_json":{"title":"Gobierno aut\u00f3nomo y Universidad presentaron en el Aula Magna del Campus de Guajara el proyecto de innovaci\u00f3n colaborativa Demola Canarias - ULL - Noticias","robots":{"index":"index","follow":"follow","max-snippet":"max-snippet:-1","max-image-preview":"max-image-preview:large","max-video-preview":"max-video-preview:-1"},"canonical":"https:\/\/www.ull.es\/portal\/noticias\/2015\/gobierno-autonomo-y-universidad-presentaron-en-el-aula-magna-del-campus-de-guajara-el-proyecto-de-innovacion-colaborativa-demola-canarias\/","og_locale":"es_ES","og_type":"article","og_title":"Gobierno aut\u00f3nomo y Universidad presentaron en el Aula Magna del Campus de Guajara el proyecto de innovaci\u00f3n colaborativa Demola Canarias - ULL - Noticias","og_description":"El pasado jueves 24 de septiembre fue presentado en la Universidad de La Laguna DEMOLA, un proyecto pionero en el...","og_url":"https:\/\/www.ull.es\/portal\/noticias\/2015\/gobierno-autonomo-y-universidad-presentaron-en-el-aula-magna-del-campus-de-guajara-el-proyecto-de-innovacion-colaborativa-demola-canarias\/","og_site_name":"ULL - Noticias","article_publisher":"https:\/\/www.facebook.com\/universidaddelalaguna\/","article_published_time":"2015-09-25T12:41:38+00:00","og_image":[{"width":1034,"height":708,"url":"https:\/\/www.ull.es\/portal\/noticias\/wp-content\/uploads\/sites\/13\/2015\/09\/Demola-01.jpg","type":"image\/jpeg"}],"author":"gaprsa","twitter_card":"summary_large_image","twitter_creator":"@CanalULL","twitter_site":"@CanalULL","twitter_misc":{"Escrito por":"gaprsa","Tiempo de lectura":"3 minutos"},"schema":{"@context":"https:\/\/schema.org","@graph":[{"@type":"WebPage","@id":"https:\/\/www.ull.es\/portal\/noticias\/2015\/gobierno-autonomo-y-universidad-presentaron-en-el-aula-magna-del-campus-de-guajara-el-proyecto-de-innovacion-colaborativa-demola-canarias\/","url":"https:\/\/www.ull.es\/portal\/noticias\/2015\/gobierno-autonomo-y-universidad-presentaron-en-el-aula-magna-del-campus-de-guajara-el-proyecto-de-innovacion-colaborativa-demola-canarias\/","name":"Gobierno aut\u00f3nomo y Universidad presentaron en el Aula Magna del Campus de Guajara el proyecto de innovaci\u00f3n colaborativa Demola Canarias - ULL - Noticias","isPartOf":{"@id":"https:\/\/www.ull.es\/portal\/noticias\/#website"},"datePublished":"2015-09-25T12:41:38+00:00","dateModified":"2015-09-25T12:41:38+00:00","author":{"@id":"https:\/\/www.ull.es\/portal\/noticias\/#\/schema\/person\/b2b1a89d43ffa609e591f7df8ef3e817"},"breadcrumb":{"@id":"https:\/\/www.ull.es\/portal\/noticias\/2015\/gobierno-autonomo-y-universidad-presentaron-en-el-aula-magna-del-campus-de-guajara-el-proyecto-de-innovacion-colaborativa-demola-canarias\/#breadcrumb"},"inLanguage":"es","potentialAction":[{"@type":"ReadAction","target":["https:\/\/www.ull.es\/portal\/noticias\/2015\/gobierno-autonomo-y-universidad-presentaron-en-el-aula-magna-del-campus-de-guajara-el-proyecto-de-innovacion-colaborativa-demola-canarias\/"]}]},{"@type":"BreadcrumbList","@id":"https:\/\/www.ull.es\/portal\/noticias\/2015\/gobierno-autonomo-y-universidad-presentaron-en-el-aula-magna-del-campus-de-guajara-el-proyecto-de-innovacion-colaborativa-demola-canarias\/#breadcrumb","itemListElement":[{"@type":"ListItem","position":1,"name":"Portada","item":"https:\/\/www.ull.es\/portal\/noticias\/"},{"@type":"ListItem","position":2,"name":"Gobierno aut\u00f3nomo y Universidad presentaron en el Aula Magna del Campus de Guajara el proyecto de innovaci\u00f3n colaborativa Demola Canarias"}]},{"@type":"WebSite","@id":"https:\/\/www.ull.es\/portal\/noticias\/#website","url":"https:\/\/www.ull.es\/portal\/noticias\/","name":"ULL - Noticias","description":"","potentialAction":[{"@type":"SearchAction","target":{"@type":"EntryPoint","urlTemplate":"https:\/\/www.ull.es\/portal\/noticias\/?s={search_term_string}"},"query-input":"required name=search_term_string"}],"inLanguage":"es"},{"@type":"Person","@id":"https:\/\/www.ull.es\/portal\/noticias\/#\/schema\/person\/b2b1a89d43ffa609e591f7df8ef3e817","name":"gaprsa","image":{"@type":"ImageObject","inLanguage":"es","@id":"https:\/\/www.ull.es\/portal\/noticias\/#\/schema\/person\/image\/","url":"https:\/\/secure.gravatar.com\/avatar\/443820550921091458b4823867723b3d?s=96&d=mm&r=g","contentUrl":"https:\/\/secure.gravatar.com\/avatar\/443820550921091458b4823867723b3d?s=96&d=mm&r=g","caption":"gaprsa"},"url":"https:\/\/www.ull.es\/portal\/noticias\/author\/gaprsa\/"}]}},"primary_category":null,"featured_image_thumbnail_url":"https:\/\/www.ull.es\/portal\/noticias\/wp-content\/uploads\/sites\/13\/2015\/09\/Demola-01-300x205.jpg","_links":{"self":[{"href":"https:\/\/www.ull.es\/portal\/noticias\/wp-json\/wp\/v2\/posts\/24863"}],"collection":[{"href":"https:\/\/www.ull.es\/portal\/noticias\/wp-json\/wp\/v2\/posts"}],"about":[{"href":"https:\/\/www.ull.es\/portal\/noticias\/wp-json\/wp\/v2\/types\/post"}],"author":[{"embeddable":true,"href":"https:\/\/www.ull.es\/portal\/noticias\/wp-json\/wp\/v2\/users\/23"}],"replies":[{"embeddable":true,"href":"https:\/\/www.ull.es\/portal\/noticias\/wp-json\/wp\/v2\/comments?post=24863"}],"version-history":[{"count":0,"href":"https:\/\/www.ull.es\/portal\/noticias\/wp-json\/wp\/v2\/posts\/24863\/revisions"}],"wp:featuredmedia":[{"embeddable":true,"href":"https:\/\/www.ull.es\/portal\/noticias\/wp-json\/wp\/v2\/media\/24864"}],"wp:attachment":[{"href":"https:\/\/www.ull.es\/portal\/noticias\/wp-json\/wp\/v2\/media?parent=24863"}],"wp:term":[{"taxonomy":"category","embeddable":true,"href":"https:\/\/www.ull.es\/portal\/noticias\/wp-json\/wp\/v2\/categories?post=24863"},{"taxonomy":"post_tag","embeddable":true,"href":"https:\/\/www.ull.es\/portal\/noticias\/wp-json\/wp\/v2\/tags?post=24863"}],"curies":[{"name":"wp","href":"https:\/\/api.w.org\/{rel}","templated":true}]}}