{"id":25181,"date":"2015-10-09T13:14:17","date_gmt":"2015-10-09T13:14:17","guid":{"rendered":"http:\/\/ddigital.webs.ull.es\/?p=25181"},"modified":"2015-10-09T13:14:17","modified_gmt":"2015-10-09T13:14:17","slug":"gobierno-regional-y-comision-europea-celebran-en-canarias-el-encuentro-sobre-estrategias-para-el-desarrollo-de-la-economia-azul-en-las-regiones-europeas","status":"publish","type":"post","link":"https:\/\/www.ull.es\/portal\/noticias\/2015\/gobierno-regional-y-comision-europea-celebran-en-canarias-el-encuentro-sobre-estrategias-para-el-desarrollo-de-la-economia-azul-en-las-regiones-europeas\/","title":{"rendered":"Gobierno regional y Comisi\u00f3n Europea celebran en Canarias el encuentro sobre estrategias para el desarrollo de la econom\u00eda azul en las regiones europeas"},"content":{"rendered":"<p>El crecimiento azul reconoce la importancia de los oc\u00e9anos, mares y costas como motores de la econom\u00eda europea por su gran potencial para la innovaci\u00f3n y el crecimiento, en l\u00ednea con los objetivos de la Estrategia Europa 2020 para un crecimiento inteligente, sostenible e integrador.<\/p>\n<p>El director de la Agencia Canaria de Investigaci\u00f3n, Innovaci\u00f3n y Sociedad de la Informaci\u00f3n, Manuel Miranda, y el responsable de la Plataforma de Especializaci\u00f3n Inteligente (S3 Platform) de la Comisi\u00f3n Europea, Marcelino Cabrera, han inaugurado el pasado jueves, 8 de octubre, en Las Palmas de Gran Canaria, el encuentro \u2018Implementaci\u00f3n de las prioridades RIS3 en Crecimiento Azul\u2019, cuyo objetivo es poner en com\u00fan las estrategias y planes de acci\u00f3n de diferentes regiones europeas para el desarrollo de la econom\u00eda azul como motor de su econom\u00eda.<\/p>\n<p>En la sesi\u00f3n de apertura han participado tambi\u00e9n los rectores de la Universidad de La Laguna (ULL) y de la Universidad de Las Palmas de Gran Canaria, Antonio Martin\u00f3n y Jos\u00e9 Regidor, respectivamente, as\u00ed como el director de la Plataforma Oce\u00e1nica de Canarias, Octavio Llin\u00e1s, y el presidente del Cluster Mar\u00edtimo de Canarias, Vicente Marrero. A continuaci\u00f3n, intervinieron los delegados de Pol\u00edticas Regionales y del Centro Com\u00fan de Investigaci\u00f3n de la Comisi\u00f3n, Marek Przeor y John Edwards, respectivamente, para exponer las oportunidades y retos en la implementaci\u00f3n de la Estrategia de Especializaci\u00f3n Inteligente (RIS3) en cada regi\u00f3n, centrando las inversiones financiadas por la Uni\u00f3n Europea en aquellas actividades econ\u00f3micas que sean m\u00e1s prometedoras y en sus infraestructuras de apoyo.<\/p>\n<p>Conscientes de la posici\u00f3n ventajosa de Canarias por su situaci\u00f3n geogr\u00e1fica abierta al exterior y por su experiencia dentro de las actividades econ\u00f3micas que dependen del mar, la Comisi\u00f3n ha elegido al Archipi\u00e9lago como referente entre las regiones con litoral con mayor potencial para el desarrollo de la econom\u00eda azul, un sector que representa en la Uni\u00f3n Europea 5,4 millones de puestos de trabajo y un valor a\u00f1adido bruto de casi 500.000 millones de euros al a\u00f1o.<\/p>\n<p>El trabajo realizado en Canarias desde finales de 2012 para identificar las \u00e1reas de mayor fortaleza y oportunidades para la regi\u00f3n, la RIS3 de Canarias, dio como resultado la identificaci\u00f3n del sector marino-mar\u00edtimo como uno de los \u00e1mbitos estrat\u00e9gicos para las Islas, por ser intensivo en tecnolog\u00eda, por contar con un sector empresarial de base consolidado a ra\u00edz de la industria relacionada con la actividad portuaria y por la posici\u00f3n ventajosa del Archipi\u00e9lago en relaci\u00f3n a otras regiones, adem\u00e1s de contar con el impulso de las dos universidades p\u00fablicas y los centros tecnol\u00f3gicos canarios, de referencia internacional en el sector.<\/p>\n<p>Los \u00e1mbitos de la econom\u00eda azul que el Gobierno de Canarias ha identificado como claves para centrar sus esfuerzos, en sinton\u00eda con los objetivos de la Estrategia Europa 2020, incluyen, por un lado, actividades consolidadas y relevantes por su dimensi\u00f3n en empleo y en volumen de negocio como las reparaciones navales, el transporte mar\u00edtimo o la pesca y, por otro, el grupo econ\u00f3mico que re\u00fane un gran potencial de futuro como la biotecnolog\u00eda marina, las energ\u00edas renovables marinas, el turismo costero y la acuicultura.<\/p>\n<p>De forma complementaria a estos sectores consolidados y potenciales, Canarias goza de un entramado de excelencia en generaci\u00f3n de conocimiento y desarrollo de nuevas tecnolog\u00edas orientado a este sector, a trav\u00e9s de los grupos de investigaci\u00f3n de las dos universidades p\u00fablicas, ULL y ULPGC, de infraestructuras cient\u00edficas como PLOCAN, y de centros tecnol\u00f3gicos de referencia internacional como el Instituto Tecnol\u00f3gico de Canarias, S.A. (ITC) y Centro Tecnol\u00f3gico de Ciencias Marinas (CETECIMA).<\/p>\n<p>(Nota y foto cedidas por la Agencia Canaria de Investigaci\u00f3n, Innovaci\u00f3n y Sociedad de la Informaci\u00f3n del Gobierno de Canarias)<\/p>\n","protected":false},"excerpt":{"rendered":"<p>El crecimiento azul reconoce la importancia de los oc\u00e9anos, mares y costas como motores de la econom\u00eda europea por su&#8230;<\/p>\n","protected":false},"author":23,"featured_media":25182,"comment_status":"open","ping_status":"open","sticky":false,"template":"","format":"standard","meta":{"inline_featured_image":false,"footnotes":""},"categories":[345,350,1],"tags":[409,1081,1507,2280,2527,2538],"acf":[],"yoast_head":"<!-- This site is optimized with the Yoast SEO plugin v21.3 - https:\/\/yoast.com\/wordpress\/plugins\/seo\/ -->\n<title>Gobierno regional y Comisi\u00f3n Europea celebran en Canarias el encuentro sobre estrategias para el desarrollo de la econom\u00eda azul en las regiones europeas - ULL - Noticias<\/title>\n<meta name=\"robots\" content=\"index, follow, max-snippet:-1, max-image-preview:large, max-video-preview:-1\" \/>\n<link rel=\"canonical\" href=\"https:\/\/www.ull.es\/portal\/noticias\/2015\/gobierno-regional-y-comision-europea-celebran-en-canarias-el-encuentro-sobre-estrategias-para-el-desarrollo-de-la-economia-azul-en-las-regiones-europeas\/\" \/>\n<meta property=\"og:locale\" content=\"es_ES\" \/>\n<meta property=\"og:type\" content=\"article\" \/>\n<meta property=\"og:title\" content=\"Gobierno regional y Comisi\u00f3n Europea celebran en Canarias el encuentro sobre estrategias para el desarrollo de la econom\u00eda azul en las regiones europeas - ULL - Noticias\" \/>\n<meta property=\"og:description\" content=\"El crecimiento azul reconoce la importancia de los oc\u00e9anos, mares y costas como motores de la econom\u00eda europea por su...\" \/>\n<meta property=\"og:url\" content=\"https:\/\/www.ull.es\/portal\/noticias\/2015\/gobierno-regional-y-comision-europea-celebran-en-canarias-el-encuentro-sobre-estrategias-para-el-desarrollo-de-la-economia-azul-en-las-regiones-europeas\/\" \/>\n<meta property=\"og:site_name\" content=\"ULL - Noticias\" \/>\n<meta property=\"article:publisher\" content=\"https:\/\/www.facebook.com\/universidaddelalaguna\/\" \/>\n<meta property=\"article:published_time\" content=\"2015-10-09T13:14:17+00:00\" \/>\n<meta property=\"og:image\" content=\"https:\/\/www.ull.es\/portal\/noticias\/wp-content\/uploads\/sites\/13\/2015\/10\/acsiici.jpg\" \/>\n\t<meta property=\"og:image:width\" content=\"5312\" \/>\n\t<meta property=\"og:image:height\" content=\"2988\" \/>\n\t<meta property=\"og:image:type\" content=\"image\/jpeg\" \/>\n<meta name=\"author\" content=\"gaprsa\" \/>\n<meta name=\"twitter:card\" content=\"summary_large_image\" \/>\n<meta name=\"twitter:creator\" content=\"@CanalULL\" \/>\n<meta name=\"twitter:site\" content=\"@CanalULL\" \/>\n<meta name=\"twitter:label1\" content=\"Escrito por\" \/>\n\t<meta name=\"twitter:data1\" content=\"gaprsa\" \/>\n\t<meta name=\"twitter:label2\" content=\"Tiempo de lectura\" \/>\n\t<meta name=\"twitter:data2\" content=\"3 minutos\" \/>\n<script type=\"application\/ld+json\" class=\"yoast-schema-graph\">{\"@context\":\"https:\/\/schema.org\",\"@graph\":[{\"@type\":\"WebPage\",\"@id\":\"https:\/\/www.ull.es\/portal\/noticias\/2015\/gobierno-regional-y-comision-europea-celebran-en-canarias-el-encuentro-sobre-estrategias-para-el-desarrollo-de-la-economia-azul-en-las-regiones-europeas\/\",\"url\":\"https:\/\/www.ull.es\/portal\/noticias\/2015\/gobierno-regional-y-comision-europea-celebran-en-canarias-el-encuentro-sobre-estrategias-para-el-desarrollo-de-la-economia-azul-en-las-regiones-europeas\/\",\"name\":\"Gobierno regional y Comisi\u00f3n Europea celebran en Canarias el encuentro sobre estrategias para el desarrollo de la econom\u00eda azul en las regiones europeas - ULL - Noticias\",\"isPartOf\":{\"@id\":\"https:\/\/www.ull.es\/portal\/noticias\/#website\"},\"datePublished\":\"2015-10-09T13:14:17+00:00\",\"dateModified\":\"2015-10-09T13:14:17+00:00\",\"author\":{\"@id\":\"https:\/\/www.ull.es\/portal\/noticias\/#\/schema\/person\/b2b1a89d43ffa609e591f7df8ef3e817\"},\"breadcrumb\":{\"@id\":\"https:\/\/www.ull.es\/portal\/noticias\/2015\/gobierno-regional-y-comision-europea-celebran-en-canarias-el-encuentro-sobre-estrategias-para-el-desarrollo-de-la-economia-azul-en-las-regiones-europeas\/#breadcrumb\"},\"inLanguage\":\"es\",\"potentialAction\":[{\"@type\":\"ReadAction\",\"target\":[\"https:\/\/www.ull.es\/portal\/noticias\/2015\/gobierno-regional-y-comision-europea-celebran-en-canarias-el-encuentro-sobre-estrategias-para-el-desarrollo-de-la-economia-azul-en-las-regiones-europeas\/\"]}]},{\"@type\":\"BreadcrumbList\",\"@id\":\"https:\/\/www.ull.es\/portal\/noticias\/2015\/gobierno-regional-y-comision-europea-celebran-en-canarias-el-encuentro-sobre-estrategias-para-el-desarrollo-de-la-economia-azul-en-las-regiones-europeas\/#breadcrumb\",\"itemListElement\":[{\"@type\":\"ListItem\",\"position\":1,\"name\":\"Portada\",\"item\":\"https:\/\/www.ull.es\/portal\/noticias\/\"},{\"@type\":\"ListItem\",\"position\":2,\"name\":\"Gobierno regional y Comisi\u00f3n Europea celebran en Canarias el encuentro sobre estrategias para el desarrollo de la econom\u00eda azul en las regiones europeas\"}]},{\"@type\":\"WebSite\",\"@id\":\"https:\/\/www.ull.es\/portal\/noticias\/#website\",\"url\":\"https:\/\/www.ull.es\/portal\/noticias\/\",\"name\":\"ULL - Noticias\",\"description\":\"\",\"potentialAction\":[{\"@type\":\"SearchAction\",\"target\":{\"@type\":\"EntryPoint\",\"urlTemplate\":\"https:\/\/www.ull.es\/portal\/noticias\/?s={search_term_string}\"},\"query-input\":\"required name=search_term_string\"}],\"inLanguage\":\"es\"},{\"@type\":\"Person\",\"@id\":\"https:\/\/www.ull.es\/portal\/noticias\/#\/schema\/person\/b2b1a89d43ffa609e591f7df8ef3e817\",\"name\":\"gaprsa\",\"image\":{\"@type\":\"ImageObject\",\"inLanguage\":\"es\",\"@id\":\"https:\/\/www.ull.es\/portal\/noticias\/#\/schema\/person\/image\/\",\"url\":\"https:\/\/secure.gravatar.com\/avatar\/443820550921091458b4823867723b3d?s=96&d=mm&r=g\",\"contentUrl\":\"https:\/\/secure.gravatar.com\/avatar\/443820550921091458b4823867723b3d?s=96&d=mm&r=g\",\"caption\":\"gaprsa\"},\"url\":\"https:\/\/www.ull.es\/portal\/noticias\/author\/gaprsa\/\"}]}<\/script>\n<!-- \/ Yoast SEO plugin. -->","yoast_head_json":{"title":"Gobierno regional y Comisi\u00f3n Europea celebran en Canarias el encuentro sobre estrategias para el desarrollo de la econom\u00eda azul en las regiones europeas - ULL - Noticias","robots":{"index":"index","follow":"follow","max-snippet":"max-snippet:-1","max-image-preview":"max-image-preview:large","max-video-preview":"max-video-preview:-1"},"canonical":"https:\/\/www.ull.es\/portal\/noticias\/2015\/gobierno-regional-y-comision-europea-celebran-en-canarias-el-encuentro-sobre-estrategias-para-el-desarrollo-de-la-economia-azul-en-las-regiones-europeas\/","og_locale":"es_ES","og_type":"article","og_title":"Gobierno regional y Comisi\u00f3n Europea celebran en Canarias el encuentro sobre estrategias para el desarrollo de la econom\u00eda azul en las regiones europeas - ULL - Noticias","og_description":"El crecimiento azul reconoce la importancia de los oc\u00e9anos, mares y costas como motores de la econom\u00eda europea por su...","og_url":"https:\/\/www.ull.es\/portal\/noticias\/2015\/gobierno-regional-y-comision-europea-celebran-en-canarias-el-encuentro-sobre-estrategias-para-el-desarrollo-de-la-economia-azul-en-las-regiones-europeas\/","og_site_name":"ULL - Noticias","article_publisher":"https:\/\/www.facebook.com\/universidaddelalaguna\/","article_published_time":"2015-10-09T13:14:17+00:00","og_image":[{"width":5312,"height":2988,"url":"https:\/\/www.ull.es\/portal\/noticias\/wp-content\/uploads\/sites\/13\/2015\/10\/acsiici.jpg","type":"image\/jpeg"}],"author":"gaprsa","twitter_card":"summary_large_image","twitter_creator":"@CanalULL","twitter_site":"@CanalULL","twitter_misc":{"Escrito por":"gaprsa","Tiempo de lectura":"3 minutos"},"schema":{"@context":"https:\/\/schema.org","@graph":[{"@type":"WebPage","@id":"https:\/\/www.ull.es\/portal\/noticias\/2015\/gobierno-regional-y-comision-europea-celebran-en-canarias-el-encuentro-sobre-estrategias-para-el-desarrollo-de-la-economia-azul-en-las-regiones-europeas\/","url":"https:\/\/www.ull.es\/portal\/noticias\/2015\/gobierno-regional-y-comision-europea-celebran-en-canarias-el-encuentro-sobre-estrategias-para-el-desarrollo-de-la-economia-azul-en-las-regiones-europeas\/","name":"Gobierno regional y Comisi\u00f3n Europea celebran en Canarias el encuentro sobre estrategias para el desarrollo de la econom\u00eda azul en las regiones europeas - ULL - Noticias","isPartOf":{"@id":"https:\/\/www.ull.es\/portal\/noticias\/#website"},"datePublished":"2015-10-09T13:14:17+00:00","dateModified":"2015-10-09T13:14:17+00:00","author":{"@id":"https:\/\/www.ull.es\/portal\/noticias\/#\/schema\/person\/b2b1a89d43ffa609e591f7df8ef3e817"},"breadcrumb":{"@id":"https:\/\/www.ull.es\/portal\/noticias\/2015\/gobierno-regional-y-comision-europea-celebran-en-canarias-el-encuentro-sobre-estrategias-para-el-desarrollo-de-la-economia-azul-en-las-regiones-europeas\/#breadcrumb"},"inLanguage":"es","potentialAction":[{"@type":"ReadAction","target":["https:\/\/www.ull.es\/portal\/noticias\/2015\/gobierno-regional-y-comision-europea-celebran-en-canarias-el-encuentro-sobre-estrategias-para-el-desarrollo-de-la-economia-azul-en-las-regiones-europeas\/"]}]},{"@type":"BreadcrumbList","@id":"https:\/\/www.ull.es\/portal\/noticias\/2015\/gobierno-regional-y-comision-europea-celebran-en-canarias-el-encuentro-sobre-estrategias-para-el-desarrollo-de-la-economia-azul-en-las-regiones-europeas\/#breadcrumb","itemListElement":[{"@type":"ListItem","position":1,"name":"Portada","item":"https:\/\/www.ull.es\/portal\/noticias\/"},{"@type":"ListItem","position":2,"name":"Gobierno regional y Comisi\u00f3n Europea celebran en Canarias el encuentro sobre estrategias para el desarrollo de la econom\u00eda azul en las regiones europeas"}]},{"@type":"WebSite","@id":"https:\/\/www.ull.es\/portal\/noticias\/#website","url":"https:\/\/www.ull.es\/portal\/noticias\/","name":"ULL - Noticias","description":"","potentialAction":[{"@type":"SearchAction","target":{"@type":"EntryPoint","urlTemplate":"https:\/\/www.ull.es\/portal\/noticias\/?s={search_term_string}"},"query-input":"required name=search_term_string"}],"inLanguage":"es"},{"@type":"Person","@id":"https:\/\/www.ull.es\/portal\/noticias\/#\/schema\/person\/b2b1a89d43ffa609e591f7df8ef3e817","name":"gaprsa","image":{"@type":"ImageObject","inLanguage":"es","@id":"https:\/\/www.ull.es\/portal\/noticias\/#\/schema\/person\/image\/","url":"https:\/\/secure.gravatar.com\/avatar\/443820550921091458b4823867723b3d?s=96&d=mm&r=g","contentUrl":"https:\/\/secure.gravatar.com\/avatar\/443820550921091458b4823867723b3d?s=96&d=mm&r=g","caption":"gaprsa"},"url":"https:\/\/www.ull.es\/portal\/noticias\/author\/gaprsa\/"}]}},"primary_category":null,"featured_image_thumbnail_url":"https:\/\/www.ull.es\/portal\/noticias\/wp-content\/uploads\/sites\/13\/2015\/10\/acsiici-300x169.jpg","_links":{"self":[{"href":"https:\/\/www.ull.es\/portal\/noticias\/wp-json\/wp\/v2\/posts\/25181"}],"collection":[{"href":"https:\/\/www.ull.es\/portal\/noticias\/wp-json\/wp\/v2\/posts"}],"about":[{"href":"https:\/\/www.ull.es\/portal\/noticias\/wp-json\/wp\/v2\/types\/post"}],"author":[{"embeddable":true,"href":"https:\/\/www.ull.es\/portal\/noticias\/wp-json\/wp\/v2\/users\/23"}],"replies":[{"embeddable":true,"href":"https:\/\/www.ull.es\/portal\/noticias\/wp-json\/wp\/v2\/comments?post=25181"}],"version-history":[{"count":0,"href":"https:\/\/www.ull.es\/portal\/noticias\/wp-json\/wp\/v2\/posts\/25181\/revisions"}],"wp:featuredmedia":[{"embeddable":true,"href":"https:\/\/www.ull.es\/portal\/noticias\/wp-json\/wp\/v2\/media\/25182"}],"wp:attachment":[{"href":"https:\/\/www.ull.es\/portal\/noticias\/wp-json\/wp\/v2\/media?parent=25181"}],"wp:term":[{"taxonomy":"category","embeddable":true,"href":"https:\/\/www.ull.es\/portal\/noticias\/wp-json\/wp\/v2\/categories?post=25181"},{"taxonomy":"post_tag","embeddable":true,"href":"https:\/\/www.ull.es\/portal\/noticias\/wp-json\/wp\/v2\/tags?post=25181"}],"curies":[{"name":"wp","href":"https:\/\/api.w.org\/{rel}","templated":true}]}}