{"id":25208,"date":"2015-10-14T14:11:45","date_gmt":"2015-10-14T14:11:45","guid":{"rendered":"http:\/\/ddigital.webs.ull.es\/?p=25208"},"modified":"2015-10-14T14:11:45","modified_gmt":"2015-10-14T14:11:45","slug":"nicolas-marichal-nuevo-director-de-la-escuela-politecnica-superior-de-ingenieria","status":"publish","type":"post","link":"https:\/\/www.ull.es\/portal\/noticias\/2015\/nicolas-marichal-nuevo-director-de-la-escuela-politecnica-superior-de-ingenieria\/","title":{"rendered":"Nicol\u00e1s Marichal, nuevo director de la Escuela Polit\u00e9cnica Superior de Ingenier\u00eda"},"content":{"rendered":"<p>La Escuela Polit\u00e9cnica Superior de Ingenier\u00eda de la Universidad de La Laguna cuenta desde hoy, mi\u00e9rcoles 14 de octubre, con un nuevo equipo directivo liderado por Nicol\u00e1s Marichal Plasencia como director. Le acompa\u00f1an Isidoro J. Rodr\u00edguez Hern\u00e1ndez como secretario y nueve subdirectores, entre los que se encuentran Mar\u00eda Hern\u00e1ndez Molina (subdirectora de Calidad, Innovaci\u00f3n Docente y Nuevas Ense\u00f1anzas); Ana Mar\u00eda J. De Le\u00f3n Hern\u00e1ndez (Ense\u00f1anzas de Posgrado), Jalel Mahouachi Mahouachi (Promoci\u00f3n Exterior e Investigaci\u00f3n), Juan Jos\u00e9 Saavedra Gallo (Infraestructuras) y Emilio R. Negr\u00edn Rodr\u00edguez (Coordinaci\u00f3n).<\/p>\n<p>Asimismo, tambi\u00e9n fueron nombrados subdirectores de secciones Mar\u00eda de los \u00c1ngeles Camacho P\u00e9rez (Ingenier\u00eda Agraria); Basilio G\u00f3mez Pescoso (Arquitectura T\u00e9cnica); Antonio Burgos Ojeda (N\u00e1utica, M\u00e1quinas y Radioelectr\u00f3nica Naval) y Dionisio P\u00e9rez Brito (Ingenier\u00eda Civil).<\/p>\n<p>El nuevo director, Nicol\u00e1s Marichal, quiso agradecer a su equipo la labor que ha desempe\u00f1ado hasta el d\u00eda de hoy pues \u201cha estado trabajando en todos los procesos que han surgido en la escuela sin reparar en que a\u00fan no estuvieran nombrados oficialmente\u201d.<\/p>\n<p>Por su parte, el rector de la ULL, Antonio Martin\u00f3n, les dio las gracias por aceptar los cargos y por formar un equipo de personas con procedencias tan dispares. Se\u00f1al\u00f3 que la autonom\u00eda universitaria es un principio constitucional y aunque haya personas que no lo vean como un privilegio, \u00e9l s\u00ed lo considera como una exigencia.<\/p>\n<p>Tambi\u00e9n indic\u00f3 que \u201clo c\u00f3modo es quedarse con la docencia y no asumir la direcci\u00f3n de un centro\u201d. Por \u00faltimo, el rector indic\u00f3 que cuando acabe todo el proceso de fusi\u00f3n de los centros se renovar\u00e1 la composici\u00f3n de los decanos y directores en el Consejo de Gobierno.<\/p>\n","protected":false},"excerpt":{"rendered":"<p>La Escuela Polit\u00e9cnica Superior de Ingenier\u00eda de la Universidad de La Laguna cuenta desde hoy, mi\u00e9rcoles 14 de octubre, con&#8230;<\/p>\n","protected":false},"author":23,"featured_media":25209,"comment_status":"open","ping_status":"open","sticky":false,"template":"","format":"standard","meta":{"inline_featured_image":false,"footnotes":""},"categories":[345,348,1],"tags":[517,1165,1974,2527,2560],"acf":[],"yoast_head":"<!-- This site is optimized with the Yoast SEO plugin v21.3 - https:\/\/yoast.com\/wordpress\/plugins\/seo\/ -->\n<title>Nicol\u00e1s Marichal, nuevo director de la Escuela Polit\u00e9cnica Superior de Ingenier\u00eda - ULL - Noticias<\/title>\n<meta name=\"robots\" content=\"index, follow, max-snippet:-1, max-image-preview:large, max-video-preview:-1\" \/>\n<link rel=\"canonical\" href=\"https:\/\/www.ull.es\/portal\/noticias\/2015\/nicolas-marichal-nuevo-director-de-la-escuela-politecnica-superior-de-ingenieria\/\" \/>\n<meta property=\"og:locale\" content=\"es_ES\" \/>\n<meta property=\"og:type\" content=\"article\" \/>\n<meta property=\"og:title\" content=\"Nicol\u00e1s Marichal, nuevo director de la Escuela Polit\u00e9cnica Superior de Ingenier\u00eda - ULL - Noticias\" \/>\n<meta property=\"og:description\" content=\"La Escuela Polit\u00e9cnica Superior de Ingenier\u00eda de la Universidad de La Laguna cuenta desde hoy, mi\u00e9rcoles 14 de octubre, con...\" \/>\n<meta property=\"og:url\" content=\"https:\/\/www.ull.es\/portal\/noticias\/2015\/nicolas-marichal-nuevo-director-de-la-escuela-politecnica-superior-de-ingenieria\/\" \/>\n<meta property=\"og:site_name\" content=\"ULL - Noticias\" \/>\n<meta property=\"article:publisher\" content=\"https:\/\/www.facebook.com\/universidaddelalaguna\/\" \/>\n<meta property=\"article:published_time\" content=\"2015-10-14T14:11:45+00:00\" \/>\n<meta property=\"og:image\" content=\"https:\/\/www.ull.es\/portal\/noticias\/wp-content\/uploads\/sites\/13\/2015\/10\/T-poses-ingenieria-48.jpg\" \/>\n\t<meta property=\"og:image:width\" content=\"1034\" \/>\n\t<meta property=\"og:image:height\" content=\"708\" \/>\n\t<meta property=\"og:image:type\" content=\"image\/jpeg\" \/>\n<meta name=\"author\" content=\"gaprsa\" \/>\n<meta name=\"twitter:card\" content=\"summary_large_image\" \/>\n<meta name=\"twitter:creator\" content=\"@CanalULL\" \/>\n<meta name=\"twitter:site\" content=\"@CanalULL\" \/>\n<meta name=\"twitter:label1\" content=\"Escrito por\" \/>\n\t<meta name=\"twitter:data1\" content=\"gaprsa\" \/>\n\t<meta name=\"twitter:label2\" content=\"Tiempo de lectura\" \/>\n\t<meta name=\"twitter:data2\" content=\"2 minutos\" \/>\n<script type=\"application\/ld+json\" class=\"yoast-schema-graph\">{\"@context\":\"https:\/\/schema.org\",\"@graph\":[{\"@type\":\"WebPage\",\"@id\":\"https:\/\/www.ull.es\/portal\/noticias\/2015\/nicolas-marichal-nuevo-director-de-la-escuela-politecnica-superior-de-ingenieria\/\",\"url\":\"https:\/\/www.ull.es\/portal\/noticias\/2015\/nicolas-marichal-nuevo-director-de-la-escuela-politecnica-superior-de-ingenieria\/\",\"name\":\"Nicol\u00e1s Marichal, nuevo director de la Escuela Polit\u00e9cnica Superior de Ingenier\u00eda - ULL - Noticias\",\"isPartOf\":{\"@id\":\"https:\/\/www.ull.es\/portal\/noticias\/#website\"},\"datePublished\":\"2015-10-14T14:11:45+00:00\",\"dateModified\":\"2015-10-14T14:11:45+00:00\",\"author\":{\"@id\":\"https:\/\/www.ull.es\/portal\/noticias\/#\/schema\/person\/b2b1a89d43ffa609e591f7df8ef3e817\"},\"breadcrumb\":{\"@id\":\"https:\/\/www.ull.es\/portal\/noticias\/2015\/nicolas-marichal-nuevo-director-de-la-escuela-politecnica-superior-de-ingenieria\/#breadcrumb\"},\"inLanguage\":\"es\",\"potentialAction\":[{\"@type\":\"ReadAction\",\"target\":[\"https:\/\/www.ull.es\/portal\/noticias\/2015\/nicolas-marichal-nuevo-director-de-la-escuela-politecnica-superior-de-ingenieria\/\"]}]},{\"@type\":\"BreadcrumbList\",\"@id\":\"https:\/\/www.ull.es\/portal\/noticias\/2015\/nicolas-marichal-nuevo-director-de-la-escuela-politecnica-superior-de-ingenieria\/#breadcrumb\",\"itemListElement\":[{\"@type\":\"ListItem\",\"position\":1,\"name\":\"Portada\",\"item\":\"https:\/\/www.ull.es\/portal\/noticias\/\"},{\"@type\":\"ListItem\",\"position\":2,\"name\":\"Nicol\u00e1s Marichal, nuevo director de la Escuela Polit\u00e9cnica Superior de Ingenier\u00eda\"}]},{\"@type\":\"WebSite\",\"@id\":\"https:\/\/www.ull.es\/portal\/noticias\/#website\",\"url\":\"https:\/\/www.ull.es\/portal\/noticias\/\",\"name\":\"ULL - Noticias\",\"description\":\"\",\"potentialAction\":[{\"@type\":\"SearchAction\",\"target\":{\"@type\":\"EntryPoint\",\"urlTemplate\":\"https:\/\/www.ull.es\/portal\/noticias\/?s={search_term_string}\"},\"query-input\":\"required name=search_term_string\"}],\"inLanguage\":\"es\"},{\"@type\":\"Person\",\"@id\":\"https:\/\/www.ull.es\/portal\/noticias\/#\/schema\/person\/b2b1a89d43ffa609e591f7df8ef3e817\",\"name\":\"gaprsa\",\"image\":{\"@type\":\"ImageObject\",\"inLanguage\":\"es\",\"@id\":\"https:\/\/www.ull.es\/portal\/noticias\/#\/schema\/person\/image\/\",\"url\":\"https:\/\/secure.gravatar.com\/avatar\/443820550921091458b4823867723b3d?s=96&d=mm&r=g\",\"contentUrl\":\"https:\/\/secure.gravatar.com\/avatar\/443820550921091458b4823867723b3d?s=96&d=mm&r=g\",\"caption\":\"gaprsa\"},\"url\":\"https:\/\/www.ull.es\/portal\/noticias\/author\/gaprsa\/\"}]}<\/script>\n<!-- \/ Yoast SEO plugin. -->","yoast_head_json":{"title":"Nicol\u00e1s Marichal, nuevo director de la Escuela Polit\u00e9cnica Superior de Ingenier\u00eda - ULL - Noticias","robots":{"index":"index","follow":"follow","max-snippet":"max-snippet:-1","max-image-preview":"max-image-preview:large","max-video-preview":"max-video-preview:-1"},"canonical":"https:\/\/www.ull.es\/portal\/noticias\/2015\/nicolas-marichal-nuevo-director-de-la-escuela-politecnica-superior-de-ingenieria\/","og_locale":"es_ES","og_type":"article","og_title":"Nicol\u00e1s Marichal, nuevo director de la Escuela Polit\u00e9cnica Superior de Ingenier\u00eda - ULL - Noticias","og_description":"La Escuela Polit\u00e9cnica Superior de Ingenier\u00eda de la Universidad de La Laguna cuenta desde hoy, mi\u00e9rcoles 14 de octubre, con...","og_url":"https:\/\/www.ull.es\/portal\/noticias\/2015\/nicolas-marichal-nuevo-director-de-la-escuela-politecnica-superior-de-ingenieria\/","og_site_name":"ULL - Noticias","article_publisher":"https:\/\/www.facebook.com\/universidaddelalaguna\/","article_published_time":"2015-10-14T14:11:45+00:00","og_image":[{"width":1034,"height":708,"url":"https:\/\/www.ull.es\/portal\/noticias\/wp-content\/uploads\/sites\/13\/2015\/10\/T-poses-ingenieria-48.jpg","type":"image\/jpeg"}],"author":"gaprsa","twitter_card":"summary_large_image","twitter_creator":"@CanalULL","twitter_site":"@CanalULL","twitter_misc":{"Escrito por":"gaprsa","Tiempo de lectura":"2 minutos"},"schema":{"@context":"https:\/\/schema.org","@graph":[{"@type":"WebPage","@id":"https:\/\/www.ull.es\/portal\/noticias\/2015\/nicolas-marichal-nuevo-director-de-la-escuela-politecnica-superior-de-ingenieria\/","url":"https:\/\/www.ull.es\/portal\/noticias\/2015\/nicolas-marichal-nuevo-director-de-la-escuela-politecnica-superior-de-ingenieria\/","name":"Nicol\u00e1s Marichal, nuevo director de la Escuela Polit\u00e9cnica Superior de Ingenier\u00eda - ULL - Noticias","isPartOf":{"@id":"https:\/\/www.ull.es\/portal\/noticias\/#website"},"datePublished":"2015-10-14T14:11:45+00:00","dateModified":"2015-10-14T14:11:45+00:00","author":{"@id":"https:\/\/www.ull.es\/portal\/noticias\/#\/schema\/person\/b2b1a89d43ffa609e591f7df8ef3e817"},"breadcrumb":{"@id":"https:\/\/www.ull.es\/portal\/noticias\/2015\/nicolas-marichal-nuevo-director-de-la-escuela-politecnica-superior-de-ingenieria\/#breadcrumb"},"inLanguage":"es","potentialAction":[{"@type":"ReadAction","target":["https:\/\/www.ull.es\/portal\/noticias\/2015\/nicolas-marichal-nuevo-director-de-la-escuela-politecnica-superior-de-ingenieria\/"]}]},{"@type":"BreadcrumbList","@id":"https:\/\/www.ull.es\/portal\/noticias\/2015\/nicolas-marichal-nuevo-director-de-la-escuela-politecnica-superior-de-ingenieria\/#breadcrumb","itemListElement":[{"@type":"ListItem","position":1,"name":"Portada","item":"https:\/\/www.ull.es\/portal\/noticias\/"},{"@type":"ListItem","position":2,"name":"Nicol\u00e1s Marichal, nuevo director de la Escuela Polit\u00e9cnica Superior de Ingenier\u00eda"}]},{"@type":"WebSite","@id":"https:\/\/www.ull.es\/portal\/noticias\/#website","url":"https:\/\/www.ull.es\/portal\/noticias\/","name":"ULL - Noticias","description":"","potentialAction":[{"@type":"SearchAction","target":{"@type":"EntryPoint","urlTemplate":"https:\/\/www.ull.es\/portal\/noticias\/?s={search_term_string}"},"query-input":"required name=search_term_string"}],"inLanguage":"es"},{"@type":"Person","@id":"https:\/\/www.ull.es\/portal\/noticias\/#\/schema\/person\/b2b1a89d43ffa609e591f7df8ef3e817","name":"gaprsa","image":{"@type":"ImageObject","inLanguage":"es","@id":"https:\/\/www.ull.es\/portal\/noticias\/#\/schema\/person\/image\/","url":"https:\/\/secure.gravatar.com\/avatar\/443820550921091458b4823867723b3d?s=96&d=mm&r=g","contentUrl":"https:\/\/secure.gravatar.com\/avatar\/443820550921091458b4823867723b3d?s=96&d=mm&r=g","caption":"gaprsa"},"url":"https:\/\/www.ull.es\/portal\/noticias\/author\/gaprsa\/"}]}},"primary_category":null,"featured_image_thumbnail_url":"https:\/\/www.ull.es\/portal\/noticias\/wp-content\/uploads\/sites\/13\/2015\/10\/T-poses-ingenieria-48-300x205.jpg","_links":{"self":[{"href":"https:\/\/www.ull.es\/portal\/noticias\/wp-json\/wp\/v2\/posts\/25208"}],"collection":[{"href":"https:\/\/www.ull.es\/portal\/noticias\/wp-json\/wp\/v2\/posts"}],"about":[{"href":"https:\/\/www.ull.es\/portal\/noticias\/wp-json\/wp\/v2\/types\/post"}],"author":[{"embeddable":true,"href":"https:\/\/www.ull.es\/portal\/noticias\/wp-json\/wp\/v2\/users\/23"}],"replies":[{"embeddable":true,"href":"https:\/\/www.ull.es\/portal\/noticias\/wp-json\/wp\/v2\/comments?post=25208"}],"version-history":[{"count":0,"href":"https:\/\/www.ull.es\/portal\/noticias\/wp-json\/wp\/v2\/posts\/25208\/revisions"}],"wp:featuredmedia":[{"embeddable":true,"href":"https:\/\/www.ull.es\/portal\/noticias\/wp-json\/wp\/v2\/media\/25209"}],"wp:attachment":[{"href":"https:\/\/www.ull.es\/portal\/noticias\/wp-json\/wp\/v2\/media?parent=25208"}],"wp:term":[{"taxonomy":"category","embeddable":true,"href":"https:\/\/www.ull.es\/portal\/noticias\/wp-json\/wp\/v2\/categories?post=25208"},{"taxonomy":"post_tag","embeddable":true,"href":"https:\/\/www.ull.es\/portal\/noticias\/wp-json\/wp\/v2\/tags?post=25208"}],"curies":[{"name":"wp","href":"https:\/\/api.w.org\/{rel}","templated":true}]}}