{"id":25351,"date":"2015-10-27T13:58:29","date_gmt":"2015-10-27T13:58:29","guid":{"rendered":"http:\/\/ddigital.webs.ull.es\/?p=25351"},"modified":"2015-10-27T13:58:29","modified_gmt":"2015-10-27T13:58:29","slug":"unas-jornadas-co-organizadas-por-la-ull-analizan-bim-una-tecnologia-que-mejora-el-proceso-de-construccion","status":"publish","type":"post","link":"https:\/\/www.ull.es\/portal\/noticias\/2015\/unas-jornadas-co-organizadas-por-la-ull-analizan-bim-una-tecnologia-que-mejora-el-proceso-de-construccion\/","title":{"rendered":"Unas jornadas co-organizadas por la ULL analizan BIM, una tecnolog\u00eda que mejora el proceso de construcci\u00f3n"},"content":{"rendered":"<p>La Primera Jornada Profesional BIM Canarias 2015 es un evento para divulgar la tecnolog\u00eda de Modelos de Informaci\u00f3n en la Construcci\u00f3n (Building Information Modeling, BIM). Se celebrar\u00e1 ma\u00f1ana, mi\u00e9rcoles 28 de octubre en la sede tinerfe\u00f1a del Colegio Oficial de Arquitectos de Canarias y el d\u00eda 29 en la Escuela de Arquitectura de la Universidad de Las Palmas de Gran Canaria. El gran inter\u00e9s que ha suscitado queda ejemplificado en los 170 preinscritos en la sesi\u00f3n de Tenerife y los 160 de Gran Canaria. Toda la informaci\u00f3n (programa e inscripci\u00f3n) se encuentra en la web <a href=\"http:\/\/bimlab.ull.es\/?p=118\" target=\"_blank\" target=\"_blank\" rel=\"noopener\">http:\/\/bimlab.ull.es\/?p=118<\/a>.<\/p>\n<p>La tecnolog\u00eda BIM es un claro ejemplo de b\u00fasqueda de una aplicaci\u00f3n innovadora de tecnolog\u00edas de la informaci\u00f3n y las comunicaciones en la industria de la arquitectura, ingenier\u00eda, construcci\u00f3n y mantenimiento. Trata de aportar un sistema novedoso para homogeneizar y estandarizar el intercambio de informaci\u00f3n.<\/p>\n<p>Esta I Jornada Profesional BIM Canarias 2015 pretende abordar una visi\u00f3n nacional y europea del BIM, identificando y mostrando la actualidad de la situaci\u00f3n con proyectos y casos de estudio reales y de las posibilidades futuras, con especial \u00e9nfasis en el reciente Plan de Implantaci\u00f3n puesto en marcha por el Ministerio de Fomento, el cual ha creado recientemente el portal <a href=\"http:\/\/www.esbim.es\/\" target=\"_blank\" target=\"_blank\" rel=\"noopener\">\u201cesBIM\u201d<\/a>, donde se puede encontrar la actualidad de los trabajos que se est\u00e1n llevando a cabo mediante esta tecnolog\u00eda: misi\u00f3n, hoja de ruta, comisi\u00f3n y grupos de trabajo, dec\u00e1logo y novedades.<\/p>\n<p><strong>Mejoras introducidas por BIM<\/strong><\/p>\n<p>La principal barrera a la que se enfrentan arquitectos, aparejadores, calculistas, ingenieros y dem\u00e1s agentes de la construcci\u00f3n es la interpretaci\u00f3n de los datos para la ejecuci\u00f3n de una obra. De este modo, con la aplicaci\u00f3n de estas buenas pr\u00e1cticas se aumenta la eficiencia del trabajo puesto que se minimizan los errores de interpretaci\u00f3n o la reintroducci\u00f3n de datos, reduci\u00e9ndose as\u00ed los costes temporales y econ\u00f3micos\u201d.<\/p>\n<p>Seg\u00fan estudios profesionales, BIM podr\u00eda ser la herramienta tecnol\u00f3gica de transformaci\u00f3n del proceso constructivo, que\u00a0 permitir\u00e1 ahorros de hasta un 20% en los costes de producci\u00f3n y de hasta un 33% en los de mantenimiento de edificios. Los expertos creen que la utilizaci\u00f3n de estas herramientas y de los procesos colaborativos permitir\u00e1 reducir en un 40% los errores y aumentar la calidad general de los proyectos en m\u00e1s de un 50%. BIM fomenta el uso de modelos digitales, con documentos compartidos por todos los agentes que participan en el proceso constructivo, lo que favorece la mejora continua.<\/p>\n<p>La I Jornada Profesional BIM Canarias 2015 est\u00e1 organizada por la Universidad de La Laguna a trav\u00e9s del BIMLab ULL. del Departamento de T\u00e9cnicas y Proyectos en Ingenier\u00eda y Arquitectura; la empresa IMC (Gesti\u00f3n Integral de la edificaci\u00f3n. BG.); el Colegio Oficial de Arquitectos de Canarias (demarcaci\u00f3n de Tenerife, La Gomera y El Hierro) y la Escuela de Arquitectura de la Universidad de Las Palmas de Gran Canaria.<\/p>\n<p>Colabora el Cabildo de Tenerife; el Vicerrectorado de Relaciones con la Sociedad de la ULL; la Fundaci\u00f3n CajaCanarias; y las empresas AllPlan, Placo Saint-Gobain y Espino Ingenieros. Tambi\u00e9n dan su apoyo la Asociaci\u00f3n BuildingSMART Spanish Chapter; La Asociaci\u00f3n Canaria de Ingenieros de Telecomunicaci\u00f3n; el Cluster de la Ingenier\u00eda de Canarias y el Colegio de Ingenieros T\u00e9cnicos de Obras P\u00fablicas e Ingenieros Civiles.<\/p>\n","protected":false},"excerpt":{"rendered":"<p>La Primera Jornada Profesional BIM Canarias 2015 es un evento para divulgar la tecnolog\u00eda de Modelos de Informaci\u00f3n en la&#8230;<\/p>\n","protected":false},"author":23,"featured_media":25353,"comment_status":"open","ping_status":"open","sticky":false,"template":"","format":"standard","meta":{"inline_featured_image":false,"footnotes":""},"categories":[345,350,1],"tags":[645,647,2527,2560],"acf":[],"yoast_head":"<!-- This site is optimized with the Yoast SEO plugin v21.3 - https:\/\/yoast.com\/wordpress\/plugins\/seo\/ -->\n<title>Unas jornadas co-organizadas por la ULL analizan BIM, una tecnolog\u00eda que mejora el proceso de construcci\u00f3n - ULL - Noticias<\/title>\n<meta name=\"robots\" content=\"index, follow, max-snippet:-1, max-image-preview:large, max-video-preview:-1\" \/>\n<link rel=\"canonical\" href=\"https:\/\/www.ull.es\/portal\/noticias\/2015\/unas-jornadas-co-organizadas-por-la-ull-analizan-bim-una-tecnologia-que-mejora-el-proceso-de-construccion\/\" \/>\n<meta property=\"og:locale\" content=\"es_ES\" \/>\n<meta property=\"og:type\" content=\"article\" \/>\n<meta property=\"og:title\" content=\"Unas jornadas co-organizadas por la ULL analizan BIM, una tecnolog\u00eda que mejora el proceso de construcci\u00f3n - ULL - Noticias\" \/>\n<meta property=\"og:description\" content=\"La Primera Jornada Profesional BIM Canarias 2015 es un evento para divulgar la tecnolog\u00eda de Modelos de Informaci\u00f3n en la...\" \/>\n<meta property=\"og:url\" content=\"https:\/\/www.ull.es\/portal\/noticias\/2015\/unas-jornadas-co-organizadas-por-la-ull-analizan-bim-una-tecnologia-que-mejora-el-proceso-de-construccion\/\" \/>\n<meta property=\"og:site_name\" content=\"ULL - Noticias\" \/>\n<meta property=\"article:publisher\" content=\"https:\/\/www.facebook.com\/universidaddelalaguna\/\" \/>\n<meta property=\"article:published_time\" content=\"2015-10-27T13:58:29+00:00\" \/>\n<meta property=\"og:image\" content=\"https:\/\/www.ull.es\/portal\/noticias\/wp-content\/uploads\/sites\/13\/2015\/10\/jornada_bim.jpg\" \/>\n\t<meta property=\"og:image:width\" content=\"3307\" \/>\n\t<meta property=\"og:image:height\" content=\"4646\" \/>\n\t<meta property=\"og:image:type\" content=\"image\/jpeg\" \/>\n<meta name=\"author\" content=\"gaprsa\" \/>\n<meta name=\"twitter:card\" content=\"summary_large_image\" \/>\n<meta name=\"twitter:creator\" content=\"@CanalULL\" \/>\n<meta name=\"twitter:site\" content=\"@CanalULL\" \/>\n<meta name=\"twitter:label1\" content=\"Escrito por\" \/>\n\t<meta name=\"twitter:data1\" content=\"gaprsa\" \/>\n\t<meta name=\"twitter:label2\" content=\"Tiempo de lectura\" \/>\n\t<meta name=\"twitter:data2\" content=\"3 minutos\" \/>\n<script type=\"application\/ld+json\" class=\"yoast-schema-graph\">{\"@context\":\"https:\/\/schema.org\",\"@graph\":[{\"@type\":\"WebPage\",\"@id\":\"https:\/\/www.ull.es\/portal\/noticias\/2015\/unas-jornadas-co-organizadas-por-la-ull-analizan-bim-una-tecnologia-que-mejora-el-proceso-de-construccion\/\",\"url\":\"https:\/\/www.ull.es\/portal\/noticias\/2015\/unas-jornadas-co-organizadas-por-la-ull-analizan-bim-una-tecnologia-que-mejora-el-proceso-de-construccion\/\",\"name\":\"Unas jornadas co-organizadas por la ULL analizan BIM, una tecnolog\u00eda que mejora el proceso de construcci\u00f3n - ULL - Noticias\",\"isPartOf\":{\"@id\":\"https:\/\/www.ull.es\/portal\/noticias\/#website\"},\"datePublished\":\"2015-10-27T13:58:29+00:00\",\"dateModified\":\"2015-10-27T13:58:29+00:00\",\"author\":{\"@id\":\"https:\/\/www.ull.es\/portal\/noticias\/#\/schema\/person\/b2b1a89d43ffa609e591f7df8ef3e817\"},\"breadcrumb\":{\"@id\":\"https:\/\/www.ull.es\/portal\/noticias\/2015\/unas-jornadas-co-organizadas-por-la-ull-analizan-bim-una-tecnologia-que-mejora-el-proceso-de-construccion\/#breadcrumb\"},\"inLanguage\":\"es\",\"potentialAction\":[{\"@type\":\"ReadAction\",\"target\":[\"https:\/\/www.ull.es\/portal\/noticias\/2015\/unas-jornadas-co-organizadas-por-la-ull-analizan-bim-una-tecnologia-que-mejora-el-proceso-de-construccion\/\"]}]},{\"@type\":\"BreadcrumbList\",\"@id\":\"https:\/\/www.ull.es\/portal\/noticias\/2015\/unas-jornadas-co-organizadas-por-la-ull-analizan-bim-una-tecnologia-que-mejora-el-proceso-de-construccion\/#breadcrumb\",\"itemListElement\":[{\"@type\":\"ListItem\",\"position\":1,\"name\":\"Portada\",\"item\":\"https:\/\/www.ull.es\/portal\/noticias\/\"},{\"@type\":\"ListItem\",\"position\":2,\"name\":\"Unas jornadas co-organizadas por la ULL analizan BIM, una tecnolog\u00eda que mejora el proceso de construcci\u00f3n\"}]},{\"@type\":\"WebSite\",\"@id\":\"https:\/\/www.ull.es\/portal\/noticias\/#website\",\"url\":\"https:\/\/www.ull.es\/portal\/noticias\/\",\"name\":\"ULL - Noticias\",\"description\":\"\",\"potentialAction\":[{\"@type\":\"SearchAction\",\"target\":{\"@type\":\"EntryPoint\",\"urlTemplate\":\"https:\/\/www.ull.es\/portal\/noticias\/?s={search_term_string}\"},\"query-input\":\"required name=search_term_string\"}],\"inLanguage\":\"es\"},{\"@type\":\"Person\",\"@id\":\"https:\/\/www.ull.es\/portal\/noticias\/#\/schema\/person\/b2b1a89d43ffa609e591f7df8ef3e817\",\"name\":\"gaprsa\",\"image\":{\"@type\":\"ImageObject\",\"inLanguage\":\"es\",\"@id\":\"https:\/\/www.ull.es\/portal\/noticias\/#\/schema\/person\/image\/\",\"url\":\"https:\/\/secure.gravatar.com\/avatar\/443820550921091458b4823867723b3d?s=96&d=mm&r=g\",\"contentUrl\":\"https:\/\/secure.gravatar.com\/avatar\/443820550921091458b4823867723b3d?s=96&d=mm&r=g\",\"caption\":\"gaprsa\"},\"url\":\"https:\/\/www.ull.es\/portal\/noticias\/author\/gaprsa\/\"}]}<\/script>\n<!-- \/ Yoast SEO plugin. -->","yoast_head_json":{"title":"Unas jornadas co-organizadas por la ULL analizan BIM, una tecnolog\u00eda que mejora el proceso de construcci\u00f3n - ULL - Noticias","robots":{"index":"index","follow":"follow","max-snippet":"max-snippet:-1","max-image-preview":"max-image-preview:large","max-video-preview":"max-video-preview:-1"},"canonical":"https:\/\/www.ull.es\/portal\/noticias\/2015\/unas-jornadas-co-organizadas-por-la-ull-analizan-bim-una-tecnologia-que-mejora-el-proceso-de-construccion\/","og_locale":"es_ES","og_type":"article","og_title":"Unas jornadas co-organizadas por la ULL analizan BIM, una tecnolog\u00eda que mejora el proceso de construcci\u00f3n - ULL - Noticias","og_description":"La Primera Jornada Profesional BIM Canarias 2015 es un evento para divulgar la tecnolog\u00eda de Modelos de Informaci\u00f3n en la...","og_url":"https:\/\/www.ull.es\/portal\/noticias\/2015\/unas-jornadas-co-organizadas-por-la-ull-analizan-bim-una-tecnologia-que-mejora-el-proceso-de-construccion\/","og_site_name":"ULL - Noticias","article_publisher":"https:\/\/www.facebook.com\/universidaddelalaguna\/","article_published_time":"2015-10-27T13:58:29+00:00","og_image":[{"width":3307,"height":4646,"url":"https:\/\/www.ull.es\/portal\/noticias\/wp-content\/uploads\/sites\/13\/2015\/10\/jornada_bim.jpg","type":"image\/jpeg"}],"author":"gaprsa","twitter_card":"summary_large_image","twitter_creator":"@CanalULL","twitter_site":"@CanalULL","twitter_misc":{"Escrito por":"gaprsa","Tiempo de lectura":"3 minutos"},"schema":{"@context":"https:\/\/schema.org","@graph":[{"@type":"WebPage","@id":"https:\/\/www.ull.es\/portal\/noticias\/2015\/unas-jornadas-co-organizadas-por-la-ull-analizan-bim-una-tecnologia-que-mejora-el-proceso-de-construccion\/","url":"https:\/\/www.ull.es\/portal\/noticias\/2015\/unas-jornadas-co-organizadas-por-la-ull-analizan-bim-una-tecnologia-que-mejora-el-proceso-de-construccion\/","name":"Unas jornadas co-organizadas por la ULL analizan BIM, una tecnolog\u00eda que mejora el proceso de construcci\u00f3n - ULL - Noticias","isPartOf":{"@id":"https:\/\/www.ull.es\/portal\/noticias\/#website"},"datePublished":"2015-10-27T13:58:29+00:00","dateModified":"2015-10-27T13:58:29+00:00","author":{"@id":"https:\/\/www.ull.es\/portal\/noticias\/#\/schema\/person\/b2b1a89d43ffa609e591f7df8ef3e817"},"breadcrumb":{"@id":"https:\/\/www.ull.es\/portal\/noticias\/2015\/unas-jornadas-co-organizadas-por-la-ull-analizan-bim-una-tecnologia-que-mejora-el-proceso-de-construccion\/#breadcrumb"},"inLanguage":"es","potentialAction":[{"@type":"ReadAction","target":["https:\/\/www.ull.es\/portal\/noticias\/2015\/unas-jornadas-co-organizadas-por-la-ull-analizan-bim-una-tecnologia-que-mejora-el-proceso-de-construccion\/"]}]},{"@type":"BreadcrumbList","@id":"https:\/\/www.ull.es\/portal\/noticias\/2015\/unas-jornadas-co-organizadas-por-la-ull-analizan-bim-una-tecnologia-que-mejora-el-proceso-de-construccion\/#breadcrumb","itemListElement":[{"@type":"ListItem","position":1,"name":"Portada","item":"https:\/\/www.ull.es\/portal\/noticias\/"},{"@type":"ListItem","position":2,"name":"Unas jornadas co-organizadas por la ULL analizan BIM, una tecnolog\u00eda que mejora el proceso de construcci\u00f3n"}]},{"@type":"WebSite","@id":"https:\/\/www.ull.es\/portal\/noticias\/#website","url":"https:\/\/www.ull.es\/portal\/noticias\/","name":"ULL - Noticias","description":"","potentialAction":[{"@type":"SearchAction","target":{"@type":"EntryPoint","urlTemplate":"https:\/\/www.ull.es\/portal\/noticias\/?s={search_term_string}"},"query-input":"required name=search_term_string"}],"inLanguage":"es"},{"@type":"Person","@id":"https:\/\/www.ull.es\/portal\/noticias\/#\/schema\/person\/b2b1a89d43ffa609e591f7df8ef3e817","name":"gaprsa","image":{"@type":"ImageObject","inLanguage":"es","@id":"https:\/\/www.ull.es\/portal\/noticias\/#\/schema\/person\/image\/","url":"https:\/\/secure.gravatar.com\/avatar\/443820550921091458b4823867723b3d?s=96&d=mm&r=g","contentUrl":"https:\/\/secure.gravatar.com\/avatar\/443820550921091458b4823867723b3d?s=96&d=mm&r=g","caption":"gaprsa"},"url":"https:\/\/www.ull.es\/portal\/noticias\/author\/gaprsa\/"}]}},"primary_category":null,"featured_image_thumbnail_url":"https:\/\/www.ull.es\/portal\/noticias\/wp-content\/uploads\/sites\/13\/2015\/10\/jornada_bim-214x300.jpg","_links":{"self":[{"href":"https:\/\/www.ull.es\/portal\/noticias\/wp-json\/wp\/v2\/posts\/25351"}],"collection":[{"href":"https:\/\/www.ull.es\/portal\/noticias\/wp-json\/wp\/v2\/posts"}],"about":[{"href":"https:\/\/www.ull.es\/portal\/noticias\/wp-json\/wp\/v2\/types\/post"}],"author":[{"embeddable":true,"href":"https:\/\/www.ull.es\/portal\/noticias\/wp-json\/wp\/v2\/users\/23"}],"replies":[{"embeddable":true,"href":"https:\/\/www.ull.es\/portal\/noticias\/wp-json\/wp\/v2\/comments?post=25351"}],"version-history":[{"count":0,"href":"https:\/\/www.ull.es\/portal\/noticias\/wp-json\/wp\/v2\/posts\/25351\/revisions"}],"wp:featuredmedia":[{"embeddable":true,"href":"https:\/\/www.ull.es\/portal\/noticias\/wp-json\/wp\/v2\/media\/25353"}],"wp:attachment":[{"href":"https:\/\/www.ull.es\/portal\/noticias\/wp-json\/wp\/v2\/media?parent=25351"}],"wp:term":[{"taxonomy":"category","embeddable":true,"href":"https:\/\/www.ull.es\/portal\/noticias\/wp-json\/wp\/v2\/categories?post=25351"},{"taxonomy":"post_tag","embeddable":true,"href":"https:\/\/www.ull.es\/portal\/noticias\/wp-json\/wp\/v2\/tags?post=25351"}],"curies":[{"name":"wp","href":"https:\/\/api.w.org\/{rel}","templated":true}]}}