{"id":25372,"date":"2015-10-28T13:41:51","date_gmt":"2015-10-28T13:41:51","guid":{"rendered":"http:\/\/ddigital.webs.ull.es\/?p=25372"},"modified":"2015-10-28T13:41:51","modified_gmt":"2015-10-28T13:41:51","slug":"la-ull-anade-dos-nuevos-masteres-a-los-tres-que-ya-contaban-con-beca-de-la-fundacion-carolina","status":"publish","type":"post","link":"https:\/\/www.ull.es\/portal\/noticias\/2015\/la-ull-anade-dos-nuevos-masteres-a-los-tres-que-ya-contaban-con-beca-de-la-fundacion-carolina\/","title":{"rendered":"La ULL a\u00f1ade dos nuevos m\u00e1steres a los tres que ya contaban con beca de la Fundaci\u00f3n Carolina"},"content":{"rendered":"<p>La Fundaci\u00f3n Carolina convoca anualmente unas becas para que alumnado iberoamericano curse posgrados en universidades espa\u00f1olas. Formar parte del listado de m\u00e1steres becados por esta entidad supone un reconocimiento a su excelencia y, en ese sentido, la Universidad de La Laguna lleva ya varios a\u00f1os incluida en \u00e9l. El Vicerrectorado de Internacionalizaci\u00f3n de la instituci\u00f3n acad\u00e9mica acaba de saber que a los tres m\u00e1steres ya incorporados a esta oferta se sumar\u00e1n en la pr\u00f3xima convocatoria dos m\u00e1s, por lo que la presencia del centro tinerfe\u00f1o ascender\u00e1 a cinco posgrados.<\/p>\n<p>La fundaci\u00f3n ha confirmado que, por un lado, renovar\u00e1 en su cat\u00e1logo los tres m\u00e1steres de actualmente ya se ofertaban, que eran el de Astrof\u00edsica; el de Investigaci\u00f3n y Diagn\u00f3stico de Enfermedades Tropicales; y el de Biolog\u00eda Marina: Biodiversidad y Conservaci\u00f3n. Y por otra, que incorporar\u00e1 dos nuevos m\u00e1steres: el de Biodiversidad Terrestre y Conservaci\u00f3n de las Islas y el de Uso y Gesti\u00f3n del Patrimonio Cultural.<\/p>\n<p>De este modo, en la pr\u00f3xima convocatoria 2016-2017 de becas de la Fundaci\u00f3n Carolina, se ofrecer\u00e1n dos ayudas para cada uno de estos cinco m\u00e1steres, que supondr\u00e1n la incorporaci\u00f3n a la ULL de diez estudiantes procedentes de Iberoam\u00e9rica, que es el \u00e1mbito principal de acci\u00f3n de la instituci\u00f3n convocante.<\/p>\n<p>La vicerrectora de Internacionalizaci\u00f3n del centro docente, Carmen Rubio, ha valorado de manera muy positiva la noticia: \u201cCreo que incorporar dos t\u00edtulos a los tres que ya tenemos y estar presentes con un total de cinco m\u00e1steres es un \u00e9xito para la internacionalizaci\u00f3n de la ULL y su visibilidad en el Espacio Iberoamericano de Educaci\u00f3n Superior (EIBES)\u201d.<\/p>\n<p>La Fundaci\u00f3n Carolina es una instituci\u00f3n p\u00fablico-privada que promueve las relaciones culturales y la cooperaci\u00f3n en materia educativa y cient\u00edfica entre Espa\u00f1a y los pa\u00edses de Am\u00e9rica Latina miembros de la Comunidad Iberoamericana de Naciones y Portugal.<\/p>\n","protected":false},"excerpt":{"rendered":"<p>La Fundaci\u00f3n Carolina convoca anualmente unas becas para que alumnado iberoamericano curse posgrados en universidades espa\u00f1olas. Formar parte del listado&#8230;<\/p>\n","protected":false},"author":23,"featured_media":25373,"comment_status":"open","ping_status":"open","sticky":false,"template":"","format":"standard","meta":{"inline_featured_image":false,"footnotes":""},"categories":[345,349,1],"tags":[472,630,1327,1457,2527,2560,2611],"acf":[],"yoast_head":"<!-- This site is optimized with the Yoast SEO plugin v21.3 - https:\/\/yoast.com\/wordpress\/plugins\/seo\/ -->\n<title>La ULL a\u00f1ade dos nuevos m\u00e1steres a los tres que ya contaban con beca de la Fundaci\u00f3n Carolina - ULL - Noticias<\/title>\n<meta name=\"robots\" content=\"index, follow, max-snippet:-1, max-image-preview:large, max-video-preview:-1\" \/>\n<link rel=\"canonical\" href=\"https:\/\/www.ull.es\/portal\/noticias\/2015\/la-ull-anade-dos-nuevos-masteres-a-los-tres-que-ya-contaban-con-beca-de-la-fundacion-carolina\/\" \/>\n<meta property=\"og:locale\" content=\"es_ES\" \/>\n<meta property=\"og:type\" content=\"article\" \/>\n<meta property=\"og:title\" content=\"La ULL a\u00f1ade dos nuevos m\u00e1steres a los tres que ya contaban con beca de la Fundaci\u00f3n Carolina - ULL - Noticias\" \/>\n<meta property=\"og:description\" content=\"La Fundaci\u00f3n Carolina convoca anualmente unas becas para que alumnado iberoamericano curse posgrados en universidades espa\u00f1olas. Formar parte del listado...\" \/>\n<meta property=\"og:url\" content=\"https:\/\/www.ull.es\/portal\/noticias\/2015\/la-ull-anade-dos-nuevos-masteres-a-los-tres-que-ya-contaban-con-beca-de-la-fundacion-carolina\/\" \/>\n<meta property=\"og:site_name\" content=\"ULL - Noticias\" \/>\n<meta property=\"article:publisher\" content=\"https:\/\/www.facebook.com\/universidaddelalaguna\/\" \/>\n<meta property=\"article:published_time\" content=\"2015-10-28T13:41:51+00:00\" \/>\n<meta property=\"og:image\" content=\"https:\/\/www.ull.es\/portal\/noticias\/wp-content\/uploads\/sites\/13\/2015\/10\/web-carolina.jpg\" \/>\n\t<meta property=\"og:image:width\" content=\"1024\" \/>\n\t<meta property=\"og:image:height\" content=\"689\" \/>\n\t<meta property=\"og:image:type\" content=\"image\/jpeg\" \/>\n<meta name=\"author\" content=\"gaprsa\" \/>\n<meta name=\"twitter:card\" content=\"summary_large_image\" \/>\n<meta name=\"twitter:creator\" content=\"@CanalULL\" \/>\n<meta name=\"twitter:site\" content=\"@CanalULL\" \/>\n<meta name=\"twitter:label1\" content=\"Escrito por\" \/>\n\t<meta name=\"twitter:data1\" content=\"gaprsa\" \/>\n\t<meta name=\"twitter:label2\" content=\"Tiempo de lectura\" \/>\n\t<meta name=\"twitter:data2\" content=\"2 minutos\" \/>\n<script type=\"application\/ld+json\" class=\"yoast-schema-graph\">{\"@context\":\"https:\/\/schema.org\",\"@graph\":[{\"@type\":\"WebPage\",\"@id\":\"https:\/\/www.ull.es\/portal\/noticias\/2015\/la-ull-anade-dos-nuevos-masteres-a-los-tres-que-ya-contaban-con-beca-de-la-fundacion-carolina\/\",\"url\":\"https:\/\/www.ull.es\/portal\/noticias\/2015\/la-ull-anade-dos-nuevos-masteres-a-los-tres-que-ya-contaban-con-beca-de-la-fundacion-carolina\/\",\"name\":\"La ULL a\u00f1ade dos nuevos m\u00e1steres a los tres que ya contaban con beca de la Fundaci\u00f3n Carolina - ULL - Noticias\",\"isPartOf\":{\"@id\":\"https:\/\/www.ull.es\/portal\/noticias\/#website\"},\"datePublished\":\"2015-10-28T13:41:51+00:00\",\"dateModified\":\"2015-10-28T13:41:51+00:00\",\"author\":{\"@id\":\"https:\/\/www.ull.es\/portal\/noticias\/#\/schema\/person\/b2b1a89d43ffa609e591f7df8ef3e817\"},\"breadcrumb\":{\"@id\":\"https:\/\/www.ull.es\/portal\/noticias\/2015\/la-ull-anade-dos-nuevos-masteres-a-los-tres-que-ya-contaban-con-beca-de-la-fundacion-carolina\/#breadcrumb\"},\"inLanguage\":\"es\",\"potentialAction\":[{\"@type\":\"ReadAction\",\"target\":[\"https:\/\/www.ull.es\/portal\/noticias\/2015\/la-ull-anade-dos-nuevos-masteres-a-los-tres-que-ya-contaban-con-beca-de-la-fundacion-carolina\/\"]}]},{\"@type\":\"BreadcrumbList\",\"@id\":\"https:\/\/www.ull.es\/portal\/noticias\/2015\/la-ull-anade-dos-nuevos-masteres-a-los-tres-que-ya-contaban-con-beca-de-la-fundacion-carolina\/#breadcrumb\",\"itemListElement\":[{\"@type\":\"ListItem\",\"position\":1,\"name\":\"Portada\",\"item\":\"https:\/\/www.ull.es\/portal\/noticias\/\"},{\"@type\":\"ListItem\",\"position\":2,\"name\":\"La ULL a\u00f1ade dos nuevos m\u00e1steres a los tres que ya contaban con beca de la Fundaci\u00f3n Carolina\"}]},{\"@type\":\"WebSite\",\"@id\":\"https:\/\/www.ull.es\/portal\/noticias\/#website\",\"url\":\"https:\/\/www.ull.es\/portal\/noticias\/\",\"name\":\"ULL - Noticias\",\"description\":\"\",\"potentialAction\":[{\"@type\":\"SearchAction\",\"target\":{\"@type\":\"EntryPoint\",\"urlTemplate\":\"https:\/\/www.ull.es\/portal\/noticias\/?s={search_term_string}\"},\"query-input\":\"required name=search_term_string\"}],\"inLanguage\":\"es\"},{\"@type\":\"Person\",\"@id\":\"https:\/\/www.ull.es\/portal\/noticias\/#\/schema\/person\/b2b1a89d43ffa609e591f7df8ef3e817\",\"name\":\"gaprsa\",\"image\":{\"@type\":\"ImageObject\",\"inLanguage\":\"es\",\"@id\":\"https:\/\/www.ull.es\/portal\/noticias\/#\/schema\/person\/image\/\",\"url\":\"https:\/\/secure.gravatar.com\/avatar\/443820550921091458b4823867723b3d?s=96&d=mm&r=g\",\"contentUrl\":\"https:\/\/secure.gravatar.com\/avatar\/443820550921091458b4823867723b3d?s=96&d=mm&r=g\",\"caption\":\"gaprsa\"},\"url\":\"https:\/\/www.ull.es\/portal\/noticias\/author\/gaprsa\/\"}]}<\/script>\n<!-- \/ Yoast SEO plugin. -->","yoast_head_json":{"title":"La ULL a\u00f1ade dos nuevos m\u00e1steres a los tres que ya contaban con beca de la Fundaci\u00f3n Carolina - ULL - Noticias","robots":{"index":"index","follow":"follow","max-snippet":"max-snippet:-1","max-image-preview":"max-image-preview:large","max-video-preview":"max-video-preview:-1"},"canonical":"https:\/\/www.ull.es\/portal\/noticias\/2015\/la-ull-anade-dos-nuevos-masteres-a-los-tres-que-ya-contaban-con-beca-de-la-fundacion-carolina\/","og_locale":"es_ES","og_type":"article","og_title":"La ULL a\u00f1ade dos nuevos m\u00e1steres a los tres que ya contaban con beca de la Fundaci\u00f3n Carolina - ULL - Noticias","og_description":"La Fundaci\u00f3n Carolina convoca anualmente unas becas para que alumnado iberoamericano curse posgrados en universidades espa\u00f1olas. Formar parte del listado...","og_url":"https:\/\/www.ull.es\/portal\/noticias\/2015\/la-ull-anade-dos-nuevos-masteres-a-los-tres-que-ya-contaban-con-beca-de-la-fundacion-carolina\/","og_site_name":"ULL - Noticias","article_publisher":"https:\/\/www.facebook.com\/universidaddelalaguna\/","article_published_time":"2015-10-28T13:41:51+00:00","og_image":[{"width":1024,"height":689,"url":"https:\/\/www.ull.es\/portal\/noticias\/wp-content\/uploads\/sites\/13\/2015\/10\/web-carolina.jpg","type":"image\/jpeg"}],"author":"gaprsa","twitter_card":"summary_large_image","twitter_creator":"@CanalULL","twitter_site":"@CanalULL","twitter_misc":{"Escrito por":"gaprsa","Tiempo de lectura":"2 minutos"},"schema":{"@context":"https:\/\/schema.org","@graph":[{"@type":"WebPage","@id":"https:\/\/www.ull.es\/portal\/noticias\/2015\/la-ull-anade-dos-nuevos-masteres-a-los-tres-que-ya-contaban-con-beca-de-la-fundacion-carolina\/","url":"https:\/\/www.ull.es\/portal\/noticias\/2015\/la-ull-anade-dos-nuevos-masteres-a-los-tres-que-ya-contaban-con-beca-de-la-fundacion-carolina\/","name":"La ULL a\u00f1ade dos nuevos m\u00e1steres a los tres que ya contaban con beca de la Fundaci\u00f3n Carolina - ULL - Noticias","isPartOf":{"@id":"https:\/\/www.ull.es\/portal\/noticias\/#website"},"datePublished":"2015-10-28T13:41:51+00:00","dateModified":"2015-10-28T13:41:51+00:00","author":{"@id":"https:\/\/www.ull.es\/portal\/noticias\/#\/schema\/person\/b2b1a89d43ffa609e591f7df8ef3e817"},"breadcrumb":{"@id":"https:\/\/www.ull.es\/portal\/noticias\/2015\/la-ull-anade-dos-nuevos-masteres-a-los-tres-que-ya-contaban-con-beca-de-la-fundacion-carolina\/#breadcrumb"},"inLanguage":"es","potentialAction":[{"@type":"ReadAction","target":["https:\/\/www.ull.es\/portal\/noticias\/2015\/la-ull-anade-dos-nuevos-masteres-a-los-tres-que-ya-contaban-con-beca-de-la-fundacion-carolina\/"]}]},{"@type":"BreadcrumbList","@id":"https:\/\/www.ull.es\/portal\/noticias\/2015\/la-ull-anade-dos-nuevos-masteres-a-los-tres-que-ya-contaban-con-beca-de-la-fundacion-carolina\/#breadcrumb","itemListElement":[{"@type":"ListItem","position":1,"name":"Portada","item":"https:\/\/www.ull.es\/portal\/noticias\/"},{"@type":"ListItem","position":2,"name":"La ULL a\u00f1ade dos nuevos m\u00e1steres a los tres que ya contaban con beca de la Fundaci\u00f3n Carolina"}]},{"@type":"WebSite","@id":"https:\/\/www.ull.es\/portal\/noticias\/#website","url":"https:\/\/www.ull.es\/portal\/noticias\/","name":"ULL - Noticias","description":"","potentialAction":[{"@type":"SearchAction","target":{"@type":"EntryPoint","urlTemplate":"https:\/\/www.ull.es\/portal\/noticias\/?s={search_term_string}"},"query-input":"required name=search_term_string"}],"inLanguage":"es"},{"@type":"Person","@id":"https:\/\/www.ull.es\/portal\/noticias\/#\/schema\/person\/b2b1a89d43ffa609e591f7df8ef3e817","name":"gaprsa","image":{"@type":"ImageObject","inLanguage":"es","@id":"https:\/\/www.ull.es\/portal\/noticias\/#\/schema\/person\/image\/","url":"https:\/\/secure.gravatar.com\/avatar\/443820550921091458b4823867723b3d?s=96&d=mm&r=g","contentUrl":"https:\/\/secure.gravatar.com\/avatar\/443820550921091458b4823867723b3d?s=96&d=mm&r=g","caption":"gaprsa"},"url":"https:\/\/www.ull.es\/portal\/noticias\/author\/gaprsa\/"}]}},"primary_category":null,"featured_image_thumbnail_url":"https:\/\/www.ull.es\/portal\/noticias\/wp-content\/uploads\/sites\/13\/2015\/10\/web-carolina-300x202.jpg","_links":{"self":[{"href":"https:\/\/www.ull.es\/portal\/noticias\/wp-json\/wp\/v2\/posts\/25372"}],"collection":[{"href":"https:\/\/www.ull.es\/portal\/noticias\/wp-json\/wp\/v2\/posts"}],"about":[{"href":"https:\/\/www.ull.es\/portal\/noticias\/wp-json\/wp\/v2\/types\/post"}],"author":[{"embeddable":true,"href":"https:\/\/www.ull.es\/portal\/noticias\/wp-json\/wp\/v2\/users\/23"}],"replies":[{"embeddable":true,"href":"https:\/\/www.ull.es\/portal\/noticias\/wp-json\/wp\/v2\/comments?post=25372"}],"version-history":[{"count":0,"href":"https:\/\/www.ull.es\/portal\/noticias\/wp-json\/wp\/v2\/posts\/25372\/revisions"}],"wp:featuredmedia":[{"embeddable":true,"href":"https:\/\/www.ull.es\/portal\/noticias\/wp-json\/wp\/v2\/media\/25373"}],"wp:attachment":[{"href":"https:\/\/www.ull.es\/portal\/noticias\/wp-json\/wp\/v2\/media?parent=25372"}],"wp:term":[{"taxonomy":"category","embeddable":true,"href":"https:\/\/www.ull.es\/portal\/noticias\/wp-json\/wp\/v2\/categories?post=25372"},{"taxonomy":"post_tag","embeddable":true,"href":"https:\/\/www.ull.es\/portal\/noticias\/wp-json\/wp\/v2\/tags?post=25372"}],"curies":[{"name":"wp","href":"https:\/\/api.w.org\/{rel}","templated":true}]}}