{"id":25382,"date":"2015-10-29T09:31:14","date_gmt":"2015-10-29T09:31:14","guid":{"rendered":"http:\/\/ddigital.webs.ull.es\/?p=25382"},"modified":"2015-10-29T09:31:14","modified_gmt":"2015-10-29T09:31:14","slug":"el-servicio-de-informacion-y-orientacion-de-la-ull-participo-en-la-feria-unitour","status":"publish","type":"post","link":"https:\/\/www.ull.es\/portal\/noticias\/2015\/el-servicio-de-informacion-y-orientacion-de-la-ull-participo-en-la-feria-unitour\/","title":{"rendered":"El Servicio de Informaci\u00f3n y Orientaci\u00f3n de la ULL particip\u00f3 en la Feria Unitour"},"content":{"rendered":"<p>El Servicio de Informaci\u00f3n y Orientaci\u00f3n de la Universidad de La Laguna (SIO) acudi\u00f3 ayer, mi\u00e9rcoles 28 de octubre, a la <a href=\"http:\/\/www.unitour.es\/index.htm\" target=\"_blank\" target=\"_blank\" rel=\"noopener\">Feria Unitour<\/a> que se celebr\u00f3 en el Auditorio de Tenerife Ad\u00e1n Mart\u00edn. Este foro que se celebra en varias ciudades espa\u00f1olas y europeas a lo largo del a\u00f1o sirve para que las diferentes instituciones acad\u00e9micas p\u00fablicas y privadas presenten su oferta formativa a los estudiantes de Bachillerato y Formaci\u00f3n Profesional que pr\u00f3ximamente iniciar\u00e1n sus estudios superiores. El personal del SIO ofreci\u00f3 informaci\u00f3n sobre las 45 titulaciones de grado del centro, el procedimiento de acceso, las becas, los servicios para alumnado y, en definitiva, todo aquello que pudo resultar de inter\u00e9s a los cientos de j\u00f3venes que acudieron a este encuentro.<\/p>\n","protected":false},"excerpt":{"rendered":"<p>El Servicio de Informaci\u00f3n y Orientaci\u00f3n de la Universidad de La Laguna (SIO) acudi\u00f3 ayer, mi\u00e9rcoles 28 de octubre, a&#8230;<\/p>\n","protected":false},"author":23,"featured_media":25383,"comment_status":"open","ping_status":"open","sticky":false,"template":"","format":"gallery","meta":{"inline_featured_image":false,"footnotes":""},"categories":[343,345,1],"tags":[],"acf":[],"yoast_head":"<!-- This site is optimized with the Yoast SEO plugin v21.3 - https:\/\/yoast.com\/wordpress\/plugins\/seo\/ -->\n<title>El Servicio de Informaci\u00f3n y Orientaci\u00f3n de la ULL particip\u00f3 en la Feria Unitour - ULL - Noticias<\/title>\n<meta name=\"robots\" content=\"index, follow, max-snippet:-1, max-image-preview:large, max-video-preview:-1\" \/>\n<link rel=\"canonical\" href=\"https:\/\/www.ull.es\/portal\/noticias\/2015\/el-servicio-de-informacion-y-orientacion-de-la-ull-participo-en-la-feria-unitour\/\" \/>\n<meta property=\"og:locale\" content=\"es_ES\" \/>\n<meta property=\"og:type\" content=\"article\" \/>\n<meta property=\"og:title\" content=\"El Servicio de Informaci\u00f3n y Orientaci\u00f3n de la ULL particip\u00f3 en la Feria Unitour - ULL - Noticias\" \/>\n<meta property=\"og:description\" content=\"El Servicio de Informaci\u00f3n y Orientaci\u00f3n de la Universidad de La Laguna (SIO) acudi\u00f3 ayer, mi\u00e9rcoles 28 de octubre, a...\" \/>\n<meta property=\"og:url\" content=\"https:\/\/www.ull.es\/portal\/noticias\/2015\/el-servicio-de-informacion-y-orientacion-de-la-ull-participo-en-la-feria-unitour\/\" \/>\n<meta property=\"og:site_name\" content=\"ULL - Noticias\" \/>\n<meta property=\"article:publisher\" content=\"https:\/\/www.facebook.com\/universidaddelalaguna\/\" \/>\n<meta property=\"article:published_time\" content=\"2015-10-29T09:31:14+00:00\" \/>\n<meta property=\"og:image\" content=\"https:\/\/www.ull.es\/portal\/noticias\/wp-content\/uploads\/sites\/13\/2015\/10\/unitour02.jpg\" \/>\n\t<meta property=\"og:image:width\" content=\"1772\" \/>\n\t<meta property=\"og:image:height\" content=\"1181\" \/>\n\t<meta property=\"og:image:type\" content=\"image\/jpeg\" \/>\n<meta name=\"author\" content=\"gaprsa\" \/>\n<meta name=\"twitter:card\" content=\"summary_large_image\" \/>\n<meta name=\"twitter:creator\" content=\"@CanalULL\" \/>\n<meta name=\"twitter:site\" content=\"@CanalULL\" \/>\n<meta name=\"twitter:label1\" content=\"Escrito por\" \/>\n\t<meta name=\"twitter:data1\" content=\"gaprsa\" \/>\n\t<meta name=\"twitter:label2\" content=\"Tiempo de lectura\" \/>\n\t<meta name=\"twitter:data2\" content=\"1 minuto\" \/>\n<script type=\"application\/ld+json\" class=\"yoast-schema-graph\">{\"@context\":\"https:\/\/schema.org\",\"@graph\":[{\"@type\":\"WebPage\",\"@id\":\"https:\/\/www.ull.es\/portal\/noticias\/2015\/el-servicio-de-informacion-y-orientacion-de-la-ull-participo-en-la-feria-unitour\/\",\"url\":\"https:\/\/www.ull.es\/portal\/noticias\/2015\/el-servicio-de-informacion-y-orientacion-de-la-ull-participo-en-la-feria-unitour\/\",\"name\":\"El Servicio de Informaci\u00f3n y Orientaci\u00f3n de la ULL particip\u00f3 en la Feria Unitour - ULL - Noticias\",\"isPartOf\":{\"@id\":\"https:\/\/www.ull.es\/portal\/noticias\/#website\"},\"datePublished\":\"2015-10-29T09:31:14+00:00\",\"dateModified\":\"2015-10-29T09:31:14+00:00\",\"author\":{\"@id\":\"https:\/\/www.ull.es\/portal\/noticias\/#\/schema\/person\/b2b1a89d43ffa609e591f7df8ef3e817\"},\"breadcrumb\":{\"@id\":\"https:\/\/www.ull.es\/portal\/noticias\/2015\/el-servicio-de-informacion-y-orientacion-de-la-ull-participo-en-la-feria-unitour\/#breadcrumb\"},\"inLanguage\":\"es\",\"potentialAction\":[{\"@type\":\"ReadAction\",\"target\":[\"https:\/\/www.ull.es\/portal\/noticias\/2015\/el-servicio-de-informacion-y-orientacion-de-la-ull-participo-en-la-feria-unitour\/\"]}]},{\"@type\":\"BreadcrumbList\",\"@id\":\"https:\/\/www.ull.es\/portal\/noticias\/2015\/el-servicio-de-informacion-y-orientacion-de-la-ull-participo-en-la-feria-unitour\/#breadcrumb\",\"itemListElement\":[{\"@type\":\"ListItem\",\"position\":1,\"name\":\"Portada\",\"item\":\"https:\/\/www.ull.es\/portal\/noticias\/\"},{\"@type\":\"ListItem\",\"position\":2,\"name\":\"El Servicio de Informaci\u00f3n y Orientaci\u00f3n de la ULL particip\u00f3 en la Feria Unitour\"}]},{\"@type\":\"WebSite\",\"@id\":\"https:\/\/www.ull.es\/portal\/noticias\/#website\",\"url\":\"https:\/\/www.ull.es\/portal\/noticias\/\",\"name\":\"ULL - Noticias\",\"description\":\"\",\"potentialAction\":[{\"@type\":\"SearchAction\",\"target\":{\"@type\":\"EntryPoint\",\"urlTemplate\":\"https:\/\/www.ull.es\/portal\/noticias\/?s={search_term_string}\"},\"query-input\":\"required name=search_term_string\"}],\"inLanguage\":\"es\"},{\"@type\":\"Person\",\"@id\":\"https:\/\/www.ull.es\/portal\/noticias\/#\/schema\/person\/b2b1a89d43ffa609e591f7df8ef3e817\",\"name\":\"gaprsa\",\"image\":{\"@type\":\"ImageObject\",\"inLanguage\":\"es\",\"@id\":\"https:\/\/www.ull.es\/portal\/noticias\/#\/schema\/person\/image\/\",\"url\":\"https:\/\/secure.gravatar.com\/avatar\/443820550921091458b4823867723b3d?s=96&d=mm&r=g\",\"contentUrl\":\"https:\/\/secure.gravatar.com\/avatar\/443820550921091458b4823867723b3d?s=96&d=mm&r=g\",\"caption\":\"gaprsa\"},\"url\":\"https:\/\/www.ull.es\/portal\/noticias\/author\/gaprsa\/\"}]}<\/script>\n<!-- \/ Yoast SEO plugin. -->","yoast_head_json":{"title":"El Servicio de Informaci\u00f3n y Orientaci\u00f3n de la ULL particip\u00f3 en la Feria Unitour - ULL - Noticias","robots":{"index":"index","follow":"follow","max-snippet":"max-snippet:-1","max-image-preview":"max-image-preview:large","max-video-preview":"max-video-preview:-1"},"canonical":"https:\/\/www.ull.es\/portal\/noticias\/2015\/el-servicio-de-informacion-y-orientacion-de-la-ull-participo-en-la-feria-unitour\/","og_locale":"es_ES","og_type":"article","og_title":"El Servicio de Informaci\u00f3n y Orientaci\u00f3n de la ULL particip\u00f3 en la Feria Unitour - ULL - Noticias","og_description":"El Servicio de Informaci\u00f3n y Orientaci\u00f3n de la Universidad de La Laguna (SIO) acudi\u00f3 ayer, mi\u00e9rcoles 28 de octubre, a...","og_url":"https:\/\/www.ull.es\/portal\/noticias\/2015\/el-servicio-de-informacion-y-orientacion-de-la-ull-participo-en-la-feria-unitour\/","og_site_name":"ULL - Noticias","article_publisher":"https:\/\/www.facebook.com\/universidaddelalaguna\/","article_published_time":"2015-10-29T09:31:14+00:00","og_image":[{"width":1772,"height":1181,"url":"https:\/\/www.ull.es\/portal\/noticias\/wp-content\/uploads\/sites\/13\/2015\/10\/unitour02.jpg","type":"image\/jpeg"}],"author":"gaprsa","twitter_card":"summary_large_image","twitter_creator":"@CanalULL","twitter_site":"@CanalULL","twitter_misc":{"Escrito por":"gaprsa","Tiempo de lectura":"1 minuto"},"schema":{"@context":"https:\/\/schema.org","@graph":[{"@type":"WebPage","@id":"https:\/\/www.ull.es\/portal\/noticias\/2015\/el-servicio-de-informacion-y-orientacion-de-la-ull-participo-en-la-feria-unitour\/","url":"https:\/\/www.ull.es\/portal\/noticias\/2015\/el-servicio-de-informacion-y-orientacion-de-la-ull-participo-en-la-feria-unitour\/","name":"El Servicio de Informaci\u00f3n y Orientaci\u00f3n de la ULL particip\u00f3 en la Feria Unitour - ULL - Noticias","isPartOf":{"@id":"https:\/\/www.ull.es\/portal\/noticias\/#website"},"datePublished":"2015-10-29T09:31:14+00:00","dateModified":"2015-10-29T09:31:14+00:00","author":{"@id":"https:\/\/www.ull.es\/portal\/noticias\/#\/schema\/person\/b2b1a89d43ffa609e591f7df8ef3e817"},"breadcrumb":{"@id":"https:\/\/www.ull.es\/portal\/noticias\/2015\/el-servicio-de-informacion-y-orientacion-de-la-ull-participo-en-la-feria-unitour\/#breadcrumb"},"inLanguage":"es","potentialAction":[{"@type":"ReadAction","target":["https:\/\/www.ull.es\/portal\/noticias\/2015\/el-servicio-de-informacion-y-orientacion-de-la-ull-participo-en-la-feria-unitour\/"]}]},{"@type":"BreadcrumbList","@id":"https:\/\/www.ull.es\/portal\/noticias\/2015\/el-servicio-de-informacion-y-orientacion-de-la-ull-participo-en-la-feria-unitour\/#breadcrumb","itemListElement":[{"@type":"ListItem","position":1,"name":"Portada","item":"https:\/\/www.ull.es\/portal\/noticias\/"},{"@type":"ListItem","position":2,"name":"El Servicio de Informaci\u00f3n y Orientaci\u00f3n de la ULL particip\u00f3 en la Feria Unitour"}]},{"@type":"WebSite","@id":"https:\/\/www.ull.es\/portal\/noticias\/#website","url":"https:\/\/www.ull.es\/portal\/noticias\/","name":"ULL - Noticias","description":"","potentialAction":[{"@type":"SearchAction","target":{"@type":"EntryPoint","urlTemplate":"https:\/\/www.ull.es\/portal\/noticias\/?s={search_term_string}"},"query-input":"required name=search_term_string"}],"inLanguage":"es"},{"@type":"Person","@id":"https:\/\/www.ull.es\/portal\/noticias\/#\/schema\/person\/b2b1a89d43ffa609e591f7df8ef3e817","name":"gaprsa","image":{"@type":"ImageObject","inLanguage":"es","@id":"https:\/\/www.ull.es\/portal\/noticias\/#\/schema\/person\/image\/","url":"https:\/\/secure.gravatar.com\/avatar\/443820550921091458b4823867723b3d?s=96&d=mm&r=g","contentUrl":"https:\/\/secure.gravatar.com\/avatar\/443820550921091458b4823867723b3d?s=96&d=mm&r=g","caption":"gaprsa"},"url":"https:\/\/www.ull.es\/portal\/noticias\/author\/gaprsa\/"}]}},"primary_category":null,"featured_image_thumbnail_url":"https:\/\/www.ull.es\/portal\/noticias\/wp-content\/uploads\/sites\/13\/2015\/10\/unitour02-300x200.jpg","_links":{"self":[{"href":"https:\/\/www.ull.es\/portal\/noticias\/wp-json\/wp\/v2\/posts\/25382"}],"collection":[{"href":"https:\/\/www.ull.es\/portal\/noticias\/wp-json\/wp\/v2\/posts"}],"about":[{"href":"https:\/\/www.ull.es\/portal\/noticias\/wp-json\/wp\/v2\/types\/post"}],"author":[{"embeddable":true,"href":"https:\/\/www.ull.es\/portal\/noticias\/wp-json\/wp\/v2\/users\/23"}],"replies":[{"embeddable":true,"href":"https:\/\/www.ull.es\/portal\/noticias\/wp-json\/wp\/v2\/comments?post=25382"}],"version-history":[{"count":0,"href":"https:\/\/www.ull.es\/portal\/noticias\/wp-json\/wp\/v2\/posts\/25382\/revisions"}],"wp:featuredmedia":[{"embeddable":true,"href":"https:\/\/www.ull.es\/portal\/noticias\/wp-json\/wp\/v2\/media\/25383"}],"wp:attachment":[{"href":"https:\/\/www.ull.es\/portal\/noticias\/wp-json\/wp\/v2\/media?parent=25382"}],"wp:term":[{"taxonomy":"category","embeddable":true,"href":"https:\/\/www.ull.es\/portal\/noticias\/wp-json\/wp\/v2\/categories?post=25382"},{"taxonomy":"post_tag","embeddable":true,"href":"https:\/\/www.ull.es\/portal\/noticias\/wp-json\/wp\/v2\/tags?post=25382"}],"curies":[{"name":"wp","href":"https:\/\/api.w.org\/{rel}","templated":true}]}}