{"id":25420,"date":"2015-10-29T15:04:23","date_gmt":"2015-10-29T15:04:23","guid":{"rendered":"http:\/\/ddigital.webs.ull.es\/?p=25420"},"modified":"2015-10-29T15:04:23","modified_gmt":"2015-10-29T15:04:23","slug":"la-universidad-de-la-laguna-se-suma-a-la-red-de-universidades-saludables","status":"publish","type":"post","link":"https:\/\/www.ull.es\/portal\/noticias\/2015\/la-universidad-de-la-laguna-se-suma-a-la-red-de-universidades-saludables\/","title":{"rendered":"La Universidad de La Laguna se suma a la Red de Universidades Saludables"},"content":{"rendered":"<p>El Consejo de Gobierno de la Universidad de La Laguna, reunido hoy jueves 29 de octubre en la Facultad de Derecho, acord\u00f3 por unanimidad que el centro acad\u00e9mico se sume a la Red Espa\u00f1ola de Universidades Saludables (REUS), de la que ya forman parte una buena parte de los centros de educaci\u00f3n superior del pa\u00eds. Con esta iniciativa la ULL se compromete con la promoci\u00f3n de actividades y h\u00e1bitos saludables en su comunidad y cuenta con la particularidad de que para pertenecer a este club hay que ir de la mano de la estructura auton\u00f3mica de salud p\u00fablica, en el sentido de abordar de forma conjunta todo tipo de acciones.<\/p>\n<p>Forman parte de la red, constituida en 2008, el Ministerio de Sanidad, Servicios Sociales e Igualdad, el Ministerio de Educaci\u00f3n, Cultura y Deporte y la Conferencia de Rectores de las Universidades Espa\u00f1olas (CRUE). Su prop\u00f3sito es potenciar la universidad como entorno promotor de la salud de la comunidad universitaria y de la sociedad en su conjunto, fomentar la investigaci\u00f3n y la docencia en promoci\u00f3n de la salud y favorecer el intercambio de experiencias y el trabajo conjunto entre los organismos de salud p\u00fablica, las instituciones comunitarias y las universidades.<\/p>\n<p>Las l\u00edneas estrat\u00e9gicas que abarca la red tienen que ver con entornos universitarios que promuevan la salud, incorporaci\u00f3n en los planes de estudio universitarios de formaci\u00f3n en promoci\u00f3n de la salud a nivel de grado y posgrado, investigaci\u00f3n, colaboraci\u00f3n entre los organismos de salud p\u00fablica, las instituciones comunitarias y las universidades y la oferta de servicios y actividades en el campus dirigida a promocionar la salud de la comunidad universitaria.<\/p>\n<p>En el \u00f3rgano de gobierno de la Universidad de La Laguna tambi\u00e9n se debatieron otros asuntos. As\u00ed, se aprob\u00f3 el nuevo reglamento de contrataci\u00f3n de profesorado contratado doctor en r\u00e9gimen de interinidad, de tal forma que se acortan los plazos para que este personal se incorpore a la instituci\u00f3n acad\u00e9mica, y a su vez se modific\u00f3 el reglamento para la concesi\u00f3n de premios extraordinarios de fin de titulaci\u00f3n, al objeto de que la solicitud para concurrir a estos galardones sea de oficio y no haya que presentarla individualmente.<\/p>\n<p>El Consejo de Gobierno dio el visto bueno a la memoria del servicio de inspecci\u00f3n, referida al paso curso acad\u00e9mico, y se aprobaron los reglamentos para la creaci\u00f3n y funcionamiento de las c\u00e1tedras institucionales y empresariales, as\u00ed como la puesta en marcha de una nueva aula cultural, la de Sostenibilidad, Gesti\u00f3n de los Recursos y Cambio Clim\u00e1tico.<\/p>\n","protected":false},"excerpt":{"rendered":"<p>El Consejo de Gobierno de la Universidad de La Laguna, reunido hoy jueves 29 de octubre en la Facultad de&#8230;<\/p>\n","protected":false},"author":23,"featured_media":25421,"comment_status":"open","ping_status":"open","sticky":false,"template":"","format":"standard","meta":{"inline_featured_image":false,"footnotes":""},"categories":[345,347,1],"tags":[907,2270],"acf":[],"yoast_head":"<!-- This site is optimized with the Yoast SEO plugin v21.3 - https:\/\/yoast.com\/wordpress\/plugins\/seo\/ -->\n<title>La Universidad de La Laguna se suma a la Red de Universidades Saludables - ULL - Noticias<\/title>\n<meta name=\"robots\" content=\"index, follow, max-snippet:-1, max-image-preview:large, max-video-preview:-1\" \/>\n<link rel=\"canonical\" href=\"https:\/\/www.ull.es\/portal\/noticias\/2015\/la-universidad-de-la-laguna-se-suma-a-la-red-de-universidades-saludables\/\" \/>\n<meta property=\"og:locale\" content=\"es_ES\" \/>\n<meta property=\"og:type\" content=\"article\" \/>\n<meta property=\"og:title\" content=\"La Universidad de La Laguna se suma a la Red de Universidades Saludables - ULL - Noticias\" \/>\n<meta property=\"og:description\" content=\"El Consejo de Gobierno de la Universidad de La Laguna, reunido hoy jueves 29 de octubre en la Facultad de...\" \/>\n<meta property=\"og:url\" content=\"https:\/\/www.ull.es\/portal\/noticias\/2015\/la-universidad-de-la-laguna-se-suma-a-la-red-de-universidades-saludables\/\" \/>\n<meta property=\"og:site_name\" content=\"ULL - Noticias\" \/>\n<meta property=\"article:publisher\" content=\"https:\/\/www.facebook.com\/universidaddelalaguna\/\" \/>\n<meta property=\"article:published_time\" content=\"2015-10-29T15:04:23+00:00\" \/>\n<meta property=\"og:image\" content=\"https:\/\/www.ull.es\/portal\/noticias\/wp-content\/uploads\/sites\/13\/2015\/10\/consejo-gobierno-29-octubre-2015.jpg\" \/>\n\t<meta property=\"og:image:width\" content=\"1034\" \/>\n\t<meta property=\"og:image:height\" content=\"708\" \/>\n\t<meta property=\"og:image:type\" content=\"image\/jpeg\" \/>\n<meta name=\"author\" content=\"gaprsa\" \/>\n<meta name=\"twitter:card\" content=\"summary_large_image\" \/>\n<meta name=\"twitter:creator\" content=\"@CanalULL\" \/>\n<meta name=\"twitter:site\" content=\"@CanalULL\" \/>\n<meta name=\"twitter:label1\" content=\"Escrito por\" \/>\n\t<meta name=\"twitter:data1\" content=\"gaprsa\" \/>\n\t<meta name=\"twitter:label2\" content=\"Tiempo de lectura\" \/>\n\t<meta name=\"twitter:data2\" content=\"2 minutos\" \/>\n<script type=\"application\/ld+json\" class=\"yoast-schema-graph\">{\"@context\":\"https:\/\/schema.org\",\"@graph\":[{\"@type\":\"WebPage\",\"@id\":\"https:\/\/www.ull.es\/portal\/noticias\/2015\/la-universidad-de-la-laguna-se-suma-a-la-red-de-universidades-saludables\/\",\"url\":\"https:\/\/www.ull.es\/portal\/noticias\/2015\/la-universidad-de-la-laguna-se-suma-a-la-red-de-universidades-saludables\/\",\"name\":\"La Universidad de La Laguna se suma a la Red de Universidades Saludables - ULL - Noticias\",\"isPartOf\":{\"@id\":\"https:\/\/www.ull.es\/portal\/noticias\/#website\"},\"datePublished\":\"2015-10-29T15:04:23+00:00\",\"dateModified\":\"2015-10-29T15:04:23+00:00\",\"author\":{\"@id\":\"https:\/\/www.ull.es\/portal\/noticias\/#\/schema\/person\/b2b1a89d43ffa609e591f7df8ef3e817\"},\"breadcrumb\":{\"@id\":\"https:\/\/www.ull.es\/portal\/noticias\/2015\/la-universidad-de-la-laguna-se-suma-a-la-red-de-universidades-saludables\/#breadcrumb\"},\"inLanguage\":\"es\",\"potentialAction\":[{\"@type\":\"ReadAction\",\"target\":[\"https:\/\/www.ull.es\/portal\/noticias\/2015\/la-universidad-de-la-laguna-se-suma-a-la-red-de-universidades-saludables\/\"]}]},{\"@type\":\"BreadcrumbList\",\"@id\":\"https:\/\/www.ull.es\/portal\/noticias\/2015\/la-universidad-de-la-laguna-se-suma-a-la-red-de-universidades-saludables\/#breadcrumb\",\"itemListElement\":[{\"@type\":\"ListItem\",\"position\":1,\"name\":\"Portada\",\"item\":\"https:\/\/www.ull.es\/portal\/noticias\/\"},{\"@type\":\"ListItem\",\"position\":2,\"name\":\"La Universidad de La Laguna se suma a la Red de Universidades Saludables\"}]},{\"@type\":\"WebSite\",\"@id\":\"https:\/\/www.ull.es\/portal\/noticias\/#website\",\"url\":\"https:\/\/www.ull.es\/portal\/noticias\/\",\"name\":\"ULL - Noticias\",\"description\":\"\",\"potentialAction\":[{\"@type\":\"SearchAction\",\"target\":{\"@type\":\"EntryPoint\",\"urlTemplate\":\"https:\/\/www.ull.es\/portal\/noticias\/?s={search_term_string}\"},\"query-input\":\"required name=search_term_string\"}],\"inLanguage\":\"es\"},{\"@type\":\"Person\",\"@id\":\"https:\/\/www.ull.es\/portal\/noticias\/#\/schema\/person\/b2b1a89d43ffa609e591f7df8ef3e817\",\"name\":\"gaprsa\",\"image\":{\"@type\":\"ImageObject\",\"inLanguage\":\"es\",\"@id\":\"https:\/\/www.ull.es\/portal\/noticias\/#\/schema\/person\/image\/\",\"url\":\"https:\/\/secure.gravatar.com\/avatar\/443820550921091458b4823867723b3d?s=96&d=mm&r=g\",\"contentUrl\":\"https:\/\/secure.gravatar.com\/avatar\/443820550921091458b4823867723b3d?s=96&d=mm&r=g\",\"caption\":\"gaprsa\"},\"url\":\"https:\/\/www.ull.es\/portal\/noticias\/author\/gaprsa\/\"}]}<\/script>\n<!-- \/ Yoast SEO plugin. -->","yoast_head_json":{"title":"La Universidad de La Laguna se suma a la Red de Universidades Saludables - ULL - Noticias","robots":{"index":"index","follow":"follow","max-snippet":"max-snippet:-1","max-image-preview":"max-image-preview:large","max-video-preview":"max-video-preview:-1"},"canonical":"https:\/\/www.ull.es\/portal\/noticias\/2015\/la-universidad-de-la-laguna-se-suma-a-la-red-de-universidades-saludables\/","og_locale":"es_ES","og_type":"article","og_title":"La Universidad de La Laguna se suma a la Red de Universidades Saludables - ULL - Noticias","og_description":"El Consejo de Gobierno de la Universidad de La Laguna, reunido hoy jueves 29 de octubre en la Facultad de...","og_url":"https:\/\/www.ull.es\/portal\/noticias\/2015\/la-universidad-de-la-laguna-se-suma-a-la-red-de-universidades-saludables\/","og_site_name":"ULL - Noticias","article_publisher":"https:\/\/www.facebook.com\/universidaddelalaguna\/","article_published_time":"2015-10-29T15:04:23+00:00","og_image":[{"width":1034,"height":708,"url":"https:\/\/www.ull.es\/portal\/noticias\/wp-content\/uploads\/sites\/13\/2015\/10\/consejo-gobierno-29-octubre-2015.jpg","type":"image\/jpeg"}],"author":"gaprsa","twitter_card":"summary_large_image","twitter_creator":"@CanalULL","twitter_site":"@CanalULL","twitter_misc":{"Escrito por":"gaprsa","Tiempo de lectura":"2 minutos"},"schema":{"@context":"https:\/\/schema.org","@graph":[{"@type":"WebPage","@id":"https:\/\/www.ull.es\/portal\/noticias\/2015\/la-universidad-de-la-laguna-se-suma-a-la-red-de-universidades-saludables\/","url":"https:\/\/www.ull.es\/portal\/noticias\/2015\/la-universidad-de-la-laguna-se-suma-a-la-red-de-universidades-saludables\/","name":"La Universidad de La Laguna se suma a la Red de Universidades Saludables - ULL - Noticias","isPartOf":{"@id":"https:\/\/www.ull.es\/portal\/noticias\/#website"},"datePublished":"2015-10-29T15:04:23+00:00","dateModified":"2015-10-29T15:04:23+00:00","author":{"@id":"https:\/\/www.ull.es\/portal\/noticias\/#\/schema\/person\/b2b1a89d43ffa609e591f7df8ef3e817"},"breadcrumb":{"@id":"https:\/\/www.ull.es\/portal\/noticias\/2015\/la-universidad-de-la-laguna-se-suma-a-la-red-de-universidades-saludables\/#breadcrumb"},"inLanguage":"es","potentialAction":[{"@type":"ReadAction","target":["https:\/\/www.ull.es\/portal\/noticias\/2015\/la-universidad-de-la-laguna-se-suma-a-la-red-de-universidades-saludables\/"]}]},{"@type":"BreadcrumbList","@id":"https:\/\/www.ull.es\/portal\/noticias\/2015\/la-universidad-de-la-laguna-se-suma-a-la-red-de-universidades-saludables\/#breadcrumb","itemListElement":[{"@type":"ListItem","position":1,"name":"Portada","item":"https:\/\/www.ull.es\/portal\/noticias\/"},{"@type":"ListItem","position":2,"name":"La Universidad de La Laguna se suma a la Red de Universidades Saludables"}]},{"@type":"WebSite","@id":"https:\/\/www.ull.es\/portal\/noticias\/#website","url":"https:\/\/www.ull.es\/portal\/noticias\/","name":"ULL - Noticias","description":"","potentialAction":[{"@type":"SearchAction","target":{"@type":"EntryPoint","urlTemplate":"https:\/\/www.ull.es\/portal\/noticias\/?s={search_term_string}"},"query-input":"required name=search_term_string"}],"inLanguage":"es"},{"@type":"Person","@id":"https:\/\/www.ull.es\/portal\/noticias\/#\/schema\/person\/b2b1a89d43ffa609e591f7df8ef3e817","name":"gaprsa","image":{"@type":"ImageObject","inLanguage":"es","@id":"https:\/\/www.ull.es\/portal\/noticias\/#\/schema\/person\/image\/","url":"https:\/\/secure.gravatar.com\/avatar\/443820550921091458b4823867723b3d?s=96&d=mm&r=g","contentUrl":"https:\/\/secure.gravatar.com\/avatar\/443820550921091458b4823867723b3d?s=96&d=mm&r=g","caption":"gaprsa"},"url":"https:\/\/www.ull.es\/portal\/noticias\/author\/gaprsa\/"}]}},"primary_category":null,"featured_image_thumbnail_url":"https:\/\/www.ull.es\/portal\/noticias\/wp-content\/uploads\/sites\/13\/2015\/10\/consejo-gobierno-29-octubre-2015-300x205.jpg","_links":{"self":[{"href":"https:\/\/www.ull.es\/portal\/noticias\/wp-json\/wp\/v2\/posts\/25420"}],"collection":[{"href":"https:\/\/www.ull.es\/portal\/noticias\/wp-json\/wp\/v2\/posts"}],"about":[{"href":"https:\/\/www.ull.es\/portal\/noticias\/wp-json\/wp\/v2\/types\/post"}],"author":[{"embeddable":true,"href":"https:\/\/www.ull.es\/portal\/noticias\/wp-json\/wp\/v2\/users\/23"}],"replies":[{"embeddable":true,"href":"https:\/\/www.ull.es\/portal\/noticias\/wp-json\/wp\/v2\/comments?post=25420"}],"version-history":[{"count":0,"href":"https:\/\/www.ull.es\/portal\/noticias\/wp-json\/wp\/v2\/posts\/25420\/revisions"}],"wp:featuredmedia":[{"embeddable":true,"href":"https:\/\/www.ull.es\/portal\/noticias\/wp-json\/wp\/v2\/media\/25421"}],"wp:attachment":[{"href":"https:\/\/www.ull.es\/portal\/noticias\/wp-json\/wp\/v2\/media?parent=25420"}],"wp:term":[{"taxonomy":"category","embeddable":true,"href":"https:\/\/www.ull.es\/portal\/noticias\/wp-json\/wp\/v2\/categories?post=25420"},{"taxonomy":"post_tag","embeddable":true,"href":"https:\/\/www.ull.es\/portal\/noticias\/wp-json\/wp\/v2\/tags?post=25420"}],"curies":[{"name":"wp","href":"https:\/\/api.w.org\/{rel}","templated":true}]}}