{"id":25481,"date":"2015-11-04T14:54:34","date_gmt":"2015-11-04T14:54:34","guid":{"rendered":"http:\/\/ddigital.webs.ull.es\/?p=25481"},"modified":"2015-11-04T14:54:34","modified_gmt":"2015-11-04T14:54:34","slug":"comienzan-en-la-ull-las-jornadas-sobre-el-futuro-y-la-transformacion-del-humanismo-en-la-era-de-la-tecnologia","status":"publish","type":"post","link":"https:\/\/www.ull.es\/portal\/noticias\/2015\/comienzan-en-la-ull-las-jornadas-sobre-el-futuro-y-la-transformacion-del-humanismo-en-la-era-de-la-tecnologia\/","title":{"rendered":"Comienzan en la ULL las jornadas sobre el futuro y la transformaci\u00f3n del humanismo en la era de la tecnolog\u00eda"},"content":{"rendered":"<p>Tras varios siglos en los que hab\u00eda sido la idea motriz del desarrollo social y cultural, el Humanismo ha entrado en declive con la llegada de un periodo en el cual la tecnolog\u00eda parece ser capaz de todo. De esta crisis surge la duda sobre el porvenir y las formulaciones del posthumanismo, que es, precisamente, la idea central de un seminario organizado por la C\u00e1tedra Cultural Pedro Garc\u00eda Cabrera de la Universidad de La Laguna, inaugurado hoy, mi\u00e9rcoles 4 de noviembre, en el Sal\u00f3n de Grados del Campus de Guajara.<\/p>\n<p>En el acto de apertura estuvieron presentes el vicerrector de Relaciones con la Sociedad de la ULL, Francisco Garc\u00eda; la directora del aula organizadora y del Instituto Universitario de Estudios de las Mujeres, Inmaculada Perdomo; y el vicedecano en funciones de la Facultad de Filosof\u00eda, Jos\u00e9 Manuel de C\u00f3zar.<\/p>\n<p>Garc\u00eda se\u00f1al\u00f3 la importancia de las aulas y c\u00e1tedras culturales de la ULL, dependientes de su vicerrectorado, para establecer a trav\u00e9s de su programaci\u00f3n una relaci\u00f3n m\u00e1s estrecha con la sociedad. En ese sentido, alab\u00f3 el dinamismo de estas entidades, que en las \u00faltimas dos semanas han promovido diferentes actos en la instituci\u00f3n.<\/p>\n<p>Centrado en el asunto de las jornadas, se\u00f1al\u00f3 que en este periodo se est\u00e1 viviendo un aut\u00e9ntico cambio de \u00e9poca durante el cual \u201cest\u00e1n sucediendo muchas cosas demasiado r\u00e1pido\u201d, por lo que estimo pertinente que una jornada como la de este tipo se detenga a reflexionar sobre lo que ocurre en estos momentos. Por ello, reivindic\u00f3 el papel de la filosof\u00eda y las humanidades en general porque, lejos de ser in\u00fatiles, aportan el debate sobre los valores que, muchas veces, ha estado ausente del desarrollo, con terribles consecuencias.<\/p>\n<p>La directora de la C\u00e1tedra Cultural Pedro Garc\u00eda Cabrera record\u00f3 que dicha entidad no s\u00f3lo est\u00e1 dedicada a la divulgaci\u00f3n y estudio de la obra del poeta de origen gomero que le da nombre, sino tambi\u00e9n a establecer un di\u00e1logo entre las artes, las ciencias y las humanidades, \u00e1mbitos que generalmente se consideran separados y que, seg\u00fan la docente e investigadora de la ULL, deber\u00edan superar esa barrera que los separa.<\/p>\n<p>Frente al pragmatismo exagerado de determinada ciencia, Perdomo considera que la filosof\u00eda es ahora pertinente, dado que la biotecnolog\u00eda promete grandes avances en el \u201cmejoramiento humano\u201d, ante lo cual cabe plantearse muchas dudas.<\/p>\n<p>Por su parte, el vicedecano incidi\u00f3 en esos debates \u00e9ticos: la inteligencia artificial, la nanotecnolog\u00eda o la ingenier\u00eda gen\u00e9tica puede favorecer grandes avances para la humanidad pero \u00bfqui\u00e9n podr\u00e1 acceder a ellos? Por ello, reflexion\u00f3 que se est\u00e1 dando la paradoja de dedicar mucho dinero al progreso tecnol\u00f3gico de los pa\u00edses desarrollados mientras que se cierran las puertas a quienes huyen de la barbarie, y quiz\u00e1s atender a esas personas ser\u00eda el verdadero avance humano.<\/p>\n<p>Las jornadas se desarrollar\u00e1n hoy y ma\u00f1ana d\u00eda 5 de noviembre en el Campus de Guajara, y los d\u00edas 10 y 11 del mismo mes en Tenerife Espacio de las Artes (TEA). El encuentro est\u00e1 organizado, adem\u00e1s de por la c\u00e1tedra cultural, la Fundaci\u00f3n Pedro Garc\u00eda Cabrera, el Centro de Investigaciones Biom\u00e9dicas de Canarias (Cibican) a trav\u00e9s de su proyecto Imbrain y el Vicerrectorado de Relaciones con la Sociedad. Tambi\u00e9n colaboran el Instituto Universitario de Estudios de las Mujeres de la ULL, el Ateneo de La Laguna, Tenerife Espacio de las Artes (TEA) y la Fundaci\u00f3n General de la ULL.<\/p>\n<p><strong>Conferencia inaugural<\/strong><\/p>\n<p>Tras la apertura del seminario intervino Fernando Broncano, catedr\u00e1tico de L\u00f3gica y Filosof\u00eda de la Ciencia de la Universidad Carlos III de Madrid, con la ponencia \u201cDos formas de posthumanismo: obsolescencia de lo humano u obsolescencia de las categor\u00edas\u201d. En ella disert\u00f3 sobre las diferentes corrientes que existen en torno a conceptos como posthumanismo o transhumanismo.<\/p>\n<p>Comenz\u00f3 con un recorrido por el concepto cl\u00e1sico de humanismo, que se formula durante el Renacimiento por pesadores como Pico della Mirandola y sit\u00faan al ser humano en el centro de la creaci\u00f3n. En esta primera ola proliferan los relatos ut\u00f3picos que prometen un futuro esplendoroso para los seres humanos.<\/p>\n<p>Sin embargo, con la llegada del Romanticismo arriba una segunda ola de humanismo en la que la utop\u00eda da paso a la distop\u00eda. Es la \u00e9poca de Gulliver, Frankenstein o, posteriormente, \u201cLa m\u00e1quina del tiempo\u201d, relatos que muestran ya cr\u00edtica y pesimismo sobre el porvenir.<\/p>\n<p>As\u00ed, el humanismo conlleva una controversia entre la visi\u00f3n id\u00edlica y la visi\u00f3n oscura de la civilizaci\u00f3n. Y el posthumanismo surge en la \u00e9poca actual como heredero de esa controversia, en un contexto de tecnolog\u00eda con capacidad para transformar la sociedad y a los propios seres humanos.<\/p>\n<p>As\u00ed, Broncano se\u00f1al\u00f3 que el posthumansmo es un \u201ct\u00e9rmino de derrota\u201d, que habla del declive del humanismo cl\u00e1sico. Por ello, se asocia a relatos apocal\u00edpticos sobre el porvenir: si anta\u00f1o se ten\u00eda una a\u00f1oranza por el pasado id\u00edlico y ut\u00f3pico, ahora se a\u00f1ora un futuro que ha desparecido antes de llegar.<\/p>\n","protected":false},"excerpt":{"rendered":"<p>Tras varios siglos en los que hab\u00eda sido la idea motriz del desarrollo social y cultural, el Humanismo ha entrado&#8230;<\/p>\n","protected":false},"author":23,"featured_media":25482,"comment_status":"open","ping_status":"open","sticky":false,"template":"","format":"standard","meta":{"inline_featured_image":false,"footnotes":""},"categories":[344,345,1],"tags":[584,1243,1270,1304,1502,2527,2560],"acf":[],"yoast_head":"<!-- This site is optimized with the Yoast SEO plugin v21.3 - https:\/\/yoast.com\/wordpress\/plugins\/seo\/ -->\n<title>Comienzan en la ULL las jornadas sobre el futuro y la transformaci\u00f3n del humanismo en la era de la tecnolog\u00eda - ULL - Noticias<\/title>\n<meta name=\"robots\" content=\"index, follow, max-snippet:-1, max-image-preview:large, max-video-preview:-1\" \/>\n<link rel=\"canonical\" href=\"https:\/\/www.ull.es\/portal\/noticias\/2015\/comienzan-en-la-ull-las-jornadas-sobre-el-futuro-y-la-transformacion-del-humanismo-en-la-era-de-la-tecnologia\/\" \/>\n<meta property=\"og:locale\" content=\"es_ES\" \/>\n<meta property=\"og:type\" content=\"article\" \/>\n<meta property=\"og:title\" content=\"Comienzan en la ULL las jornadas sobre el futuro y la transformaci\u00f3n del humanismo en la era de la tecnolog\u00eda - ULL - Noticias\" \/>\n<meta property=\"og:description\" content=\"Tras varios siglos en los que hab\u00eda sido la idea motriz del desarrollo social y cultural, el Humanismo ha entrado...\" \/>\n<meta property=\"og:url\" content=\"https:\/\/www.ull.es\/portal\/noticias\/2015\/comienzan-en-la-ull-las-jornadas-sobre-el-futuro-y-la-transformacion-del-humanismo-en-la-era-de-la-tecnologia\/\" \/>\n<meta property=\"og:site_name\" content=\"ULL - Noticias\" \/>\n<meta property=\"article:publisher\" content=\"https:\/\/www.facebook.com\/universidaddelalaguna\/\" \/>\n<meta property=\"article:published_time\" content=\"2015-11-04T14:54:34+00:00\" \/>\n<meta property=\"og:image\" content=\"https:\/\/www.ull.es\/portal\/noticias\/wp-content\/uploads\/sites\/13\/2015\/11\/Congreso-Posthumanismo-01.jpg\" \/>\n\t<meta property=\"og:image:width\" content=\"1034\" \/>\n\t<meta property=\"og:image:height\" content=\"708\" \/>\n\t<meta property=\"og:image:type\" content=\"image\/jpeg\" \/>\n<meta name=\"author\" content=\"gaprsa\" \/>\n<meta name=\"twitter:card\" content=\"summary_large_image\" \/>\n<meta name=\"twitter:creator\" content=\"@CanalULL\" \/>\n<meta name=\"twitter:site\" content=\"@CanalULL\" \/>\n<meta name=\"twitter:label1\" content=\"Escrito por\" \/>\n\t<meta name=\"twitter:data1\" content=\"gaprsa\" \/>\n\t<meta name=\"twitter:label2\" content=\"Tiempo de lectura\" \/>\n\t<meta name=\"twitter:data2\" content=\"4 minutos\" \/>\n<script type=\"application\/ld+json\" class=\"yoast-schema-graph\">{\"@context\":\"https:\/\/schema.org\",\"@graph\":[{\"@type\":\"WebPage\",\"@id\":\"https:\/\/www.ull.es\/portal\/noticias\/2015\/comienzan-en-la-ull-las-jornadas-sobre-el-futuro-y-la-transformacion-del-humanismo-en-la-era-de-la-tecnologia\/\",\"url\":\"https:\/\/www.ull.es\/portal\/noticias\/2015\/comienzan-en-la-ull-las-jornadas-sobre-el-futuro-y-la-transformacion-del-humanismo-en-la-era-de-la-tecnologia\/\",\"name\":\"Comienzan en la ULL las jornadas sobre el futuro y la transformaci\u00f3n del humanismo en la era de la tecnolog\u00eda - ULL - Noticias\",\"isPartOf\":{\"@id\":\"https:\/\/www.ull.es\/portal\/noticias\/#website\"},\"datePublished\":\"2015-11-04T14:54:34+00:00\",\"dateModified\":\"2015-11-04T14:54:34+00:00\",\"author\":{\"@id\":\"https:\/\/www.ull.es\/portal\/noticias\/#\/schema\/person\/b2b1a89d43ffa609e591f7df8ef3e817\"},\"breadcrumb\":{\"@id\":\"https:\/\/www.ull.es\/portal\/noticias\/2015\/comienzan-en-la-ull-las-jornadas-sobre-el-futuro-y-la-transformacion-del-humanismo-en-la-era-de-la-tecnologia\/#breadcrumb\"},\"inLanguage\":\"es\",\"potentialAction\":[{\"@type\":\"ReadAction\",\"target\":[\"https:\/\/www.ull.es\/portal\/noticias\/2015\/comienzan-en-la-ull-las-jornadas-sobre-el-futuro-y-la-transformacion-del-humanismo-en-la-era-de-la-tecnologia\/\"]}]},{\"@type\":\"BreadcrumbList\",\"@id\":\"https:\/\/www.ull.es\/portal\/noticias\/2015\/comienzan-en-la-ull-las-jornadas-sobre-el-futuro-y-la-transformacion-del-humanismo-en-la-era-de-la-tecnologia\/#breadcrumb\",\"itemListElement\":[{\"@type\":\"ListItem\",\"position\":1,\"name\":\"Portada\",\"item\":\"https:\/\/www.ull.es\/portal\/noticias\/\"},{\"@type\":\"ListItem\",\"position\":2,\"name\":\"Comienzan en la ULL las jornadas sobre el futuro y la transformaci\u00f3n del humanismo en la era de la tecnolog\u00eda\"}]},{\"@type\":\"WebSite\",\"@id\":\"https:\/\/www.ull.es\/portal\/noticias\/#website\",\"url\":\"https:\/\/www.ull.es\/portal\/noticias\/\",\"name\":\"ULL - Noticias\",\"description\":\"\",\"potentialAction\":[{\"@type\":\"SearchAction\",\"target\":{\"@type\":\"EntryPoint\",\"urlTemplate\":\"https:\/\/www.ull.es\/portal\/noticias\/?s={search_term_string}\"},\"query-input\":\"required name=search_term_string\"}],\"inLanguage\":\"es\"},{\"@type\":\"Person\",\"@id\":\"https:\/\/www.ull.es\/portal\/noticias\/#\/schema\/person\/b2b1a89d43ffa609e591f7df8ef3e817\",\"name\":\"gaprsa\",\"image\":{\"@type\":\"ImageObject\",\"inLanguage\":\"es\",\"@id\":\"https:\/\/www.ull.es\/portal\/noticias\/#\/schema\/person\/image\/\",\"url\":\"https:\/\/secure.gravatar.com\/avatar\/443820550921091458b4823867723b3d?s=96&d=mm&r=g\",\"contentUrl\":\"https:\/\/secure.gravatar.com\/avatar\/443820550921091458b4823867723b3d?s=96&d=mm&r=g\",\"caption\":\"gaprsa\"},\"url\":\"https:\/\/www.ull.es\/portal\/noticias\/author\/gaprsa\/\"}]}<\/script>\n<!-- \/ Yoast SEO plugin. -->","yoast_head_json":{"title":"Comienzan en la ULL las jornadas sobre el futuro y la transformaci\u00f3n del humanismo en la era de la tecnolog\u00eda - ULL - Noticias","robots":{"index":"index","follow":"follow","max-snippet":"max-snippet:-1","max-image-preview":"max-image-preview:large","max-video-preview":"max-video-preview:-1"},"canonical":"https:\/\/www.ull.es\/portal\/noticias\/2015\/comienzan-en-la-ull-las-jornadas-sobre-el-futuro-y-la-transformacion-del-humanismo-en-la-era-de-la-tecnologia\/","og_locale":"es_ES","og_type":"article","og_title":"Comienzan en la ULL las jornadas sobre el futuro y la transformaci\u00f3n del humanismo en la era de la tecnolog\u00eda - ULL - Noticias","og_description":"Tras varios siglos en los que hab\u00eda sido la idea motriz del desarrollo social y cultural, el Humanismo ha entrado...","og_url":"https:\/\/www.ull.es\/portal\/noticias\/2015\/comienzan-en-la-ull-las-jornadas-sobre-el-futuro-y-la-transformacion-del-humanismo-en-la-era-de-la-tecnologia\/","og_site_name":"ULL - Noticias","article_publisher":"https:\/\/www.facebook.com\/universidaddelalaguna\/","article_published_time":"2015-11-04T14:54:34+00:00","og_image":[{"width":1034,"height":708,"url":"https:\/\/www.ull.es\/portal\/noticias\/wp-content\/uploads\/sites\/13\/2015\/11\/Congreso-Posthumanismo-01.jpg","type":"image\/jpeg"}],"author":"gaprsa","twitter_card":"summary_large_image","twitter_creator":"@CanalULL","twitter_site":"@CanalULL","twitter_misc":{"Escrito por":"gaprsa","Tiempo de lectura":"4 minutos"},"schema":{"@context":"https:\/\/schema.org","@graph":[{"@type":"WebPage","@id":"https:\/\/www.ull.es\/portal\/noticias\/2015\/comienzan-en-la-ull-las-jornadas-sobre-el-futuro-y-la-transformacion-del-humanismo-en-la-era-de-la-tecnologia\/","url":"https:\/\/www.ull.es\/portal\/noticias\/2015\/comienzan-en-la-ull-las-jornadas-sobre-el-futuro-y-la-transformacion-del-humanismo-en-la-era-de-la-tecnologia\/","name":"Comienzan en la ULL las jornadas sobre el futuro y la transformaci\u00f3n del humanismo en la era de la tecnolog\u00eda - ULL - Noticias","isPartOf":{"@id":"https:\/\/www.ull.es\/portal\/noticias\/#website"},"datePublished":"2015-11-04T14:54:34+00:00","dateModified":"2015-11-04T14:54:34+00:00","author":{"@id":"https:\/\/www.ull.es\/portal\/noticias\/#\/schema\/person\/b2b1a89d43ffa609e591f7df8ef3e817"},"breadcrumb":{"@id":"https:\/\/www.ull.es\/portal\/noticias\/2015\/comienzan-en-la-ull-las-jornadas-sobre-el-futuro-y-la-transformacion-del-humanismo-en-la-era-de-la-tecnologia\/#breadcrumb"},"inLanguage":"es","potentialAction":[{"@type":"ReadAction","target":["https:\/\/www.ull.es\/portal\/noticias\/2015\/comienzan-en-la-ull-las-jornadas-sobre-el-futuro-y-la-transformacion-del-humanismo-en-la-era-de-la-tecnologia\/"]}]},{"@type":"BreadcrumbList","@id":"https:\/\/www.ull.es\/portal\/noticias\/2015\/comienzan-en-la-ull-las-jornadas-sobre-el-futuro-y-la-transformacion-del-humanismo-en-la-era-de-la-tecnologia\/#breadcrumb","itemListElement":[{"@type":"ListItem","position":1,"name":"Portada","item":"https:\/\/www.ull.es\/portal\/noticias\/"},{"@type":"ListItem","position":2,"name":"Comienzan en la ULL las jornadas sobre el futuro y la transformaci\u00f3n del humanismo en la era de la tecnolog\u00eda"}]},{"@type":"WebSite","@id":"https:\/\/www.ull.es\/portal\/noticias\/#website","url":"https:\/\/www.ull.es\/portal\/noticias\/","name":"ULL - Noticias","description":"","potentialAction":[{"@type":"SearchAction","target":{"@type":"EntryPoint","urlTemplate":"https:\/\/www.ull.es\/portal\/noticias\/?s={search_term_string}"},"query-input":"required name=search_term_string"}],"inLanguage":"es"},{"@type":"Person","@id":"https:\/\/www.ull.es\/portal\/noticias\/#\/schema\/person\/b2b1a89d43ffa609e591f7df8ef3e817","name":"gaprsa","image":{"@type":"ImageObject","inLanguage":"es","@id":"https:\/\/www.ull.es\/portal\/noticias\/#\/schema\/person\/image\/","url":"https:\/\/secure.gravatar.com\/avatar\/443820550921091458b4823867723b3d?s=96&d=mm&r=g","contentUrl":"https:\/\/secure.gravatar.com\/avatar\/443820550921091458b4823867723b3d?s=96&d=mm&r=g","caption":"gaprsa"},"url":"https:\/\/www.ull.es\/portal\/noticias\/author\/gaprsa\/"}]}},"primary_category":null,"featured_image_thumbnail_url":"https:\/\/www.ull.es\/portal\/noticias\/wp-content\/uploads\/sites\/13\/2015\/11\/Congreso-Posthumanismo-01-300x205.jpg","_links":{"self":[{"href":"https:\/\/www.ull.es\/portal\/noticias\/wp-json\/wp\/v2\/posts\/25481"}],"collection":[{"href":"https:\/\/www.ull.es\/portal\/noticias\/wp-json\/wp\/v2\/posts"}],"about":[{"href":"https:\/\/www.ull.es\/portal\/noticias\/wp-json\/wp\/v2\/types\/post"}],"author":[{"embeddable":true,"href":"https:\/\/www.ull.es\/portal\/noticias\/wp-json\/wp\/v2\/users\/23"}],"replies":[{"embeddable":true,"href":"https:\/\/www.ull.es\/portal\/noticias\/wp-json\/wp\/v2\/comments?post=25481"}],"version-history":[{"count":0,"href":"https:\/\/www.ull.es\/portal\/noticias\/wp-json\/wp\/v2\/posts\/25481\/revisions"}],"wp:featuredmedia":[{"embeddable":true,"href":"https:\/\/www.ull.es\/portal\/noticias\/wp-json\/wp\/v2\/media\/25482"}],"wp:attachment":[{"href":"https:\/\/www.ull.es\/portal\/noticias\/wp-json\/wp\/v2\/media?parent=25481"}],"wp:term":[{"taxonomy":"category","embeddable":true,"href":"https:\/\/www.ull.es\/portal\/noticias\/wp-json\/wp\/v2\/categories?post=25481"},{"taxonomy":"post_tag","embeddable":true,"href":"https:\/\/www.ull.es\/portal\/noticias\/wp-json\/wp\/v2\/tags?post=25481"}],"curies":[{"name":"wp","href":"https:\/\/api.w.org\/{rel}","templated":true}]}}