{"id":25485,"date":"2015-11-05T10:10:42","date_gmt":"2015-11-05T10:10:42","guid":{"rendered":"http:\/\/ddigital.webs.ull.es\/?p=25485"},"modified":"2015-11-05T10:10:42","modified_gmt":"2015-11-05T10:10:42","slug":"la-compania-7-y-7-concluye-su-gira-teatral-en-el-paraninfo-de-la-ull-con-el-cadaver-del-senor-garcia","status":"publish","type":"post","link":"https:\/\/www.ull.es\/portal\/noticias\/2015\/la-compania-7-y-7-concluye-su-gira-teatral-en-el-paraninfo-de-la-ull-con-el-cadaver-del-senor-garcia\/","title":{"rendered":"La compa\u00f1\u00eda 7 y 7 concluye su gira teatral en el Paraninfo de la ULL con \u00abEl cad\u00e1ver del se\u00f1or Garc\u00eda\u00bb"},"content":{"rendered":"<p>El director del grupo 7y7, Erik Hern\u00e1ndez, pone fin a su gira ma\u00f1ana viernes 6 de noviembre, a las 21:00 horas en el Paraninfo de la Universidad de La Laguna, con la interpretaci\u00f3n de la obra \u201cEl cad\u00e1ver del se\u00f1or Garc\u00eda\u201d de Jardiel Poncela.<\/p>\n<p>\u201cEl cad\u00e1ver del se\u00f1or Garc\u00eda\u201d es una comedia que narra la historia de Abelardo y su prometida Hortensia. Mientras ambos brindan por la felicidad de su inminente matrimonio, el desesperado se\u00f1or Garc\u00eda tiene la ocurrencia de colarse en el sal\u00f3n contiguo para suicidarse. Los enamorados, los porteros, las criadas, los amigos de la pareja, los vecinos de la casa, entre los que se encuentran un coronel, un orador y una recitadora rusa, un juez ceremonioso y un forense fuera de lo com\u00fan, sin olvidar la contribuci\u00f3n del se\u00f1or Garc\u00eda hecho cad\u00e1ver, forman esta galer\u00eda al servicio de una trama disparatada y repleta de originales golpes de humor.<\/p>\n<p>Erik Hern\u00e1ndez dirige a un amplio grupo de j\u00f3venes actores. En esta ocasi\u00f3n se subir\u00e1n al escenario de la ULL\u00a0 Adriana Gonz\u00e1lez, Mabel Quintero, Noelia D\u00edaz, Mar\u00eda Jos\u00e9 D\u00edaz, Luc\u00eda Grimaldi, Kiliam Su\u00e1rez, Daniel Su\u00e1rez, Fernando Serrano, Aisac Gonz\u00e1lez, William Anthony Corlett, Richard Correa y Marta Hern\u00e1ndez. La regidur\u00eda corre a cargo de Jer\u00f3nimo Gonz\u00e1lez.<\/p>\n<p>Las entradas est\u00e1n a la venta al precio de 5 euros en el Vicerrectorado de Relaciones con la Sociedad (C\/Viana, 50) en horario de 9 a 15 horas, en la cafeter\u00eda del Edificio Central de la ULL, de 8 a 20 horas, en <a href=\"http:\/\/www.tomaticket.es\/paraninfo\" target=\"_blank\" rel=\"noopener\">www.tomaticket.es\/paraninfo<\/a> y el mismo d\u00eda de la actuaci\u00f3n, en la taquilla del Paraninfo desde las 20 horas. Los asistentes disponen de estacionamiento gratuito en el aparcamiento del Edificio Central.<\/p>\n","protected":false},"excerpt":{"rendered":"<p>El director del grupo 7y7, Erik Hern\u00e1ndez, pone fin a su gira ma\u00f1ana viernes 6 de noviembre, a las 21:00&#8230;<\/p>\n","protected":false},"author":23,"featured_media":25486,"comment_status":"open","ping_status":"open","sticky":false,"template":"","format":"standard","meta":{"inline_featured_image":false,"footnotes":""},"categories":[344,345,1],"tags":[366,1103,2047,2452],"acf":[],"yoast_head":"<!-- This site is optimized with the Yoast SEO plugin v21.3 - https:\/\/yoast.com\/wordpress\/plugins\/seo\/ -->\n<title>La compa\u00f1\u00eda 7 y 7 concluye su gira teatral en el Paraninfo de la ULL con &quot;El cad\u00e1ver del se\u00f1or Garc\u00eda&quot; - ULL - Noticias<\/title>\n<meta name=\"robots\" content=\"index, follow, max-snippet:-1, max-image-preview:large, max-video-preview:-1\" \/>\n<link rel=\"canonical\" href=\"https:\/\/www.ull.es\/portal\/noticias\/2015\/la-compania-7-y-7-concluye-su-gira-teatral-en-el-paraninfo-de-la-ull-con-el-cadaver-del-senor-garcia\/\" \/>\n<meta property=\"og:locale\" content=\"es_ES\" \/>\n<meta property=\"og:type\" content=\"article\" \/>\n<meta property=\"og:title\" content=\"La compa\u00f1\u00eda 7 y 7 concluye su gira teatral en el Paraninfo de la ULL con &quot;El cad\u00e1ver del se\u00f1or Garc\u00eda&quot; - ULL - Noticias\" \/>\n<meta property=\"og:description\" content=\"El director del grupo 7y7, Erik Hern\u00e1ndez, pone fin a su gira ma\u00f1ana viernes 6 de noviembre, a las 21:00...\" \/>\n<meta property=\"og:url\" content=\"https:\/\/www.ull.es\/portal\/noticias\/2015\/la-compania-7-y-7-concluye-su-gira-teatral-en-el-paraninfo-de-la-ull-con-el-cadaver-del-senor-garcia\/\" \/>\n<meta property=\"og:site_name\" content=\"ULL - Noticias\" \/>\n<meta property=\"article:publisher\" content=\"https:\/\/www.facebook.com\/universidaddelalaguna\/\" \/>\n<meta property=\"article:published_time\" content=\"2015-11-05T10:10:42+00:00\" \/>\n<meta property=\"og:image\" content=\"https:\/\/www.ull.es\/portal\/noticias\/wp-content\/uploads\/sites\/13\/2015\/11\/cadaverse\u00f1orgarcia.jpg\" \/>\n\t<meta property=\"og:image:width\" content=\"742\" \/>\n\t<meta property=\"og:image:height\" content=\"900\" \/>\n\t<meta property=\"og:image:type\" content=\"image\/jpeg\" \/>\n<meta name=\"author\" content=\"gaprsa\" \/>\n<meta name=\"twitter:card\" content=\"summary_large_image\" \/>\n<meta name=\"twitter:creator\" content=\"@CanalULL\" \/>\n<meta name=\"twitter:site\" content=\"@CanalULL\" \/>\n<meta name=\"twitter:label1\" content=\"Escrito por\" \/>\n\t<meta name=\"twitter:data1\" content=\"gaprsa\" \/>\n\t<meta name=\"twitter:label2\" content=\"Tiempo de lectura\" \/>\n\t<meta name=\"twitter:data2\" content=\"2 minutos\" \/>\n<script type=\"application\/ld+json\" class=\"yoast-schema-graph\">{\"@context\":\"https:\/\/schema.org\",\"@graph\":[{\"@type\":\"WebPage\",\"@id\":\"https:\/\/www.ull.es\/portal\/noticias\/2015\/la-compania-7-y-7-concluye-su-gira-teatral-en-el-paraninfo-de-la-ull-con-el-cadaver-del-senor-garcia\/\",\"url\":\"https:\/\/www.ull.es\/portal\/noticias\/2015\/la-compania-7-y-7-concluye-su-gira-teatral-en-el-paraninfo-de-la-ull-con-el-cadaver-del-senor-garcia\/\",\"name\":\"La compa\u00f1\u00eda 7 y 7 concluye su gira teatral en el Paraninfo de la ULL con \\\"El cad\u00e1ver del se\u00f1or Garc\u00eda\\\" - ULL - Noticias\",\"isPartOf\":{\"@id\":\"https:\/\/www.ull.es\/portal\/noticias\/#website\"},\"datePublished\":\"2015-11-05T10:10:42+00:00\",\"dateModified\":\"2015-11-05T10:10:42+00:00\",\"author\":{\"@id\":\"https:\/\/www.ull.es\/portal\/noticias\/#\/schema\/person\/b2b1a89d43ffa609e591f7df8ef3e817\"},\"breadcrumb\":{\"@id\":\"https:\/\/www.ull.es\/portal\/noticias\/2015\/la-compania-7-y-7-concluye-su-gira-teatral-en-el-paraninfo-de-la-ull-con-el-cadaver-del-senor-garcia\/#breadcrumb\"},\"inLanguage\":\"es\",\"potentialAction\":[{\"@type\":\"ReadAction\",\"target\":[\"https:\/\/www.ull.es\/portal\/noticias\/2015\/la-compania-7-y-7-concluye-su-gira-teatral-en-el-paraninfo-de-la-ull-con-el-cadaver-del-senor-garcia\/\"]}]},{\"@type\":\"BreadcrumbList\",\"@id\":\"https:\/\/www.ull.es\/portal\/noticias\/2015\/la-compania-7-y-7-concluye-su-gira-teatral-en-el-paraninfo-de-la-ull-con-el-cadaver-del-senor-garcia\/#breadcrumb\",\"itemListElement\":[{\"@type\":\"ListItem\",\"position\":1,\"name\":\"Portada\",\"item\":\"https:\/\/www.ull.es\/portal\/noticias\/\"},{\"@type\":\"ListItem\",\"position\":2,\"name\":\"La compa\u00f1\u00eda 7 y 7 concluye su gira teatral en el Paraninfo de la ULL con \u00abEl cad\u00e1ver del se\u00f1or Garc\u00eda\u00bb\"}]},{\"@type\":\"WebSite\",\"@id\":\"https:\/\/www.ull.es\/portal\/noticias\/#website\",\"url\":\"https:\/\/www.ull.es\/portal\/noticias\/\",\"name\":\"ULL - Noticias\",\"description\":\"\",\"potentialAction\":[{\"@type\":\"SearchAction\",\"target\":{\"@type\":\"EntryPoint\",\"urlTemplate\":\"https:\/\/www.ull.es\/portal\/noticias\/?s={search_term_string}\"},\"query-input\":\"required name=search_term_string\"}],\"inLanguage\":\"es\"},{\"@type\":\"Person\",\"@id\":\"https:\/\/www.ull.es\/portal\/noticias\/#\/schema\/person\/b2b1a89d43ffa609e591f7df8ef3e817\",\"name\":\"gaprsa\",\"image\":{\"@type\":\"ImageObject\",\"inLanguage\":\"es\",\"@id\":\"https:\/\/www.ull.es\/portal\/noticias\/#\/schema\/person\/image\/\",\"url\":\"https:\/\/secure.gravatar.com\/avatar\/443820550921091458b4823867723b3d?s=96&d=mm&r=g\",\"contentUrl\":\"https:\/\/secure.gravatar.com\/avatar\/443820550921091458b4823867723b3d?s=96&d=mm&r=g\",\"caption\":\"gaprsa\"},\"url\":\"https:\/\/www.ull.es\/portal\/noticias\/author\/gaprsa\/\"}]}<\/script>\n<!-- \/ Yoast SEO plugin. -->","yoast_head_json":{"title":"La compa\u00f1\u00eda 7 y 7 concluye su gira teatral en el Paraninfo de la ULL con \"El cad\u00e1ver del se\u00f1or Garc\u00eda\" - ULL - Noticias","robots":{"index":"index","follow":"follow","max-snippet":"max-snippet:-1","max-image-preview":"max-image-preview:large","max-video-preview":"max-video-preview:-1"},"canonical":"https:\/\/www.ull.es\/portal\/noticias\/2015\/la-compania-7-y-7-concluye-su-gira-teatral-en-el-paraninfo-de-la-ull-con-el-cadaver-del-senor-garcia\/","og_locale":"es_ES","og_type":"article","og_title":"La compa\u00f1\u00eda 7 y 7 concluye su gira teatral en el Paraninfo de la ULL con \"El cad\u00e1ver del se\u00f1or Garc\u00eda\" - ULL - Noticias","og_description":"El director del grupo 7y7, Erik Hern\u00e1ndez, pone fin a su gira ma\u00f1ana viernes 6 de noviembre, a las 21:00...","og_url":"https:\/\/www.ull.es\/portal\/noticias\/2015\/la-compania-7-y-7-concluye-su-gira-teatral-en-el-paraninfo-de-la-ull-con-el-cadaver-del-senor-garcia\/","og_site_name":"ULL - Noticias","article_publisher":"https:\/\/www.facebook.com\/universidaddelalaguna\/","article_published_time":"2015-11-05T10:10:42+00:00","og_image":[{"width":742,"height":900,"url":"https:\/\/www.ull.es\/portal\/noticias\/wp-content\/uploads\/sites\/13\/2015\/11\/cadaverse\u00f1orgarcia.jpg","type":"image\/jpeg"}],"author":"gaprsa","twitter_card":"summary_large_image","twitter_creator":"@CanalULL","twitter_site":"@CanalULL","twitter_misc":{"Escrito por":"gaprsa","Tiempo de lectura":"2 minutos"},"schema":{"@context":"https:\/\/schema.org","@graph":[{"@type":"WebPage","@id":"https:\/\/www.ull.es\/portal\/noticias\/2015\/la-compania-7-y-7-concluye-su-gira-teatral-en-el-paraninfo-de-la-ull-con-el-cadaver-del-senor-garcia\/","url":"https:\/\/www.ull.es\/portal\/noticias\/2015\/la-compania-7-y-7-concluye-su-gira-teatral-en-el-paraninfo-de-la-ull-con-el-cadaver-del-senor-garcia\/","name":"La compa\u00f1\u00eda 7 y 7 concluye su gira teatral en el Paraninfo de la ULL con \"El cad\u00e1ver del se\u00f1or Garc\u00eda\" - ULL - Noticias","isPartOf":{"@id":"https:\/\/www.ull.es\/portal\/noticias\/#website"},"datePublished":"2015-11-05T10:10:42+00:00","dateModified":"2015-11-05T10:10:42+00:00","author":{"@id":"https:\/\/www.ull.es\/portal\/noticias\/#\/schema\/person\/b2b1a89d43ffa609e591f7df8ef3e817"},"breadcrumb":{"@id":"https:\/\/www.ull.es\/portal\/noticias\/2015\/la-compania-7-y-7-concluye-su-gira-teatral-en-el-paraninfo-de-la-ull-con-el-cadaver-del-senor-garcia\/#breadcrumb"},"inLanguage":"es","potentialAction":[{"@type":"ReadAction","target":["https:\/\/www.ull.es\/portal\/noticias\/2015\/la-compania-7-y-7-concluye-su-gira-teatral-en-el-paraninfo-de-la-ull-con-el-cadaver-del-senor-garcia\/"]}]},{"@type":"BreadcrumbList","@id":"https:\/\/www.ull.es\/portal\/noticias\/2015\/la-compania-7-y-7-concluye-su-gira-teatral-en-el-paraninfo-de-la-ull-con-el-cadaver-del-senor-garcia\/#breadcrumb","itemListElement":[{"@type":"ListItem","position":1,"name":"Portada","item":"https:\/\/www.ull.es\/portal\/noticias\/"},{"@type":"ListItem","position":2,"name":"La compa\u00f1\u00eda 7 y 7 concluye su gira teatral en el Paraninfo de la ULL con \u00abEl cad\u00e1ver del se\u00f1or Garc\u00eda\u00bb"}]},{"@type":"WebSite","@id":"https:\/\/www.ull.es\/portal\/noticias\/#website","url":"https:\/\/www.ull.es\/portal\/noticias\/","name":"ULL - Noticias","description":"","potentialAction":[{"@type":"SearchAction","target":{"@type":"EntryPoint","urlTemplate":"https:\/\/www.ull.es\/portal\/noticias\/?s={search_term_string}"},"query-input":"required name=search_term_string"}],"inLanguage":"es"},{"@type":"Person","@id":"https:\/\/www.ull.es\/portal\/noticias\/#\/schema\/person\/b2b1a89d43ffa609e591f7df8ef3e817","name":"gaprsa","image":{"@type":"ImageObject","inLanguage":"es","@id":"https:\/\/www.ull.es\/portal\/noticias\/#\/schema\/person\/image\/","url":"https:\/\/secure.gravatar.com\/avatar\/443820550921091458b4823867723b3d?s=96&d=mm&r=g","contentUrl":"https:\/\/secure.gravatar.com\/avatar\/443820550921091458b4823867723b3d?s=96&d=mm&r=g","caption":"gaprsa"},"url":"https:\/\/www.ull.es\/portal\/noticias\/author\/gaprsa\/"}]}},"primary_category":null,"featured_image_thumbnail_url":"https:\/\/www.ull.es\/portal\/noticias\/wp-content\/uploads\/sites\/13\/2015\/11\/cadaverse\u00f1orgarcia-247x300.jpg","_links":{"self":[{"href":"https:\/\/www.ull.es\/portal\/noticias\/wp-json\/wp\/v2\/posts\/25485"}],"collection":[{"href":"https:\/\/www.ull.es\/portal\/noticias\/wp-json\/wp\/v2\/posts"}],"about":[{"href":"https:\/\/www.ull.es\/portal\/noticias\/wp-json\/wp\/v2\/types\/post"}],"author":[{"embeddable":true,"href":"https:\/\/www.ull.es\/portal\/noticias\/wp-json\/wp\/v2\/users\/23"}],"replies":[{"embeddable":true,"href":"https:\/\/www.ull.es\/portal\/noticias\/wp-json\/wp\/v2\/comments?post=25485"}],"version-history":[{"count":0,"href":"https:\/\/www.ull.es\/portal\/noticias\/wp-json\/wp\/v2\/posts\/25485\/revisions"}],"wp:featuredmedia":[{"embeddable":true,"href":"https:\/\/www.ull.es\/portal\/noticias\/wp-json\/wp\/v2\/media\/25486"}],"wp:attachment":[{"href":"https:\/\/www.ull.es\/portal\/noticias\/wp-json\/wp\/v2\/media?parent=25485"}],"wp:term":[{"taxonomy":"category","embeddable":true,"href":"https:\/\/www.ull.es\/portal\/noticias\/wp-json\/wp\/v2\/categories?post=25485"},{"taxonomy":"post_tag","embeddable":true,"href":"https:\/\/www.ull.es\/portal\/noticias\/wp-json\/wp\/v2\/tags?post=25485"}],"curies":[{"name":"wp","href":"https:\/\/api.w.org\/{rel}","templated":true}]}}