{"id":25493,"date":"2015-11-06T13:06:26","date_gmt":"2015-11-06T13:06:26","guid":{"rendered":"http:\/\/ddigital.webs.ull.es\/?p=25493"},"modified":"2015-11-06T13:06:26","modified_gmt":"2015-11-06T13:06:26","slug":"alumni-ull-inicia-el-curso-con-actividades-de-agriculutra-ecologica-oratoria-y-senderismo","status":"publish","type":"post","link":"https:\/\/www.ull.es\/portal\/noticias\/2015\/alumni-ull-inicia-el-curso-con-actividades-de-agriculutra-ecologica-oratoria-y-senderismo\/","title":{"rendered":"Alumni ULL inicia el curso con actividades de agricultura ecol\u00f3gica, oratoria y senderismo"},"content":{"rendered":"<p>La Asociaci\u00f3n de Antiguos Alumnos y Amigos de la Universidad de La Laguna, Alumni ULL, ha abierto el curso acad\u00e9mico 2015\/16 con un variado programa de actos. De hecho, ya tiene organizadas tres pr\u00f3ximas actividades, dedicadas a la agricultura ecol\u00f3gica, la oratoria y el senderismo.<\/p>\n<p>El Seminario Permanente de Agricultura Ecol\u00f3gica de la Universidad de La Laguna colabora en la primera acci\u00f3n, que pretende que el alumnado inscrito se adentre en los aspectos m\u00e1s importantes de este \u00e1mbito. Pretende ser un curso eminentemente pr\u00e1ctico, para que se pueda acumular la mayor experiencia posible en campo, desde la preparaci\u00f3n del terreno y plantaci\u00f3n para papas y arvejas, a semilleros, siembra, trasplantes, compostajes, purines, tratamientos, abono verde, importancia de la semilla local, rotaciones y huertos caseros, adem\u00e1s de los conocimientos te\u00f3ricos necesarios.<\/p>\n<p>El curso, reconocido con dos cr\u00e9ditos ECTS, ser\u00e1 impartido por los profesores Antonio Perdomo (Departamento de Ingenier\u00eda Agraria, N\u00e1utica, Civil y Mar\u00edtima y jefe de la Agencia de Extensi\u00f3n Agraria); Antonio Francisco Marrero (Departamento de Ingenier\u00eda Agraria, N\u00e1utica, Civil y Mar\u00edtima); Miguel Santos Ben\u00edtez (PAS, especialista en gesti\u00f3n de residuos agr\u00edcolas y ganaderos); Javier L\u00f3pez Cepero (t\u00e9cnico de COPLACA); y Manuel Puerta Gonz\u00e1lez (t\u00e9cnico de COPLACA), m\u00e1s los componentes del seminario.<\/p>\n<p>Esta acci\u00f3n se desarrollar\u00e1 en las parcelas de la Secci\u00f3n de Ingenier\u00eda Agraria todos los viernes, desde el 27 de noviembre de 2015 a 13 de mayo de 2016, en horario de 16 a 19 horas. M\u00e1s informaci\u00f3n en el enlace: <a href=\"http:\/\/www.alumniull.es\/images\/Trptico%20Curso%20Agricultura%20Ecolgica.pdf\" target=\"_blank\" rel=\"noopener\">http:\/\/www.alumniull.es\/images\/Trptico%20Curso%20Agricultura%20Ecolgica.pdf<\/a> y en el tel\u00e9fono de Alumni ULL 922 31 96 25 o en el correo\u00a0 <a href=\"mailto:aaaa@ull.es\" target=\"_blank\" rel=\"noopener\">aaaa@ull.es<\/a>. Las inscripciones est\u00e1n en <a href=\"https:\/\/tcourse.osl.ull.es\/gestion\/cursos\/2877\/\" target=\"_blank\" rel=\"noopener\">https:\/\/tcourse.osl.ull.es\/gestion\/cursos\/2877\/<\/a><\/p>\n<p>El taller sobre c\u00f3mo hablar en p\u00fablico, dirigido por el actor y escritor Alberto Omar, tendr\u00e1 lugar los d\u00edas 23, 24 y 25 de noviembre de 2015, de 16,30 a 20,30 horas, en las dependencias de la Universidad de La Laguna en Viana 50, y sede de la asociaci\u00f3n convocante. La informaci\u00f3n sobre esta actividad figura en <a href=\"http:\/\/www.alumniull.es\/images\/Curso%20ORATORIA%20Walls.pdf\" target=\"_blank\" rel=\"noopener\">http:\/\/www.alumniull.es\/images\/Curso%20ORATORIA%20Walls.pdf<\/a>, adem\u00e1s del tel\u00e9fono y correo electr\u00f3nico indicados anteriormente.<\/p>\n<p>Alumni ULL ha programado para este curso cuatro actividades de senderismo para todos los p\u00fablicos. Se pretende conocer diferentes zonas de la isla de Tenerife y disfrutar de su gastronom\u00eda. El gu\u00eda ser\u00e1 Jos\u00e9 Francisco Rodr\u00edguez, monitor de senderismo tem\u00e1tico e interpretaci\u00f3n del patrimonio, con m\u00e1s de doce a\u00f1os de experiencia como t\u00e9cnico deportivo en senderismo en el Servicio de Deportes de la Universidad de La Laguna.<\/p>\n<p>La primera actividad recorrer\u00e1 \u2018El monte de las brujas\u2019, entre Tacoronte y La Matanza, y se celebrar\u00e1 el s\u00e1bado 14 de noviembre. M\u00e1s datos sobre esta iniciativa pueden encontrarse en\u00a0 <a href=\"http:\/\/www.alumniull.es\/images\/RUTA%20TACORONTE-LA%20MATANZA%2014-11-2015.pdf\" target=\"_blank\" rel=\"noopener\">http:\/\/www.alumniull.es\/images\/RUTA%20TACORONTE-LA%20MATANZA%2014-11-2015.pdf<\/a><\/p>\n<p>Las siguientes salidas previstas son la ruta del almendro en flor, entre Santiago del Teide y Gu\u00eda de Isora, el s\u00e1bado 6 de febrero de 2016; la ruta etnogr\u00e1fica por Roque Negro, en Anaga, el 23 de abril de 2016; y la ruta de La Cebolla por Los Carrizales, en el Macizo de Teno, el 18 de junio de 2016.<\/p>\n","protected":false},"excerpt":{"rendered":"<p>La Asociaci\u00f3n de Antiguos Alumnos y Amigos de la Universidad de La Laguna, Alumni ULL, ha abierto el curso acad\u00e9mico&#8230;<\/p>\n","protected":false},"author":23,"featured_media":25495,"comment_status":"open","ping_status":"open","sticky":false,"template":"","format":"standard","meta":{"inline_featured_image":false,"footnotes":""},"categories":[344,345,1],"tags":[464],"acf":[],"yoast_head":"<!-- This site is optimized with the Yoast SEO plugin v21.3 - https:\/\/yoast.com\/wordpress\/plugins\/seo\/ -->\n<title>Alumni ULL inicia el curso con actividades de agricultura ecol\u00f3gica, oratoria y senderismo - ULL - Noticias<\/title>\n<meta name=\"robots\" content=\"index, follow, max-snippet:-1, max-image-preview:large, max-video-preview:-1\" \/>\n<link rel=\"canonical\" href=\"https:\/\/www.ull.es\/portal\/noticias\/2015\/alumni-ull-inicia-el-curso-con-actividades-de-agriculutra-ecologica-oratoria-y-senderismo\/\" \/>\n<meta property=\"og:locale\" content=\"es_ES\" \/>\n<meta property=\"og:type\" content=\"article\" \/>\n<meta property=\"og:title\" content=\"Alumni ULL inicia el curso con actividades de agricultura ecol\u00f3gica, oratoria y senderismo - ULL - Noticias\" \/>\n<meta property=\"og:description\" content=\"La Asociaci\u00f3n de Antiguos Alumnos y Amigos de la Universidad de La Laguna, Alumni ULL, ha abierto el curso acad\u00e9mico...\" \/>\n<meta property=\"og:url\" content=\"https:\/\/www.ull.es\/portal\/noticias\/2015\/alumni-ull-inicia-el-curso-con-actividades-de-agriculutra-ecologica-oratoria-y-senderismo\/\" \/>\n<meta property=\"og:site_name\" content=\"ULL - Noticias\" \/>\n<meta property=\"article:publisher\" content=\"https:\/\/www.facebook.com\/universidaddelalaguna\/\" \/>\n<meta property=\"article:published_time\" content=\"2015-11-06T13:06:26+00:00\" \/>\n<meta property=\"og:image\" content=\"https:\/\/www.ull.es\/portal\/noticias\/wp-content\/uploads\/sites\/13\/2015\/11\/alumni.jpg\" \/>\n\t<meta property=\"og:image:width\" content=\"1214\" \/>\n\t<meta property=\"og:image:height\" content=\"893\" \/>\n\t<meta property=\"og:image:type\" content=\"image\/jpeg\" \/>\n<meta name=\"author\" content=\"gaprsa\" \/>\n<meta name=\"twitter:card\" content=\"summary_large_image\" \/>\n<meta name=\"twitter:creator\" content=\"@CanalULL\" \/>\n<meta name=\"twitter:site\" content=\"@CanalULL\" \/>\n<meta name=\"twitter:label1\" content=\"Escrito por\" \/>\n\t<meta name=\"twitter:data1\" content=\"gaprsa\" \/>\n\t<meta name=\"twitter:label2\" content=\"Tiempo de lectura\" \/>\n\t<meta name=\"twitter:data2\" content=\"3 minutos\" \/>\n<script type=\"application\/ld+json\" class=\"yoast-schema-graph\">{\"@context\":\"https:\/\/schema.org\",\"@graph\":[{\"@type\":\"WebPage\",\"@id\":\"https:\/\/www.ull.es\/portal\/noticias\/2015\/alumni-ull-inicia-el-curso-con-actividades-de-agriculutra-ecologica-oratoria-y-senderismo\/\",\"url\":\"https:\/\/www.ull.es\/portal\/noticias\/2015\/alumni-ull-inicia-el-curso-con-actividades-de-agriculutra-ecologica-oratoria-y-senderismo\/\",\"name\":\"Alumni ULL inicia el curso con actividades de agricultura ecol\u00f3gica, oratoria y senderismo - ULL - Noticias\",\"isPartOf\":{\"@id\":\"https:\/\/www.ull.es\/portal\/noticias\/#website\"},\"datePublished\":\"2015-11-06T13:06:26+00:00\",\"dateModified\":\"2015-11-06T13:06:26+00:00\",\"author\":{\"@id\":\"https:\/\/www.ull.es\/portal\/noticias\/#\/schema\/person\/b2b1a89d43ffa609e591f7df8ef3e817\"},\"breadcrumb\":{\"@id\":\"https:\/\/www.ull.es\/portal\/noticias\/2015\/alumni-ull-inicia-el-curso-con-actividades-de-agriculutra-ecologica-oratoria-y-senderismo\/#breadcrumb\"},\"inLanguage\":\"es\",\"potentialAction\":[{\"@type\":\"ReadAction\",\"target\":[\"https:\/\/www.ull.es\/portal\/noticias\/2015\/alumni-ull-inicia-el-curso-con-actividades-de-agriculutra-ecologica-oratoria-y-senderismo\/\"]}]},{\"@type\":\"BreadcrumbList\",\"@id\":\"https:\/\/www.ull.es\/portal\/noticias\/2015\/alumni-ull-inicia-el-curso-con-actividades-de-agriculutra-ecologica-oratoria-y-senderismo\/#breadcrumb\",\"itemListElement\":[{\"@type\":\"ListItem\",\"position\":1,\"name\":\"Portada\",\"item\":\"https:\/\/www.ull.es\/portal\/noticias\/\"},{\"@type\":\"ListItem\",\"position\":2,\"name\":\"Alumni ULL inicia el curso con actividades de agricultura ecol\u00f3gica, oratoria y senderismo\"}]},{\"@type\":\"WebSite\",\"@id\":\"https:\/\/www.ull.es\/portal\/noticias\/#website\",\"url\":\"https:\/\/www.ull.es\/portal\/noticias\/\",\"name\":\"ULL - Noticias\",\"description\":\"\",\"potentialAction\":[{\"@type\":\"SearchAction\",\"target\":{\"@type\":\"EntryPoint\",\"urlTemplate\":\"https:\/\/www.ull.es\/portal\/noticias\/?s={search_term_string}\"},\"query-input\":\"required name=search_term_string\"}],\"inLanguage\":\"es\"},{\"@type\":\"Person\",\"@id\":\"https:\/\/www.ull.es\/portal\/noticias\/#\/schema\/person\/b2b1a89d43ffa609e591f7df8ef3e817\",\"name\":\"gaprsa\",\"image\":{\"@type\":\"ImageObject\",\"inLanguage\":\"es\",\"@id\":\"https:\/\/www.ull.es\/portal\/noticias\/#\/schema\/person\/image\/\",\"url\":\"https:\/\/secure.gravatar.com\/avatar\/443820550921091458b4823867723b3d?s=96&d=mm&r=g\",\"contentUrl\":\"https:\/\/secure.gravatar.com\/avatar\/443820550921091458b4823867723b3d?s=96&d=mm&r=g\",\"caption\":\"gaprsa\"},\"url\":\"https:\/\/www.ull.es\/portal\/noticias\/author\/gaprsa\/\"}]}<\/script>\n<!-- \/ Yoast SEO plugin. -->","yoast_head_json":{"title":"Alumni ULL inicia el curso con actividades de agricultura ecol\u00f3gica, oratoria y senderismo - ULL - Noticias","robots":{"index":"index","follow":"follow","max-snippet":"max-snippet:-1","max-image-preview":"max-image-preview:large","max-video-preview":"max-video-preview:-1"},"canonical":"https:\/\/www.ull.es\/portal\/noticias\/2015\/alumni-ull-inicia-el-curso-con-actividades-de-agriculutra-ecologica-oratoria-y-senderismo\/","og_locale":"es_ES","og_type":"article","og_title":"Alumni ULL inicia el curso con actividades de agricultura ecol\u00f3gica, oratoria y senderismo - ULL - Noticias","og_description":"La Asociaci\u00f3n de Antiguos Alumnos y Amigos de la Universidad de La Laguna, Alumni ULL, ha abierto el curso acad\u00e9mico...","og_url":"https:\/\/www.ull.es\/portal\/noticias\/2015\/alumni-ull-inicia-el-curso-con-actividades-de-agriculutra-ecologica-oratoria-y-senderismo\/","og_site_name":"ULL - Noticias","article_publisher":"https:\/\/www.facebook.com\/universidaddelalaguna\/","article_published_time":"2015-11-06T13:06:26+00:00","og_image":[{"width":1214,"height":893,"url":"https:\/\/www.ull.es\/portal\/noticias\/wp-content\/uploads\/sites\/13\/2015\/11\/alumni.jpg","type":"image\/jpeg"}],"author":"gaprsa","twitter_card":"summary_large_image","twitter_creator":"@CanalULL","twitter_site":"@CanalULL","twitter_misc":{"Escrito por":"gaprsa","Tiempo de lectura":"3 minutos"},"schema":{"@context":"https:\/\/schema.org","@graph":[{"@type":"WebPage","@id":"https:\/\/www.ull.es\/portal\/noticias\/2015\/alumni-ull-inicia-el-curso-con-actividades-de-agriculutra-ecologica-oratoria-y-senderismo\/","url":"https:\/\/www.ull.es\/portal\/noticias\/2015\/alumni-ull-inicia-el-curso-con-actividades-de-agriculutra-ecologica-oratoria-y-senderismo\/","name":"Alumni ULL inicia el curso con actividades de agricultura ecol\u00f3gica, oratoria y senderismo - ULL - Noticias","isPartOf":{"@id":"https:\/\/www.ull.es\/portal\/noticias\/#website"},"datePublished":"2015-11-06T13:06:26+00:00","dateModified":"2015-11-06T13:06:26+00:00","author":{"@id":"https:\/\/www.ull.es\/portal\/noticias\/#\/schema\/person\/b2b1a89d43ffa609e591f7df8ef3e817"},"breadcrumb":{"@id":"https:\/\/www.ull.es\/portal\/noticias\/2015\/alumni-ull-inicia-el-curso-con-actividades-de-agriculutra-ecologica-oratoria-y-senderismo\/#breadcrumb"},"inLanguage":"es","potentialAction":[{"@type":"ReadAction","target":["https:\/\/www.ull.es\/portal\/noticias\/2015\/alumni-ull-inicia-el-curso-con-actividades-de-agriculutra-ecologica-oratoria-y-senderismo\/"]}]},{"@type":"BreadcrumbList","@id":"https:\/\/www.ull.es\/portal\/noticias\/2015\/alumni-ull-inicia-el-curso-con-actividades-de-agriculutra-ecologica-oratoria-y-senderismo\/#breadcrumb","itemListElement":[{"@type":"ListItem","position":1,"name":"Portada","item":"https:\/\/www.ull.es\/portal\/noticias\/"},{"@type":"ListItem","position":2,"name":"Alumni ULL inicia el curso con actividades de agricultura ecol\u00f3gica, oratoria y senderismo"}]},{"@type":"WebSite","@id":"https:\/\/www.ull.es\/portal\/noticias\/#website","url":"https:\/\/www.ull.es\/portal\/noticias\/","name":"ULL - Noticias","description":"","potentialAction":[{"@type":"SearchAction","target":{"@type":"EntryPoint","urlTemplate":"https:\/\/www.ull.es\/portal\/noticias\/?s={search_term_string}"},"query-input":"required name=search_term_string"}],"inLanguage":"es"},{"@type":"Person","@id":"https:\/\/www.ull.es\/portal\/noticias\/#\/schema\/person\/b2b1a89d43ffa609e591f7df8ef3e817","name":"gaprsa","image":{"@type":"ImageObject","inLanguage":"es","@id":"https:\/\/www.ull.es\/portal\/noticias\/#\/schema\/person\/image\/","url":"https:\/\/secure.gravatar.com\/avatar\/443820550921091458b4823867723b3d?s=96&d=mm&r=g","contentUrl":"https:\/\/secure.gravatar.com\/avatar\/443820550921091458b4823867723b3d?s=96&d=mm&r=g","caption":"gaprsa"},"url":"https:\/\/www.ull.es\/portal\/noticias\/author\/gaprsa\/"}]}},"primary_category":null,"featured_image_thumbnail_url":"https:\/\/www.ull.es\/portal\/noticias\/wp-content\/uploads\/sites\/13\/2015\/11\/alumni-300x221.jpg","_links":{"self":[{"href":"https:\/\/www.ull.es\/portal\/noticias\/wp-json\/wp\/v2\/posts\/25493"}],"collection":[{"href":"https:\/\/www.ull.es\/portal\/noticias\/wp-json\/wp\/v2\/posts"}],"about":[{"href":"https:\/\/www.ull.es\/portal\/noticias\/wp-json\/wp\/v2\/types\/post"}],"author":[{"embeddable":true,"href":"https:\/\/www.ull.es\/portal\/noticias\/wp-json\/wp\/v2\/users\/23"}],"replies":[{"embeddable":true,"href":"https:\/\/www.ull.es\/portal\/noticias\/wp-json\/wp\/v2\/comments?post=25493"}],"version-history":[{"count":0,"href":"https:\/\/www.ull.es\/portal\/noticias\/wp-json\/wp\/v2\/posts\/25493\/revisions"}],"wp:featuredmedia":[{"embeddable":true,"href":"https:\/\/www.ull.es\/portal\/noticias\/wp-json\/wp\/v2\/media\/25495"}],"wp:attachment":[{"href":"https:\/\/www.ull.es\/portal\/noticias\/wp-json\/wp\/v2\/media?parent=25493"}],"wp:term":[{"taxonomy":"category","embeddable":true,"href":"https:\/\/www.ull.es\/portal\/noticias\/wp-json\/wp\/v2\/categories?post=25493"},{"taxonomy":"post_tag","embeddable":true,"href":"https:\/\/www.ull.es\/portal\/noticias\/wp-json\/wp\/v2\/tags?post=25493"}],"curies":[{"name":"wp","href":"https:\/\/api.w.org\/{rel}","templated":true}]}}