{"id":25569,"date":"2015-11-12T13:15:18","date_gmt":"2015-11-12T13:15:18","guid":{"rendered":"http:\/\/ddigital.webs.ull.es\/?p=25569"},"modified":"2015-11-12T13:15:18","modified_gmt":"2015-11-12T13:15:18","slug":"la-camerata-lacunensis-ofrece-un-concierto-benefico-en-el-paraninfo-de-la-ull","status":"publish","type":"post","link":"https:\/\/www.ull.es\/portal\/noticias\/2015\/la-camerata-lacunensis-ofrece-un-concierto-benefico-en-el-paraninfo-de-la-ull\/","title":{"rendered":"La Camerata Lacunensis ofrece un concierto ben\u00e9fico en el Paraninfo de la ULL"},"content":{"rendered":"<p>La formaci\u00f3n coral de la Universidad de La Laguna Camerata Lacunensis ofrecer\u00e1 en el Paraninfo de la instituci\u00f3n acad\u00e9mica ma\u00f1ana viernes 13 de noviembre, a las 21 horas, un concierto cuyos beneficios ir\u00e1n destinados a la ONGD Entreculturas.<\/p>\n<p>El evento, presentado por Alicia Rodr\u00edguez, servir\u00e1 para disfrutar de uno de los mejores coros de Espa\u00f1a y conocer la labor que realiza Entreculturas. Camerata Lacunensis ha preparado para esta ocasi\u00f3n un programa variado que contiene piezas tanto de su repertorio sacro como de car\u00e1cter m\u00e1s popular, que har\u00e1 un recorrido por autores de diferentes puntos geogr\u00e1ficos. De esta forma la Camerata hace un gui\u00f1o a la organizaci\u00f3n Entreculturas, que busca mejorar las condiciones de vida de poblaciones vulnerables a trav\u00e9s de la educaci\u00f3n en pa\u00edses de Am\u00e9rica, Asia y \u00c1frica.<\/p>\n<p>La ONGD comenz\u00f3 su andadura en 1955 cuando el padre V\u00e9laz cre\u00f3 la primera escuela en un suburbio de Caracas (Venezuela) dando origen a Fe y Alegr\u00eda. Esta organizaci\u00f3n jesuita ha trabajado con miles de ni\u00f1os en todo el mundo.<\/p>\n<p>Entreculturas apoya al Servicio Jesuita de Refugiados (JRS) en sus programas de educaci\u00f3n de ni\u00f1os, j\u00f3venes y personas adultas, dando prioridad a aquellos cuya situaci\u00f3n es m\u00e1s urgente y no es atendida por otros. En la actualidad, el JRS atiende a casi 800.000 personas. Junto a ellos, su objetivo es \u201cconseguir un mundo sin fronteras, donde la gente pueda moverse libre y segura y donde prime la hospitalidad\u201d, aseguran.<\/p>\n<p>Las entradas est\u00e1n a la venta al precio de 10 euros en el Vicerrectorado de Relaciones con la Sociedad, en horario de 9 a 14 horas; en la cafeter\u00eda del Edificio Central de la ULL de 8 a 20 horas, en <a href=\"http:\/\/www.tomaticket.es\/paraninfo\" target=\"_blank\" rel=\"noopener\">www.tomaticket.es\/paraninfo<\/a> y en la taquilla del Paraninfo el mismo d\u00eda del evento, una hora antes del inicio del espect\u00e1culo.<\/p>\n","protected":false},"excerpt":{"rendered":"<p>La formaci\u00f3n coral de la Universidad de La Laguna Camerata Lacunensis ofrecer\u00e1 en el Paraninfo de la instituci\u00f3n acad\u00e9mica ma\u00f1ana&#8230;<\/p>\n","protected":false},"author":23,"featured_media":25570,"comment_status":"open","ping_status":"open","sticky":false,"template":"","format":"standard","meta":{"inline_featured_image":false,"footnotes":""},"categories":[344,345,1],"tags":[681,1147],"acf":[],"yoast_head":"<!-- This site is optimized with the Yoast SEO plugin v21.3 - https:\/\/yoast.com\/wordpress\/plugins\/seo\/ -->\n<title>La Camerata Lacunensis ofrece un concierto ben\u00e9fico en el Paraninfo de la ULL - ULL - Noticias<\/title>\n<meta name=\"robots\" content=\"index, follow, max-snippet:-1, max-image-preview:large, max-video-preview:-1\" \/>\n<link rel=\"canonical\" href=\"https:\/\/www.ull.es\/portal\/noticias\/2015\/la-camerata-lacunensis-ofrece-un-concierto-benefico-en-el-paraninfo-de-la-ull\/\" \/>\n<meta property=\"og:locale\" content=\"es_ES\" \/>\n<meta property=\"og:type\" content=\"article\" \/>\n<meta property=\"og:title\" content=\"La Camerata Lacunensis ofrece un concierto ben\u00e9fico en el Paraninfo de la ULL - ULL - Noticias\" \/>\n<meta property=\"og:description\" content=\"La formaci\u00f3n coral de la Universidad de La Laguna Camerata Lacunensis ofrecer\u00e1 en el Paraninfo de la instituci\u00f3n acad\u00e9mica ma\u00f1ana...\" \/>\n<meta property=\"og:url\" content=\"https:\/\/www.ull.es\/portal\/noticias\/2015\/la-camerata-lacunensis-ofrece-un-concierto-benefico-en-el-paraninfo-de-la-ull\/\" \/>\n<meta property=\"og:site_name\" content=\"ULL - Noticias\" \/>\n<meta property=\"article:publisher\" content=\"https:\/\/www.facebook.com\/universidaddelalaguna\/\" \/>\n<meta property=\"article:published_time\" content=\"2015-11-12T13:15:18+00:00\" \/>\n<meta property=\"og:image\" content=\"https:\/\/www.ull.es\/portal\/noticias\/wp-content\/uploads\/sites\/13\/2015\/11\/entreculturas.jpg\" \/>\n\t<meta property=\"og:image:width\" content=\"732\" \/>\n\t<meta property=\"og:image:height\" content=\"1024\" \/>\n\t<meta property=\"og:image:type\" content=\"image\/jpeg\" \/>\n<meta name=\"author\" content=\"gaprsa\" \/>\n<meta name=\"twitter:card\" content=\"summary_large_image\" \/>\n<meta name=\"twitter:creator\" content=\"@CanalULL\" \/>\n<meta name=\"twitter:site\" content=\"@CanalULL\" \/>\n<meta name=\"twitter:label1\" content=\"Escrito por\" \/>\n\t<meta name=\"twitter:data1\" content=\"gaprsa\" \/>\n\t<meta name=\"twitter:label2\" content=\"Tiempo de lectura\" \/>\n\t<meta name=\"twitter:data2\" content=\"2 minutos\" \/>\n<script type=\"application\/ld+json\" class=\"yoast-schema-graph\">{\"@context\":\"https:\/\/schema.org\",\"@graph\":[{\"@type\":\"WebPage\",\"@id\":\"https:\/\/www.ull.es\/portal\/noticias\/2015\/la-camerata-lacunensis-ofrece-un-concierto-benefico-en-el-paraninfo-de-la-ull\/\",\"url\":\"https:\/\/www.ull.es\/portal\/noticias\/2015\/la-camerata-lacunensis-ofrece-un-concierto-benefico-en-el-paraninfo-de-la-ull\/\",\"name\":\"La Camerata Lacunensis ofrece un concierto ben\u00e9fico en el Paraninfo de la ULL - ULL - Noticias\",\"isPartOf\":{\"@id\":\"https:\/\/www.ull.es\/portal\/noticias\/#website\"},\"datePublished\":\"2015-11-12T13:15:18+00:00\",\"dateModified\":\"2015-11-12T13:15:18+00:00\",\"author\":{\"@id\":\"https:\/\/www.ull.es\/portal\/noticias\/#\/schema\/person\/b2b1a89d43ffa609e591f7df8ef3e817\"},\"breadcrumb\":{\"@id\":\"https:\/\/www.ull.es\/portal\/noticias\/2015\/la-camerata-lacunensis-ofrece-un-concierto-benefico-en-el-paraninfo-de-la-ull\/#breadcrumb\"},\"inLanguage\":\"es\",\"potentialAction\":[{\"@type\":\"ReadAction\",\"target\":[\"https:\/\/www.ull.es\/portal\/noticias\/2015\/la-camerata-lacunensis-ofrece-un-concierto-benefico-en-el-paraninfo-de-la-ull\/\"]}]},{\"@type\":\"BreadcrumbList\",\"@id\":\"https:\/\/www.ull.es\/portal\/noticias\/2015\/la-camerata-lacunensis-ofrece-un-concierto-benefico-en-el-paraninfo-de-la-ull\/#breadcrumb\",\"itemListElement\":[{\"@type\":\"ListItem\",\"position\":1,\"name\":\"Portada\",\"item\":\"https:\/\/www.ull.es\/portal\/noticias\/\"},{\"@type\":\"ListItem\",\"position\":2,\"name\":\"La Camerata Lacunensis ofrece un concierto ben\u00e9fico en el Paraninfo de la ULL\"}]},{\"@type\":\"WebSite\",\"@id\":\"https:\/\/www.ull.es\/portal\/noticias\/#website\",\"url\":\"https:\/\/www.ull.es\/portal\/noticias\/\",\"name\":\"ULL - Noticias\",\"description\":\"\",\"potentialAction\":[{\"@type\":\"SearchAction\",\"target\":{\"@type\":\"EntryPoint\",\"urlTemplate\":\"https:\/\/www.ull.es\/portal\/noticias\/?s={search_term_string}\"},\"query-input\":\"required name=search_term_string\"}],\"inLanguage\":\"es\"},{\"@type\":\"Person\",\"@id\":\"https:\/\/www.ull.es\/portal\/noticias\/#\/schema\/person\/b2b1a89d43ffa609e591f7df8ef3e817\",\"name\":\"gaprsa\",\"image\":{\"@type\":\"ImageObject\",\"inLanguage\":\"es\",\"@id\":\"https:\/\/www.ull.es\/portal\/noticias\/#\/schema\/person\/image\/\",\"url\":\"https:\/\/secure.gravatar.com\/avatar\/443820550921091458b4823867723b3d?s=96&d=mm&r=g\",\"contentUrl\":\"https:\/\/secure.gravatar.com\/avatar\/443820550921091458b4823867723b3d?s=96&d=mm&r=g\",\"caption\":\"gaprsa\"},\"url\":\"https:\/\/www.ull.es\/portal\/noticias\/author\/gaprsa\/\"}]}<\/script>\n<!-- \/ Yoast SEO plugin. -->","yoast_head_json":{"title":"La Camerata Lacunensis ofrece un concierto ben\u00e9fico en el Paraninfo de la ULL - ULL - Noticias","robots":{"index":"index","follow":"follow","max-snippet":"max-snippet:-1","max-image-preview":"max-image-preview:large","max-video-preview":"max-video-preview:-1"},"canonical":"https:\/\/www.ull.es\/portal\/noticias\/2015\/la-camerata-lacunensis-ofrece-un-concierto-benefico-en-el-paraninfo-de-la-ull\/","og_locale":"es_ES","og_type":"article","og_title":"La Camerata Lacunensis ofrece un concierto ben\u00e9fico en el Paraninfo de la ULL - ULL - Noticias","og_description":"La formaci\u00f3n coral de la Universidad de La Laguna Camerata Lacunensis ofrecer\u00e1 en el Paraninfo de la instituci\u00f3n acad\u00e9mica ma\u00f1ana...","og_url":"https:\/\/www.ull.es\/portal\/noticias\/2015\/la-camerata-lacunensis-ofrece-un-concierto-benefico-en-el-paraninfo-de-la-ull\/","og_site_name":"ULL - Noticias","article_publisher":"https:\/\/www.facebook.com\/universidaddelalaguna\/","article_published_time":"2015-11-12T13:15:18+00:00","og_image":[{"width":732,"height":1024,"url":"https:\/\/www.ull.es\/portal\/noticias\/wp-content\/uploads\/sites\/13\/2015\/11\/entreculturas.jpg","type":"image\/jpeg"}],"author":"gaprsa","twitter_card":"summary_large_image","twitter_creator":"@CanalULL","twitter_site":"@CanalULL","twitter_misc":{"Escrito por":"gaprsa","Tiempo de lectura":"2 minutos"},"schema":{"@context":"https:\/\/schema.org","@graph":[{"@type":"WebPage","@id":"https:\/\/www.ull.es\/portal\/noticias\/2015\/la-camerata-lacunensis-ofrece-un-concierto-benefico-en-el-paraninfo-de-la-ull\/","url":"https:\/\/www.ull.es\/portal\/noticias\/2015\/la-camerata-lacunensis-ofrece-un-concierto-benefico-en-el-paraninfo-de-la-ull\/","name":"La Camerata Lacunensis ofrece un concierto ben\u00e9fico en el Paraninfo de la ULL - ULL - Noticias","isPartOf":{"@id":"https:\/\/www.ull.es\/portal\/noticias\/#website"},"datePublished":"2015-11-12T13:15:18+00:00","dateModified":"2015-11-12T13:15:18+00:00","author":{"@id":"https:\/\/www.ull.es\/portal\/noticias\/#\/schema\/person\/b2b1a89d43ffa609e591f7df8ef3e817"},"breadcrumb":{"@id":"https:\/\/www.ull.es\/portal\/noticias\/2015\/la-camerata-lacunensis-ofrece-un-concierto-benefico-en-el-paraninfo-de-la-ull\/#breadcrumb"},"inLanguage":"es","potentialAction":[{"@type":"ReadAction","target":["https:\/\/www.ull.es\/portal\/noticias\/2015\/la-camerata-lacunensis-ofrece-un-concierto-benefico-en-el-paraninfo-de-la-ull\/"]}]},{"@type":"BreadcrumbList","@id":"https:\/\/www.ull.es\/portal\/noticias\/2015\/la-camerata-lacunensis-ofrece-un-concierto-benefico-en-el-paraninfo-de-la-ull\/#breadcrumb","itemListElement":[{"@type":"ListItem","position":1,"name":"Portada","item":"https:\/\/www.ull.es\/portal\/noticias\/"},{"@type":"ListItem","position":2,"name":"La Camerata Lacunensis ofrece un concierto ben\u00e9fico en el Paraninfo de la ULL"}]},{"@type":"WebSite","@id":"https:\/\/www.ull.es\/portal\/noticias\/#website","url":"https:\/\/www.ull.es\/portal\/noticias\/","name":"ULL - Noticias","description":"","potentialAction":[{"@type":"SearchAction","target":{"@type":"EntryPoint","urlTemplate":"https:\/\/www.ull.es\/portal\/noticias\/?s={search_term_string}"},"query-input":"required name=search_term_string"}],"inLanguage":"es"},{"@type":"Person","@id":"https:\/\/www.ull.es\/portal\/noticias\/#\/schema\/person\/b2b1a89d43ffa609e591f7df8ef3e817","name":"gaprsa","image":{"@type":"ImageObject","inLanguage":"es","@id":"https:\/\/www.ull.es\/portal\/noticias\/#\/schema\/person\/image\/","url":"https:\/\/secure.gravatar.com\/avatar\/443820550921091458b4823867723b3d?s=96&d=mm&r=g","contentUrl":"https:\/\/secure.gravatar.com\/avatar\/443820550921091458b4823867723b3d?s=96&d=mm&r=g","caption":"gaprsa"},"url":"https:\/\/www.ull.es\/portal\/noticias\/author\/gaprsa\/"}]}},"primary_category":null,"featured_image_thumbnail_url":"https:\/\/www.ull.es\/portal\/noticias\/wp-content\/uploads\/sites\/13\/2015\/11\/entreculturas-214x300.jpg","_links":{"self":[{"href":"https:\/\/www.ull.es\/portal\/noticias\/wp-json\/wp\/v2\/posts\/25569"}],"collection":[{"href":"https:\/\/www.ull.es\/portal\/noticias\/wp-json\/wp\/v2\/posts"}],"about":[{"href":"https:\/\/www.ull.es\/portal\/noticias\/wp-json\/wp\/v2\/types\/post"}],"author":[{"embeddable":true,"href":"https:\/\/www.ull.es\/portal\/noticias\/wp-json\/wp\/v2\/users\/23"}],"replies":[{"embeddable":true,"href":"https:\/\/www.ull.es\/portal\/noticias\/wp-json\/wp\/v2\/comments?post=25569"}],"version-history":[{"count":0,"href":"https:\/\/www.ull.es\/portal\/noticias\/wp-json\/wp\/v2\/posts\/25569\/revisions"}],"wp:featuredmedia":[{"embeddable":true,"href":"https:\/\/www.ull.es\/portal\/noticias\/wp-json\/wp\/v2\/media\/25570"}],"wp:attachment":[{"href":"https:\/\/www.ull.es\/portal\/noticias\/wp-json\/wp\/v2\/media?parent=25569"}],"wp:term":[{"taxonomy":"category","embeddable":true,"href":"https:\/\/www.ull.es\/portal\/noticias\/wp-json\/wp\/v2\/categories?post=25569"},{"taxonomy":"post_tag","embeddable":true,"href":"https:\/\/www.ull.es\/portal\/noticias\/wp-json\/wp\/v2\/tags?post=25569"}],"curies":[{"name":"wp","href":"https:\/\/api.w.org\/{rel}","templated":true}]}}