{"id":25733,"date":"2015-11-25T13:09:42","date_gmt":"2015-11-25T13:09:42","guid":{"rendered":"http:\/\/ddigital.webs.ull.es\/?p=25733"},"modified":"2015-11-25T13:09:42","modified_gmt":"2015-11-25T13:09:42","slug":"la-ull-presento-a-femete-su-oferta-cientifico-tecnologica-disponible-para-las-empresas","status":"publish","type":"post","link":"https:\/\/www.ull.es\/portal\/noticias\/2015\/la-ull-presento-a-femete-su-oferta-cientifico-tecnologica-disponible-para-las-empresas\/","title":{"rendered":"La ULL present\u00f3 a FEMETE su oferta cient\u00edfico-tecnol\u00f3gica disponible para las empresas"},"content":{"rendered":"<p>Una delegaci\u00f3n de la Federaci\u00f3n de Empresarios del Metal y Nuevas Tecnolog\u00edas de la provincia de Santa Cruz de Tenerife (FEMETE), con su presidente Alberto Villalobos a la cabeza, visit\u00f3 ayer, martes 24 de noviembre, las instalaciones principales del Servicio General de Apoyo a la Investigaci\u00f3n (<a href=\"http:\/\/www.segai.ull.es\/\" target=\"_blank\" target=\"_blank\" rel=\"noopener\">SEGAI<\/a>) de la Universidad de La Laguna, en donde fueron recibidos por el vicerrector de Investigaci\u00f3n. Francisco Almeida, y el director de esta infraestructura cient\u00edfica, Fernando Lahoz.<\/p>\n<p>El SEGAI es un conjunto de m\u00e1s de treinta servicios, laboratorios e instrumentos cient\u00edficos altamente especializados que se utilizan para investigaciones de todas las ramas de conocimiento. En ellos los investigadores de la ULL realizan toda clase de mediciones, an\u00e1lisis y tareas necesarias para el desarrollo de sus trabajos. Pero, adem\u00e1s, se trata de un servicio abierto a la sociedad, con tarifas muy competitivas y atractivas para las empresas canarias que, muchas veces, deben recurrir a infraestructuras del exterior a un coste mucho mayor.<\/p>\n<p>Este ha sido, precisamente, uno de los objetivos de esta reuni\u00f3n: que FEMETE conociera de primera mano qu\u00e9 soluciones t\u00e9cnicas les ofrece la Universidad de La Laguna para el desempe\u00f1o de sus actividades.<\/p>\n<p>La visita dur\u00f3 unas dos horas, y consisti\u00f3 en una presentaci\u00f3n sobre el cat\u00e1logo y el funcionamiento de estas infraestructuras, la exposici\u00f3n de varios casos de \u00e9xito y un paseo por los diferentes servicios y laboratorios.<\/p>\n","protected":false},"excerpt":{"rendered":"<p>Una delegaci\u00f3n de la Federaci\u00f3n de Empresarios del Metal y Nuevas Tecnolog\u00edas de la provincia de Santa Cruz de Tenerife&#8230;<\/p>\n","protected":false},"author":23,"featured_media":25735,"comment_status":"open","ping_status":"open","sticky":false,"template":"","format":"gallery","meta":{"inline_featured_image":false,"footnotes":""},"categories":[345,350,1],"tags":[1234,1249,1301,2355,2527,2560],"acf":[],"yoast_head":"<!-- This site is optimized with the Yoast SEO plugin v21.3 - https:\/\/yoast.com\/wordpress\/plugins\/seo\/ -->\n<title>La ULL present\u00f3 a FEMETE su oferta cient\u00edfico-tecnol\u00f3gica disponible para las empresas - ULL - Noticias<\/title>\n<meta name=\"robots\" content=\"index, follow, max-snippet:-1, max-image-preview:large, max-video-preview:-1\" \/>\n<link rel=\"canonical\" href=\"https:\/\/www.ull.es\/portal\/noticias\/2015\/la-ull-presento-a-femete-su-oferta-cientifico-tecnologica-disponible-para-las-empresas\/\" \/>\n<meta property=\"og:locale\" content=\"es_ES\" \/>\n<meta property=\"og:type\" content=\"article\" \/>\n<meta property=\"og:title\" content=\"La ULL present\u00f3 a FEMETE su oferta cient\u00edfico-tecnol\u00f3gica disponible para las empresas - ULL - Noticias\" \/>\n<meta property=\"og:description\" content=\"Una delegaci\u00f3n de la Federaci\u00f3n de Empresarios del Metal y Nuevas Tecnolog\u00edas de la provincia de Santa Cruz de Tenerife...\" \/>\n<meta property=\"og:url\" content=\"https:\/\/www.ull.es\/portal\/noticias\/2015\/la-ull-presento-a-femete-su-oferta-cientifico-tecnologica-disponible-para-las-empresas\/\" \/>\n<meta property=\"og:site_name\" content=\"ULL - Noticias\" \/>\n<meta property=\"article:publisher\" content=\"https:\/\/www.facebook.com\/universidaddelalaguna\/\" \/>\n<meta property=\"article:published_time\" content=\"2015-11-25T13:09:42+00:00\" \/>\n<meta property=\"og:image\" content=\"https:\/\/www.ull.es\/portal\/noticias\/wp-content\/uploads\/sites\/13\/2015\/11\/segai1.jpg\" \/>\n\t<meta property=\"og:image:width\" content=\"1034\" \/>\n\t<meta property=\"og:image:height\" content=\"605\" \/>\n\t<meta property=\"og:image:type\" content=\"image\/jpeg\" \/>\n<meta name=\"author\" content=\"gaprsa\" \/>\n<meta name=\"twitter:card\" content=\"summary_large_image\" \/>\n<meta name=\"twitter:creator\" content=\"@CanalULL\" \/>\n<meta name=\"twitter:site\" content=\"@CanalULL\" \/>\n<meta name=\"twitter:label1\" content=\"Escrito por\" \/>\n\t<meta name=\"twitter:data1\" content=\"gaprsa\" \/>\n\t<meta name=\"twitter:label2\" content=\"Tiempo de lectura\" \/>\n\t<meta name=\"twitter:data2\" content=\"1 minuto\" \/>\n<script type=\"application\/ld+json\" class=\"yoast-schema-graph\">{\"@context\":\"https:\/\/schema.org\",\"@graph\":[{\"@type\":\"WebPage\",\"@id\":\"https:\/\/www.ull.es\/portal\/noticias\/2015\/la-ull-presento-a-femete-su-oferta-cientifico-tecnologica-disponible-para-las-empresas\/\",\"url\":\"https:\/\/www.ull.es\/portal\/noticias\/2015\/la-ull-presento-a-femete-su-oferta-cientifico-tecnologica-disponible-para-las-empresas\/\",\"name\":\"La ULL present\u00f3 a FEMETE su oferta cient\u00edfico-tecnol\u00f3gica disponible para las empresas - ULL - Noticias\",\"isPartOf\":{\"@id\":\"https:\/\/www.ull.es\/portal\/noticias\/#website\"},\"datePublished\":\"2015-11-25T13:09:42+00:00\",\"dateModified\":\"2015-11-25T13:09:42+00:00\",\"author\":{\"@id\":\"https:\/\/www.ull.es\/portal\/noticias\/#\/schema\/person\/b2b1a89d43ffa609e591f7df8ef3e817\"},\"breadcrumb\":{\"@id\":\"https:\/\/www.ull.es\/portal\/noticias\/2015\/la-ull-presento-a-femete-su-oferta-cientifico-tecnologica-disponible-para-las-empresas\/#breadcrumb\"},\"inLanguage\":\"es\",\"potentialAction\":[{\"@type\":\"ReadAction\",\"target\":[\"https:\/\/www.ull.es\/portal\/noticias\/2015\/la-ull-presento-a-femete-su-oferta-cientifico-tecnologica-disponible-para-las-empresas\/\"]}]},{\"@type\":\"BreadcrumbList\",\"@id\":\"https:\/\/www.ull.es\/portal\/noticias\/2015\/la-ull-presento-a-femete-su-oferta-cientifico-tecnologica-disponible-para-las-empresas\/#breadcrumb\",\"itemListElement\":[{\"@type\":\"ListItem\",\"position\":1,\"name\":\"Portada\",\"item\":\"https:\/\/www.ull.es\/portal\/noticias\/\"},{\"@type\":\"ListItem\",\"position\":2,\"name\":\"La ULL present\u00f3 a FEMETE su oferta cient\u00edfico-tecnol\u00f3gica disponible para las empresas\"}]},{\"@type\":\"WebSite\",\"@id\":\"https:\/\/www.ull.es\/portal\/noticias\/#website\",\"url\":\"https:\/\/www.ull.es\/portal\/noticias\/\",\"name\":\"ULL - Noticias\",\"description\":\"\",\"potentialAction\":[{\"@type\":\"SearchAction\",\"target\":{\"@type\":\"EntryPoint\",\"urlTemplate\":\"https:\/\/www.ull.es\/portal\/noticias\/?s={search_term_string}\"},\"query-input\":\"required name=search_term_string\"}],\"inLanguage\":\"es\"},{\"@type\":\"Person\",\"@id\":\"https:\/\/www.ull.es\/portal\/noticias\/#\/schema\/person\/b2b1a89d43ffa609e591f7df8ef3e817\",\"name\":\"gaprsa\",\"image\":{\"@type\":\"ImageObject\",\"inLanguage\":\"es\",\"@id\":\"https:\/\/www.ull.es\/portal\/noticias\/#\/schema\/person\/image\/\",\"url\":\"https:\/\/secure.gravatar.com\/avatar\/443820550921091458b4823867723b3d?s=96&d=mm&r=g\",\"contentUrl\":\"https:\/\/secure.gravatar.com\/avatar\/443820550921091458b4823867723b3d?s=96&d=mm&r=g\",\"caption\":\"gaprsa\"},\"url\":\"https:\/\/www.ull.es\/portal\/noticias\/author\/gaprsa\/\"}]}<\/script>\n<!-- \/ Yoast SEO plugin. -->","yoast_head_json":{"title":"La ULL present\u00f3 a FEMETE su oferta cient\u00edfico-tecnol\u00f3gica disponible para las empresas - ULL - Noticias","robots":{"index":"index","follow":"follow","max-snippet":"max-snippet:-1","max-image-preview":"max-image-preview:large","max-video-preview":"max-video-preview:-1"},"canonical":"https:\/\/www.ull.es\/portal\/noticias\/2015\/la-ull-presento-a-femete-su-oferta-cientifico-tecnologica-disponible-para-las-empresas\/","og_locale":"es_ES","og_type":"article","og_title":"La ULL present\u00f3 a FEMETE su oferta cient\u00edfico-tecnol\u00f3gica disponible para las empresas - ULL - Noticias","og_description":"Una delegaci\u00f3n de la Federaci\u00f3n de Empresarios del Metal y Nuevas Tecnolog\u00edas de la provincia de Santa Cruz de Tenerife...","og_url":"https:\/\/www.ull.es\/portal\/noticias\/2015\/la-ull-presento-a-femete-su-oferta-cientifico-tecnologica-disponible-para-las-empresas\/","og_site_name":"ULL - Noticias","article_publisher":"https:\/\/www.facebook.com\/universidaddelalaguna\/","article_published_time":"2015-11-25T13:09:42+00:00","og_image":[{"width":1034,"height":605,"url":"https:\/\/www.ull.es\/portal\/noticias\/wp-content\/uploads\/sites\/13\/2015\/11\/segai1.jpg","type":"image\/jpeg"}],"author":"gaprsa","twitter_card":"summary_large_image","twitter_creator":"@CanalULL","twitter_site":"@CanalULL","twitter_misc":{"Escrito por":"gaprsa","Tiempo de lectura":"1 minuto"},"schema":{"@context":"https:\/\/schema.org","@graph":[{"@type":"WebPage","@id":"https:\/\/www.ull.es\/portal\/noticias\/2015\/la-ull-presento-a-femete-su-oferta-cientifico-tecnologica-disponible-para-las-empresas\/","url":"https:\/\/www.ull.es\/portal\/noticias\/2015\/la-ull-presento-a-femete-su-oferta-cientifico-tecnologica-disponible-para-las-empresas\/","name":"La ULL present\u00f3 a FEMETE su oferta cient\u00edfico-tecnol\u00f3gica disponible para las empresas - ULL - Noticias","isPartOf":{"@id":"https:\/\/www.ull.es\/portal\/noticias\/#website"},"datePublished":"2015-11-25T13:09:42+00:00","dateModified":"2015-11-25T13:09:42+00:00","author":{"@id":"https:\/\/www.ull.es\/portal\/noticias\/#\/schema\/person\/b2b1a89d43ffa609e591f7df8ef3e817"},"breadcrumb":{"@id":"https:\/\/www.ull.es\/portal\/noticias\/2015\/la-ull-presento-a-femete-su-oferta-cientifico-tecnologica-disponible-para-las-empresas\/#breadcrumb"},"inLanguage":"es","potentialAction":[{"@type":"ReadAction","target":["https:\/\/www.ull.es\/portal\/noticias\/2015\/la-ull-presento-a-femete-su-oferta-cientifico-tecnologica-disponible-para-las-empresas\/"]}]},{"@type":"BreadcrumbList","@id":"https:\/\/www.ull.es\/portal\/noticias\/2015\/la-ull-presento-a-femete-su-oferta-cientifico-tecnologica-disponible-para-las-empresas\/#breadcrumb","itemListElement":[{"@type":"ListItem","position":1,"name":"Portada","item":"https:\/\/www.ull.es\/portal\/noticias\/"},{"@type":"ListItem","position":2,"name":"La ULL present\u00f3 a FEMETE su oferta cient\u00edfico-tecnol\u00f3gica disponible para las empresas"}]},{"@type":"WebSite","@id":"https:\/\/www.ull.es\/portal\/noticias\/#website","url":"https:\/\/www.ull.es\/portal\/noticias\/","name":"ULL - Noticias","description":"","potentialAction":[{"@type":"SearchAction","target":{"@type":"EntryPoint","urlTemplate":"https:\/\/www.ull.es\/portal\/noticias\/?s={search_term_string}"},"query-input":"required name=search_term_string"}],"inLanguage":"es"},{"@type":"Person","@id":"https:\/\/www.ull.es\/portal\/noticias\/#\/schema\/person\/b2b1a89d43ffa609e591f7df8ef3e817","name":"gaprsa","image":{"@type":"ImageObject","inLanguage":"es","@id":"https:\/\/www.ull.es\/portal\/noticias\/#\/schema\/person\/image\/","url":"https:\/\/secure.gravatar.com\/avatar\/443820550921091458b4823867723b3d?s=96&d=mm&r=g","contentUrl":"https:\/\/secure.gravatar.com\/avatar\/443820550921091458b4823867723b3d?s=96&d=mm&r=g","caption":"gaprsa"},"url":"https:\/\/www.ull.es\/portal\/noticias\/author\/gaprsa\/"}]}},"primary_category":null,"featured_image_thumbnail_url":"https:\/\/www.ull.es\/portal\/noticias\/wp-content\/uploads\/sites\/13\/2015\/11\/segai1-300x176.jpg","_links":{"self":[{"href":"https:\/\/www.ull.es\/portal\/noticias\/wp-json\/wp\/v2\/posts\/25733"}],"collection":[{"href":"https:\/\/www.ull.es\/portal\/noticias\/wp-json\/wp\/v2\/posts"}],"about":[{"href":"https:\/\/www.ull.es\/portal\/noticias\/wp-json\/wp\/v2\/types\/post"}],"author":[{"embeddable":true,"href":"https:\/\/www.ull.es\/portal\/noticias\/wp-json\/wp\/v2\/users\/23"}],"replies":[{"embeddable":true,"href":"https:\/\/www.ull.es\/portal\/noticias\/wp-json\/wp\/v2\/comments?post=25733"}],"version-history":[{"count":0,"href":"https:\/\/www.ull.es\/portal\/noticias\/wp-json\/wp\/v2\/posts\/25733\/revisions"}],"wp:featuredmedia":[{"embeddable":true,"href":"https:\/\/www.ull.es\/portal\/noticias\/wp-json\/wp\/v2\/media\/25735"}],"wp:attachment":[{"href":"https:\/\/www.ull.es\/portal\/noticias\/wp-json\/wp\/v2\/media?parent=25733"}],"wp:term":[{"taxonomy":"category","embeddable":true,"href":"https:\/\/www.ull.es\/portal\/noticias\/wp-json\/wp\/v2\/categories?post=25733"},{"taxonomy":"post_tag","embeddable":true,"href":"https:\/\/www.ull.es\/portal\/noticias\/wp-json\/wp\/v2\/tags?post=25733"}],"curies":[{"name":"wp","href":"https:\/\/api.w.org\/{rel}","templated":true}]}}