{"id":25739,"date":"2015-11-25T13:15:16","date_gmt":"2015-11-25T13:15:16","guid":{"rendered":"http:\/\/ddigital.webs.ull.es\/?p=25739"},"modified":"2015-11-25T13:15:16","modified_gmt":"2015-11-25T13:15:16","slug":"arona-ayudara-a-dinamizar-el-master-interuniversitario-en-innovacion-en-diseno-para-el-sector-turistico-de-la-ull","status":"publish","type":"post","link":"https:\/\/www.ull.es\/portal\/noticias\/2015\/arona-ayudara-a-dinamizar-el-master-interuniversitario-en-innovacion-en-diseno-para-el-sector-turistico-de-la-ull\/","title":{"rendered":"Arona ayudar\u00e1 a dinamizar el M\u00e1ster Interuniversitario en Innovaci\u00f3n en Dise\u00f1o para el Sector Tur\u00edstico de la ULL"},"content":{"rendered":"<p>El rector de la Universidad de La Laguna, Antonio Martin\u00f3n, ha suscrito un convenio hoy mi\u00e9rcoles 25 de noviembre con el alcalde del Ayuntamiento de Arona, Jos\u00e9 Juli\u00e1n Mena, en virtud del cual la corporaci\u00f3n municipal ayudar\u00e1 a la promoci\u00f3n del M\u00e1ster Interuniversitario en Innovaci\u00f3n en Dise\u00f1o para el Sector Tur\u00edstico, de tal modo que el municipio celebre anualmente un acto de presentaci\u00f3n de los trabajos fin de m\u00e1ster y promueva un encuentro con los profesionales del sector para que alguno de estos proyectos sea transferido al mundo empresarial.<\/p>\n<p>Este t\u00edtulo oficial, dirigido por el profesor Alfonso Ruiz Rallo, se imparte en la Universidad de La Laguna en colaboraci\u00f3n con las universidades de Barcelona, Pa\u00eds Vasco y Las Palmas de Gran Canaria, de tal modo que el apoyo econ\u00f3mico que a partir de ahora prestar\u00e1 Arona servir\u00e1 igualmente para apoyar la movilidad del profesorado, al tiempo que se utilizar\u00e1 para difusi\u00f3n de resultados y acciones docentes diversas.<\/p>\n<p>En la r\u00fabrica de este acuerdo tambi\u00e9n particip\u00f3 el gerente de la Fundaci\u00f3n General Universidad de La Laguna, Julio Brito, \u00f3rgano que se encargar\u00e1 de gestionar econ\u00f3micamente el convenio y de justificar los fondos recibidos. Brito a\u00f1adi\u00f3 que este acuerdo es un ejemplo de buena pr\u00e1ctica, que conecta la formaci\u00f3n con la empleabilidad y que encima ayudar\u00e1 al desarrollo del municipio. \u201cEstamos para apoyar a la universidad y ser un instrumento de la universidad para facilitar su gesti\u00f3n\u201d.<\/p>\n<p>El director de este m\u00e1ster oficial explic\u00f3 que cada a\u00f1o alrededor de una decena de alumnos culmina su t\u00edtulo y presenta un proyecto que necesita de apoyo empresarial del sector cultural o tur\u00edstico para salir adelante y tener visibilidad y efecto pr\u00e1ctico. Con esta ceremonia, que pretende realizarse cada mes de octubre, al comienzo de curso, con la incorporaci\u00f3n de nuevos estudiantes, se crear\u00e1n las sinergias necesarias, apunta el experto, para que el sector cultural y tur\u00edstico aprecie el trabajo de los estudiantes y se lleguen a acuerdos para su puesta en marcha.<\/p>\n<p>Arona se convertir\u00eda as\u00ed en centro neur\u00e1lgico de la innovaci\u00f3n en dise\u00f1o para el sector tur\u00edstico y en ese mismo sentido se expres\u00f3 el alcalde, dado que al ser el municipio que pilota el motor tur\u00edstico de la isla, dijo, el crecimiento que pretenden desarrollar va en esa l\u00ednea, y podr\u00eda adem\u00e1s estar apoyado por cursos de extensi\u00f3n universitaria o cursos estivales. En este punto, el vicerrector de Relaciones con la Sociedad, Francisco Garc\u00eda, presente en el acto de firma del convenio, agreg\u00f3 que tambi\u00e9n se est\u00e1 hablando de la puesta en marcha de un aula cultural de dise\u00f1o que muy bien podr\u00eda encajar en todo este proyecto.<\/p>\n<p>Para el rector de la instituci\u00f3n acad\u00e9mica este acuerdo avanza en la l\u00ednea trazada por su equipo de direcci\u00f3n de conectar a la universidad con al sociedad, y se mostr\u00f3 especialmente satisfecho porque \u201csi este convenio es clave para el municipio, tal y como lo ha expresado el propio alcalde, tambi\u00e9n lo ser\u00e1 para la universidad\u201d.<\/p>\n","protected":false},"excerpt":{"rendered":"<p>El rector de la Universidad de La Laguna, Antonio Martin\u00f3n, ha suscrito un convenio hoy mi\u00e9rcoles 25 de noviembre con&#8230;<\/p>\n","protected":false},"author":23,"featured_media":25740,"comment_status":"open","ping_status":"open","sticky":false,"template":"","format":"standard","meta":{"inline_featured_image":false,"footnotes":""},"categories":[345,348,1],"tags":[450,517,538,910,1304,1639,1704,2516,2527,2560],"acf":[],"yoast_head":"<!-- This site is optimized with the Yoast SEO plugin v21.3 - https:\/\/yoast.com\/wordpress\/plugins\/seo\/ -->\n<title>Arona ayudar\u00e1 a dinamizar el M\u00e1ster Interuniversitario en Innovaci\u00f3n en Dise\u00f1o para el Sector Tur\u00edstico de la ULL - ULL - Noticias<\/title>\n<meta name=\"robots\" content=\"index, follow, max-snippet:-1, max-image-preview:large, max-video-preview:-1\" \/>\n<link rel=\"canonical\" href=\"https:\/\/www.ull.es\/portal\/noticias\/2015\/arona-ayudara-a-dinamizar-el-master-interuniversitario-en-innovacion-en-diseno-para-el-sector-turistico-de-la-ull\/\" \/>\n<meta property=\"og:locale\" content=\"es_ES\" \/>\n<meta property=\"og:type\" content=\"article\" \/>\n<meta property=\"og:title\" content=\"Arona ayudar\u00e1 a dinamizar el M\u00e1ster Interuniversitario en Innovaci\u00f3n en Dise\u00f1o para el Sector Tur\u00edstico de la ULL - ULL - Noticias\" \/>\n<meta property=\"og:description\" content=\"El rector de la Universidad de La Laguna, Antonio Martin\u00f3n, ha suscrito un convenio hoy mi\u00e9rcoles 25 de noviembre con...\" \/>\n<meta property=\"og:url\" content=\"https:\/\/www.ull.es\/portal\/noticias\/2015\/arona-ayudara-a-dinamizar-el-master-interuniversitario-en-innovacion-en-diseno-para-el-sector-turistico-de-la-ull\/\" \/>\n<meta property=\"og:site_name\" content=\"ULL - Noticias\" \/>\n<meta property=\"article:publisher\" content=\"https:\/\/www.facebook.com\/universidaddelalaguna\/\" \/>\n<meta property=\"article:published_time\" content=\"2015-11-25T13:15:16+00:00\" \/>\n<meta property=\"og:image\" content=\"https:\/\/www.ull.es\/portal\/noticias\/wp-content\/uploads\/sites\/13\/2015\/11\/convenio-arona.jpeg\" \/>\n\t<meta property=\"og:image:width\" content=\"1772\" \/>\n\t<meta property=\"og:image:height\" content=\"1181\" \/>\n\t<meta property=\"og:image:type\" content=\"image\/jpeg\" \/>\n<meta name=\"author\" content=\"gaprsa\" \/>\n<meta name=\"twitter:card\" content=\"summary_large_image\" \/>\n<meta name=\"twitter:creator\" content=\"@CanalULL\" \/>\n<meta name=\"twitter:site\" content=\"@CanalULL\" \/>\n<meta name=\"twitter:label1\" content=\"Escrito por\" \/>\n\t<meta name=\"twitter:data1\" content=\"gaprsa\" \/>\n\t<meta name=\"twitter:label2\" content=\"Tiempo de lectura\" \/>\n\t<meta name=\"twitter:data2\" content=\"3 minutos\" \/>\n<script type=\"application\/ld+json\" class=\"yoast-schema-graph\">{\"@context\":\"https:\/\/schema.org\",\"@graph\":[{\"@type\":\"WebPage\",\"@id\":\"https:\/\/www.ull.es\/portal\/noticias\/2015\/arona-ayudara-a-dinamizar-el-master-interuniversitario-en-innovacion-en-diseno-para-el-sector-turistico-de-la-ull\/\",\"url\":\"https:\/\/www.ull.es\/portal\/noticias\/2015\/arona-ayudara-a-dinamizar-el-master-interuniversitario-en-innovacion-en-diseno-para-el-sector-turistico-de-la-ull\/\",\"name\":\"Arona ayudar\u00e1 a dinamizar el M\u00e1ster Interuniversitario en Innovaci\u00f3n en Dise\u00f1o para el Sector Tur\u00edstico de la ULL - ULL - Noticias\",\"isPartOf\":{\"@id\":\"https:\/\/www.ull.es\/portal\/noticias\/#website\"},\"datePublished\":\"2015-11-25T13:15:16+00:00\",\"dateModified\":\"2015-11-25T13:15:16+00:00\",\"author\":{\"@id\":\"https:\/\/www.ull.es\/portal\/noticias\/#\/schema\/person\/b2b1a89d43ffa609e591f7df8ef3e817\"},\"breadcrumb\":{\"@id\":\"https:\/\/www.ull.es\/portal\/noticias\/2015\/arona-ayudara-a-dinamizar-el-master-interuniversitario-en-innovacion-en-diseno-para-el-sector-turistico-de-la-ull\/#breadcrumb\"},\"inLanguage\":\"es\",\"potentialAction\":[{\"@type\":\"ReadAction\",\"target\":[\"https:\/\/www.ull.es\/portal\/noticias\/2015\/arona-ayudara-a-dinamizar-el-master-interuniversitario-en-innovacion-en-diseno-para-el-sector-turistico-de-la-ull\/\"]}]},{\"@type\":\"BreadcrumbList\",\"@id\":\"https:\/\/www.ull.es\/portal\/noticias\/2015\/arona-ayudara-a-dinamizar-el-master-interuniversitario-en-innovacion-en-diseno-para-el-sector-turistico-de-la-ull\/#breadcrumb\",\"itemListElement\":[{\"@type\":\"ListItem\",\"position\":1,\"name\":\"Portada\",\"item\":\"https:\/\/www.ull.es\/portal\/noticias\/\"},{\"@type\":\"ListItem\",\"position\":2,\"name\":\"Arona ayudar\u00e1 a dinamizar el M\u00e1ster Interuniversitario en Innovaci\u00f3n en Dise\u00f1o para el Sector Tur\u00edstico de la ULL\"}]},{\"@type\":\"WebSite\",\"@id\":\"https:\/\/www.ull.es\/portal\/noticias\/#website\",\"url\":\"https:\/\/www.ull.es\/portal\/noticias\/\",\"name\":\"ULL - Noticias\",\"description\":\"\",\"potentialAction\":[{\"@type\":\"SearchAction\",\"target\":{\"@type\":\"EntryPoint\",\"urlTemplate\":\"https:\/\/www.ull.es\/portal\/noticias\/?s={search_term_string}\"},\"query-input\":\"required name=search_term_string\"}],\"inLanguage\":\"es\"},{\"@type\":\"Person\",\"@id\":\"https:\/\/www.ull.es\/portal\/noticias\/#\/schema\/person\/b2b1a89d43ffa609e591f7df8ef3e817\",\"name\":\"gaprsa\",\"image\":{\"@type\":\"ImageObject\",\"inLanguage\":\"es\",\"@id\":\"https:\/\/www.ull.es\/portal\/noticias\/#\/schema\/person\/image\/\",\"url\":\"https:\/\/secure.gravatar.com\/avatar\/443820550921091458b4823867723b3d?s=96&d=mm&r=g\",\"contentUrl\":\"https:\/\/secure.gravatar.com\/avatar\/443820550921091458b4823867723b3d?s=96&d=mm&r=g\",\"caption\":\"gaprsa\"},\"url\":\"https:\/\/www.ull.es\/portal\/noticias\/author\/gaprsa\/\"}]}<\/script>\n<!-- \/ Yoast SEO plugin. -->","yoast_head_json":{"title":"Arona ayudar\u00e1 a dinamizar el M\u00e1ster Interuniversitario en Innovaci\u00f3n en Dise\u00f1o para el Sector Tur\u00edstico de la ULL - ULL - Noticias","robots":{"index":"index","follow":"follow","max-snippet":"max-snippet:-1","max-image-preview":"max-image-preview:large","max-video-preview":"max-video-preview:-1"},"canonical":"https:\/\/www.ull.es\/portal\/noticias\/2015\/arona-ayudara-a-dinamizar-el-master-interuniversitario-en-innovacion-en-diseno-para-el-sector-turistico-de-la-ull\/","og_locale":"es_ES","og_type":"article","og_title":"Arona ayudar\u00e1 a dinamizar el M\u00e1ster Interuniversitario en Innovaci\u00f3n en Dise\u00f1o para el Sector Tur\u00edstico de la ULL - ULL - Noticias","og_description":"El rector de la Universidad de La Laguna, Antonio Martin\u00f3n, ha suscrito un convenio hoy mi\u00e9rcoles 25 de noviembre con...","og_url":"https:\/\/www.ull.es\/portal\/noticias\/2015\/arona-ayudara-a-dinamizar-el-master-interuniversitario-en-innovacion-en-diseno-para-el-sector-turistico-de-la-ull\/","og_site_name":"ULL - Noticias","article_publisher":"https:\/\/www.facebook.com\/universidaddelalaguna\/","article_published_time":"2015-11-25T13:15:16+00:00","og_image":[{"width":1772,"height":1181,"url":"https:\/\/www.ull.es\/portal\/noticias\/wp-content\/uploads\/sites\/13\/2015\/11\/convenio-arona.jpeg","type":"image\/jpeg"}],"author":"gaprsa","twitter_card":"summary_large_image","twitter_creator":"@CanalULL","twitter_site":"@CanalULL","twitter_misc":{"Escrito por":"gaprsa","Tiempo de lectura":"3 minutos"},"schema":{"@context":"https:\/\/schema.org","@graph":[{"@type":"WebPage","@id":"https:\/\/www.ull.es\/portal\/noticias\/2015\/arona-ayudara-a-dinamizar-el-master-interuniversitario-en-innovacion-en-diseno-para-el-sector-turistico-de-la-ull\/","url":"https:\/\/www.ull.es\/portal\/noticias\/2015\/arona-ayudara-a-dinamizar-el-master-interuniversitario-en-innovacion-en-diseno-para-el-sector-turistico-de-la-ull\/","name":"Arona ayudar\u00e1 a dinamizar el M\u00e1ster Interuniversitario en Innovaci\u00f3n en Dise\u00f1o para el Sector Tur\u00edstico de la ULL - ULL - Noticias","isPartOf":{"@id":"https:\/\/www.ull.es\/portal\/noticias\/#website"},"datePublished":"2015-11-25T13:15:16+00:00","dateModified":"2015-11-25T13:15:16+00:00","author":{"@id":"https:\/\/www.ull.es\/portal\/noticias\/#\/schema\/person\/b2b1a89d43ffa609e591f7df8ef3e817"},"breadcrumb":{"@id":"https:\/\/www.ull.es\/portal\/noticias\/2015\/arona-ayudara-a-dinamizar-el-master-interuniversitario-en-innovacion-en-diseno-para-el-sector-turistico-de-la-ull\/#breadcrumb"},"inLanguage":"es","potentialAction":[{"@type":"ReadAction","target":["https:\/\/www.ull.es\/portal\/noticias\/2015\/arona-ayudara-a-dinamizar-el-master-interuniversitario-en-innovacion-en-diseno-para-el-sector-turistico-de-la-ull\/"]}]},{"@type":"BreadcrumbList","@id":"https:\/\/www.ull.es\/portal\/noticias\/2015\/arona-ayudara-a-dinamizar-el-master-interuniversitario-en-innovacion-en-diseno-para-el-sector-turistico-de-la-ull\/#breadcrumb","itemListElement":[{"@type":"ListItem","position":1,"name":"Portada","item":"https:\/\/www.ull.es\/portal\/noticias\/"},{"@type":"ListItem","position":2,"name":"Arona ayudar\u00e1 a dinamizar el M\u00e1ster Interuniversitario en Innovaci\u00f3n en Dise\u00f1o para el Sector Tur\u00edstico de la ULL"}]},{"@type":"WebSite","@id":"https:\/\/www.ull.es\/portal\/noticias\/#website","url":"https:\/\/www.ull.es\/portal\/noticias\/","name":"ULL - Noticias","description":"","potentialAction":[{"@type":"SearchAction","target":{"@type":"EntryPoint","urlTemplate":"https:\/\/www.ull.es\/portal\/noticias\/?s={search_term_string}"},"query-input":"required name=search_term_string"}],"inLanguage":"es"},{"@type":"Person","@id":"https:\/\/www.ull.es\/portal\/noticias\/#\/schema\/person\/b2b1a89d43ffa609e591f7df8ef3e817","name":"gaprsa","image":{"@type":"ImageObject","inLanguage":"es","@id":"https:\/\/www.ull.es\/portal\/noticias\/#\/schema\/person\/image\/","url":"https:\/\/secure.gravatar.com\/avatar\/443820550921091458b4823867723b3d?s=96&d=mm&r=g","contentUrl":"https:\/\/secure.gravatar.com\/avatar\/443820550921091458b4823867723b3d?s=96&d=mm&r=g","caption":"gaprsa"},"url":"https:\/\/www.ull.es\/portal\/noticias\/author\/gaprsa\/"}]}},"primary_category":null,"featured_image_thumbnail_url":"https:\/\/www.ull.es\/portal\/noticias\/wp-content\/uploads\/sites\/13\/2015\/11\/convenio-arona-300x200.jpeg","_links":{"self":[{"href":"https:\/\/www.ull.es\/portal\/noticias\/wp-json\/wp\/v2\/posts\/25739"}],"collection":[{"href":"https:\/\/www.ull.es\/portal\/noticias\/wp-json\/wp\/v2\/posts"}],"about":[{"href":"https:\/\/www.ull.es\/portal\/noticias\/wp-json\/wp\/v2\/types\/post"}],"author":[{"embeddable":true,"href":"https:\/\/www.ull.es\/portal\/noticias\/wp-json\/wp\/v2\/users\/23"}],"replies":[{"embeddable":true,"href":"https:\/\/www.ull.es\/portal\/noticias\/wp-json\/wp\/v2\/comments?post=25739"}],"version-history":[{"count":0,"href":"https:\/\/www.ull.es\/portal\/noticias\/wp-json\/wp\/v2\/posts\/25739\/revisions"}],"wp:featuredmedia":[{"embeddable":true,"href":"https:\/\/www.ull.es\/portal\/noticias\/wp-json\/wp\/v2\/media\/25740"}],"wp:attachment":[{"href":"https:\/\/www.ull.es\/portal\/noticias\/wp-json\/wp\/v2\/media?parent=25739"}],"wp:term":[{"taxonomy":"category","embeddable":true,"href":"https:\/\/www.ull.es\/portal\/noticias\/wp-json\/wp\/v2\/categories?post=25739"},{"taxonomy":"post_tag","embeddable":true,"href":"https:\/\/www.ull.es\/portal\/noticias\/wp-json\/wp\/v2\/tags?post=25739"}],"curies":[{"name":"wp","href":"https:\/\/api.w.org\/{rel}","templated":true}]}}