{"id":25752,"date":"2015-11-26T11:35:21","date_gmt":"2015-11-26T11:35:21","guid":{"rendered":"http:\/\/ddigital.webs.ull.es\/?p=25752"},"modified":"2015-11-26T11:35:21","modified_gmt":"2015-11-26T11:35:21","slug":"dulce-gonzalez-doreste-renueva-como-directora-del-instituto-de-estudios-medievales-y-renacentistas-de-la-ull","status":"publish","type":"post","link":"https:\/\/www.ull.es\/portal\/noticias\/2015\/dulce-gonzalez-doreste-renueva-como-directora-del-instituto-de-estudios-medievales-y-renacentistas-de-la-ull\/","title":{"rendered":"Dulce Gonz\u00e1lez Doreste renueva como directora del Instituto de Estudios Medievales y Renacentistas de la ULL"},"content":{"rendered":"<p>El Instituto Universitario de Estudios Medievales y Renacentistas de la Universidad de La Laguna celebr\u00f3 recientemente elecciones para renovar una junta directiva que el mi\u00e9rcoles 25 de noviembre tom\u00f3 posesi\u00f3n de sus cargos en una ceremonia celebrada en el Rectorado de la instituci\u00f3n acad\u00e9mica. Renueva como directora de este organismo cient\u00edfico Dulce M\u00aa Gonz\u00e1lez Doreste y tambi\u00e9n repite en el cargo su secretario, Juan Manuel Bello Le\u00f3n. La nueva incorporaci\u00f3n a la directiva es M\u00aa del Pilar Lojendio Quintero en calidad de subdirectora.<\/p>\n<p>Hasta la fecha no se hab\u00eda celebrado en la ULL ning\u00fan acto formal de toma de posesi\u00f3n de las juntas directivas de los institutos de investigaci\u00f3n, pr\u00e1ctica hasta ahora reservada \u00fanicamente a las facultades y decanatos. Sin embargo, la instituci\u00f3n ha estimado conveniente ampliar su celebraci\u00f3n a este tipo de centro con el objetivo de visibilizar la labor cient\u00edfica que se desarrolla en la instituci\u00f3n acad\u00e9mica, mucha de la cual se centra, precisamente, en estos institutos.<\/p>\n<p>El acto estuvo presidido, como es habitual en las tomas de posesi\u00f3n, por el rector de la instituci\u00f3n, Antonio Martin\u00f3n, acompa\u00f1ado de la secretaria general, Dulce M\u00aa Cair\u00f3s. Tambi\u00e9n acudi\u00f3 al acto el vicerrector de Investigaci\u00f3n, Francisco Almeida, quien reincidi\u00f3 en esa idea de que la ceremonia sirva para hacer m\u00e1s visible la existencia y actividad de los institutos de investigaci\u00f3n, \u201cque son uno de los instrumentos m\u00e1s potentes que posee la universidad para generar investigaci\u00f3n\u201d.<\/p>\n<p>El rector de la ULL agradeci\u00f3 al equipo reci\u00e9n designado su compromiso con la gesti\u00f3n acad\u00e9mica y sugiri\u00f3 que se estudiar\u00e1 la posibilidad de celebrar las futuras tomas de posesi\u00f3n que se organicen en los propios centros protagonistas, para de ese modo no circunscribir todos los actos protocolarios en el Rectorado y ampliar la visi\u00f3n exterior de la instituci\u00f3n.<\/p>\n","protected":false},"excerpt":{"rendered":"<p>El Instituto Universitario de Estudios Medievales y Renacentistas de la Universidad de La Laguna celebr\u00f3 recientemente elecciones para renovar una&#8230;<\/p>\n","protected":false},"author":23,"featured_media":25753,"comment_status":"open","ping_status":"open","sticky":false,"template":"","format":"standard","meta":{"inline_featured_image":false,"footnotes":""},"categories":[345,348,1],"tags":[517,1070,1071,1301,1467,1527,1692,2100,2497,2527,2560],"acf":[],"yoast_head":"<!-- This site is optimized with the Yoast SEO plugin v21.3 - https:\/\/yoast.com\/wordpress\/plugins\/seo\/ -->\n<title>Dulce Gonz\u00e1lez Doreste renueva como directora del Instituto de Estudios Medievales y Renacentistas de la ULL - ULL - Noticias<\/title>\n<meta name=\"robots\" content=\"index, follow, max-snippet:-1, max-image-preview:large, max-video-preview:-1\" \/>\n<link rel=\"canonical\" href=\"https:\/\/www.ull.es\/portal\/noticias\/2015\/dulce-gonzalez-doreste-renueva-como-directora-del-instituto-de-estudios-medievales-y-renacentistas-de-la-ull\/\" \/>\n<meta property=\"og:locale\" content=\"es_ES\" \/>\n<meta property=\"og:type\" content=\"article\" \/>\n<meta property=\"og:title\" content=\"Dulce Gonz\u00e1lez Doreste renueva como directora del Instituto de Estudios Medievales y Renacentistas de la ULL - ULL - Noticias\" \/>\n<meta property=\"og:description\" content=\"El Instituto Universitario de Estudios Medievales y Renacentistas de la Universidad de La Laguna celebr\u00f3 recientemente elecciones para renovar una...\" \/>\n<meta property=\"og:url\" content=\"https:\/\/www.ull.es\/portal\/noticias\/2015\/dulce-gonzalez-doreste-renueva-como-directora-del-instituto-de-estudios-medievales-y-renacentistas-de-la-ull\/\" \/>\n<meta property=\"og:site_name\" content=\"ULL - Noticias\" \/>\n<meta property=\"article:publisher\" content=\"https:\/\/www.facebook.com\/universidaddelalaguna\/\" \/>\n<meta property=\"article:published_time\" content=\"2015-11-26T11:35:21+00:00\" \/>\n<meta property=\"og:image\" content=\"https:\/\/www.ull.es\/portal\/noticias\/wp-content\/uploads\/sites\/13\/2015\/11\/toma-posesion-iuemyr.jpg\" \/>\n\t<meta property=\"og:image:width\" content=\"1034\" \/>\n\t<meta property=\"og:image:height\" content=\"708\" \/>\n\t<meta property=\"og:image:type\" content=\"image\/jpeg\" \/>\n<meta name=\"author\" content=\"gaprsa\" \/>\n<meta name=\"twitter:card\" content=\"summary_large_image\" \/>\n<meta name=\"twitter:creator\" content=\"@CanalULL\" \/>\n<meta name=\"twitter:site\" content=\"@CanalULL\" \/>\n<meta name=\"twitter:label1\" content=\"Escrito por\" \/>\n\t<meta name=\"twitter:data1\" content=\"gaprsa\" \/>\n\t<meta name=\"twitter:label2\" content=\"Tiempo de lectura\" \/>\n\t<meta name=\"twitter:data2\" content=\"2 minutos\" \/>\n<script type=\"application\/ld+json\" class=\"yoast-schema-graph\">{\"@context\":\"https:\/\/schema.org\",\"@graph\":[{\"@type\":\"WebPage\",\"@id\":\"https:\/\/www.ull.es\/portal\/noticias\/2015\/dulce-gonzalez-doreste-renueva-como-directora-del-instituto-de-estudios-medievales-y-renacentistas-de-la-ull\/\",\"url\":\"https:\/\/www.ull.es\/portal\/noticias\/2015\/dulce-gonzalez-doreste-renueva-como-directora-del-instituto-de-estudios-medievales-y-renacentistas-de-la-ull\/\",\"name\":\"Dulce Gonz\u00e1lez Doreste renueva como directora del Instituto de Estudios Medievales y Renacentistas de la ULL - ULL - Noticias\",\"isPartOf\":{\"@id\":\"https:\/\/www.ull.es\/portal\/noticias\/#website\"},\"datePublished\":\"2015-11-26T11:35:21+00:00\",\"dateModified\":\"2015-11-26T11:35:21+00:00\",\"author\":{\"@id\":\"https:\/\/www.ull.es\/portal\/noticias\/#\/schema\/person\/b2b1a89d43ffa609e591f7df8ef3e817\"},\"breadcrumb\":{\"@id\":\"https:\/\/www.ull.es\/portal\/noticias\/2015\/dulce-gonzalez-doreste-renueva-como-directora-del-instituto-de-estudios-medievales-y-renacentistas-de-la-ull\/#breadcrumb\"},\"inLanguage\":\"es\",\"potentialAction\":[{\"@type\":\"ReadAction\",\"target\":[\"https:\/\/www.ull.es\/portal\/noticias\/2015\/dulce-gonzalez-doreste-renueva-como-directora-del-instituto-de-estudios-medievales-y-renacentistas-de-la-ull\/\"]}]},{\"@type\":\"BreadcrumbList\",\"@id\":\"https:\/\/www.ull.es\/portal\/noticias\/2015\/dulce-gonzalez-doreste-renueva-como-directora-del-instituto-de-estudios-medievales-y-renacentistas-de-la-ull\/#breadcrumb\",\"itemListElement\":[{\"@type\":\"ListItem\",\"position\":1,\"name\":\"Portada\",\"item\":\"https:\/\/www.ull.es\/portal\/noticias\/\"},{\"@type\":\"ListItem\",\"position\":2,\"name\":\"Dulce Gonz\u00e1lez Doreste renueva como directora del Instituto de Estudios Medievales y Renacentistas de la ULL\"}]},{\"@type\":\"WebSite\",\"@id\":\"https:\/\/www.ull.es\/portal\/noticias\/#website\",\"url\":\"https:\/\/www.ull.es\/portal\/noticias\/\",\"name\":\"ULL - Noticias\",\"description\":\"\",\"potentialAction\":[{\"@type\":\"SearchAction\",\"target\":{\"@type\":\"EntryPoint\",\"urlTemplate\":\"https:\/\/www.ull.es\/portal\/noticias\/?s={search_term_string}\"},\"query-input\":\"required name=search_term_string\"}],\"inLanguage\":\"es\"},{\"@type\":\"Person\",\"@id\":\"https:\/\/www.ull.es\/portal\/noticias\/#\/schema\/person\/b2b1a89d43ffa609e591f7df8ef3e817\",\"name\":\"gaprsa\",\"image\":{\"@type\":\"ImageObject\",\"inLanguage\":\"es\",\"@id\":\"https:\/\/www.ull.es\/portal\/noticias\/#\/schema\/person\/image\/\",\"url\":\"https:\/\/secure.gravatar.com\/avatar\/443820550921091458b4823867723b3d?s=96&d=mm&r=g\",\"contentUrl\":\"https:\/\/secure.gravatar.com\/avatar\/443820550921091458b4823867723b3d?s=96&d=mm&r=g\",\"caption\":\"gaprsa\"},\"url\":\"https:\/\/www.ull.es\/portal\/noticias\/author\/gaprsa\/\"}]}<\/script>\n<!-- \/ Yoast SEO plugin. -->","yoast_head_json":{"title":"Dulce Gonz\u00e1lez Doreste renueva como directora del Instituto de Estudios Medievales y Renacentistas de la ULL - ULL - Noticias","robots":{"index":"index","follow":"follow","max-snippet":"max-snippet:-1","max-image-preview":"max-image-preview:large","max-video-preview":"max-video-preview:-1"},"canonical":"https:\/\/www.ull.es\/portal\/noticias\/2015\/dulce-gonzalez-doreste-renueva-como-directora-del-instituto-de-estudios-medievales-y-renacentistas-de-la-ull\/","og_locale":"es_ES","og_type":"article","og_title":"Dulce Gonz\u00e1lez Doreste renueva como directora del Instituto de Estudios Medievales y Renacentistas de la ULL - ULL - Noticias","og_description":"El Instituto Universitario de Estudios Medievales y Renacentistas de la Universidad de La Laguna celebr\u00f3 recientemente elecciones para renovar una...","og_url":"https:\/\/www.ull.es\/portal\/noticias\/2015\/dulce-gonzalez-doreste-renueva-como-directora-del-instituto-de-estudios-medievales-y-renacentistas-de-la-ull\/","og_site_name":"ULL - Noticias","article_publisher":"https:\/\/www.facebook.com\/universidaddelalaguna\/","article_published_time":"2015-11-26T11:35:21+00:00","og_image":[{"width":1034,"height":708,"url":"https:\/\/www.ull.es\/portal\/noticias\/wp-content\/uploads\/sites\/13\/2015\/11\/toma-posesion-iuemyr.jpg","type":"image\/jpeg"}],"author":"gaprsa","twitter_card":"summary_large_image","twitter_creator":"@CanalULL","twitter_site":"@CanalULL","twitter_misc":{"Escrito por":"gaprsa","Tiempo de lectura":"2 minutos"},"schema":{"@context":"https:\/\/schema.org","@graph":[{"@type":"WebPage","@id":"https:\/\/www.ull.es\/portal\/noticias\/2015\/dulce-gonzalez-doreste-renueva-como-directora-del-instituto-de-estudios-medievales-y-renacentistas-de-la-ull\/","url":"https:\/\/www.ull.es\/portal\/noticias\/2015\/dulce-gonzalez-doreste-renueva-como-directora-del-instituto-de-estudios-medievales-y-renacentistas-de-la-ull\/","name":"Dulce Gonz\u00e1lez Doreste renueva como directora del Instituto de Estudios Medievales y Renacentistas de la ULL - ULL - Noticias","isPartOf":{"@id":"https:\/\/www.ull.es\/portal\/noticias\/#website"},"datePublished":"2015-11-26T11:35:21+00:00","dateModified":"2015-11-26T11:35:21+00:00","author":{"@id":"https:\/\/www.ull.es\/portal\/noticias\/#\/schema\/person\/b2b1a89d43ffa609e591f7df8ef3e817"},"breadcrumb":{"@id":"https:\/\/www.ull.es\/portal\/noticias\/2015\/dulce-gonzalez-doreste-renueva-como-directora-del-instituto-de-estudios-medievales-y-renacentistas-de-la-ull\/#breadcrumb"},"inLanguage":"es","potentialAction":[{"@type":"ReadAction","target":["https:\/\/www.ull.es\/portal\/noticias\/2015\/dulce-gonzalez-doreste-renueva-como-directora-del-instituto-de-estudios-medievales-y-renacentistas-de-la-ull\/"]}]},{"@type":"BreadcrumbList","@id":"https:\/\/www.ull.es\/portal\/noticias\/2015\/dulce-gonzalez-doreste-renueva-como-directora-del-instituto-de-estudios-medievales-y-renacentistas-de-la-ull\/#breadcrumb","itemListElement":[{"@type":"ListItem","position":1,"name":"Portada","item":"https:\/\/www.ull.es\/portal\/noticias\/"},{"@type":"ListItem","position":2,"name":"Dulce Gonz\u00e1lez Doreste renueva como directora del Instituto de Estudios Medievales y Renacentistas de la ULL"}]},{"@type":"WebSite","@id":"https:\/\/www.ull.es\/portal\/noticias\/#website","url":"https:\/\/www.ull.es\/portal\/noticias\/","name":"ULL - Noticias","description":"","potentialAction":[{"@type":"SearchAction","target":{"@type":"EntryPoint","urlTemplate":"https:\/\/www.ull.es\/portal\/noticias\/?s={search_term_string}"},"query-input":"required name=search_term_string"}],"inLanguage":"es"},{"@type":"Person","@id":"https:\/\/www.ull.es\/portal\/noticias\/#\/schema\/person\/b2b1a89d43ffa609e591f7df8ef3e817","name":"gaprsa","image":{"@type":"ImageObject","inLanguage":"es","@id":"https:\/\/www.ull.es\/portal\/noticias\/#\/schema\/person\/image\/","url":"https:\/\/secure.gravatar.com\/avatar\/443820550921091458b4823867723b3d?s=96&d=mm&r=g","contentUrl":"https:\/\/secure.gravatar.com\/avatar\/443820550921091458b4823867723b3d?s=96&d=mm&r=g","caption":"gaprsa"},"url":"https:\/\/www.ull.es\/portal\/noticias\/author\/gaprsa\/"}]}},"primary_category":null,"featured_image_thumbnail_url":"https:\/\/www.ull.es\/portal\/noticias\/wp-content\/uploads\/sites\/13\/2015\/11\/toma-posesion-iuemyr-300x205.jpg","_links":{"self":[{"href":"https:\/\/www.ull.es\/portal\/noticias\/wp-json\/wp\/v2\/posts\/25752"}],"collection":[{"href":"https:\/\/www.ull.es\/portal\/noticias\/wp-json\/wp\/v2\/posts"}],"about":[{"href":"https:\/\/www.ull.es\/portal\/noticias\/wp-json\/wp\/v2\/types\/post"}],"author":[{"embeddable":true,"href":"https:\/\/www.ull.es\/portal\/noticias\/wp-json\/wp\/v2\/users\/23"}],"replies":[{"embeddable":true,"href":"https:\/\/www.ull.es\/portal\/noticias\/wp-json\/wp\/v2\/comments?post=25752"}],"version-history":[{"count":0,"href":"https:\/\/www.ull.es\/portal\/noticias\/wp-json\/wp\/v2\/posts\/25752\/revisions"}],"wp:featuredmedia":[{"embeddable":true,"href":"https:\/\/www.ull.es\/portal\/noticias\/wp-json\/wp\/v2\/media\/25753"}],"wp:attachment":[{"href":"https:\/\/www.ull.es\/portal\/noticias\/wp-json\/wp\/v2\/media?parent=25752"}],"wp:term":[{"taxonomy":"category","embeddable":true,"href":"https:\/\/www.ull.es\/portal\/noticias\/wp-json\/wp\/v2\/categories?post=25752"},{"taxonomy":"post_tag","embeddable":true,"href":"https:\/\/www.ull.es\/portal\/noticias\/wp-json\/wp\/v2\/tags?post=25752"}],"curies":[{"name":"wp","href":"https:\/\/api.w.org\/{rel}","templated":true}]}}