{"id":25787,"date":"2015-11-27T11:25:37","date_gmt":"2015-11-27T11:25:37","guid":{"rendered":"http:\/\/ddigital.webs.ull.es\/?p=25787"},"modified":"2015-11-27T11:25:37","modified_gmt":"2015-11-27T11:25:37","slug":"la-ull-firma-dos-convenios-marco-de-colaboracion-con-asociaciones-de-implantados-cocleares-y-sordociegos","status":"publish","type":"post","link":"https:\/\/www.ull.es\/portal\/noticias\/2015\/la-ull-firma-dos-convenios-marco-de-colaboracion-con-asociaciones-de-implantados-cocleares-y-sordociegos\/","title":{"rendered":"La ULL firma dos convenios marco de colaboraci\u00f3n con asociaciones de implantados cocleares y sordociegos"},"content":{"rendered":"<p>La Universidad de La Laguna ha firmado hoy, viernes 27 de noviembre, convenios de colaboraci\u00f3n con la Asociaci\u00f3n de Implantados Cocleares de Canarias (AICCANAR) y la delegaci\u00f3n territorial de la Asociaci\u00f3n de Sordociegos de Espa\u00f1a (ASOCIDE). Por la instituci\u00f3n acad\u00e9mica rubric\u00f3 los acuerdos su rector, Antonio Martin\u00f3n, mientras que en el caso de las organizaciones lo hicieron el presidente de la primera, Juan Jos\u00e9 Le\u00f3n Mach\u00edn, y la delegada territorial de la segunda, Tania Izquierdo Su\u00e1rez.<\/p>\n<p>El rector de la ULL manifest\u00f3 su satisfacci\u00f3n por la firma de unos acuerdos que ayudar\u00e1n al objetivo que se ha marcado su gesti\u00f3n de propiciar que la universidad se acerque m\u00e1s a la sociedad, en esta ocasi\u00f3n mediante el apoyo a entidades que atienden a colectivos especialmente sensibles.<\/p>\n<p>Al ser convenios marco, en ambos documentos se especifican \u00fanicamente los principios generales que regir\u00e1n la colaboraci\u00f3n entra las instituciones implicadas, si bien ya hay sobre la mesa proyectos m\u00e1s precisos. Un ejemplo de ello es, en el caso de AICCANAR, es que esta organizaci\u00f3n ofrecer\u00e1 el pr\u00f3ximo marzo de una formaci\u00f3n espec\u00edfica sobre terapia auditiva-verbal tanto en Tenerife como en Gran Canaria, seg\u00fan revel\u00f3 la profesora del Departamento de Did\u00e1ctica e Investigaci\u00f3n Educativa de la ULL M\u00aa del Carmen Rodr\u00edguez Jim\u00e9nez, que tambi\u00e9n estuvo presente en el acto.<\/p>\n<p>En ambos casos, los convenios suscritos tienen una vigencia de cinco a\u00f1os, contemplan la posibilidad de que se adhieran a ellos otras entidades y, en el caso de que se vayan a desarrollar colaboraciones con dotaci\u00f3n econ\u00f3mica, \u00e9stas requerir\u00e1n un convenio espec\u00edfico.<\/p>\n<p>En cuanto a las actividades que amparan ambos textos, se circunscriben a tres \u00e1reas: actividades docentes, ya sean cursos como tesinas o trabajos experimentales de duraci\u00f3n media en las instalaciones de las asociaciones firmantes; realizaci\u00f3n conjunta de proyectos de inter\u00e9s mutuo; e intercambio de informaci\u00f3n y asesoramiento para el desarrollo de investigaciones.<\/p>\n<p>AICCANAR es una asociaci\u00f3n que cuenta en la actualidad con 95 socios y representa al colectivo de los aproximadamente 950 implantados cocleares existentes en Canarias. Gracias a su gesti\u00f3n se ha logrado que la operaci\u00f3n de implante, cuyo coste es de unos 50.000 euros, sea sufragada por la sanidad p\u00fablica, pero ahora trabaja para que tambi\u00e9n se haga cargo del mantenimiento de los implantes, ya que materiales como las bovinas o las bater\u00edas requieren cambios regulares y su coste puede superar los 200 euros cada vez.<\/p>\n<p>ASOCIDE presta servicio al colectivo de personas con discapacidad tanto visual como auditiva, que es especialmente vulnerable ya que su situaci\u00f3n les dificulta la comunicaci\u00f3n con otras personas. La organizaci\u00f3n le presta servicio de gu\u00eda e interpretaci\u00f3n para que puedan desenvolverse en diferentes contextos y tambi\u00e9n desarrolla actividades l\u00fadicas espec\u00edficas. Otra preocupaci\u00f3n de la delegaci\u00f3n canaria es detectar a personas con estas carencias que no han sido correctamente diagnosticadas.<\/p>\n","protected":false},"excerpt":{"rendered":"<p>La Universidad de La Laguna ha firmado hoy, viernes 27 de noviembre, convenios de colaboraci\u00f3n con la Asociaci\u00f3n de Implantados&#8230;<\/p>\n","protected":false},"author":23,"featured_media":25789,"comment_status":"open","ping_status":"open","sticky":false,"template":"","format":"gallery","meta":{"inline_featured_image":false,"footnotes":""},"categories":[345,348,1],"tags":[1481,2418],"acf":[],"yoast_head":"<!-- This site is optimized with the Yoast SEO plugin v21.3 - https:\/\/yoast.com\/wordpress\/plugins\/seo\/ -->\n<title>La ULL firma dos convenios marco de colaboraci\u00f3n con asociaciones de implantados cocleares y sordociegos - ULL - Noticias<\/title>\n<meta name=\"robots\" content=\"index, follow, max-snippet:-1, max-image-preview:large, max-video-preview:-1\" \/>\n<link rel=\"canonical\" href=\"https:\/\/www.ull.es\/portal\/noticias\/2015\/la-ull-firma-dos-convenios-marco-de-colaboracion-con-asociaciones-de-implantados-cocleares-y-sordociegos\/\" \/>\n<meta property=\"og:locale\" content=\"es_ES\" \/>\n<meta property=\"og:type\" content=\"article\" \/>\n<meta property=\"og:title\" content=\"La ULL firma dos convenios marco de colaboraci\u00f3n con asociaciones de implantados cocleares y sordociegos - ULL - Noticias\" \/>\n<meta property=\"og:description\" content=\"La Universidad de La Laguna ha firmado hoy, viernes 27 de noviembre, convenios de colaboraci\u00f3n con la Asociaci\u00f3n de Implantados...\" \/>\n<meta property=\"og:url\" content=\"https:\/\/www.ull.es\/portal\/noticias\/2015\/la-ull-firma-dos-convenios-marco-de-colaboracion-con-asociaciones-de-implantados-cocleares-y-sordociegos\/\" \/>\n<meta property=\"og:site_name\" content=\"ULL - Noticias\" \/>\n<meta property=\"article:publisher\" content=\"https:\/\/www.facebook.com\/universidaddelalaguna\/\" \/>\n<meta property=\"article:published_time\" content=\"2015-11-27T11:25:37+00:00\" \/>\n<meta property=\"og:image\" content=\"https:\/\/www.ull.es\/portal\/noticias\/wp-content\/uploads\/sites\/13\/2015\/11\/sordociego.jpg\" \/>\n\t<meta property=\"og:image:width\" content=\"1034\" \/>\n\t<meta property=\"og:image:height\" content=\"708\" \/>\n\t<meta property=\"og:image:type\" content=\"image\/jpeg\" \/>\n<meta name=\"author\" content=\"gaprsa\" \/>\n<meta name=\"twitter:card\" content=\"summary_large_image\" \/>\n<meta name=\"twitter:creator\" content=\"@CanalULL\" \/>\n<meta name=\"twitter:site\" content=\"@CanalULL\" \/>\n<meta name=\"twitter:label1\" content=\"Escrito por\" \/>\n\t<meta name=\"twitter:data1\" content=\"gaprsa\" \/>\n\t<meta name=\"twitter:label2\" content=\"Tiempo de lectura\" \/>\n\t<meta name=\"twitter:data2\" content=\"3 minutos\" \/>\n<script type=\"application\/ld+json\" class=\"yoast-schema-graph\">{\"@context\":\"https:\/\/schema.org\",\"@graph\":[{\"@type\":\"WebPage\",\"@id\":\"https:\/\/www.ull.es\/portal\/noticias\/2015\/la-ull-firma-dos-convenios-marco-de-colaboracion-con-asociaciones-de-implantados-cocleares-y-sordociegos\/\",\"url\":\"https:\/\/www.ull.es\/portal\/noticias\/2015\/la-ull-firma-dos-convenios-marco-de-colaboracion-con-asociaciones-de-implantados-cocleares-y-sordociegos\/\",\"name\":\"La ULL firma dos convenios marco de colaboraci\u00f3n con asociaciones de implantados cocleares y sordociegos - ULL - Noticias\",\"isPartOf\":{\"@id\":\"https:\/\/www.ull.es\/portal\/noticias\/#website\"},\"datePublished\":\"2015-11-27T11:25:37+00:00\",\"dateModified\":\"2015-11-27T11:25:37+00:00\",\"author\":{\"@id\":\"https:\/\/www.ull.es\/portal\/noticias\/#\/schema\/person\/b2b1a89d43ffa609e591f7df8ef3e817\"},\"breadcrumb\":{\"@id\":\"https:\/\/www.ull.es\/portal\/noticias\/2015\/la-ull-firma-dos-convenios-marco-de-colaboracion-con-asociaciones-de-implantados-cocleares-y-sordociegos\/#breadcrumb\"},\"inLanguage\":\"es\",\"potentialAction\":[{\"@type\":\"ReadAction\",\"target\":[\"https:\/\/www.ull.es\/portal\/noticias\/2015\/la-ull-firma-dos-convenios-marco-de-colaboracion-con-asociaciones-de-implantados-cocleares-y-sordociegos\/\"]}]},{\"@type\":\"BreadcrumbList\",\"@id\":\"https:\/\/www.ull.es\/portal\/noticias\/2015\/la-ull-firma-dos-convenios-marco-de-colaboracion-con-asociaciones-de-implantados-cocleares-y-sordociegos\/#breadcrumb\",\"itemListElement\":[{\"@type\":\"ListItem\",\"position\":1,\"name\":\"Portada\",\"item\":\"https:\/\/www.ull.es\/portal\/noticias\/\"},{\"@type\":\"ListItem\",\"position\":2,\"name\":\"La ULL firma dos convenios marco de colaboraci\u00f3n con asociaciones de implantados cocleares y sordociegos\"}]},{\"@type\":\"WebSite\",\"@id\":\"https:\/\/www.ull.es\/portal\/noticias\/#website\",\"url\":\"https:\/\/www.ull.es\/portal\/noticias\/\",\"name\":\"ULL - Noticias\",\"description\":\"\",\"potentialAction\":[{\"@type\":\"SearchAction\",\"target\":{\"@type\":\"EntryPoint\",\"urlTemplate\":\"https:\/\/www.ull.es\/portal\/noticias\/?s={search_term_string}\"},\"query-input\":\"required name=search_term_string\"}],\"inLanguage\":\"es\"},{\"@type\":\"Person\",\"@id\":\"https:\/\/www.ull.es\/portal\/noticias\/#\/schema\/person\/b2b1a89d43ffa609e591f7df8ef3e817\",\"name\":\"gaprsa\",\"image\":{\"@type\":\"ImageObject\",\"inLanguage\":\"es\",\"@id\":\"https:\/\/www.ull.es\/portal\/noticias\/#\/schema\/person\/image\/\",\"url\":\"https:\/\/secure.gravatar.com\/avatar\/443820550921091458b4823867723b3d?s=96&d=mm&r=g\",\"contentUrl\":\"https:\/\/secure.gravatar.com\/avatar\/443820550921091458b4823867723b3d?s=96&d=mm&r=g\",\"caption\":\"gaprsa\"},\"url\":\"https:\/\/www.ull.es\/portal\/noticias\/author\/gaprsa\/\"}]}<\/script>\n<!-- \/ Yoast SEO plugin. -->","yoast_head_json":{"title":"La ULL firma dos convenios marco de colaboraci\u00f3n con asociaciones de implantados cocleares y sordociegos - ULL - Noticias","robots":{"index":"index","follow":"follow","max-snippet":"max-snippet:-1","max-image-preview":"max-image-preview:large","max-video-preview":"max-video-preview:-1"},"canonical":"https:\/\/www.ull.es\/portal\/noticias\/2015\/la-ull-firma-dos-convenios-marco-de-colaboracion-con-asociaciones-de-implantados-cocleares-y-sordociegos\/","og_locale":"es_ES","og_type":"article","og_title":"La ULL firma dos convenios marco de colaboraci\u00f3n con asociaciones de implantados cocleares y sordociegos - ULL - Noticias","og_description":"La Universidad de La Laguna ha firmado hoy, viernes 27 de noviembre, convenios de colaboraci\u00f3n con la Asociaci\u00f3n de Implantados...","og_url":"https:\/\/www.ull.es\/portal\/noticias\/2015\/la-ull-firma-dos-convenios-marco-de-colaboracion-con-asociaciones-de-implantados-cocleares-y-sordociegos\/","og_site_name":"ULL - Noticias","article_publisher":"https:\/\/www.facebook.com\/universidaddelalaguna\/","article_published_time":"2015-11-27T11:25:37+00:00","og_image":[{"width":1034,"height":708,"url":"https:\/\/www.ull.es\/portal\/noticias\/wp-content\/uploads\/sites\/13\/2015\/11\/sordociego.jpg","type":"image\/jpeg"}],"author":"gaprsa","twitter_card":"summary_large_image","twitter_creator":"@CanalULL","twitter_site":"@CanalULL","twitter_misc":{"Escrito por":"gaprsa","Tiempo de lectura":"3 minutos"},"schema":{"@context":"https:\/\/schema.org","@graph":[{"@type":"WebPage","@id":"https:\/\/www.ull.es\/portal\/noticias\/2015\/la-ull-firma-dos-convenios-marco-de-colaboracion-con-asociaciones-de-implantados-cocleares-y-sordociegos\/","url":"https:\/\/www.ull.es\/portal\/noticias\/2015\/la-ull-firma-dos-convenios-marco-de-colaboracion-con-asociaciones-de-implantados-cocleares-y-sordociegos\/","name":"La ULL firma dos convenios marco de colaboraci\u00f3n con asociaciones de implantados cocleares y sordociegos - ULL - Noticias","isPartOf":{"@id":"https:\/\/www.ull.es\/portal\/noticias\/#website"},"datePublished":"2015-11-27T11:25:37+00:00","dateModified":"2015-11-27T11:25:37+00:00","author":{"@id":"https:\/\/www.ull.es\/portal\/noticias\/#\/schema\/person\/b2b1a89d43ffa609e591f7df8ef3e817"},"breadcrumb":{"@id":"https:\/\/www.ull.es\/portal\/noticias\/2015\/la-ull-firma-dos-convenios-marco-de-colaboracion-con-asociaciones-de-implantados-cocleares-y-sordociegos\/#breadcrumb"},"inLanguage":"es","potentialAction":[{"@type":"ReadAction","target":["https:\/\/www.ull.es\/portal\/noticias\/2015\/la-ull-firma-dos-convenios-marco-de-colaboracion-con-asociaciones-de-implantados-cocleares-y-sordociegos\/"]}]},{"@type":"BreadcrumbList","@id":"https:\/\/www.ull.es\/portal\/noticias\/2015\/la-ull-firma-dos-convenios-marco-de-colaboracion-con-asociaciones-de-implantados-cocleares-y-sordociegos\/#breadcrumb","itemListElement":[{"@type":"ListItem","position":1,"name":"Portada","item":"https:\/\/www.ull.es\/portal\/noticias\/"},{"@type":"ListItem","position":2,"name":"La ULL firma dos convenios marco de colaboraci\u00f3n con asociaciones de implantados cocleares y sordociegos"}]},{"@type":"WebSite","@id":"https:\/\/www.ull.es\/portal\/noticias\/#website","url":"https:\/\/www.ull.es\/portal\/noticias\/","name":"ULL - Noticias","description":"","potentialAction":[{"@type":"SearchAction","target":{"@type":"EntryPoint","urlTemplate":"https:\/\/www.ull.es\/portal\/noticias\/?s={search_term_string}"},"query-input":"required name=search_term_string"}],"inLanguage":"es"},{"@type":"Person","@id":"https:\/\/www.ull.es\/portal\/noticias\/#\/schema\/person\/b2b1a89d43ffa609e591f7df8ef3e817","name":"gaprsa","image":{"@type":"ImageObject","inLanguage":"es","@id":"https:\/\/www.ull.es\/portal\/noticias\/#\/schema\/person\/image\/","url":"https:\/\/secure.gravatar.com\/avatar\/443820550921091458b4823867723b3d?s=96&d=mm&r=g","contentUrl":"https:\/\/secure.gravatar.com\/avatar\/443820550921091458b4823867723b3d?s=96&d=mm&r=g","caption":"gaprsa"},"url":"https:\/\/www.ull.es\/portal\/noticias\/author\/gaprsa\/"}]}},"primary_category":null,"featured_image_thumbnail_url":"https:\/\/www.ull.es\/portal\/noticias\/wp-content\/uploads\/sites\/13\/2015\/11\/sordociego-300x205.jpg","_links":{"self":[{"href":"https:\/\/www.ull.es\/portal\/noticias\/wp-json\/wp\/v2\/posts\/25787"}],"collection":[{"href":"https:\/\/www.ull.es\/portal\/noticias\/wp-json\/wp\/v2\/posts"}],"about":[{"href":"https:\/\/www.ull.es\/portal\/noticias\/wp-json\/wp\/v2\/types\/post"}],"author":[{"embeddable":true,"href":"https:\/\/www.ull.es\/portal\/noticias\/wp-json\/wp\/v2\/users\/23"}],"replies":[{"embeddable":true,"href":"https:\/\/www.ull.es\/portal\/noticias\/wp-json\/wp\/v2\/comments?post=25787"}],"version-history":[{"count":0,"href":"https:\/\/www.ull.es\/portal\/noticias\/wp-json\/wp\/v2\/posts\/25787\/revisions"}],"wp:featuredmedia":[{"embeddable":true,"href":"https:\/\/www.ull.es\/portal\/noticias\/wp-json\/wp\/v2\/media\/25789"}],"wp:attachment":[{"href":"https:\/\/www.ull.es\/portal\/noticias\/wp-json\/wp\/v2\/media?parent=25787"}],"wp:term":[{"taxonomy":"category","embeddable":true,"href":"https:\/\/www.ull.es\/portal\/noticias\/wp-json\/wp\/v2\/categories?post=25787"},{"taxonomy":"post_tag","embeddable":true,"href":"https:\/\/www.ull.es\/portal\/noticias\/wp-json\/wp\/v2\/tags?post=25787"}],"curies":[{"name":"wp","href":"https:\/\/api.w.org\/{rel}","templated":true}]}}