{"id":25815,"date":"2015-11-30T11:30:16","date_gmt":"2015-11-30T11:30:16","guid":{"rendered":"http:\/\/ddigital.webs.ull.es\/?p=25815"},"modified":"2015-11-30T11:30:16","modified_gmt":"2015-11-30T11:30:16","slug":"el-vicerrectorado-de-internacionalizacion-presenta-al-alumnado-de-ciencias-el-programa-eramsus","status":"publish","type":"post","link":"https:\/\/www.ull.es\/portal\/noticias\/2015\/el-vicerrectorado-de-internacionalizacion-presenta-al-alumnado-de-ciencias-el-programa-eramsus\/","title":{"rendered":"El Vicerrectorado de Internacionalizaci\u00f3n presenta al alumnado de Ciencias el programa Eramsus +"},"content":{"rendered":"<p>El Vicerrectorado de Internacionalizaci\u00f3n de la Universidad de La Laguna inici\u00f3 el pasado viernes 27 de noviembre en la Secci\u00f3n de Qu\u00edmica de la Facultad de Ciencias una ronda de intervenciones por los centros de la instituci\u00f3n para presentar al alumnado la pr\u00f3xima convocatoria Erasmus + y as\u00ed incentivar la participaci\u00f3n en este intercambio.<\/p>\n<p>A la reuni\u00f3n celebrada en la Secci\u00f3n de Qu\u00edmica acudieron la vicerrectora de Internacionalizaci\u00f3n, Carmen Rubio; el director de secretariado de Movilidad internacional, Jos\u00e9 Francisco Sigut, y la coordinadora de movilidad de la Facultad de Ciencias, Elena Pastor.<\/p>\n<p>En la reuni\u00f3n se inform\u00f3 de que la convocatoria de Erasmus + para el curso 2016-2017 se abrir\u00e1 entre el 10 y el 21 de diciembre, un mes antes de lo habitual, por lo que se estim\u00f3 conveniente convocar este tipo de reuniones para alertar al alumnado interesado de que el plazo se adelantaba. Al largo de la siguiente semana se celebrar\u00e1n reuniones en cada una de las secciones para dar informaci\u00f3n m\u00e1s precisa sobre las plazas disponibles para los estudiantes de cada secci\u00f3n.<\/p>\n<p>El programa Erasmus + estar\u00e1 vigente entre 2014 y 2020, y si bien mantiene el esp\u00edritu de otros programas Erasmus anteriores, difiere de ellos en que tambi\u00e9n incorpora la posibilidad de realizar pr\u00e1cticas en empresas, adem\u00e1s del intercambio acad\u00e9mico, y que no est\u00e1 circunscrito al \u00e1mbito de la Uni\u00f3n Europea, si bien \u00e9ste sigue siendo el mayoritario.<\/p>\n<p>Otra novedad es que el programa se puede realizar durante los estudios de grado, m\u00e1ster y doctorado, por lo que una misma persona podr\u00eda realizar varias estancias, ya sean de estudios o de pr\u00e1cticas en empresas, siempre y cuando la suma total de meses disfrutados no supere los doce, salvo en los casos de los estudios de Farmacia y Medicina, que excepcionalmente admiten hasta 24 meses de estancia.<\/p>\n<p>En la reuni\u00f3n se inform\u00f3 de la cuant\u00eda de las ayudas concedidas a los estudiantes Erasmus por parte de Europa, que oscila entre los 750 y los 650 euros al mes, seg\u00fan sea el coste de la vida en el pa\u00eds de destino. Eso s\u00ed: nunca se financia la estancia completa del alumnado, solamente un n\u00famero variable de meses. Adem\u00e1s, esta ayuda no se concede a todos los alumnos admitidos al programa: por ejemplo, el curso pasado de los 180 estudiantes de la ULL admitidos al intercambio, percibieron la beca oficial europea 120.<\/p>\n<p>Tambi\u00e9n se explic\u00f3 que, si bien la ayuda m\u00e1s cuantiosa es la procedente de las instituciones europeas, existen otras del Ministerio de Educaci\u00f3n, el Cabildo Insular o incluso de entidades privadas como Fundaci\u00f3n Mapfre, por lo que los estudiantes que acudan es casi seguro que podr\u00e1n recibir alg\u00fan tipo de apoyo econ\u00f3mico.<\/p>\n<p>Se explic\u00f3 que para poder acceder al programa es necesario haber cursado, al menos, 60 cr\u00e9ditos de la titulaci\u00f3n de grado den el momento de solicitar la admisi\u00f3n. Para seleccionar a los beneficiarios se tendr\u00e1 en cuenta, adem\u00e1s de este requisito, la nota media del expediente a fecha de 30 de septiembre de 2015 y poseer un nivel de idiomas m\u00ednimo acreditado.<\/p>\n<p>La vicerrectora de Internacionalizaci\u00f3n anim\u00f3 al alumnado a participar en el intercambio Erasmus + no s\u00f3lo porque es una gran experiencia vital y acad\u00e9mica, sino porque los empleadores est\u00e1n valorando cada vez m\u00e1s el hecho de que un candidato a un puesto de trabajo haya realizado alg\u00fan tipo de estancia en el extranjero.<\/p>\n","protected":false},"excerpt":{"rendered":"<p>El Vicerrectorado de Internacionalizaci\u00f3n de la Universidad de La Laguna inici\u00f3 el pasado viernes 27 de noviembre en la Secci\u00f3n&#8230;<\/p>\n","protected":false},"author":23,"featured_media":25816,"comment_status":"open","ping_status":"open","sticky":false,"template":"","format":"gallery","meta":{"inline_featured_image":false,"footnotes":""},"categories":[345,349,1],"tags":[1149,1537],"acf":[],"yoast_head":"<!-- This site is optimized with the Yoast SEO plugin v21.3 - https:\/\/yoast.com\/wordpress\/plugins\/seo\/ -->\n<title>El Vicerrectorado de Internacionalizaci\u00f3n presenta al alumnado de Ciencias el programa Eramsus + - ULL - Noticias<\/title>\n<meta name=\"robots\" content=\"index, follow, max-snippet:-1, max-image-preview:large, max-video-preview:-1\" \/>\n<link rel=\"canonical\" href=\"https:\/\/www.ull.es\/portal\/noticias\/2015\/el-vicerrectorado-de-internacionalizacion-presenta-al-alumnado-de-ciencias-el-programa-eramsus\/\" \/>\n<meta property=\"og:locale\" content=\"es_ES\" \/>\n<meta property=\"og:type\" content=\"article\" \/>\n<meta property=\"og:title\" content=\"El Vicerrectorado de Internacionalizaci\u00f3n presenta al alumnado de Ciencias el programa Eramsus + - ULL - Noticias\" \/>\n<meta property=\"og:description\" content=\"El Vicerrectorado de Internacionalizaci\u00f3n de la Universidad de La Laguna inici\u00f3 el pasado viernes 27 de noviembre en la Secci\u00f3n...\" \/>\n<meta property=\"og:url\" content=\"https:\/\/www.ull.es\/portal\/noticias\/2015\/el-vicerrectorado-de-internacionalizacion-presenta-al-alumnado-de-ciencias-el-programa-eramsus\/\" \/>\n<meta property=\"og:site_name\" content=\"ULL - Noticias\" \/>\n<meta property=\"article:publisher\" content=\"https:\/\/www.facebook.com\/universidaddelalaguna\/\" \/>\n<meta property=\"article:published_time\" content=\"2015-11-30T11:30:16+00:00\" \/>\n<meta property=\"og:image\" content=\"https:\/\/www.ull.es\/portal\/noticias\/wp-content\/uploads\/sites\/13\/2015\/11\/erasmus_vice.jpg\" \/>\n\t<meta property=\"og:image:width\" content=\"1034\" \/>\n\t<meta property=\"og:image:height\" content=\"708\" \/>\n\t<meta property=\"og:image:type\" content=\"image\/jpeg\" \/>\n<meta name=\"author\" content=\"gaprsa\" \/>\n<meta name=\"twitter:card\" content=\"summary_large_image\" \/>\n<meta name=\"twitter:creator\" content=\"@CanalULL\" \/>\n<meta name=\"twitter:site\" content=\"@CanalULL\" \/>\n<meta name=\"twitter:label1\" content=\"Escrito por\" \/>\n\t<meta name=\"twitter:data1\" content=\"gaprsa\" \/>\n\t<meta name=\"twitter:label2\" content=\"Tiempo de lectura\" \/>\n\t<meta name=\"twitter:data2\" content=\"3 minutos\" \/>\n<script type=\"application\/ld+json\" class=\"yoast-schema-graph\">{\"@context\":\"https:\/\/schema.org\",\"@graph\":[{\"@type\":\"WebPage\",\"@id\":\"https:\/\/www.ull.es\/portal\/noticias\/2015\/el-vicerrectorado-de-internacionalizacion-presenta-al-alumnado-de-ciencias-el-programa-eramsus\/\",\"url\":\"https:\/\/www.ull.es\/portal\/noticias\/2015\/el-vicerrectorado-de-internacionalizacion-presenta-al-alumnado-de-ciencias-el-programa-eramsus\/\",\"name\":\"El Vicerrectorado de Internacionalizaci\u00f3n presenta al alumnado de Ciencias el programa Eramsus + - ULL - Noticias\",\"isPartOf\":{\"@id\":\"https:\/\/www.ull.es\/portal\/noticias\/#website\"},\"datePublished\":\"2015-11-30T11:30:16+00:00\",\"dateModified\":\"2015-11-30T11:30:16+00:00\",\"author\":{\"@id\":\"https:\/\/www.ull.es\/portal\/noticias\/#\/schema\/person\/b2b1a89d43ffa609e591f7df8ef3e817\"},\"breadcrumb\":{\"@id\":\"https:\/\/www.ull.es\/portal\/noticias\/2015\/el-vicerrectorado-de-internacionalizacion-presenta-al-alumnado-de-ciencias-el-programa-eramsus\/#breadcrumb\"},\"inLanguage\":\"es\",\"potentialAction\":[{\"@type\":\"ReadAction\",\"target\":[\"https:\/\/www.ull.es\/portal\/noticias\/2015\/el-vicerrectorado-de-internacionalizacion-presenta-al-alumnado-de-ciencias-el-programa-eramsus\/\"]}]},{\"@type\":\"BreadcrumbList\",\"@id\":\"https:\/\/www.ull.es\/portal\/noticias\/2015\/el-vicerrectorado-de-internacionalizacion-presenta-al-alumnado-de-ciencias-el-programa-eramsus\/#breadcrumb\",\"itemListElement\":[{\"@type\":\"ListItem\",\"position\":1,\"name\":\"Portada\",\"item\":\"https:\/\/www.ull.es\/portal\/noticias\/\"},{\"@type\":\"ListItem\",\"position\":2,\"name\":\"El Vicerrectorado de Internacionalizaci\u00f3n presenta al alumnado de Ciencias el programa Eramsus +\"}]},{\"@type\":\"WebSite\",\"@id\":\"https:\/\/www.ull.es\/portal\/noticias\/#website\",\"url\":\"https:\/\/www.ull.es\/portal\/noticias\/\",\"name\":\"ULL - Noticias\",\"description\":\"\",\"potentialAction\":[{\"@type\":\"SearchAction\",\"target\":{\"@type\":\"EntryPoint\",\"urlTemplate\":\"https:\/\/www.ull.es\/portal\/noticias\/?s={search_term_string}\"},\"query-input\":\"required name=search_term_string\"}],\"inLanguage\":\"es\"},{\"@type\":\"Person\",\"@id\":\"https:\/\/www.ull.es\/portal\/noticias\/#\/schema\/person\/b2b1a89d43ffa609e591f7df8ef3e817\",\"name\":\"gaprsa\",\"image\":{\"@type\":\"ImageObject\",\"inLanguage\":\"es\",\"@id\":\"https:\/\/www.ull.es\/portal\/noticias\/#\/schema\/person\/image\/\",\"url\":\"https:\/\/secure.gravatar.com\/avatar\/443820550921091458b4823867723b3d?s=96&d=mm&r=g\",\"contentUrl\":\"https:\/\/secure.gravatar.com\/avatar\/443820550921091458b4823867723b3d?s=96&d=mm&r=g\",\"caption\":\"gaprsa\"},\"url\":\"https:\/\/www.ull.es\/portal\/noticias\/author\/gaprsa\/\"}]}<\/script>\n<!-- \/ Yoast SEO plugin. -->","yoast_head_json":{"title":"El Vicerrectorado de Internacionalizaci\u00f3n presenta al alumnado de Ciencias el programa Eramsus + - ULL - Noticias","robots":{"index":"index","follow":"follow","max-snippet":"max-snippet:-1","max-image-preview":"max-image-preview:large","max-video-preview":"max-video-preview:-1"},"canonical":"https:\/\/www.ull.es\/portal\/noticias\/2015\/el-vicerrectorado-de-internacionalizacion-presenta-al-alumnado-de-ciencias-el-programa-eramsus\/","og_locale":"es_ES","og_type":"article","og_title":"El Vicerrectorado de Internacionalizaci\u00f3n presenta al alumnado de Ciencias el programa Eramsus + - ULL - Noticias","og_description":"El Vicerrectorado de Internacionalizaci\u00f3n de la Universidad de La Laguna inici\u00f3 el pasado viernes 27 de noviembre en la Secci\u00f3n...","og_url":"https:\/\/www.ull.es\/portal\/noticias\/2015\/el-vicerrectorado-de-internacionalizacion-presenta-al-alumnado-de-ciencias-el-programa-eramsus\/","og_site_name":"ULL - Noticias","article_publisher":"https:\/\/www.facebook.com\/universidaddelalaguna\/","article_published_time":"2015-11-30T11:30:16+00:00","og_image":[{"width":1034,"height":708,"url":"https:\/\/www.ull.es\/portal\/noticias\/wp-content\/uploads\/sites\/13\/2015\/11\/erasmus_vice.jpg","type":"image\/jpeg"}],"author":"gaprsa","twitter_card":"summary_large_image","twitter_creator":"@CanalULL","twitter_site":"@CanalULL","twitter_misc":{"Escrito por":"gaprsa","Tiempo de lectura":"3 minutos"},"schema":{"@context":"https:\/\/schema.org","@graph":[{"@type":"WebPage","@id":"https:\/\/www.ull.es\/portal\/noticias\/2015\/el-vicerrectorado-de-internacionalizacion-presenta-al-alumnado-de-ciencias-el-programa-eramsus\/","url":"https:\/\/www.ull.es\/portal\/noticias\/2015\/el-vicerrectorado-de-internacionalizacion-presenta-al-alumnado-de-ciencias-el-programa-eramsus\/","name":"El Vicerrectorado de Internacionalizaci\u00f3n presenta al alumnado de Ciencias el programa Eramsus + - ULL - Noticias","isPartOf":{"@id":"https:\/\/www.ull.es\/portal\/noticias\/#website"},"datePublished":"2015-11-30T11:30:16+00:00","dateModified":"2015-11-30T11:30:16+00:00","author":{"@id":"https:\/\/www.ull.es\/portal\/noticias\/#\/schema\/person\/b2b1a89d43ffa609e591f7df8ef3e817"},"breadcrumb":{"@id":"https:\/\/www.ull.es\/portal\/noticias\/2015\/el-vicerrectorado-de-internacionalizacion-presenta-al-alumnado-de-ciencias-el-programa-eramsus\/#breadcrumb"},"inLanguage":"es","potentialAction":[{"@type":"ReadAction","target":["https:\/\/www.ull.es\/portal\/noticias\/2015\/el-vicerrectorado-de-internacionalizacion-presenta-al-alumnado-de-ciencias-el-programa-eramsus\/"]}]},{"@type":"BreadcrumbList","@id":"https:\/\/www.ull.es\/portal\/noticias\/2015\/el-vicerrectorado-de-internacionalizacion-presenta-al-alumnado-de-ciencias-el-programa-eramsus\/#breadcrumb","itemListElement":[{"@type":"ListItem","position":1,"name":"Portada","item":"https:\/\/www.ull.es\/portal\/noticias\/"},{"@type":"ListItem","position":2,"name":"El Vicerrectorado de Internacionalizaci\u00f3n presenta al alumnado de Ciencias el programa Eramsus +"}]},{"@type":"WebSite","@id":"https:\/\/www.ull.es\/portal\/noticias\/#website","url":"https:\/\/www.ull.es\/portal\/noticias\/","name":"ULL - Noticias","description":"","potentialAction":[{"@type":"SearchAction","target":{"@type":"EntryPoint","urlTemplate":"https:\/\/www.ull.es\/portal\/noticias\/?s={search_term_string}"},"query-input":"required name=search_term_string"}],"inLanguage":"es"},{"@type":"Person","@id":"https:\/\/www.ull.es\/portal\/noticias\/#\/schema\/person\/b2b1a89d43ffa609e591f7df8ef3e817","name":"gaprsa","image":{"@type":"ImageObject","inLanguage":"es","@id":"https:\/\/www.ull.es\/portal\/noticias\/#\/schema\/person\/image\/","url":"https:\/\/secure.gravatar.com\/avatar\/443820550921091458b4823867723b3d?s=96&d=mm&r=g","contentUrl":"https:\/\/secure.gravatar.com\/avatar\/443820550921091458b4823867723b3d?s=96&d=mm&r=g","caption":"gaprsa"},"url":"https:\/\/www.ull.es\/portal\/noticias\/author\/gaprsa\/"}]}},"primary_category":null,"featured_image_thumbnail_url":"https:\/\/www.ull.es\/portal\/noticias\/wp-content\/uploads\/sites\/13\/2015\/11\/erasmus_vice-300x205.jpg","_links":{"self":[{"href":"https:\/\/www.ull.es\/portal\/noticias\/wp-json\/wp\/v2\/posts\/25815"}],"collection":[{"href":"https:\/\/www.ull.es\/portal\/noticias\/wp-json\/wp\/v2\/posts"}],"about":[{"href":"https:\/\/www.ull.es\/portal\/noticias\/wp-json\/wp\/v2\/types\/post"}],"author":[{"embeddable":true,"href":"https:\/\/www.ull.es\/portal\/noticias\/wp-json\/wp\/v2\/users\/23"}],"replies":[{"embeddable":true,"href":"https:\/\/www.ull.es\/portal\/noticias\/wp-json\/wp\/v2\/comments?post=25815"}],"version-history":[{"count":0,"href":"https:\/\/www.ull.es\/portal\/noticias\/wp-json\/wp\/v2\/posts\/25815\/revisions"}],"wp:featuredmedia":[{"embeddable":true,"href":"https:\/\/www.ull.es\/portal\/noticias\/wp-json\/wp\/v2\/media\/25816"}],"wp:attachment":[{"href":"https:\/\/www.ull.es\/portal\/noticias\/wp-json\/wp\/v2\/media?parent=25815"}],"wp:term":[{"taxonomy":"category","embeddable":true,"href":"https:\/\/www.ull.es\/portal\/noticias\/wp-json\/wp\/v2\/categories?post=25815"},{"taxonomy":"post_tag","embeddable":true,"href":"https:\/\/www.ull.es\/portal\/noticias\/wp-json\/wp\/v2\/tags?post=25815"}],"curies":[{"name":"wp","href":"https:\/\/api.w.org\/{rel}","templated":true}]}}