{"id":25827,"date":"2015-11-30T12:50:25","date_gmt":"2015-11-30T12:50:25","guid":{"rendered":"http:\/\/ddigital.webs.ull.es\/?p=25827"},"modified":"2015-11-30T12:50:25","modified_gmt":"2015-11-30T12:50:25","slug":"la-ull-celebra-el-i-congreso-de-estudiantes-de-ingenieria-informatica","status":"publish","type":"post","link":"https:\/\/www.ull.es\/portal\/noticias\/2015\/la-ull-celebra-el-i-congreso-de-estudiantes-de-ingenieria-informatica\/","title":{"rendered":"La ULL celebra el I Congreso de Estudiantes de Ingenier\u00eda  Inform\u00e1tica"},"content":{"rendered":"<p>Los d\u00edas 1 y 2 de diciembre la Universidad de La Laguna llevar\u00e1 a cabo el I Congreso de Estudiantes de Ingenier\u00eda Inform\u00e1tica, perteneciente a la Escuela Superior de Ingenier\u00eda y Tecnolog\u00eda, dentro del marco de celebraci\u00f3n del 25 aniversario de estos estudios en el centro acad\u00e9mico. El evento se realizar\u00e1 en el Aula Magna de las secciones de F\u00edsica y Matem\u00e1ticas y cuenta con un aforo de 200 personas.<\/p>\n<p>El congreso constar\u00e1 de varias conferencias con invitados de reconocido prestigio en el mundo de la inform\u00e1tica (el creador de Google Developers Group Tenerife, Deepak Daswani, Nicol\u00e1s Kovac, Francisco Mesa, etc.) y de un concurso en el que alumnos y ex-alumnos expondr\u00e1n sus propios proyectos, de los cuales posteriormente se realizar\u00e1 una votaci\u00f3n para elegir la mejor propuesta.<\/p>\n<p>En el enlace siguiente figura el contenido detallado de esta propuesta <a href=\"http:\/\/www.ull.es\/Private\/folder\/institucional\/ull\/wull\/agenda\/2015\/diciembre\/congreso_informatica.pdf\" target=\"_blank\" rel=\"noopener\">http:\/\/www.ull.es\/Private\/folder\/institucional\/ull\/wull\/agenda\/2015\/diciembre\/congreso_informatica.pdf<\/a>, que cuenta con el apoyo del Colegio Oficial de Ingenieros T\u00e9cnicos de Inform\u00e1tica de Canarias y es convalidable por un cr\u00e9dito ECTS.<\/p>\n<p>Se trata, como es habitual en este tipo de formatos, de familiarizar a los estudiantes con el mundo de la investigaci\u00f3n y con la presentaci\u00f3n en p\u00fablico de sus trabajos m\u00e1s recientes. As\u00ed, adem\u00e1s de conferencias en las que habr\u00e1 especial dedicaci\u00f3n al emprendimiento, habr\u00e1 lugar para la presentaci\u00f3n de p\u00f3steres por parte de los estudiantes.<\/p>\n","protected":false},"excerpt":{"rendered":"<p>Los d\u00edas 1 y 2 de diciembre la Universidad de La Laguna llevar\u00e1 a cabo el I Congreso de Estudiantes&#8230;<\/p>\n","protected":false},"author":23,"featured_media":25828,"comment_status":"open","ping_status":"open","sticky":false,"template":"","format":"standard","meta":{"inline_featured_image":false,"footnotes":""},"categories":[343,345,1],"tags":[895],"acf":[],"yoast_head":"<!-- This site is optimized with the Yoast SEO plugin v21.3 - https:\/\/yoast.com\/wordpress\/plugins\/seo\/ -->\n<title>La ULL celebra el I Congreso de Estudiantes de Ingenier\u00eda Inform\u00e1tica - ULL - Noticias<\/title>\n<meta name=\"robots\" content=\"index, follow, max-snippet:-1, max-image-preview:large, max-video-preview:-1\" \/>\n<link rel=\"canonical\" href=\"https:\/\/www.ull.es\/portal\/noticias\/2015\/la-ull-celebra-el-i-congreso-de-estudiantes-de-ingenieria-informatica\/\" \/>\n<meta property=\"og:locale\" content=\"es_ES\" \/>\n<meta property=\"og:type\" content=\"article\" \/>\n<meta property=\"og:title\" content=\"La ULL celebra el I Congreso de Estudiantes de Ingenier\u00eda Inform\u00e1tica - ULL - Noticias\" \/>\n<meta property=\"og:description\" content=\"Los d\u00edas 1 y 2 de diciembre la Universidad de La Laguna llevar\u00e1 a cabo el I Congreso de Estudiantes...\" \/>\n<meta property=\"og:url\" content=\"https:\/\/www.ull.es\/portal\/noticias\/2015\/la-ull-celebra-el-i-congreso-de-estudiantes-de-ingenieria-informatica\/\" \/>\n<meta property=\"og:site_name\" content=\"ULL - Noticias\" \/>\n<meta property=\"article:publisher\" content=\"https:\/\/www.facebook.com\/universidaddelalaguna\/\" \/>\n<meta property=\"article:published_time\" content=\"2015-11-30T12:50:25+00:00\" \/>\n<meta property=\"og:image\" content=\"https:\/\/www.ull.es\/portal\/noticias\/wp-content\/uploads\/sites\/13\/2015\/11\/congreso-informatica.jpg\" \/>\n\t<meta property=\"og:image:width\" content=\"1432\" \/>\n\t<meta property=\"og:image:height\" content=\"923\" \/>\n\t<meta property=\"og:image:type\" content=\"image\/jpeg\" \/>\n<meta name=\"author\" content=\"gaprsa\" \/>\n<meta name=\"twitter:card\" content=\"summary_large_image\" \/>\n<meta name=\"twitter:creator\" content=\"@CanalULL\" \/>\n<meta name=\"twitter:site\" content=\"@CanalULL\" \/>\n<meta name=\"twitter:label1\" content=\"Escrito por\" \/>\n\t<meta name=\"twitter:data1\" content=\"gaprsa\" \/>\n\t<meta name=\"twitter:label2\" content=\"Tiempo de lectura\" \/>\n\t<meta name=\"twitter:data2\" content=\"1 minuto\" \/>\n<script type=\"application\/ld+json\" class=\"yoast-schema-graph\">{\"@context\":\"https:\/\/schema.org\",\"@graph\":[{\"@type\":\"WebPage\",\"@id\":\"https:\/\/www.ull.es\/portal\/noticias\/2015\/la-ull-celebra-el-i-congreso-de-estudiantes-de-ingenieria-informatica\/\",\"url\":\"https:\/\/www.ull.es\/portal\/noticias\/2015\/la-ull-celebra-el-i-congreso-de-estudiantes-de-ingenieria-informatica\/\",\"name\":\"La ULL celebra el I Congreso de Estudiantes de Ingenier\u00eda Inform\u00e1tica - ULL - Noticias\",\"isPartOf\":{\"@id\":\"https:\/\/www.ull.es\/portal\/noticias\/#website\"},\"datePublished\":\"2015-11-30T12:50:25+00:00\",\"dateModified\":\"2015-11-30T12:50:25+00:00\",\"author\":{\"@id\":\"https:\/\/www.ull.es\/portal\/noticias\/#\/schema\/person\/b2b1a89d43ffa609e591f7df8ef3e817\"},\"breadcrumb\":{\"@id\":\"https:\/\/www.ull.es\/portal\/noticias\/2015\/la-ull-celebra-el-i-congreso-de-estudiantes-de-ingenieria-informatica\/#breadcrumb\"},\"inLanguage\":\"es\",\"potentialAction\":[{\"@type\":\"ReadAction\",\"target\":[\"https:\/\/www.ull.es\/portal\/noticias\/2015\/la-ull-celebra-el-i-congreso-de-estudiantes-de-ingenieria-informatica\/\"]}]},{\"@type\":\"BreadcrumbList\",\"@id\":\"https:\/\/www.ull.es\/portal\/noticias\/2015\/la-ull-celebra-el-i-congreso-de-estudiantes-de-ingenieria-informatica\/#breadcrumb\",\"itemListElement\":[{\"@type\":\"ListItem\",\"position\":1,\"name\":\"Portada\",\"item\":\"https:\/\/www.ull.es\/portal\/noticias\/\"},{\"@type\":\"ListItem\",\"position\":2,\"name\":\"La ULL celebra el I Congreso de Estudiantes de Ingenier\u00eda Inform\u00e1tica\"}]},{\"@type\":\"WebSite\",\"@id\":\"https:\/\/www.ull.es\/portal\/noticias\/#website\",\"url\":\"https:\/\/www.ull.es\/portal\/noticias\/\",\"name\":\"ULL - Noticias\",\"description\":\"\",\"potentialAction\":[{\"@type\":\"SearchAction\",\"target\":{\"@type\":\"EntryPoint\",\"urlTemplate\":\"https:\/\/www.ull.es\/portal\/noticias\/?s={search_term_string}\"},\"query-input\":\"required name=search_term_string\"}],\"inLanguage\":\"es\"},{\"@type\":\"Person\",\"@id\":\"https:\/\/www.ull.es\/portal\/noticias\/#\/schema\/person\/b2b1a89d43ffa609e591f7df8ef3e817\",\"name\":\"gaprsa\",\"image\":{\"@type\":\"ImageObject\",\"inLanguage\":\"es\",\"@id\":\"https:\/\/www.ull.es\/portal\/noticias\/#\/schema\/person\/image\/\",\"url\":\"https:\/\/secure.gravatar.com\/avatar\/443820550921091458b4823867723b3d?s=96&d=mm&r=g\",\"contentUrl\":\"https:\/\/secure.gravatar.com\/avatar\/443820550921091458b4823867723b3d?s=96&d=mm&r=g\",\"caption\":\"gaprsa\"},\"url\":\"https:\/\/www.ull.es\/portal\/noticias\/author\/gaprsa\/\"}]}<\/script>\n<!-- \/ Yoast SEO plugin. -->","yoast_head_json":{"title":"La ULL celebra el I Congreso de Estudiantes de Ingenier\u00eda Inform\u00e1tica - ULL - Noticias","robots":{"index":"index","follow":"follow","max-snippet":"max-snippet:-1","max-image-preview":"max-image-preview:large","max-video-preview":"max-video-preview:-1"},"canonical":"https:\/\/www.ull.es\/portal\/noticias\/2015\/la-ull-celebra-el-i-congreso-de-estudiantes-de-ingenieria-informatica\/","og_locale":"es_ES","og_type":"article","og_title":"La ULL celebra el I Congreso de Estudiantes de Ingenier\u00eda Inform\u00e1tica - ULL - Noticias","og_description":"Los d\u00edas 1 y 2 de diciembre la Universidad de La Laguna llevar\u00e1 a cabo el I Congreso de Estudiantes...","og_url":"https:\/\/www.ull.es\/portal\/noticias\/2015\/la-ull-celebra-el-i-congreso-de-estudiantes-de-ingenieria-informatica\/","og_site_name":"ULL - Noticias","article_publisher":"https:\/\/www.facebook.com\/universidaddelalaguna\/","article_published_time":"2015-11-30T12:50:25+00:00","og_image":[{"width":1432,"height":923,"url":"https:\/\/www.ull.es\/portal\/noticias\/wp-content\/uploads\/sites\/13\/2015\/11\/congreso-informatica.jpg","type":"image\/jpeg"}],"author":"gaprsa","twitter_card":"summary_large_image","twitter_creator":"@CanalULL","twitter_site":"@CanalULL","twitter_misc":{"Escrito por":"gaprsa","Tiempo de lectura":"1 minuto"},"schema":{"@context":"https:\/\/schema.org","@graph":[{"@type":"WebPage","@id":"https:\/\/www.ull.es\/portal\/noticias\/2015\/la-ull-celebra-el-i-congreso-de-estudiantes-de-ingenieria-informatica\/","url":"https:\/\/www.ull.es\/portal\/noticias\/2015\/la-ull-celebra-el-i-congreso-de-estudiantes-de-ingenieria-informatica\/","name":"La ULL celebra el I Congreso de Estudiantes de Ingenier\u00eda Inform\u00e1tica - ULL - Noticias","isPartOf":{"@id":"https:\/\/www.ull.es\/portal\/noticias\/#website"},"datePublished":"2015-11-30T12:50:25+00:00","dateModified":"2015-11-30T12:50:25+00:00","author":{"@id":"https:\/\/www.ull.es\/portal\/noticias\/#\/schema\/person\/b2b1a89d43ffa609e591f7df8ef3e817"},"breadcrumb":{"@id":"https:\/\/www.ull.es\/portal\/noticias\/2015\/la-ull-celebra-el-i-congreso-de-estudiantes-de-ingenieria-informatica\/#breadcrumb"},"inLanguage":"es","potentialAction":[{"@type":"ReadAction","target":["https:\/\/www.ull.es\/portal\/noticias\/2015\/la-ull-celebra-el-i-congreso-de-estudiantes-de-ingenieria-informatica\/"]}]},{"@type":"BreadcrumbList","@id":"https:\/\/www.ull.es\/portal\/noticias\/2015\/la-ull-celebra-el-i-congreso-de-estudiantes-de-ingenieria-informatica\/#breadcrumb","itemListElement":[{"@type":"ListItem","position":1,"name":"Portada","item":"https:\/\/www.ull.es\/portal\/noticias\/"},{"@type":"ListItem","position":2,"name":"La ULL celebra el I Congreso de Estudiantes de Ingenier\u00eda Inform\u00e1tica"}]},{"@type":"WebSite","@id":"https:\/\/www.ull.es\/portal\/noticias\/#website","url":"https:\/\/www.ull.es\/portal\/noticias\/","name":"ULL - Noticias","description":"","potentialAction":[{"@type":"SearchAction","target":{"@type":"EntryPoint","urlTemplate":"https:\/\/www.ull.es\/portal\/noticias\/?s={search_term_string}"},"query-input":"required name=search_term_string"}],"inLanguage":"es"},{"@type":"Person","@id":"https:\/\/www.ull.es\/portal\/noticias\/#\/schema\/person\/b2b1a89d43ffa609e591f7df8ef3e817","name":"gaprsa","image":{"@type":"ImageObject","inLanguage":"es","@id":"https:\/\/www.ull.es\/portal\/noticias\/#\/schema\/person\/image\/","url":"https:\/\/secure.gravatar.com\/avatar\/443820550921091458b4823867723b3d?s=96&d=mm&r=g","contentUrl":"https:\/\/secure.gravatar.com\/avatar\/443820550921091458b4823867723b3d?s=96&d=mm&r=g","caption":"gaprsa"},"url":"https:\/\/www.ull.es\/portal\/noticias\/author\/gaprsa\/"}]}},"primary_category":null,"featured_image_thumbnail_url":"https:\/\/www.ull.es\/portal\/noticias\/wp-content\/uploads\/sites\/13\/2015\/11\/congreso-informatica-300x193.jpg","_links":{"self":[{"href":"https:\/\/www.ull.es\/portal\/noticias\/wp-json\/wp\/v2\/posts\/25827"}],"collection":[{"href":"https:\/\/www.ull.es\/portal\/noticias\/wp-json\/wp\/v2\/posts"}],"about":[{"href":"https:\/\/www.ull.es\/portal\/noticias\/wp-json\/wp\/v2\/types\/post"}],"author":[{"embeddable":true,"href":"https:\/\/www.ull.es\/portal\/noticias\/wp-json\/wp\/v2\/users\/23"}],"replies":[{"embeddable":true,"href":"https:\/\/www.ull.es\/portal\/noticias\/wp-json\/wp\/v2\/comments?post=25827"}],"version-history":[{"count":0,"href":"https:\/\/www.ull.es\/portal\/noticias\/wp-json\/wp\/v2\/posts\/25827\/revisions"}],"wp:featuredmedia":[{"embeddable":true,"href":"https:\/\/www.ull.es\/portal\/noticias\/wp-json\/wp\/v2\/media\/25828"}],"wp:attachment":[{"href":"https:\/\/www.ull.es\/portal\/noticias\/wp-json\/wp\/v2\/media?parent=25827"}],"wp:term":[{"taxonomy":"category","embeddable":true,"href":"https:\/\/www.ull.es\/portal\/noticias\/wp-json\/wp\/v2\/categories?post=25827"},{"taxonomy":"post_tag","embeddable":true,"href":"https:\/\/www.ull.es\/portal\/noticias\/wp-json\/wp\/v2\/tags?post=25827"}],"curies":[{"name":"wp","href":"https:\/\/api.w.org\/{rel}","templated":true}]}}