{"id":25916,"date":"2015-12-04T14:29:41","date_gmt":"2015-12-04T14:29:41","guid":{"rendered":"http:\/\/ddigital.webs.ull.es\/?p=25916"},"modified":"2015-12-04T14:29:41","modified_gmt":"2015-12-04T14:29:41","slug":"la-ull-si-envio-correo-masivo-al-alumnado-del-norte-de-la-isla-para-dar-a-conocer-las-propuestas-del-cabildo","status":"publish","type":"post","link":"https:\/\/www.ull.es\/portal\/noticias\/2015\/la-ull-si-envio-correo-masivo-al-alumnado-del-norte-de-la-isla-para-dar-a-conocer-las-propuestas-del-cabildo\/","title":{"rendered":"La ULL s\u00ed envi\u00f3 correo masivo al alumnado del norte de la isla para dar a conocer las propuestas del Cabildo"},"content":{"rendered":"<p>La Universidad de La Laguna, a trav\u00e9s de su Vicerrectorado de Estudiantes,\u00a0 se ha puesto en contacto esta semana, tal y como hab\u00eda acordado con el Cabildo Insular de Tenerife, para dar a conocer a los m\u00e1s de cuatro mil alumnos que residen desde Tacoronte hacia el norte de la isla la propuesta de descuento del bono zonal para este colectivo promovida por la corporaci\u00f3n insular.<\/p>\n<p>De hecho, transcurridas las primeras 48 horas de esa comunicaci\u00f3n, no llega al centenar los estudiantes que han dado su conformidad a la cesi\u00f3n de datos personales para acogerse al citado bono especial, ya que se trata de informaci\u00f3n confidencial que para ser transferida a otra organizaci\u00f3n debe contar con el permiso expreso del afectado. De hecho, hoy mismo se ha remitido a Metropolitano un fichero inform\u00e1tico con esa informaci\u00f3n.<\/p>\n<p>Ha sido tambi\u00e9n en la jornada de hoy cuando este centro acad\u00e9mico ha recibido de Metropolitano el documento por el cual se compromete al buen uso de los datos personales de los estudiantes de la Universidad de La Laguna, datos que debe custodiar y emplear conforme a la Ley Org\u00e1nica 15\/1999 de Protecci\u00f3n de Datos de Car\u00e1cter Personal, y requisito sin el que esta operaci\u00f3n no podr\u00eda llevarse a cabo.<\/p>\n<p>Paralelamente a esta acci\u00f3n, en la que la Universidad de La Laguna, fiel defensora del transporte y de los servicios p\u00fablicos, seguir\u00e1 insistiendo para que sean m\u00e1s el alumnado que se sume a esta iniciativa, vuelve a recordar que no es la \u00fanica responsable de los atascos de tr\u00e1fico. A la entrada de la ciudad de La Laguna confluye todo el tr\u00e1fico rodado con destino a dos colegios concertados, uno privado y dos p\u00fablicos, que suman, sin contar a los dos \u00faltimos, m\u00e1s de 4.000 alumnos. Se trata este, en cualquier caso, de un problema que lleva muchos a\u00f1os sin resolverse y que requiere un cambio de mentalidad que no se produce de manera instant\u00e1nea, por lo que son necesarias campa\u00f1as de concienciaci\u00f3n que calan en sus p\u00fablicos a medio o largo plazo.<\/p>\n<p><strong>Coche compartido<\/strong><\/p>\n<p>Con todo, la instituci\u00f3n acad\u00e9mica est\u00e1 trabajando tambi\u00e9n en otro proyecto, una aplicaci\u00f3n georeferencial v\u00eda m\u00f3vil para fomentar el uso del coche compartido entre los estudiantes universitarios. La empresa a la que se ha acudido ya ha presentado una primera propuesta al Rectorado, quien le ha solicitado que la ampl\u00ede y mejore, en la idea de que est\u00e9 disponible a partir del segundo cuatrimestre de este curso acad\u00e9mico.<\/p>\n","protected":false},"excerpt":{"rendered":"<p>La Universidad de La Laguna, a trav\u00e9s de su Vicerrectorado de Estudiantes,\u00a0 se ha puesto en contacto esta semana, tal&#8230;<\/p>\n","protected":false},"author":23,"featured_media":25917,"comment_status":"open","ping_status":"open","sticky":false,"template":"","format":"standard","meta":{"inline_featured_image":false,"footnotes":""},"categories":[345,348,1],"tags":[],"acf":[],"yoast_head":"<!-- This site is optimized with the Yoast SEO plugin v21.3 - https:\/\/yoast.com\/wordpress\/plugins\/seo\/ -->\n<title>La ULL s\u00ed envi\u00f3 correo masivo al alumnado del norte de la isla para dar a conocer las propuestas del Cabildo - ULL - Noticias<\/title>\n<meta name=\"robots\" content=\"index, follow, max-snippet:-1, max-image-preview:large, max-video-preview:-1\" \/>\n<link rel=\"canonical\" href=\"https:\/\/www.ull.es\/portal\/noticias\/2015\/la-ull-si-envio-correo-masivo-al-alumnado-del-norte-de-la-isla-para-dar-a-conocer-las-propuestas-del-cabildo\/\" \/>\n<meta property=\"og:locale\" content=\"es_ES\" \/>\n<meta property=\"og:type\" content=\"article\" \/>\n<meta property=\"og:title\" content=\"La ULL s\u00ed envi\u00f3 correo masivo al alumnado del norte de la isla para dar a conocer las propuestas del Cabildo - ULL - Noticias\" \/>\n<meta property=\"og:description\" content=\"La Universidad de La Laguna, a trav\u00e9s de su Vicerrectorado de Estudiantes,\u00a0 se ha puesto en contacto esta semana, tal...\" \/>\n<meta property=\"og:url\" content=\"https:\/\/www.ull.es\/portal\/noticias\/2015\/la-ull-si-envio-correo-masivo-al-alumnado-del-norte-de-la-isla-para-dar-a-conocer-las-propuestas-del-cabildo\/\" \/>\n<meta property=\"og:site_name\" content=\"ULL - Noticias\" \/>\n<meta property=\"article:publisher\" content=\"https:\/\/www.facebook.com\/universidaddelalaguna\/\" \/>\n<meta property=\"article:published_time\" content=\"2015-12-04T14:29:41+00:00\" \/>\n<meta property=\"og:image\" content=\"https:\/\/www.ull.es\/portal\/noticias\/wp-content\/uploads\/sites\/13\/2015\/12\/Edificio-Central-01.jpg\" \/>\n\t<meta property=\"og:image:width\" content=\"1200\" \/>\n\t<meta property=\"og:image:height\" content=\"800\" \/>\n\t<meta property=\"og:image:type\" content=\"image\/jpeg\" \/>\n<meta name=\"author\" content=\"gaprsa\" \/>\n<meta name=\"twitter:card\" content=\"summary_large_image\" \/>\n<meta name=\"twitter:creator\" content=\"@CanalULL\" \/>\n<meta name=\"twitter:site\" content=\"@CanalULL\" \/>\n<meta name=\"twitter:label1\" content=\"Escrito por\" \/>\n\t<meta name=\"twitter:data1\" content=\"gaprsa\" \/>\n\t<meta name=\"twitter:label2\" content=\"Tiempo de lectura\" \/>\n\t<meta name=\"twitter:data2\" content=\"2 minutos\" \/>\n<script type=\"application\/ld+json\" class=\"yoast-schema-graph\">{\"@context\":\"https:\/\/schema.org\",\"@graph\":[{\"@type\":\"WebPage\",\"@id\":\"https:\/\/www.ull.es\/portal\/noticias\/2015\/la-ull-si-envio-correo-masivo-al-alumnado-del-norte-de-la-isla-para-dar-a-conocer-las-propuestas-del-cabildo\/\",\"url\":\"https:\/\/www.ull.es\/portal\/noticias\/2015\/la-ull-si-envio-correo-masivo-al-alumnado-del-norte-de-la-isla-para-dar-a-conocer-las-propuestas-del-cabildo\/\",\"name\":\"La ULL s\u00ed envi\u00f3 correo masivo al alumnado del norte de la isla para dar a conocer las propuestas del Cabildo - ULL - Noticias\",\"isPartOf\":{\"@id\":\"https:\/\/www.ull.es\/portal\/noticias\/#website\"},\"datePublished\":\"2015-12-04T14:29:41+00:00\",\"dateModified\":\"2015-12-04T14:29:41+00:00\",\"author\":{\"@id\":\"https:\/\/www.ull.es\/portal\/noticias\/#\/schema\/person\/b2b1a89d43ffa609e591f7df8ef3e817\"},\"breadcrumb\":{\"@id\":\"https:\/\/www.ull.es\/portal\/noticias\/2015\/la-ull-si-envio-correo-masivo-al-alumnado-del-norte-de-la-isla-para-dar-a-conocer-las-propuestas-del-cabildo\/#breadcrumb\"},\"inLanguage\":\"es\",\"potentialAction\":[{\"@type\":\"ReadAction\",\"target\":[\"https:\/\/www.ull.es\/portal\/noticias\/2015\/la-ull-si-envio-correo-masivo-al-alumnado-del-norte-de-la-isla-para-dar-a-conocer-las-propuestas-del-cabildo\/\"]}]},{\"@type\":\"BreadcrumbList\",\"@id\":\"https:\/\/www.ull.es\/portal\/noticias\/2015\/la-ull-si-envio-correo-masivo-al-alumnado-del-norte-de-la-isla-para-dar-a-conocer-las-propuestas-del-cabildo\/#breadcrumb\",\"itemListElement\":[{\"@type\":\"ListItem\",\"position\":1,\"name\":\"Portada\",\"item\":\"https:\/\/www.ull.es\/portal\/noticias\/\"},{\"@type\":\"ListItem\",\"position\":2,\"name\":\"La ULL s\u00ed envi\u00f3 correo masivo al alumnado del norte de la isla para dar a conocer las propuestas del Cabildo\"}]},{\"@type\":\"WebSite\",\"@id\":\"https:\/\/www.ull.es\/portal\/noticias\/#website\",\"url\":\"https:\/\/www.ull.es\/portal\/noticias\/\",\"name\":\"ULL - Noticias\",\"description\":\"\",\"potentialAction\":[{\"@type\":\"SearchAction\",\"target\":{\"@type\":\"EntryPoint\",\"urlTemplate\":\"https:\/\/www.ull.es\/portal\/noticias\/?s={search_term_string}\"},\"query-input\":\"required name=search_term_string\"}],\"inLanguage\":\"es\"},{\"@type\":\"Person\",\"@id\":\"https:\/\/www.ull.es\/portal\/noticias\/#\/schema\/person\/b2b1a89d43ffa609e591f7df8ef3e817\",\"name\":\"gaprsa\",\"image\":{\"@type\":\"ImageObject\",\"inLanguage\":\"es\",\"@id\":\"https:\/\/www.ull.es\/portal\/noticias\/#\/schema\/person\/image\/\",\"url\":\"https:\/\/secure.gravatar.com\/avatar\/443820550921091458b4823867723b3d?s=96&d=mm&r=g\",\"contentUrl\":\"https:\/\/secure.gravatar.com\/avatar\/443820550921091458b4823867723b3d?s=96&d=mm&r=g\",\"caption\":\"gaprsa\"},\"url\":\"https:\/\/www.ull.es\/portal\/noticias\/author\/gaprsa\/\"}]}<\/script>\n<!-- \/ Yoast SEO plugin. -->","yoast_head_json":{"title":"La ULL s\u00ed envi\u00f3 correo masivo al alumnado del norte de la isla para dar a conocer las propuestas del Cabildo - ULL - Noticias","robots":{"index":"index","follow":"follow","max-snippet":"max-snippet:-1","max-image-preview":"max-image-preview:large","max-video-preview":"max-video-preview:-1"},"canonical":"https:\/\/www.ull.es\/portal\/noticias\/2015\/la-ull-si-envio-correo-masivo-al-alumnado-del-norte-de-la-isla-para-dar-a-conocer-las-propuestas-del-cabildo\/","og_locale":"es_ES","og_type":"article","og_title":"La ULL s\u00ed envi\u00f3 correo masivo al alumnado del norte de la isla para dar a conocer las propuestas del Cabildo - ULL - Noticias","og_description":"La Universidad de La Laguna, a trav\u00e9s de su Vicerrectorado de Estudiantes,\u00a0 se ha puesto en contacto esta semana, tal...","og_url":"https:\/\/www.ull.es\/portal\/noticias\/2015\/la-ull-si-envio-correo-masivo-al-alumnado-del-norte-de-la-isla-para-dar-a-conocer-las-propuestas-del-cabildo\/","og_site_name":"ULL - Noticias","article_publisher":"https:\/\/www.facebook.com\/universidaddelalaguna\/","article_published_time":"2015-12-04T14:29:41+00:00","og_image":[{"width":1200,"height":800,"url":"https:\/\/www.ull.es\/portal\/noticias\/wp-content\/uploads\/sites\/13\/2015\/12\/Edificio-Central-01.jpg","type":"image\/jpeg"}],"author":"gaprsa","twitter_card":"summary_large_image","twitter_creator":"@CanalULL","twitter_site":"@CanalULL","twitter_misc":{"Escrito por":"gaprsa","Tiempo de lectura":"2 minutos"},"schema":{"@context":"https:\/\/schema.org","@graph":[{"@type":"WebPage","@id":"https:\/\/www.ull.es\/portal\/noticias\/2015\/la-ull-si-envio-correo-masivo-al-alumnado-del-norte-de-la-isla-para-dar-a-conocer-las-propuestas-del-cabildo\/","url":"https:\/\/www.ull.es\/portal\/noticias\/2015\/la-ull-si-envio-correo-masivo-al-alumnado-del-norte-de-la-isla-para-dar-a-conocer-las-propuestas-del-cabildo\/","name":"La ULL s\u00ed envi\u00f3 correo masivo al alumnado del norte de la isla para dar a conocer las propuestas del Cabildo - ULL - Noticias","isPartOf":{"@id":"https:\/\/www.ull.es\/portal\/noticias\/#website"},"datePublished":"2015-12-04T14:29:41+00:00","dateModified":"2015-12-04T14:29:41+00:00","author":{"@id":"https:\/\/www.ull.es\/portal\/noticias\/#\/schema\/person\/b2b1a89d43ffa609e591f7df8ef3e817"},"breadcrumb":{"@id":"https:\/\/www.ull.es\/portal\/noticias\/2015\/la-ull-si-envio-correo-masivo-al-alumnado-del-norte-de-la-isla-para-dar-a-conocer-las-propuestas-del-cabildo\/#breadcrumb"},"inLanguage":"es","potentialAction":[{"@type":"ReadAction","target":["https:\/\/www.ull.es\/portal\/noticias\/2015\/la-ull-si-envio-correo-masivo-al-alumnado-del-norte-de-la-isla-para-dar-a-conocer-las-propuestas-del-cabildo\/"]}]},{"@type":"BreadcrumbList","@id":"https:\/\/www.ull.es\/portal\/noticias\/2015\/la-ull-si-envio-correo-masivo-al-alumnado-del-norte-de-la-isla-para-dar-a-conocer-las-propuestas-del-cabildo\/#breadcrumb","itemListElement":[{"@type":"ListItem","position":1,"name":"Portada","item":"https:\/\/www.ull.es\/portal\/noticias\/"},{"@type":"ListItem","position":2,"name":"La ULL s\u00ed envi\u00f3 correo masivo al alumnado del norte de la isla para dar a conocer las propuestas del Cabildo"}]},{"@type":"WebSite","@id":"https:\/\/www.ull.es\/portal\/noticias\/#website","url":"https:\/\/www.ull.es\/portal\/noticias\/","name":"ULL - Noticias","description":"","potentialAction":[{"@type":"SearchAction","target":{"@type":"EntryPoint","urlTemplate":"https:\/\/www.ull.es\/portal\/noticias\/?s={search_term_string}"},"query-input":"required name=search_term_string"}],"inLanguage":"es"},{"@type":"Person","@id":"https:\/\/www.ull.es\/portal\/noticias\/#\/schema\/person\/b2b1a89d43ffa609e591f7df8ef3e817","name":"gaprsa","image":{"@type":"ImageObject","inLanguage":"es","@id":"https:\/\/www.ull.es\/portal\/noticias\/#\/schema\/person\/image\/","url":"https:\/\/secure.gravatar.com\/avatar\/443820550921091458b4823867723b3d?s=96&d=mm&r=g","contentUrl":"https:\/\/secure.gravatar.com\/avatar\/443820550921091458b4823867723b3d?s=96&d=mm&r=g","caption":"gaprsa"},"url":"https:\/\/www.ull.es\/portal\/noticias\/author\/gaprsa\/"}]}},"primary_category":null,"featured_image_thumbnail_url":"https:\/\/www.ull.es\/portal\/noticias\/wp-content\/uploads\/sites\/13\/2015\/12\/Edificio-Central-01-300x200.jpg","_links":{"self":[{"href":"https:\/\/www.ull.es\/portal\/noticias\/wp-json\/wp\/v2\/posts\/25916"}],"collection":[{"href":"https:\/\/www.ull.es\/portal\/noticias\/wp-json\/wp\/v2\/posts"}],"about":[{"href":"https:\/\/www.ull.es\/portal\/noticias\/wp-json\/wp\/v2\/types\/post"}],"author":[{"embeddable":true,"href":"https:\/\/www.ull.es\/portal\/noticias\/wp-json\/wp\/v2\/users\/23"}],"replies":[{"embeddable":true,"href":"https:\/\/www.ull.es\/portal\/noticias\/wp-json\/wp\/v2\/comments?post=25916"}],"version-history":[{"count":0,"href":"https:\/\/www.ull.es\/portal\/noticias\/wp-json\/wp\/v2\/posts\/25916\/revisions"}],"wp:featuredmedia":[{"embeddable":true,"href":"https:\/\/www.ull.es\/portal\/noticias\/wp-json\/wp\/v2\/media\/25917"}],"wp:attachment":[{"href":"https:\/\/www.ull.es\/portal\/noticias\/wp-json\/wp\/v2\/media?parent=25916"}],"wp:term":[{"taxonomy":"category","embeddable":true,"href":"https:\/\/www.ull.es\/portal\/noticias\/wp-json\/wp\/v2\/categories?post=25916"},{"taxonomy":"post_tag","embeddable":true,"href":"https:\/\/www.ull.es\/portal\/noticias\/wp-json\/wp\/v2\/tags?post=25916"}],"curies":[{"name":"wp","href":"https:\/\/api.w.org\/{rel}","templated":true}]}}