{"id":25954,"date":"2015-12-10T11:24:30","date_gmt":"2015-12-10T11:24:30","guid":{"rendered":"http:\/\/ddigital.webs.ull.es\/?p=25954"},"modified":"2015-12-10T11:24:30","modified_gmt":"2015-12-10T11:24:30","slug":"el-instituto-de-estudios-medievales-y-renacentistas-de-la-ull-indaga-en-la-frontera-maritima-en-la-baja-edad-media","status":"publish","type":"post","link":"https:\/\/www.ull.es\/portal\/noticias\/2015\/el-instituto-de-estudios-medievales-y-renacentistas-de-la-ull-indaga-en-la-frontera-maritima-en-la-baja-edad-media\/","title":{"rendered":"El Instituto de Estudios Medievales y Renacentistas de la ULL indaga en la frontera mar\u00edtima en la Baja Edad Media"},"content":{"rendered":"<p>El Instituto Universitario de Estudios Medievales y Renacentistas de la Universidad de La Laguna celebra hoy jueves 10 y ma\u00f1ana viernes 11 de diciembre una reuni\u00f3n anual del proyecto \u00abSolidaridad y\/o exclusi\u00f3n en las fronteras mar\u00edtimas. Castilla en la baja Edad Media\u00bb, cuyo investigador principal es el catedr\u00e1tico Eduardo Aznar Vallejo.<\/p>\n<p>En ella se analizar\u00e1 desde m\u00faltiples perspectivas las posibilidades que ofrecen las distintas fuentes de informaci\u00f3n que habitualmente manejan los historiadores para conocer un fen\u00f3meno tan complejo como es la frontera, en este caso m\u00e1s espec\u00edficamente la mar\u00edtima, en un per\u00edodo como el de la Baja Edad Media, en el que Europa inici\u00f3 su expansi\u00f3n hacia otros continentes dando paso a una nueva etapa en la Historia.<\/p>\n<p>Se contar\u00e1 con la presencia de investigadores vinculados al proyecto que vienen de universidades espa\u00f1olas, portuguesas y francesas, adem\u00e1s de con la participaci\u00f3n de los miembros del grupo de investigaci\u00f3n \u201cCastilla y el mar en la baja Edad Media\u201d.<\/p>\n<p>Como actividad paralela, tambi\u00e9n en la jornada de ma\u00f1ana, pero a las 20 horas, se presentar\u00e1 en el Instituto de Estudios Canarios el libro De mar a mar. Los puertos castellanos en la Edad Media, publicado por el Servicio de Publicaciones de la Universidad de La Laguna (SPULL), que recoge los resultados del encuentro que se celebr\u00f3 el a\u00f1o pasado como balance final del anterior proyecto. El acto estar\u00e1 presidido por la vicerrectora responsable del SPULL, Maravillas Aguiar Aguilar.<\/p>\n<p><strong>Programa de la jornada<\/strong><\/p>\n<p>Jueves 10 de diciembre. Facultad de Humanidades, Secci\u00f3n Geograf\u00eda e Historia. Campus de Guajara.<\/p>\n<p>9:45 horas. Inauguraci\u00f3n.<\/p>\n<p>10:00 horas. Michel Bochaca (Universit\u00e9 de La Rochelle). \u201cLimites, seuils et franchissements: les acceptions de la notion de fronti\u00e8re dans les mers du Ponant \u00e0 la fin du Moyen \u00c2ge d\u2019apr\u00e8s les routiers et les r\u00e9cits de voyage\u201d.<\/p>\n<p>11:30 horas. Ana Mar\u00eda Rivera Medina (Universidad Nacional de Educaci\u00f3n<br \/>\na Distancia). \u201cMercaderes vizca\u00ednos en los confines del Canal de la Mancha.<br \/>\nUna visi\u00f3n de ida y vuelta\u201d.<\/p>\n<p>16:00 horas. Am\u00e9lia Aguiar Andrade (IEM-Universidade Nova de Lisboa). \u201cPortugal e o mar na Idade M\u00e9dia: contornos de um rela\u00e7\u00e3o complexa\u201d.<\/p>\n<p>17:30 horas. M\u00aa del Cristo Gonz\u00e1lez Marrero (Universidad de Las Palmas de Gran Canaria) y Jorge Onrubia Pintado (Universidad de Castilla La Mancha). \u201cMar y tierra firme: una aproximaci\u00f3n desde la arqueolog\u00eda a las realidades fronterizas en Canarias y el \u00c1frica Atl\u00e1ntica\u201d.<\/p>\n<p>Viernes 11 de diciembre. Facultad de Humanidades, Secci\u00f3n Geograf\u00eda e Historia. Campus de Guajara.<\/p>\n<p>9:30 horas. Rafael S\u00e1nchez Saus y Enrique Ruiz Pilares (Univ. de C\u00e1diz). \u201dLos archivos de la nobleza andaluza y su valor para el estudio de las fronteras mar\u00edtimas medievales. El caso de Melilla y el Archivo Ducal de Medina Sidonia\u201d.<\/p>\n<p>11:00 horas. Roser Salicr\u00fa Lluch (Instituci\u00f3 Mil\u00e0 i Fontanals-CSIC). \u201cFronteras que no son frontera. Contactos entre musulmanes de norte y sur del estrecho de Gibraltar en el siglo XV\u201d.<\/p>\n<p>12:30 horas. Eduardo Aznar Vallejo (IEMyR-Universidad de La Laguna). \u201cNuevas fronteras y viejas miradas. La apertura del Atl\u00e1ntico en los relatos de viaje\u201d.<\/p>\n<p>S\u00e1bado 12 de diciembre. Instituto de Estudios Canarios.<\/p>\n<p>9:30 horas. V\u00edctor Mu\u00f1oz G\u00f3mez (IEMyR). \u201cNaciones ib\u00e9ricas y fronteras mar\u00edtimas al final de la Edad Media (Una aproximaci\u00f3n a partir de la documentaci\u00f3n del reinado de Fernando I en el Archivo de la Corona de Arag\u00f3n)\u201d.<\/p>\n<p>11:00 horas. Roberto J. Gonz\u00e1lez Zalaca\u00edn (UNED-Tenerife). \u201cLa frontera mar\u00edtima en las fuentes judiciales de la Castilla Bajomedieval\u201d.<\/p>\n<p>12:30 horas. Juan Manuel Bello Le\u00f3n (IEMyR-Universidad de La Laguna). \u201cLas fuentes contables y fiscales para el estudio de la frontera mar\u00edtima\u201d.<\/p>\n<p>14:00 horas. Clausura del coloquio.<\/p>\n","protected":false},"excerpt":{"rendered":"<p>El Instituto Universitario de Estudios Medievales y Renacentistas de la Universidad de La Laguna celebra hoy jueves 10 y ma\u00f1ana&#8230;<\/p>\n","protected":false},"author":23,"featured_media":25955,"comment_status":"open","ping_status":"open","sticky":false,"template":"","format":"standard","meta":{"inline_featured_image":false,"footnotes":""},"categories":[345,350,1],"tags":[1527,2527,2560],"acf":[],"yoast_head":"<!-- This site is optimized with the Yoast SEO plugin v21.3 - https:\/\/yoast.com\/wordpress\/plugins\/seo\/ -->\n<title>El Instituto de Estudios Medievales y Renacentistas de la ULL indaga en la frontera mar\u00edtima en la Baja Edad Media - ULL - Noticias<\/title>\n<meta name=\"robots\" content=\"index, follow, max-snippet:-1, max-image-preview:large, max-video-preview:-1\" \/>\n<link rel=\"canonical\" href=\"https:\/\/www.ull.es\/portal\/noticias\/2015\/el-instituto-de-estudios-medievales-y-renacentistas-de-la-ull-indaga-en-la-frontera-maritima-en-la-baja-edad-media\/\" \/>\n<meta property=\"og:locale\" content=\"es_ES\" \/>\n<meta property=\"og:type\" content=\"article\" \/>\n<meta property=\"og:title\" content=\"El Instituto de Estudios Medievales y Renacentistas de la ULL indaga en la frontera mar\u00edtima en la Baja Edad Media - ULL - Noticias\" \/>\n<meta property=\"og:description\" content=\"El Instituto Universitario de Estudios Medievales y Renacentistas de la Universidad de La Laguna celebra hoy jueves 10 y ma\u00f1ana...\" \/>\n<meta property=\"og:url\" content=\"https:\/\/www.ull.es\/portal\/noticias\/2015\/el-instituto-de-estudios-medievales-y-renacentistas-de-la-ull-indaga-en-la-frontera-maritima-en-la-baja-edad-media\/\" \/>\n<meta property=\"og:site_name\" content=\"ULL - Noticias\" \/>\n<meta property=\"article:publisher\" content=\"https:\/\/www.facebook.com\/universidaddelalaguna\/\" \/>\n<meta property=\"article:published_time\" content=\"2015-12-10T11:24:30+00:00\" \/>\n<meta property=\"og:image\" content=\"https:\/\/www.ull.es\/portal\/noticias\/wp-content\/uploads\/sites\/13\/2015\/12\/fronteras-martitimas.jpg\" \/>\n\t<meta property=\"og:image:width\" content=\"1432\" \/>\n\t<meta property=\"og:image:height\" content=\"923\" \/>\n\t<meta property=\"og:image:type\" content=\"image\/jpeg\" \/>\n<meta name=\"author\" content=\"gaprsa\" \/>\n<meta name=\"twitter:card\" content=\"summary_large_image\" \/>\n<meta name=\"twitter:creator\" content=\"@CanalULL\" \/>\n<meta name=\"twitter:site\" content=\"@CanalULL\" \/>\n<meta name=\"twitter:label1\" content=\"Escrito por\" \/>\n\t<meta name=\"twitter:data1\" content=\"gaprsa\" \/>\n\t<meta name=\"twitter:label2\" content=\"Tiempo de lectura\" \/>\n\t<meta name=\"twitter:data2\" content=\"3 minutos\" \/>\n<script type=\"application\/ld+json\" class=\"yoast-schema-graph\">{\"@context\":\"https:\/\/schema.org\",\"@graph\":[{\"@type\":\"WebPage\",\"@id\":\"https:\/\/www.ull.es\/portal\/noticias\/2015\/el-instituto-de-estudios-medievales-y-renacentistas-de-la-ull-indaga-en-la-frontera-maritima-en-la-baja-edad-media\/\",\"url\":\"https:\/\/www.ull.es\/portal\/noticias\/2015\/el-instituto-de-estudios-medievales-y-renacentistas-de-la-ull-indaga-en-la-frontera-maritima-en-la-baja-edad-media\/\",\"name\":\"El Instituto de Estudios Medievales y Renacentistas de la ULL indaga en la frontera mar\u00edtima en la Baja Edad Media - ULL - Noticias\",\"isPartOf\":{\"@id\":\"https:\/\/www.ull.es\/portal\/noticias\/#website\"},\"datePublished\":\"2015-12-10T11:24:30+00:00\",\"dateModified\":\"2015-12-10T11:24:30+00:00\",\"author\":{\"@id\":\"https:\/\/www.ull.es\/portal\/noticias\/#\/schema\/person\/b2b1a89d43ffa609e591f7df8ef3e817\"},\"breadcrumb\":{\"@id\":\"https:\/\/www.ull.es\/portal\/noticias\/2015\/el-instituto-de-estudios-medievales-y-renacentistas-de-la-ull-indaga-en-la-frontera-maritima-en-la-baja-edad-media\/#breadcrumb\"},\"inLanguage\":\"es\",\"potentialAction\":[{\"@type\":\"ReadAction\",\"target\":[\"https:\/\/www.ull.es\/portal\/noticias\/2015\/el-instituto-de-estudios-medievales-y-renacentistas-de-la-ull-indaga-en-la-frontera-maritima-en-la-baja-edad-media\/\"]}]},{\"@type\":\"BreadcrumbList\",\"@id\":\"https:\/\/www.ull.es\/portal\/noticias\/2015\/el-instituto-de-estudios-medievales-y-renacentistas-de-la-ull-indaga-en-la-frontera-maritima-en-la-baja-edad-media\/#breadcrumb\",\"itemListElement\":[{\"@type\":\"ListItem\",\"position\":1,\"name\":\"Portada\",\"item\":\"https:\/\/www.ull.es\/portal\/noticias\/\"},{\"@type\":\"ListItem\",\"position\":2,\"name\":\"El Instituto de Estudios Medievales y Renacentistas de la ULL indaga en la frontera mar\u00edtima en la Baja Edad Media\"}]},{\"@type\":\"WebSite\",\"@id\":\"https:\/\/www.ull.es\/portal\/noticias\/#website\",\"url\":\"https:\/\/www.ull.es\/portal\/noticias\/\",\"name\":\"ULL - Noticias\",\"description\":\"\",\"potentialAction\":[{\"@type\":\"SearchAction\",\"target\":{\"@type\":\"EntryPoint\",\"urlTemplate\":\"https:\/\/www.ull.es\/portal\/noticias\/?s={search_term_string}\"},\"query-input\":\"required name=search_term_string\"}],\"inLanguage\":\"es\"},{\"@type\":\"Person\",\"@id\":\"https:\/\/www.ull.es\/portal\/noticias\/#\/schema\/person\/b2b1a89d43ffa609e591f7df8ef3e817\",\"name\":\"gaprsa\",\"image\":{\"@type\":\"ImageObject\",\"inLanguage\":\"es\",\"@id\":\"https:\/\/www.ull.es\/portal\/noticias\/#\/schema\/person\/image\/\",\"url\":\"https:\/\/secure.gravatar.com\/avatar\/443820550921091458b4823867723b3d?s=96&d=mm&r=g\",\"contentUrl\":\"https:\/\/secure.gravatar.com\/avatar\/443820550921091458b4823867723b3d?s=96&d=mm&r=g\",\"caption\":\"gaprsa\"},\"url\":\"https:\/\/www.ull.es\/portal\/noticias\/author\/gaprsa\/\"}]}<\/script>\n<!-- \/ Yoast SEO plugin. -->","yoast_head_json":{"title":"El Instituto de Estudios Medievales y Renacentistas de la ULL indaga en la frontera mar\u00edtima en la Baja Edad Media - ULL - Noticias","robots":{"index":"index","follow":"follow","max-snippet":"max-snippet:-1","max-image-preview":"max-image-preview:large","max-video-preview":"max-video-preview:-1"},"canonical":"https:\/\/www.ull.es\/portal\/noticias\/2015\/el-instituto-de-estudios-medievales-y-renacentistas-de-la-ull-indaga-en-la-frontera-maritima-en-la-baja-edad-media\/","og_locale":"es_ES","og_type":"article","og_title":"El Instituto de Estudios Medievales y Renacentistas de la ULL indaga en la frontera mar\u00edtima en la Baja Edad Media - ULL - Noticias","og_description":"El Instituto Universitario de Estudios Medievales y Renacentistas de la Universidad de La Laguna celebra hoy jueves 10 y ma\u00f1ana...","og_url":"https:\/\/www.ull.es\/portal\/noticias\/2015\/el-instituto-de-estudios-medievales-y-renacentistas-de-la-ull-indaga-en-la-frontera-maritima-en-la-baja-edad-media\/","og_site_name":"ULL - Noticias","article_publisher":"https:\/\/www.facebook.com\/universidaddelalaguna\/","article_published_time":"2015-12-10T11:24:30+00:00","og_image":[{"width":1432,"height":923,"url":"https:\/\/www.ull.es\/portal\/noticias\/wp-content\/uploads\/sites\/13\/2015\/12\/fronteras-martitimas.jpg","type":"image\/jpeg"}],"author":"gaprsa","twitter_card":"summary_large_image","twitter_creator":"@CanalULL","twitter_site":"@CanalULL","twitter_misc":{"Escrito por":"gaprsa","Tiempo de lectura":"3 minutos"},"schema":{"@context":"https:\/\/schema.org","@graph":[{"@type":"WebPage","@id":"https:\/\/www.ull.es\/portal\/noticias\/2015\/el-instituto-de-estudios-medievales-y-renacentistas-de-la-ull-indaga-en-la-frontera-maritima-en-la-baja-edad-media\/","url":"https:\/\/www.ull.es\/portal\/noticias\/2015\/el-instituto-de-estudios-medievales-y-renacentistas-de-la-ull-indaga-en-la-frontera-maritima-en-la-baja-edad-media\/","name":"El Instituto de Estudios Medievales y Renacentistas de la ULL indaga en la frontera mar\u00edtima en la Baja Edad Media - ULL - Noticias","isPartOf":{"@id":"https:\/\/www.ull.es\/portal\/noticias\/#website"},"datePublished":"2015-12-10T11:24:30+00:00","dateModified":"2015-12-10T11:24:30+00:00","author":{"@id":"https:\/\/www.ull.es\/portal\/noticias\/#\/schema\/person\/b2b1a89d43ffa609e591f7df8ef3e817"},"breadcrumb":{"@id":"https:\/\/www.ull.es\/portal\/noticias\/2015\/el-instituto-de-estudios-medievales-y-renacentistas-de-la-ull-indaga-en-la-frontera-maritima-en-la-baja-edad-media\/#breadcrumb"},"inLanguage":"es","potentialAction":[{"@type":"ReadAction","target":["https:\/\/www.ull.es\/portal\/noticias\/2015\/el-instituto-de-estudios-medievales-y-renacentistas-de-la-ull-indaga-en-la-frontera-maritima-en-la-baja-edad-media\/"]}]},{"@type":"BreadcrumbList","@id":"https:\/\/www.ull.es\/portal\/noticias\/2015\/el-instituto-de-estudios-medievales-y-renacentistas-de-la-ull-indaga-en-la-frontera-maritima-en-la-baja-edad-media\/#breadcrumb","itemListElement":[{"@type":"ListItem","position":1,"name":"Portada","item":"https:\/\/www.ull.es\/portal\/noticias\/"},{"@type":"ListItem","position":2,"name":"El Instituto de Estudios Medievales y Renacentistas de la ULL indaga en la frontera mar\u00edtima en la Baja Edad Media"}]},{"@type":"WebSite","@id":"https:\/\/www.ull.es\/portal\/noticias\/#website","url":"https:\/\/www.ull.es\/portal\/noticias\/","name":"ULL - Noticias","description":"","potentialAction":[{"@type":"SearchAction","target":{"@type":"EntryPoint","urlTemplate":"https:\/\/www.ull.es\/portal\/noticias\/?s={search_term_string}"},"query-input":"required name=search_term_string"}],"inLanguage":"es"},{"@type":"Person","@id":"https:\/\/www.ull.es\/portal\/noticias\/#\/schema\/person\/b2b1a89d43ffa609e591f7df8ef3e817","name":"gaprsa","image":{"@type":"ImageObject","inLanguage":"es","@id":"https:\/\/www.ull.es\/portal\/noticias\/#\/schema\/person\/image\/","url":"https:\/\/secure.gravatar.com\/avatar\/443820550921091458b4823867723b3d?s=96&d=mm&r=g","contentUrl":"https:\/\/secure.gravatar.com\/avatar\/443820550921091458b4823867723b3d?s=96&d=mm&r=g","caption":"gaprsa"},"url":"https:\/\/www.ull.es\/portal\/noticias\/author\/gaprsa\/"}]}},"primary_category":null,"featured_image_thumbnail_url":"https:\/\/www.ull.es\/portal\/noticias\/wp-content\/uploads\/sites\/13\/2015\/12\/fronteras-martitimas-300x193.jpg","_links":{"self":[{"href":"https:\/\/www.ull.es\/portal\/noticias\/wp-json\/wp\/v2\/posts\/25954"}],"collection":[{"href":"https:\/\/www.ull.es\/portal\/noticias\/wp-json\/wp\/v2\/posts"}],"about":[{"href":"https:\/\/www.ull.es\/portal\/noticias\/wp-json\/wp\/v2\/types\/post"}],"author":[{"embeddable":true,"href":"https:\/\/www.ull.es\/portal\/noticias\/wp-json\/wp\/v2\/users\/23"}],"replies":[{"embeddable":true,"href":"https:\/\/www.ull.es\/portal\/noticias\/wp-json\/wp\/v2\/comments?post=25954"}],"version-history":[{"count":0,"href":"https:\/\/www.ull.es\/portal\/noticias\/wp-json\/wp\/v2\/posts\/25954\/revisions"}],"wp:featuredmedia":[{"embeddable":true,"href":"https:\/\/www.ull.es\/portal\/noticias\/wp-json\/wp\/v2\/media\/25955"}],"wp:attachment":[{"href":"https:\/\/www.ull.es\/portal\/noticias\/wp-json\/wp\/v2\/media?parent=25954"}],"wp:term":[{"taxonomy":"category","embeddable":true,"href":"https:\/\/www.ull.es\/portal\/noticias\/wp-json\/wp\/v2\/categories?post=25954"},{"taxonomy":"post_tag","embeddable":true,"href":"https:\/\/www.ull.es\/portal\/noticias\/wp-json\/wp\/v2\/tags?post=25954"}],"curies":[{"name":"wp","href":"https:\/\/api.w.org\/{rel}","templated":true}]}}