{"id":25965,"date":"2015-12-10T14:43:47","date_gmt":"2015-12-10T14:43:47","guid":{"rendered":"http:\/\/ddigital.webs.ull.es\/?p=25965"},"modified":"2022-11-30T12:48:50","modified_gmt":"2022-11-30T12:48:50","slug":"raimundo-baroja-rieu-toma-posesion-como-nuevo-presidente-del-consejo-social-de-la-universidad-de-la-laguna","status":"publish","type":"post","link":"https:\/\/www.ull.es\/portal\/noticias\/2015\/raimundo-baroja-rieu-toma-posesion-como-nuevo-presidente-del-consejo-social-de-la-universidad-de-la-laguna\/","title":{"rendered":"Raimundo Baroja Rieu toma posesi\u00f3n como nuevo presidente del Consejo Social de la Universidad de La Laguna"},"content":{"rendered":"<p>Raimundo Baroja Rieu ha tomado esta ma\u00f1ana posesi\u00f3n como nuevo presidente del Consejo Social de la Universidad de La Laguna (ULL), ante el presidente del Gobierno de Canarias, Fernando Clavijo, y la consejera de Educaci\u00f3n y Universidades, Soledad Monz\u00f3n.<\/p>\n<p>La toma de posesi\u00f3n se ha llevado a cabo en la sede de Presidencia del Gobierno, en Santa Cruz de Tenerife, y en ella estuvieron presentes tambi\u00e9n el presidente saliente, Jos\u00e9 Miguel Gonz\u00e1lez; el rector de la ULL, Antonio Martin\u00f3n, as\u00ed como representantes de los consejos sociales de la ULL y de la Universidad de Las Palmas de Gran Canaria, entre otras autoridades acad\u00e9micas y civiles.<\/p>\n<p>El presidente del Gobierno de Canarias, Fernando Clavijo, volvi\u00f3 a reiterar su compromiso con la educaci\u00f3n de calidad \u201cpues esa es la mayor inversi\u00f3n en capital humano que podemos hacer\u201d al tiempo que destac\u00f3 la necesidad de incrementar el papel de las dos universidades canarias en la sociedad. \u201cLas dos universidades canarias\u201d, prosigui\u00f3 Clavijo, \u201cdeben asumir el liderazgo en materia de investigaci\u00f3n e innovaci\u00f3n para avanzar hacia una sociedad sustentada en el conocimiento; ese es el futuro por el que debemos trabajar\u201d.<\/p>\n<p>Durante el acto, el nuevo presidente, Raimundo Baroja, expuso que es desde la perspectiva del mundo empresarial desde la que aportar\u00e1 su m\u00e1xima colaboraci\u00f3n con el Consejo de Gobierno que preside el rector Antonio Martin\u00f3n.<\/p>\n<p>\u201cEl Consejo Social de la ULL tiene como misi\u00f3n principal actuar como nexo entre la instituci\u00f3n acad\u00e9mica y el conjunto de la sociedad, un conjunto en el que interact\u00faan continuamente las personas f\u00edsicas y jur\u00eddicas, del \u00e1mbito p\u00fablico y privado\u201d, se\u00f1al\u00f3. En este sentido, indic\u00f3 que si la Universidad quiere formar parte esencial de la sociedad debe relacionarse con los dem\u00e1s y preocuparse por sus inquietudes, por sus necesidades, para as\u00ed cumplir la misi\u00f3n para la que fue creada, \u201cque el conocimiento acad\u00e9mico alimente el progreso del conjunto social\u201d.<\/p>\n<p>Raimundo Baroja expres\u00f3 su deseo de trabajar en colaboraci\u00f3n con la Universidad de Las Palmas de Gran Canaria, ante lo que indic\u00f3 que \u201clos recursos de estas dos uBaroja Rieuniversidades provienen de la ciudadan\u00eda representada por el Gobierno de Canarias y las dos prestan servicios a una misma sociedad; ambas universidades deben caminar juntas, buscar sinergias y establecer las mejores pr\u00e1cticas en sus organizaciones\u201d.<\/p>\n<p>El nuevo presidente del Consejo Social de la ULL mostr\u00f3 su convencimiento de que trabajando de forma coordinada y en colaboraci\u00f3n se lograr\u00e1 una mayor eficiencia en la misi\u00f3n que tiene encomendada, \u201cque no es otra que contribuir a potenciar el crecimiento y progreso de Canarias\u201d.<\/p>\n<p>En cuanto a la experiencia profesional, Raimundo Baroja, vicepresidente del Grupo DISA; es ingeniero civil y estructural por la Universidad de Sheffield, en Reino Unido. Inici\u00f3 su actividad profesional en Inglaterra, en el \u00e1mbito de la construcci\u00f3n, trabajando con John Laing. Posteriormente, pas\u00f3 al mundo de la consultor\u00eda con Heredia &amp; Moreno y Tor\u00e1n &amp; Cia, en Espa\u00f1a y Oriente Medio (Irak).<\/p>\n<p>M\u00e1s tarde se incorpor\u00f3 al grupo australiano Pioneer Concrete, vinculado a la actividad de fabricaci\u00f3n y distribuci\u00f3n de materiales de construcci\u00f3n y de hormig\u00f3n premezclado, desempe\u00f1ando labores de direcci\u00f3n en Espa\u00f1a y Austria con el cargo de Country Manager. El Cabildo de Tenerife lo contrat\u00f3 para la puesta en marcha y gesti\u00f3n de la red de Casinos, empezando por el Casino Taoro.<\/p>\n<p>Se incorpor\u00f3 al Grupo DISA en 1988, donde actualmente es vicepresidente. Ha desempe\u00f1ado diversos cargos de representaci\u00f3n del sector privado en diferentes organismos p\u00fablicos y privados, siempre vinculado a la actividad profesional que ha desarrollado.<\/p>\n<p>El Consejo Social de la Universidad de la ULL es un \u00f3rgano de la Universidad que vela por la autonom\u00eda y la interacci\u00f3n de la misma con los agentes sociales y econ\u00f3micos de su entorno m\u00e1s pr\u00f3ximo.\u00a0 Se trata de una instituci\u00f3n que aglutina voces tan diversas y variadas como los representantes del tejido empresarial, sindicales, del Parlamento, asociaci\u00f3n de antiguos alumnos, del profesorado, personal de administraci\u00f3n y servicios y colegios profesionales, entre otros. Adem\u00e1s, al igual que el resto de consejos sociales, mantiene una estrecha relaci\u00f3n con la Agencia Nacional de Evaluaci\u00f3n de la Calidad y Acreditaci\u00f3n (ANECA).<\/p>\n<p>&nbsp;<\/p>\n","protected":false},"excerpt":{"rendered":"<p>Raimundo Baroja Rieu ha tomado esta ma\u00f1ana posesi\u00f3n como nuevo presidente del Consejo Social de la Universidad de La Laguna&#8230;<\/p>\n","protected":false},"author":23,"featured_media":25966,"comment_status":"open","ping_status":"open","sticky":false,"template":"","format":"standard","meta":{"inline_featured_image":false,"footnotes":""},"categories":[9420,345,347,1],"tags":[517,905,1244,2215,2527,2560],"acf":[],"yoast_head":"<!-- This site is optimized with the Yoast SEO plugin v21.3 - https:\/\/yoast.com\/wordpress\/plugins\/seo\/ -->\n<title>Raimundo Baroja Rieu toma posesi\u00f3n como nuevo presidente del Consejo Social de la Universidad de La Laguna - ULL - Noticias<\/title>\n<meta name=\"robots\" content=\"index, follow, max-snippet:-1, max-image-preview:large, max-video-preview:-1\" \/>\n<link rel=\"canonical\" href=\"https:\/\/www.ull.es\/portal\/noticias\/2015\/raimundo-baroja-rieu-toma-posesion-como-nuevo-presidente-del-consejo-social-de-la-universidad-de-la-laguna\/\" \/>\n<meta property=\"og:locale\" content=\"es_ES\" \/>\n<meta property=\"og:type\" content=\"article\" \/>\n<meta property=\"og:title\" content=\"Raimundo Baroja Rieu toma posesi\u00f3n como nuevo presidente del Consejo Social de la Universidad de La Laguna - ULL - Noticias\" \/>\n<meta property=\"og:description\" content=\"Raimundo Baroja Rieu ha tomado esta ma\u00f1ana posesi\u00f3n como nuevo presidente del Consejo Social de la Universidad de La Laguna...\" \/>\n<meta property=\"og:url\" content=\"https:\/\/www.ull.es\/portal\/noticias\/2015\/raimundo-baroja-rieu-toma-posesion-como-nuevo-presidente-del-consejo-social-de-la-universidad-de-la-laguna\/\" \/>\n<meta property=\"og:site_name\" content=\"ULL - Noticias\" \/>\n<meta property=\"article:publisher\" content=\"https:\/\/www.facebook.com\/universidaddelalaguna\/\" \/>\n<meta property=\"article:published_time\" content=\"2015-12-10T14:43:47+00:00\" \/>\n<meta property=\"article:modified_time\" content=\"2022-11-30T12:48:50+00:00\" \/>\n<meta property=\"og:image\" content=\"https:\/\/www.ull.es\/portal\/noticias\/wp-content\/uploads\/sites\/13\/2015\/12\/Toma-de-posesi\u00f3n-1.jpg\" \/>\n\t<meta property=\"og:image:width\" content=\"1024\" \/>\n\t<meta property=\"og:image:height\" content=\"683\" \/>\n\t<meta property=\"og:image:type\" content=\"image\/jpeg\" \/>\n<meta name=\"author\" content=\"gaprsa\" \/>\n<meta name=\"twitter:card\" content=\"summary_large_image\" \/>\n<meta name=\"twitter:creator\" content=\"@CanalULL\" \/>\n<meta name=\"twitter:site\" content=\"@CanalULL\" \/>\n<meta name=\"twitter:label1\" content=\"Escrito por\" \/>\n\t<meta name=\"twitter:data1\" content=\"gaprsa\" \/>\n\t<meta name=\"twitter:label2\" content=\"Tiempo de lectura\" \/>\n\t<meta name=\"twitter:data2\" content=\"4 minutos\" \/>\n<script type=\"application\/ld+json\" class=\"yoast-schema-graph\">{\"@context\":\"https:\/\/schema.org\",\"@graph\":[{\"@type\":\"WebPage\",\"@id\":\"https:\/\/www.ull.es\/portal\/noticias\/2015\/raimundo-baroja-rieu-toma-posesion-como-nuevo-presidente-del-consejo-social-de-la-universidad-de-la-laguna\/\",\"url\":\"https:\/\/www.ull.es\/portal\/noticias\/2015\/raimundo-baroja-rieu-toma-posesion-como-nuevo-presidente-del-consejo-social-de-la-universidad-de-la-laguna\/\",\"name\":\"Raimundo Baroja Rieu toma posesi\u00f3n como nuevo presidente del Consejo Social de la Universidad de La Laguna - ULL - Noticias\",\"isPartOf\":{\"@id\":\"https:\/\/www.ull.es\/portal\/noticias\/#website\"},\"datePublished\":\"2015-12-10T14:43:47+00:00\",\"dateModified\":\"2022-11-30T12:48:50+00:00\",\"author\":{\"@id\":\"https:\/\/www.ull.es\/portal\/noticias\/#\/schema\/person\/b2b1a89d43ffa609e591f7df8ef3e817\"},\"breadcrumb\":{\"@id\":\"https:\/\/www.ull.es\/portal\/noticias\/2015\/raimundo-baroja-rieu-toma-posesion-como-nuevo-presidente-del-consejo-social-de-la-universidad-de-la-laguna\/#breadcrumb\"},\"inLanguage\":\"es\",\"potentialAction\":[{\"@type\":\"ReadAction\",\"target\":[\"https:\/\/www.ull.es\/portal\/noticias\/2015\/raimundo-baroja-rieu-toma-posesion-como-nuevo-presidente-del-consejo-social-de-la-universidad-de-la-laguna\/\"]}]},{\"@type\":\"BreadcrumbList\",\"@id\":\"https:\/\/www.ull.es\/portal\/noticias\/2015\/raimundo-baroja-rieu-toma-posesion-como-nuevo-presidente-del-consejo-social-de-la-universidad-de-la-laguna\/#breadcrumb\",\"itemListElement\":[{\"@type\":\"ListItem\",\"position\":1,\"name\":\"Portada\",\"item\":\"https:\/\/www.ull.es\/portal\/noticias\/\"},{\"@type\":\"ListItem\",\"position\":2,\"name\":\"Raimundo Baroja Rieu toma posesi\u00f3n como nuevo presidente del Consejo Social de la Universidad de La Laguna\"}]},{\"@type\":\"WebSite\",\"@id\":\"https:\/\/www.ull.es\/portal\/noticias\/#website\",\"url\":\"https:\/\/www.ull.es\/portal\/noticias\/\",\"name\":\"ULL - Noticias\",\"description\":\"\",\"potentialAction\":[{\"@type\":\"SearchAction\",\"target\":{\"@type\":\"EntryPoint\",\"urlTemplate\":\"https:\/\/www.ull.es\/portal\/noticias\/?s={search_term_string}\"},\"query-input\":\"required name=search_term_string\"}],\"inLanguage\":\"es\"},{\"@type\":\"Person\",\"@id\":\"https:\/\/www.ull.es\/portal\/noticias\/#\/schema\/person\/b2b1a89d43ffa609e591f7df8ef3e817\",\"name\":\"gaprsa\",\"image\":{\"@type\":\"ImageObject\",\"inLanguage\":\"es\",\"@id\":\"https:\/\/www.ull.es\/portal\/noticias\/#\/schema\/person\/image\/\",\"url\":\"https:\/\/secure.gravatar.com\/avatar\/443820550921091458b4823867723b3d?s=96&d=mm&r=g\",\"contentUrl\":\"https:\/\/secure.gravatar.com\/avatar\/443820550921091458b4823867723b3d?s=96&d=mm&r=g\",\"caption\":\"gaprsa\"},\"url\":\"https:\/\/www.ull.es\/portal\/noticias\/author\/gaprsa\/\"}]}<\/script>\n<!-- \/ Yoast SEO plugin. -->","yoast_head_json":{"title":"Raimundo Baroja Rieu toma posesi\u00f3n como nuevo presidente del Consejo Social de la Universidad de La Laguna - ULL - Noticias","robots":{"index":"index","follow":"follow","max-snippet":"max-snippet:-1","max-image-preview":"max-image-preview:large","max-video-preview":"max-video-preview:-1"},"canonical":"https:\/\/www.ull.es\/portal\/noticias\/2015\/raimundo-baroja-rieu-toma-posesion-como-nuevo-presidente-del-consejo-social-de-la-universidad-de-la-laguna\/","og_locale":"es_ES","og_type":"article","og_title":"Raimundo Baroja Rieu toma posesi\u00f3n como nuevo presidente del Consejo Social de la Universidad de La Laguna - ULL - Noticias","og_description":"Raimundo Baroja Rieu ha tomado esta ma\u00f1ana posesi\u00f3n como nuevo presidente del Consejo Social de la Universidad de La Laguna...","og_url":"https:\/\/www.ull.es\/portal\/noticias\/2015\/raimundo-baroja-rieu-toma-posesion-como-nuevo-presidente-del-consejo-social-de-la-universidad-de-la-laguna\/","og_site_name":"ULL - Noticias","article_publisher":"https:\/\/www.facebook.com\/universidaddelalaguna\/","article_published_time":"2015-12-10T14:43:47+00:00","article_modified_time":"2022-11-30T12:48:50+00:00","og_image":[{"width":1024,"height":683,"url":"https:\/\/www.ull.es\/portal\/noticias\/wp-content\/uploads\/sites\/13\/2015\/12\/Toma-de-posesi\u00f3n-1.jpg","type":"image\/jpeg"}],"author":"gaprsa","twitter_card":"summary_large_image","twitter_creator":"@CanalULL","twitter_site":"@CanalULL","twitter_misc":{"Escrito por":"gaprsa","Tiempo de lectura":"4 minutos"},"schema":{"@context":"https:\/\/schema.org","@graph":[{"@type":"WebPage","@id":"https:\/\/www.ull.es\/portal\/noticias\/2015\/raimundo-baroja-rieu-toma-posesion-como-nuevo-presidente-del-consejo-social-de-la-universidad-de-la-laguna\/","url":"https:\/\/www.ull.es\/portal\/noticias\/2015\/raimundo-baroja-rieu-toma-posesion-como-nuevo-presidente-del-consejo-social-de-la-universidad-de-la-laguna\/","name":"Raimundo Baroja Rieu toma posesi\u00f3n como nuevo presidente del Consejo Social de la Universidad de La Laguna - ULL - Noticias","isPartOf":{"@id":"https:\/\/www.ull.es\/portal\/noticias\/#website"},"datePublished":"2015-12-10T14:43:47+00:00","dateModified":"2022-11-30T12:48:50+00:00","author":{"@id":"https:\/\/www.ull.es\/portal\/noticias\/#\/schema\/person\/b2b1a89d43ffa609e591f7df8ef3e817"},"breadcrumb":{"@id":"https:\/\/www.ull.es\/portal\/noticias\/2015\/raimundo-baroja-rieu-toma-posesion-como-nuevo-presidente-del-consejo-social-de-la-universidad-de-la-laguna\/#breadcrumb"},"inLanguage":"es","potentialAction":[{"@type":"ReadAction","target":["https:\/\/www.ull.es\/portal\/noticias\/2015\/raimundo-baroja-rieu-toma-posesion-como-nuevo-presidente-del-consejo-social-de-la-universidad-de-la-laguna\/"]}]},{"@type":"BreadcrumbList","@id":"https:\/\/www.ull.es\/portal\/noticias\/2015\/raimundo-baroja-rieu-toma-posesion-como-nuevo-presidente-del-consejo-social-de-la-universidad-de-la-laguna\/#breadcrumb","itemListElement":[{"@type":"ListItem","position":1,"name":"Portada","item":"https:\/\/www.ull.es\/portal\/noticias\/"},{"@type":"ListItem","position":2,"name":"Raimundo Baroja Rieu toma posesi\u00f3n como nuevo presidente del Consejo Social de la Universidad de La Laguna"}]},{"@type":"WebSite","@id":"https:\/\/www.ull.es\/portal\/noticias\/#website","url":"https:\/\/www.ull.es\/portal\/noticias\/","name":"ULL - Noticias","description":"","potentialAction":[{"@type":"SearchAction","target":{"@type":"EntryPoint","urlTemplate":"https:\/\/www.ull.es\/portal\/noticias\/?s={search_term_string}"},"query-input":"required name=search_term_string"}],"inLanguage":"es"},{"@type":"Person","@id":"https:\/\/www.ull.es\/portal\/noticias\/#\/schema\/person\/b2b1a89d43ffa609e591f7df8ef3e817","name":"gaprsa","image":{"@type":"ImageObject","inLanguage":"es","@id":"https:\/\/www.ull.es\/portal\/noticias\/#\/schema\/person\/image\/","url":"https:\/\/secure.gravatar.com\/avatar\/443820550921091458b4823867723b3d?s=96&d=mm&r=g","contentUrl":"https:\/\/secure.gravatar.com\/avatar\/443820550921091458b4823867723b3d?s=96&d=mm&r=g","caption":"gaprsa"},"url":"https:\/\/www.ull.es\/portal\/noticias\/author\/gaprsa\/"}]}},"primary_category":{"id":345,"name":"Destacado","slug":"destacado","link":"https:\/\/www.ull.es\/portal\/noticias\/category\/destacado\/"},"featured_image_thumbnail_url":"https:\/\/www.ull.es\/portal\/noticias\/wp-content\/uploads\/sites\/13\/2015\/12\/Toma-de-posesi\u00f3n-1-300x200.jpg","_links":{"self":[{"href":"https:\/\/www.ull.es\/portal\/noticias\/wp-json\/wp\/v2\/posts\/25965"}],"collection":[{"href":"https:\/\/www.ull.es\/portal\/noticias\/wp-json\/wp\/v2\/posts"}],"about":[{"href":"https:\/\/www.ull.es\/portal\/noticias\/wp-json\/wp\/v2\/types\/post"}],"author":[{"embeddable":true,"href":"https:\/\/www.ull.es\/portal\/noticias\/wp-json\/wp\/v2\/users\/23"}],"replies":[{"embeddable":true,"href":"https:\/\/www.ull.es\/portal\/noticias\/wp-json\/wp\/v2\/comments?post=25965"}],"version-history":[{"count":1,"href":"https:\/\/www.ull.es\/portal\/noticias\/wp-json\/wp\/v2\/posts\/25965\/revisions"}],"predecessor-version":[{"id":66471,"href":"https:\/\/www.ull.es\/portal\/noticias\/wp-json\/wp\/v2\/posts\/25965\/revisions\/66471"}],"wp:featuredmedia":[{"embeddable":true,"href":"https:\/\/www.ull.es\/portal\/noticias\/wp-json\/wp\/v2\/media\/25966"}],"wp:attachment":[{"href":"https:\/\/www.ull.es\/portal\/noticias\/wp-json\/wp\/v2\/media?parent=25965"}],"wp:term":[{"taxonomy":"category","embeddable":true,"href":"https:\/\/www.ull.es\/portal\/noticias\/wp-json\/wp\/v2\/categories?post=25965"},{"taxonomy":"post_tag","embeddable":true,"href":"https:\/\/www.ull.es\/portal\/noticias\/wp-json\/wp\/v2\/tags?post=25965"}],"curies":[{"name":"wp","href":"https:\/\/api.w.org\/{rel}","templated":true}]}}