{"id":26037,"date":"2015-12-15T13:04:55","date_gmt":"2015-12-15T13:04:55","guid":{"rendered":"http:\/\/ddigital.webs.ull.es\/?p=26037"},"modified":"2015-12-15T13:04:55","modified_gmt":"2015-12-15T13:04:55","slug":"alumnado-de-geografia-publica-una-revision-critica-sobre-el-rol-de-los-organismos-internacionales","status":"publish","type":"post","link":"https:\/\/www.ull.es\/portal\/noticias\/2015\/alumnado-de-geografia-publica-una-revision-critica-sobre-el-rol-de-los-organismos-internacionales\/","title":{"rendered":"Alumnado de Geograf\u00eda publica una revisi\u00f3n cr\u00edtica sobre el rol de los organismos internacionales"},"content":{"rendered":"<p>Estudiantes del Grado de Geograf\u00eda de la promoci\u00f3n 2013\/14 de la Universidad de La Laguna acaban de publicar un libro acerca del papel que juega en la actualidad los organismos internacionales. Este trabajo, titulado \u2018Organismos internacionales y acuerdos bilaterales: \u00bfen beneficio del inter\u00e9s general? Perspectiva cr\u00edtica y estudiantil desde la Geopol\u00edtica\u2019 ha sido tutorizado por los profesores Ir\u00e8ne Dupuis (Geograf\u00eda de la ULL), Domingo Gar\u00ed (Historia de la ULL) y Mercedes Rodr\u00edguez (Geograf\u00eda de la ULPGC), y se encuentra ya publicado en su formato exclusivamente digital en los repositorios institucionales de sendas universidades (en el caso de esta universidad, en <a href=\"http:\/\/riull.ull.es\/xmlui\/handle\/915\/802\" target=\"_blank\" rel=\"noopener\">http:\/\/riull.ull.es\/xmlui\/handle\/915\/802<\/a>).<\/p>\n<p>Dupuis explica que en el campo de la geopol\u00edtica, existe un espacio reservado para la cr\u00edtica y las diferentes perspectivas que presenta por parte del p\u00fablico estudiantil universitario. As\u00ed, en esta publicaci\u00f3n, la Organizaci\u00f3n Mundial del Comercio, la Organizaci\u00f3n Mundial de la Salud, la Organizaci\u00f3n para la Alimentaci\u00f3n y la Agricultura (FAO) y los acuerdos bilaterales entre Espa\u00f1a y Estados Unidos (Pacto de Madrid de 1953), son ejemplos claves para analizar el impacto que tienen ciertos organismos o acuerdos internacionales en la sociedad.<\/p>\n<p>Seg\u00fan la profesora, esta actividad ejemplifica la preocupaci\u00f3n de los estudiantes de Geograf\u00eda de la Universidad de la Laguna por los principales temas que ata\u00f1en a la sociedad en pleno siglo XXI. \u201cLes ha interesado conocer la relaci\u00f3n entre las grandes potencias y las multinacionales que se reparten por el mundo, la alimentaci\u00f3n, la salud, el comercio y las relaciones entre pa\u00edses, cuestiones que tienen cada vez m\u00e1s repercusi\u00f3n en la vida cotidiana de las poblaciones, y a quienes afecta, directa o indirectamente, las decisiones de dichos organismos\u201d.<\/p>\n<p>En estos cuatro ensayos, realizados mediante un estudio previo transcurrido durante el desarrollo de una asignatura cuatrimestral, se muestra una visi\u00f3n cr\u00edtica y m\u00e1s cercana de la realidad de cada uno de estos organismos. En opini\u00f3n de Ir\u00e8ne Dupuis, las revisiones bibliogr\u00e1ficas, a trav\u00e9s de publicaciones oficiales y de otras cr\u00edticas, \u201chan permitido identificar las ideas necesarias para contrarrestar el discurso oficial que ofrece cada corporaci\u00f3n internacional\u201d.<\/p>\n<p>Adem\u00e1s la obra incorpora varios mapas elaborados por los propios alumnos para representar de forma clara los principales temas tratados. \u201cCon ello se pone en valor una de las competencias de los ge\u00f3grafos, adem\u00e1s de su capacidad para divulgar los conceptos complejos para hacerlos m\u00e1s inteligibles\u201d.<\/p>\n","protected":false},"excerpt":{"rendered":"<p>Estudiantes del Grado de Geograf\u00eda de la promoci\u00f3n 2013\/14 de la Universidad de La Laguna acaban de publicar un libro&#8230;<\/p>\n","protected":false},"author":23,"featured_media":26038,"comment_status":"open","ping_status":"open","sticky":false,"template":"","format":"standard","meta":{"inline_featured_image":false,"footnotes":""},"categories":[343,345,1],"tags":[],"acf":[],"yoast_head":"<!-- This site is optimized with the Yoast SEO plugin v21.3 - https:\/\/yoast.com\/wordpress\/plugins\/seo\/ -->\n<title>Alumnado de Geograf\u00eda publica una revisi\u00f3n cr\u00edtica sobre el rol de los organismos internacionales - ULL - Noticias<\/title>\n<meta name=\"robots\" content=\"index, follow, max-snippet:-1, max-image-preview:large, max-video-preview:-1\" \/>\n<link rel=\"canonical\" href=\"https:\/\/www.ull.es\/portal\/noticias\/2015\/alumnado-de-geografia-publica-una-revision-critica-sobre-el-rol-de-los-organismos-internacionales\/\" \/>\n<meta property=\"og:locale\" content=\"es_ES\" \/>\n<meta property=\"og:type\" content=\"article\" \/>\n<meta property=\"og:title\" content=\"Alumnado de Geograf\u00eda publica una revisi\u00f3n cr\u00edtica sobre el rol de los organismos internacionales - ULL - Noticias\" \/>\n<meta property=\"og:description\" content=\"Estudiantes del Grado de Geograf\u00eda de la promoci\u00f3n 2013\/14 de la Universidad de La Laguna acaban de publicar un libro...\" \/>\n<meta property=\"og:url\" content=\"https:\/\/www.ull.es\/portal\/noticias\/2015\/alumnado-de-geografia-publica-una-revision-critica-sobre-el-rol-de-los-organismos-internacionales\/\" \/>\n<meta property=\"og:site_name\" content=\"ULL - Noticias\" \/>\n<meta property=\"article:publisher\" content=\"https:\/\/www.facebook.com\/universidaddelalaguna\/\" \/>\n<meta property=\"article:published_time\" content=\"2015-12-15T13:04:55+00:00\" \/>\n<meta property=\"og:image\" content=\"https:\/\/www.ull.es\/portal\/noticias\/wp-content\/uploads\/sites\/13\/2015\/12\/estudiantes-geografia1.jpg\" \/>\n\t<meta property=\"og:image:width\" content=\"1034\" \/>\n\t<meta property=\"og:image:height\" content=\"708\" \/>\n\t<meta property=\"og:image:type\" content=\"image\/jpeg\" \/>\n<meta name=\"author\" content=\"gaprsa\" \/>\n<meta name=\"twitter:card\" content=\"summary_large_image\" \/>\n<meta name=\"twitter:creator\" content=\"@CanalULL\" \/>\n<meta name=\"twitter:site\" content=\"@CanalULL\" \/>\n<meta name=\"twitter:label1\" content=\"Escrito por\" \/>\n\t<meta name=\"twitter:data1\" content=\"gaprsa\" \/>\n\t<meta name=\"twitter:label2\" content=\"Tiempo de lectura\" \/>\n\t<meta name=\"twitter:data2\" content=\"2 minutos\" \/>\n<script type=\"application\/ld+json\" class=\"yoast-schema-graph\">{\"@context\":\"https:\/\/schema.org\",\"@graph\":[{\"@type\":\"WebPage\",\"@id\":\"https:\/\/www.ull.es\/portal\/noticias\/2015\/alumnado-de-geografia-publica-una-revision-critica-sobre-el-rol-de-los-organismos-internacionales\/\",\"url\":\"https:\/\/www.ull.es\/portal\/noticias\/2015\/alumnado-de-geografia-publica-una-revision-critica-sobre-el-rol-de-los-organismos-internacionales\/\",\"name\":\"Alumnado de Geograf\u00eda publica una revisi\u00f3n cr\u00edtica sobre el rol de los organismos internacionales - ULL - Noticias\",\"isPartOf\":{\"@id\":\"https:\/\/www.ull.es\/portal\/noticias\/#website\"},\"datePublished\":\"2015-12-15T13:04:55+00:00\",\"dateModified\":\"2015-12-15T13:04:55+00:00\",\"author\":{\"@id\":\"https:\/\/www.ull.es\/portal\/noticias\/#\/schema\/person\/b2b1a89d43ffa609e591f7df8ef3e817\"},\"breadcrumb\":{\"@id\":\"https:\/\/www.ull.es\/portal\/noticias\/2015\/alumnado-de-geografia-publica-una-revision-critica-sobre-el-rol-de-los-organismos-internacionales\/#breadcrumb\"},\"inLanguage\":\"es\",\"potentialAction\":[{\"@type\":\"ReadAction\",\"target\":[\"https:\/\/www.ull.es\/portal\/noticias\/2015\/alumnado-de-geografia-publica-una-revision-critica-sobre-el-rol-de-los-organismos-internacionales\/\"]}]},{\"@type\":\"BreadcrumbList\",\"@id\":\"https:\/\/www.ull.es\/portal\/noticias\/2015\/alumnado-de-geografia-publica-una-revision-critica-sobre-el-rol-de-los-organismos-internacionales\/#breadcrumb\",\"itemListElement\":[{\"@type\":\"ListItem\",\"position\":1,\"name\":\"Portada\",\"item\":\"https:\/\/www.ull.es\/portal\/noticias\/\"},{\"@type\":\"ListItem\",\"position\":2,\"name\":\"Alumnado de Geograf\u00eda publica una revisi\u00f3n cr\u00edtica sobre el rol de los organismos internacionales\"}]},{\"@type\":\"WebSite\",\"@id\":\"https:\/\/www.ull.es\/portal\/noticias\/#website\",\"url\":\"https:\/\/www.ull.es\/portal\/noticias\/\",\"name\":\"ULL - Noticias\",\"description\":\"\",\"potentialAction\":[{\"@type\":\"SearchAction\",\"target\":{\"@type\":\"EntryPoint\",\"urlTemplate\":\"https:\/\/www.ull.es\/portal\/noticias\/?s={search_term_string}\"},\"query-input\":\"required name=search_term_string\"}],\"inLanguage\":\"es\"},{\"@type\":\"Person\",\"@id\":\"https:\/\/www.ull.es\/portal\/noticias\/#\/schema\/person\/b2b1a89d43ffa609e591f7df8ef3e817\",\"name\":\"gaprsa\",\"image\":{\"@type\":\"ImageObject\",\"inLanguage\":\"es\",\"@id\":\"https:\/\/www.ull.es\/portal\/noticias\/#\/schema\/person\/image\/\",\"url\":\"https:\/\/secure.gravatar.com\/avatar\/443820550921091458b4823867723b3d?s=96&d=mm&r=g\",\"contentUrl\":\"https:\/\/secure.gravatar.com\/avatar\/443820550921091458b4823867723b3d?s=96&d=mm&r=g\",\"caption\":\"gaprsa\"},\"url\":\"https:\/\/www.ull.es\/portal\/noticias\/author\/gaprsa\/\"}]}<\/script>\n<!-- \/ Yoast SEO plugin. -->","yoast_head_json":{"title":"Alumnado de Geograf\u00eda publica una revisi\u00f3n cr\u00edtica sobre el rol de los organismos internacionales - ULL - Noticias","robots":{"index":"index","follow":"follow","max-snippet":"max-snippet:-1","max-image-preview":"max-image-preview:large","max-video-preview":"max-video-preview:-1"},"canonical":"https:\/\/www.ull.es\/portal\/noticias\/2015\/alumnado-de-geografia-publica-una-revision-critica-sobre-el-rol-de-los-organismos-internacionales\/","og_locale":"es_ES","og_type":"article","og_title":"Alumnado de Geograf\u00eda publica una revisi\u00f3n cr\u00edtica sobre el rol de los organismos internacionales - ULL - Noticias","og_description":"Estudiantes del Grado de Geograf\u00eda de la promoci\u00f3n 2013\/14 de la Universidad de La Laguna acaban de publicar un libro...","og_url":"https:\/\/www.ull.es\/portal\/noticias\/2015\/alumnado-de-geografia-publica-una-revision-critica-sobre-el-rol-de-los-organismos-internacionales\/","og_site_name":"ULL - Noticias","article_publisher":"https:\/\/www.facebook.com\/universidaddelalaguna\/","article_published_time":"2015-12-15T13:04:55+00:00","og_image":[{"width":1034,"height":708,"url":"https:\/\/www.ull.es\/portal\/noticias\/wp-content\/uploads\/sites\/13\/2015\/12\/estudiantes-geografia1.jpg","type":"image\/jpeg"}],"author":"gaprsa","twitter_card":"summary_large_image","twitter_creator":"@CanalULL","twitter_site":"@CanalULL","twitter_misc":{"Escrito por":"gaprsa","Tiempo de lectura":"2 minutos"},"schema":{"@context":"https:\/\/schema.org","@graph":[{"@type":"WebPage","@id":"https:\/\/www.ull.es\/portal\/noticias\/2015\/alumnado-de-geografia-publica-una-revision-critica-sobre-el-rol-de-los-organismos-internacionales\/","url":"https:\/\/www.ull.es\/portal\/noticias\/2015\/alumnado-de-geografia-publica-una-revision-critica-sobre-el-rol-de-los-organismos-internacionales\/","name":"Alumnado de Geograf\u00eda publica una revisi\u00f3n cr\u00edtica sobre el rol de los organismos internacionales - ULL - Noticias","isPartOf":{"@id":"https:\/\/www.ull.es\/portal\/noticias\/#website"},"datePublished":"2015-12-15T13:04:55+00:00","dateModified":"2015-12-15T13:04:55+00:00","author":{"@id":"https:\/\/www.ull.es\/portal\/noticias\/#\/schema\/person\/b2b1a89d43ffa609e591f7df8ef3e817"},"breadcrumb":{"@id":"https:\/\/www.ull.es\/portal\/noticias\/2015\/alumnado-de-geografia-publica-una-revision-critica-sobre-el-rol-de-los-organismos-internacionales\/#breadcrumb"},"inLanguage":"es","potentialAction":[{"@type":"ReadAction","target":["https:\/\/www.ull.es\/portal\/noticias\/2015\/alumnado-de-geografia-publica-una-revision-critica-sobre-el-rol-de-los-organismos-internacionales\/"]}]},{"@type":"BreadcrumbList","@id":"https:\/\/www.ull.es\/portal\/noticias\/2015\/alumnado-de-geografia-publica-una-revision-critica-sobre-el-rol-de-los-organismos-internacionales\/#breadcrumb","itemListElement":[{"@type":"ListItem","position":1,"name":"Portada","item":"https:\/\/www.ull.es\/portal\/noticias\/"},{"@type":"ListItem","position":2,"name":"Alumnado de Geograf\u00eda publica una revisi\u00f3n cr\u00edtica sobre el rol de los organismos internacionales"}]},{"@type":"WebSite","@id":"https:\/\/www.ull.es\/portal\/noticias\/#website","url":"https:\/\/www.ull.es\/portal\/noticias\/","name":"ULL - Noticias","description":"","potentialAction":[{"@type":"SearchAction","target":{"@type":"EntryPoint","urlTemplate":"https:\/\/www.ull.es\/portal\/noticias\/?s={search_term_string}"},"query-input":"required name=search_term_string"}],"inLanguage":"es"},{"@type":"Person","@id":"https:\/\/www.ull.es\/portal\/noticias\/#\/schema\/person\/b2b1a89d43ffa609e591f7df8ef3e817","name":"gaprsa","image":{"@type":"ImageObject","inLanguage":"es","@id":"https:\/\/www.ull.es\/portal\/noticias\/#\/schema\/person\/image\/","url":"https:\/\/secure.gravatar.com\/avatar\/443820550921091458b4823867723b3d?s=96&d=mm&r=g","contentUrl":"https:\/\/secure.gravatar.com\/avatar\/443820550921091458b4823867723b3d?s=96&d=mm&r=g","caption":"gaprsa"},"url":"https:\/\/www.ull.es\/portal\/noticias\/author\/gaprsa\/"}]}},"primary_category":null,"featured_image_thumbnail_url":"https:\/\/www.ull.es\/portal\/noticias\/wp-content\/uploads\/sites\/13\/2015\/12\/estudiantes-geografia1-300x205.jpg","_links":{"self":[{"href":"https:\/\/www.ull.es\/portal\/noticias\/wp-json\/wp\/v2\/posts\/26037"}],"collection":[{"href":"https:\/\/www.ull.es\/portal\/noticias\/wp-json\/wp\/v2\/posts"}],"about":[{"href":"https:\/\/www.ull.es\/portal\/noticias\/wp-json\/wp\/v2\/types\/post"}],"author":[{"embeddable":true,"href":"https:\/\/www.ull.es\/portal\/noticias\/wp-json\/wp\/v2\/users\/23"}],"replies":[{"embeddable":true,"href":"https:\/\/www.ull.es\/portal\/noticias\/wp-json\/wp\/v2\/comments?post=26037"}],"version-history":[{"count":0,"href":"https:\/\/www.ull.es\/portal\/noticias\/wp-json\/wp\/v2\/posts\/26037\/revisions"}],"wp:featuredmedia":[{"embeddable":true,"href":"https:\/\/www.ull.es\/portal\/noticias\/wp-json\/wp\/v2\/media\/26038"}],"wp:attachment":[{"href":"https:\/\/www.ull.es\/portal\/noticias\/wp-json\/wp\/v2\/media?parent=26037"}],"wp:term":[{"taxonomy":"category","embeddable":true,"href":"https:\/\/www.ull.es\/portal\/noticias\/wp-json\/wp\/v2\/categories?post=26037"},{"taxonomy":"post_tag","embeddable":true,"href":"https:\/\/www.ull.es\/portal\/noticias\/wp-json\/wp\/v2\/tags?post=26037"}],"curies":[{"name":"wp","href":"https:\/\/api.w.org\/{rel}","templated":true}]}}