{"id":26059,"date":"2015-12-16T13:32:08","date_gmt":"2015-12-16T13:32:08","guid":{"rendered":"http:\/\/ddigital.webs.ull.es\/?p=26059"},"modified":"2015-12-16T13:32:08","modified_gmt":"2015-12-16T13:32:08","slug":"el-paraninfo-de-la-universidad-de-la-laguna-cierra-su-programacion-con-el-tradicional-concierto-navideno","status":"publish","type":"post","link":"https:\/\/www.ull.es\/portal\/noticias\/2015\/el-paraninfo-de-la-universidad-de-la-laguna-cierra-su-programacion-con-el-tradicional-concierto-navideno\/","title":{"rendered":"El Paraninfo de la Universidad de La Laguna cierra su programaci\u00f3n con el tradicional concierto navide\u00f1o"},"content":{"rendered":"<p>El Paraninfo de la Universidad de La Laguna concluye su programaci\u00f3n de 2015 con el concierto de Navidad, que tendr\u00e1 lugar ma\u00f1ana, jueves 17 de diciembre, a las 20:30 horas. En este acto intervendr\u00e1n la Banda Sinf\u00f3nica de la ULL, Camerata Lacunensis, Coral Universitaria, Coro Polif\u00f3nico de la ULL, Coral Ars Canendi, Agrupaci\u00f3n Folcl\u00f3rica Universitaria y el\u00a0 Coro del Orfe\u00f3n La Paz.<\/p>\n<p>Como en la edici\u00f3n anterior, los asistentes podr\u00e1n canjear la entrada por un alimento no perecedero o un juguete, que ser\u00e1 recogido por los miembros de la campa\u00f1a ULL Solidaria. Los beneficios de esta iniciativa ir\u00e1n dirigidos al Banco de Alimentos.<\/p>\n<p>Este a\u00f1o los coros y corales vinculados a la Universidad de La Laguna cantar\u00e1n villancicos tradicionales y m\u00fasica popular como \u201cWhite Christmas\u201d, \u201cJoticas al ni\u00f1o\u201d, \u201cEl Tajaraste del ni\u00f1o\u201d o \u201cNunca suenan las campanas\u201d. La velada finalizar\u00e1 con el canto com\u00fan dirigido por Mario Garc\u00eda y en el que interpretar\u00e1n el cl\u00e1sico tema navide\u00f1o \u201cNoche de Paz\u201d y el himno universitario \u201cGaudeamus\u201d.<\/p>\n<p>El p\u00fablico que acuda al concierto dispone de estacionamiento gratuito en el Edificio Central de la Universidad de La Laguna.<\/p>\n","protected":false},"excerpt":{"rendered":"<p>El Paraninfo de la Universidad de La Laguna concluye su programaci\u00f3n de 2015 con el concierto de Navidad, que tendr\u00e1&#8230;<\/p>\n","protected":false},"author":23,"featured_media":26060,"comment_status":"open","ping_status":"open","sticky":false,"template":"","format":"standard","meta":{"inline_featured_image":false,"footnotes":""},"categories":[344,345,1],"tags":[878],"acf":[],"yoast_head":"<!-- This site is optimized with the Yoast SEO plugin v21.3 - https:\/\/yoast.com\/wordpress\/plugins\/seo\/ -->\n<title>El Paraninfo de la Universidad de La Laguna cierra su programaci\u00f3n con el tradicional concierto navide\u00f1o - ULL - Noticias<\/title>\n<meta name=\"robots\" content=\"index, follow, max-snippet:-1, max-image-preview:large, max-video-preview:-1\" \/>\n<link rel=\"canonical\" href=\"https:\/\/www.ull.es\/portal\/noticias\/2015\/el-paraninfo-de-la-universidad-de-la-laguna-cierra-su-programacion-con-el-tradicional-concierto-navideno\/\" \/>\n<meta property=\"og:locale\" content=\"es_ES\" \/>\n<meta property=\"og:type\" content=\"article\" \/>\n<meta property=\"og:title\" content=\"El Paraninfo de la Universidad de La Laguna cierra su programaci\u00f3n con el tradicional concierto navide\u00f1o - ULL - Noticias\" \/>\n<meta property=\"og:description\" content=\"El Paraninfo de la Universidad de La Laguna concluye su programaci\u00f3n de 2015 con el concierto de Navidad, que tendr\u00e1...\" \/>\n<meta property=\"og:url\" content=\"https:\/\/www.ull.es\/portal\/noticias\/2015\/el-paraninfo-de-la-universidad-de-la-laguna-cierra-su-programacion-con-el-tradicional-concierto-navideno\/\" \/>\n<meta property=\"og:site_name\" content=\"ULL - Noticias\" \/>\n<meta property=\"article:publisher\" content=\"https:\/\/www.facebook.com\/universidaddelalaguna\/\" \/>\n<meta property=\"article:published_time\" content=\"2015-12-16T13:32:08+00:00\" \/>\n<meta property=\"og:image\" content=\"https:\/\/www.ull.es\/portal\/noticias\/wp-content\/uploads\/sites\/13\/2015\/12\/cartelnavidad1.jpg\" \/>\n\t<meta property=\"og:image:width\" content=\"907\" \/>\n\t<meta property=\"og:image:height\" content=\"1361\" \/>\n\t<meta property=\"og:image:type\" content=\"image\/jpeg\" \/>\n<meta name=\"author\" content=\"gaprsa\" \/>\n<meta name=\"twitter:card\" content=\"summary_large_image\" \/>\n<meta name=\"twitter:creator\" content=\"@CanalULL\" \/>\n<meta name=\"twitter:site\" content=\"@CanalULL\" \/>\n<meta name=\"twitter:label1\" content=\"Escrito por\" \/>\n\t<meta name=\"twitter:data1\" content=\"gaprsa\" \/>\n\t<meta name=\"twitter:label2\" content=\"Tiempo de lectura\" \/>\n\t<meta name=\"twitter:data2\" content=\"1 minuto\" \/>\n<script type=\"application\/ld+json\" class=\"yoast-schema-graph\">{\"@context\":\"https:\/\/schema.org\",\"@graph\":[{\"@type\":\"WebPage\",\"@id\":\"https:\/\/www.ull.es\/portal\/noticias\/2015\/el-paraninfo-de-la-universidad-de-la-laguna-cierra-su-programacion-con-el-tradicional-concierto-navideno\/\",\"url\":\"https:\/\/www.ull.es\/portal\/noticias\/2015\/el-paraninfo-de-la-universidad-de-la-laguna-cierra-su-programacion-con-el-tradicional-concierto-navideno\/\",\"name\":\"El Paraninfo de la Universidad de La Laguna cierra su programaci\u00f3n con el tradicional concierto navide\u00f1o - ULL - Noticias\",\"isPartOf\":{\"@id\":\"https:\/\/www.ull.es\/portal\/noticias\/#website\"},\"datePublished\":\"2015-12-16T13:32:08+00:00\",\"dateModified\":\"2015-12-16T13:32:08+00:00\",\"author\":{\"@id\":\"https:\/\/www.ull.es\/portal\/noticias\/#\/schema\/person\/b2b1a89d43ffa609e591f7df8ef3e817\"},\"breadcrumb\":{\"@id\":\"https:\/\/www.ull.es\/portal\/noticias\/2015\/el-paraninfo-de-la-universidad-de-la-laguna-cierra-su-programacion-con-el-tradicional-concierto-navideno\/#breadcrumb\"},\"inLanguage\":\"es\",\"potentialAction\":[{\"@type\":\"ReadAction\",\"target\":[\"https:\/\/www.ull.es\/portal\/noticias\/2015\/el-paraninfo-de-la-universidad-de-la-laguna-cierra-su-programacion-con-el-tradicional-concierto-navideno\/\"]}]},{\"@type\":\"BreadcrumbList\",\"@id\":\"https:\/\/www.ull.es\/portal\/noticias\/2015\/el-paraninfo-de-la-universidad-de-la-laguna-cierra-su-programacion-con-el-tradicional-concierto-navideno\/#breadcrumb\",\"itemListElement\":[{\"@type\":\"ListItem\",\"position\":1,\"name\":\"Portada\",\"item\":\"https:\/\/www.ull.es\/portal\/noticias\/\"},{\"@type\":\"ListItem\",\"position\":2,\"name\":\"El Paraninfo de la Universidad de La Laguna cierra su programaci\u00f3n con el tradicional concierto navide\u00f1o\"}]},{\"@type\":\"WebSite\",\"@id\":\"https:\/\/www.ull.es\/portal\/noticias\/#website\",\"url\":\"https:\/\/www.ull.es\/portal\/noticias\/\",\"name\":\"ULL - Noticias\",\"description\":\"\",\"potentialAction\":[{\"@type\":\"SearchAction\",\"target\":{\"@type\":\"EntryPoint\",\"urlTemplate\":\"https:\/\/www.ull.es\/portal\/noticias\/?s={search_term_string}\"},\"query-input\":\"required name=search_term_string\"}],\"inLanguage\":\"es\"},{\"@type\":\"Person\",\"@id\":\"https:\/\/www.ull.es\/portal\/noticias\/#\/schema\/person\/b2b1a89d43ffa609e591f7df8ef3e817\",\"name\":\"gaprsa\",\"image\":{\"@type\":\"ImageObject\",\"inLanguage\":\"es\",\"@id\":\"https:\/\/www.ull.es\/portal\/noticias\/#\/schema\/person\/image\/\",\"url\":\"https:\/\/secure.gravatar.com\/avatar\/443820550921091458b4823867723b3d?s=96&d=mm&r=g\",\"contentUrl\":\"https:\/\/secure.gravatar.com\/avatar\/443820550921091458b4823867723b3d?s=96&d=mm&r=g\",\"caption\":\"gaprsa\"},\"url\":\"https:\/\/www.ull.es\/portal\/noticias\/author\/gaprsa\/\"}]}<\/script>\n<!-- \/ Yoast SEO plugin. -->","yoast_head_json":{"title":"El Paraninfo de la Universidad de La Laguna cierra su programaci\u00f3n con el tradicional concierto navide\u00f1o - ULL - Noticias","robots":{"index":"index","follow":"follow","max-snippet":"max-snippet:-1","max-image-preview":"max-image-preview:large","max-video-preview":"max-video-preview:-1"},"canonical":"https:\/\/www.ull.es\/portal\/noticias\/2015\/el-paraninfo-de-la-universidad-de-la-laguna-cierra-su-programacion-con-el-tradicional-concierto-navideno\/","og_locale":"es_ES","og_type":"article","og_title":"El Paraninfo de la Universidad de La Laguna cierra su programaci\u00f3n con el tradicional concierto navide\u00f1o - ULL - Noticias","og_description":"El Paraninfo de la Universidad de La Laguna concluye su programaci\u00f3n de 2015 con el concierto de Navidad, que tendr\u00e1...","og_url":"https:\/\/www.ull.es\/portal\/noticias\/2015\/el-paraninfo-de-la-universidad-de-la-laguna-cierra-su-programacion-con-el-tradicional-concierto-navideno\/","og_site_name":"ULL - Noticias","article_publisher":"https:\/\/www.facebook.com\/universidaddelalaguna\/","article_published_time":"2015-12-16T13:32:08+00:00","og_image":[{"width":907,"height":1361,"url":"https:\/\/www.ull.es\/portal\/noticias\/wp-content\/uploads\/sites\/13\/2015\/12\/cartelnavidad1.jpg","type":"image\/jpeg"}],"author":"gaprsa","twitter_card":"summary_large_image","twitter_creator":"@CanalULL","twitter_site":"@CanalULL","twitter_misc":{"Escrito por":"gaprsa","Tiempo de lectura":"1 minuto"},"schema":{"@context":"https:\/\/schema.org","@graph":[{"@type":"WebPage","@id":"https:\/\/www.ull.es\/portal\/noticias\/2015\/el-paraninfo-de-la-universidad-de-la-laguna-cierra-su-programacion-con-el-tradicional-concierto-navideno\/","url":"https:\/\/www.ull.es\/portal\/noticias\/2015\/el-paraninfo-de-la-universidad-de-la-laguna-cierra-su-programacion-con-el-tradicional-concierto-navideno\/","name":"El Paraninfo de la Universidad de La Laguna cierra su programaci\u00f3n con el tradicional concierto navide\u00f1o - ULL - Noticias","isPartOf":{"@id":"https:\/\/www.ull.es\/portal\/noticias\/#website"},"datePublished":"2015-12-16T13:32:08+00:00","dateModified":"2015-12-16T13:32:08+00:00","author":{"@id":"https:\/\/www.ull.es\/portal\/noticias\/#\/schema\/person\/b2b1a89d43ffa609e591f7df8ef3e817"},"breadcrumb":{"@id":"https:\/\/www.ull.es\/portal\/noticias\/2015\/el-paraninfo-de-la-universidad-de-la-laguna-cierra-su-programacion-con-el-tradicional-concierto-navideno\/#breadcrumb"},"inLanguage":"es","potentialAction":[{"@type":"ReadAction","target":["https:\/\/www.ull.es\/portal\/noticias\/2015\/el-paraninfo-de-la-universidad-de-la-laguna-cierra-su-programacion-con-el-tradicional-concierto-navideno\/"]}]},{"@type":"BreadcrumbList","@id":"https:\/\/www.ull.es\/portal\/noticias\/2015\/el-paraninfo-de-la-universidad-de-la-laguna-cierra-su-programacion-con-el-tradicional-concierto-navideno\/#breadcrumb","itemListElement":[{"@type":"ListItem","position":1,"name":"Portada","item":"https:\/\/www.ull.es\/portal\/noticias\/"},{"@type":"ListItem","position":2,"name":"El Paraninfo de la Universidad de La Laguna cierra su programaci\u00f3n con el tradicional concierto navide\u00f1o"}]},{"@type":"WebSite","@id":"https:\/\/www.ull.es\/portal\/noticias\/#website","url":"https:\/\/www.ull.es\/portal\/noticias\/","name":"ULL - Noticias","description":"","potentialAction":[{"@type":"SearchAction","target":{"@type":"EntryPoint","urlTemplate":"https:\/\/www.ull.es\/portal\/noticias\/?s={search_term_string}"},"query-input":"required name=search_term_string"}],"inLanguage":"es"},{"@type":"Person","@id":"https:\/\/www.ull.es\/portal\/noticias\/#\/schema\/person\/b2b1a89d43ffa609e591f7df8ef3e817","name":"gaprsa","image":{"@type":"ImageObject","inLanguage":"es","@id":"https:\/\/www.ull.es\/portal\/noticias\/#\/schema\/person\/image\/","url":"https:\/\/secure.gravatar.com\/avatar\/443820550921091458b4823867723b3d?s=96&d=mm&r=g","contentUrl":"https:\/\/secure.gravatar.com\/avatar\/443820550921091458b4823867723b3d?s=96&d=mm&r=g","caption":"gaprsa"},"url":"https:\/\/www.ull.es\/portal\/noticias\/author\/gaprsa\/"}]}},"primary_category":null,"featured_image_thumbnail_url":"https:\/\/www.ull.es\/portal\/noticias\/wp-content\/uploads\/sites\/13\/2015\/12\/cartelnavidad1-200x300.jpg","_links":{"self":[{"href":"https:\/\/www.ull.es\/portal\/noticias\/wp-json\/wp\/v2\/posts\/26059"}],"collection":[{"href":"https:\/\/www.ull.es\/portal\/noticias\/wp-json\/wp\/v2\/posts"}],"about":[{"href":"https:\/\/www.ull.es\/portal\/noticias\/wp-json\/wp\/v2\/types\/post"}],"author":[{"embeddable":true,"href":"https:\/\/www.ull.es\/portal\/noticias\/wp-json\/wp\/v2\/users\/23"}],"replies":[{"embeddable":true,"href":"https:\/\/www.ull.es\/portal\/noticias\/wp-json\/wp\/v2\/comments?post=26059"}],"version-history":[{"count":0,"href":"https:\/\/www.ull.es\/portal\/noticias\/wp-json\/wp\/v2\/posts\/26059\/revisions"}],"wp:featuredmedia":[{"embeddable":true,"href":"https:\/\/www.ull.es\/portal\/noticias\/wp-json\/wp\/v2\/media\/26060"}],"wp:attachment":[{"href":"https:\/\/www.ull.es\/portal\/noticias\/wp-json\/wp\/v2\/media?parent=26059"}],"wp:term":[{"taxonomy":"category","embeddable":true,"href":"https:\/\/www.ull.es\/portal\/noticias\/wp-json\/wp\/v2\/categories?post=26059"},{"taxonomy":"post_tag","embeddable":true,"href":"https:\/\/www.ull.es\/portal\/noticias\/wp-json\/wp\/v2\/tags?post=26059"}],"curies":[{"name":"wp","href":"https:\/\/api.w.org\/{rel}","templated":true}]}}