{"id":26069,"date":"2015-12-16T15:00:27","date_gmt":"2015-12-16T15:00:27","guid":{"rendered":"http:\/\/ddigital.webs.ull.es\/?p=26069"},"modified":"2015-12-16T15:00:27","modified_gmt":"2015-12-16T15:00:27","slug":"el-encuentro-turistica-2015-de-la-ull-abunda-en-la-interconexion-entre-el-turismo-y-las-tecnologias","status":"publish","type":"post","link":"https:\/\/www.ull.es\/portal\/noticias\/2015\/el-encuentro-turistica-2015-de-la-ull-abunda-en-la-interconexion-entre-el-turismo-y-las-tecnologias\/","title":{"rendered":"El encuentro Tur\u00edstica 2015 de la ULL abunda en la interconexi\u00f3n entre el turismo y las tecnolog\u00edas"},"content":{"rendered":"<p>La jornada Tur\u00edsTICa 2015, titulada \u201cRetos en la transformaci\u00f3n digital del ecosistema Turismo-TIC\u201d tuvo lugar hoy 16 de diciembre en el Aula Magna de las secciones de F\u00edsica y Matem\u00e1ticas con la presencia del rector de la Universidad de La Laguna, Antonio Martin\u00f3n, y del presidente del Cabildo insular de Tenerife, Carlos Alonso. Este encuentro est\u00e1 organizado por la C\u00e1tedra de Turismo CajaCanarias-Ashotel de la ULL, La Red de Centros de Innovaci\u00f3n y Desarrollo Empresarial (Red Cide), la Fundaci\u00f3n General, la Escuela Superior de Ingenier\u00eda y Tecnolog\u00eda y el grupo de investigaci\u00f3n Taro del centro acad\u00e9mico.<\/p>\n<p>El profesor de la Facultad de Econom\u00eda, Empresa y Turismo, Eduardo Parra, fue el encargado de presentar la primera ponencia sobre Retos y necesidades en el binomio tecnolog\u00eda turismo en Canarias, en la que se\u00f1al\u00f3 que la direcci\u00f3n actual del turismo se basa en la personalizaci\u00f3n de intereses concretos. Asimismo apunt\u00f3 que la estrategia de especializaci\u00f3n (RIS3) 2014-2020 est\u00e1 dirigida hacia la transici\u00f3n de todos los sectores hacia el turismo y de \u00e9ste a otros sectores, as\u00ed como hacia la modernizaci\u00f3n, la diversificaci\u00f3n y potenciaci\u00f3n del emprendedor.<\/p>\n<p>En cuanto a lo que se est\u00e1 haciendo en la isla de Tenerife, el experto indic\u00f3 que se ha apostado por una estrategia \u201cSmart island\u201d para un turismo inteligente e interconectado, teniendo en cuenta que esta log\u00edstica requiere diversos requisitos, entre los que se encuentran el transporte de los datos y gesti\u00f3n inteligente de la informaci\u00f3n, entre otros.<\/p>\n<p>Parra explic\u00f3 que desde la Universidad de La Laguna se est\u00e1 trabajando para contribuir en este binomio de tecnolog\u00eda-turismo a trav\u00e9s de la C\u00e1tedra de Turismo, que la ULL mantiene con Ashotel y CajaCanarias, y del grupo de investigaci\u00f3n Taro. Las l\u00edneas de trabajo se basan en el an\u00e1lisis de mercado, formaci\u00f3n y empleo, productos tur\u00edsticos, marketing, etc.<\/p>\n<p>Adem\u00e1s, se han conseguido contratos sobre transferencia que han dado lugar a diferentes proyectos y se hacen publicaciones en revistas del sector. Todo ello, junto a acciones de comunicaci\u00f3n a trav\u00e9s de eventos, redes o web. \u201cEst\u00e1 claro\u201d, explica Parra, \u201cque todo esto ha contribuido a que Tenerife sea un destino de alto valor\u201d.<\/p>\n","protected":false},"excerpt":{"rendered":"<p>La jornada Tur\u00edsTICa 2015, titulada \u201cRetos en la transformaci\u00f3n digital del ecosistema Turismo-TIC\u201d tuvo lugar hoy 16 de diciembre en&#8230;<\/p>\n","protected":false},"author":23,"featured_media":26077,"comment_status":"open","ping_status":"open","sticky":false,"template":"","format":"standard","meta":{"inline_featured_image":false,"footnotes":""},"categories":[345,346,1],"tags":[768,2484,2517,2518,2527,2560],"acf":[],"yoast_head":"<!-- This site is optimized with the Yoast SEO plugin v21.3 - https:\/\/yoast.com\/wordpress\/plugins\/seo\/ -->\n<title>El encuentro Tur\u00edstica 2015 de la ULL abunda en la interconexi\u00f3n entre el turismo y las tecnolog\u00edas - ULL - Noticias<\/title>\n<meta name=\"robots\" content=\"index, follow, max-snippet:-1, max-image-preview:large, max-video-preview:-1\" \/>\n<link rel=\"canonical\" href=\"https:\/\/www.ull.es\/portal\/noticias\/2015\/el-encuentro-turistica-2015-de-la-ull-abunda-en-la-interconexion-entre-el-turismo-y-las-tecnologias\/\" \/>\n<meta property=\"og:locale\" content=\"es_ES\" \/>\n<meta property=\"og:type\" content=\"article\" \/>\n<meta property=\"og:title\" content=\"El encuentro Tur\u00edstica 2015 de la ULL abunda en la interconexi\u00f3n entre el turismo y las tecnolog\u00edas - ULL - Noticias\" \/>\n<meta property=\"og:description\" content=\"La jornada Tur\u00edsTICa 2015, titulada \u201cRetos en la transformaci\u00f3n digital del ecosistema Turismo-TIC\u201d tuvo lugar hoy 16 de diciembre en...\" \/>\n<meta property=\"og:url\" content=\"https:\/\/www.ull.es\/portal\/noticias\/2015\/el-encuentro-turistica-2015-de-la-ull-abunda-en-la-interconexion-entre-el-turismo-y-las-tecnologias\/\" \/>\n<meta property=\"og:site_name\" content=\"ULL - Noticias\" \/>\n<meta property=\"article:publisher\" content=\"https:\/\/www.facebook.com\/universidaddelalaguna\/\" \/>\n<meta property=\"article:published_time\" content=\"2015-12-16T15:00:27+00:00\" \/>\n<meta property=\"og:image\" content=\"https:\/\/www.ull.es\/portal\/noticias\/wp-content\/uploads\/sites\/13\/2015\/12\/turistica3.jpg\" \/>\n\t<meta property=\"og:image:width\" content=\"1034\" \/>\n\t<meta property=\"og:image:height\" content=\"708\" \/>\n\t<meta property=\"og:image:type\" content=\"image\/jpeg\" \/>\n<meta name=\"author\" content=\"gaprsa\" \/>\n<meta name=\"twitter:card\" content=\"summary_large_image\" \/>\n<meta name=\"twitter:creator\" content=\"@CanalULL\" \/>\n<meta name=\"twitter:site\" content=\"@CanalULL\" \/>\n<meta name=\"twitter:label1\" content=\"Escrito por\" \/>\n\t<meta name=\"twitter:data1\" content=\"gaprsa\" \/>\n\t<meta name=\"twitter:label2\" content=\"Tiempo de lectura\" \/>\n\t<meta name=\"twitter:data2\" content=\"2 minutos\" \/>\n<script type=\"application\/ld+json\" class=\"yoast-schema-graph\">{\"@context\":\"https:\/\/schema.org\",\"@graph\":[{\"@type\":\"WebPage\",\"@id\":\"https:\/\/www.ull.es\/portal\/noticias\/2015\/el-encuentro-turistica-2015-de-la-ull-abunda-en-la-interconexion-entre-el-turismo-y-las-tecnologias\/\",\"url\":\"https:\/\/www.ull.es\/portal\/noticias\/2015\/el-encuentro-turistica-2015-de-la-ull-abunda-en-la-interconexion-entre-el-turismo-y-las-tecnologias\/\",\"name\":\"El encuentro Tur\u00edstica 2015 de la ULL abunda en la interconexi\u00f3n entre el turismo y las tecnolog\u00edas - ULL - Noticias\",\"isPartOf\":{\"@id\":\"https:\/\/www.ull.es\/portal\/noticias\/#website\"},\"datePublished\":\"2015-12-16T15:00:27+00:00\",\"dateModified\":\"2015-12-16T15:00:27+00:00\",\"author\":{\"@id\":\"https:\/\/www.ull.es\/portal\/noticias\/#\/schema\/person\/b2b1a89d43ffa609e591f7df8ef3e817\"},\"breadcrumb\":{\"@id\":\"https:\/\/www.ull.es\/portal\/noticias\/2015\/el-encuentro-turistica-2015-de-la-ull-abunda-en-la-interconexion-entre-el-turismo-y-las-tecnologias\/#breadcrumb\"},\"inLanguage\":\"es\",\"potentialAction\":[{\"@type\":\"ReadAction\",\"target\":[\"https:\/\/www.ull.es\/portal\/noticias\/2015\/el-encuentro-turistica-2015-de-la-ull-abunda-en-la-interconexion-entre-el-turismo-y-las-tecnologias\/\"]}]},{\"@type\":\"BreadcrumbList\",\"@id\":\"https:\/\/www.ull.es\/portal\/noticias\/2015\/el-encuentro-turistica-2015-de-la-ull-abunda-en-la-interconexion-entre-el-turismo-y-las-tecnologias\/#breadcrumb\",\"itemListElement\":[{\"@type\":\"ListItem\",\"position\":1,\"name\":\"Portada\",\"item\":\"https:\/\/www.ull.es\/portal\/noticias\/\"},{\"@type\":\"ListItem\",\"position\":2,\"name\":\"El encuentro Tur\u00edstica 2015 de la ULL abunda en la interconexi\u00f3n entre el turismo y las tecnolog\u00edas\"}]},{\"@type\":\"WebSite\",\"@id\":\"https:\/\/www.ull.es\/portal\/noticias\/#website\",\"url\":\"https:\/\/www.ull.es\/portal\/noticias\/\",\"name\":\"ULL - Noticias\",\"description\":\"\",\"potentialAction\":[{\"@type\":\"SearchAction\",\"target\":{\"@type\":\"EntryPoint\",\"urlTemplate\":\"https:\/\/www.ull.es\/portal\/noticias\/?s={search_term_string}\"},\"query-input\":\"required name=search_term_string\"}],\"inLanguage\":\"es\"},{\"@type\":\"Person\",\"@id\":\"https:\/\/www.ull.es\/portal\/noticias\/#\/schema\/person\/b2b1a89d43ffa609e591f7df8ef3e817\",\"name\":\"gaprsa\",\"image\":{\"@type\":\"ImageObject\",\"inLanguage\":\"es\",\"@id\":\"https:\/\/www.ull.es\/portal\/noticias\/#\/schema\/person\/image\/\",\"url\":\"https:\/\/secure.gravatar.com\/avatar\/443820550921091458b4823867723b3d?s=96&d=mm&r=g\",\"contentUrl\":\"https:\/\/secure.gravatar.com\/avatar\/443820550921091458b4823867723b3d?s=96&d=mm&r=g\",\"caption\":\"gaprsa\"},\"url\":\"https:\/\/www.ull.es\/portal\/noticias\/author\/gaprsa\/\"}]}<\/script>\n<!-- \/ Yoast SEO plugin. -->","yoast_head_json":{"title":"El encuentro Tur\u00edstica 2015 de la ULL abunda en la interconexi\u00f3n entre el turismo y las tecnolog\u00edas - ULL - Noticias","robots":{"index":"index","follow":"follow","max-snippet":"max-snippet:-1","max-image-preview":"max-image-preview:large","max-video-preview":"max-video-preview:-1"},"canonical":"https:\/\/www.ull.es\/portal\/noticias\/2015\/el-encuentro-turistica-2015-de-la-ull-abunda-en-la-interconexion-entre-el-turismo-y-las-tecnologias\/","og_locale":"es_ES","og_type":"article","og_title":"El encuentro Tur\u00edstica 2015 de la ULL abunda en la interconexi\u00f3n entre el turismo y las tecnolog\u00edas - ULL - Noticias","og_description":"La jornada Tur\u00edsTICa 2015, titulada \u201cRetos en la transformaci\u00f3n digital del ecosistema Turismo-TIC\u201d tuvo lugar hoy 16 de diciembre en...","og_url":"https:\/\/www.ull.es\/portal\/noticias\/2015\/el-encuentro-turistica-2015-de-la-ull-abunda-en-la-interconexion-entre-el-turismo-y-las-tecnologias\/","og_site_name":"ULL - Noticias","article_publisher":"https:\/\/www.facebook.com\/universidaddelalaguna\/","article_published_time":"2015-12-16T15:00:27+00:00","og_image":[{"width":1034,"height":708,"url":"https:\/\/www.ull.es\/portal\/noticias\/wp-content\/uploads\/sites\/13\/2015\/12\/turistica3.jpg","type":"image\/jpeg"}],"author":"gaprsa","twitter_card":"summary_large_image","twitter_creator":"@CanalULL","twitter_site":"@CanalULL","twitter_misc":{"Escrito por":"gaprsa","Tiempo de lectura":"2 minutos"},"schema":{"@context":"https:\/\/schema.org","@graph":[{"@type":"WebPage","@id":"https:\/\/www.ull.es\/portal\/noticias\/2015\/el-encuentro-turistica-2015-de-la-ull-abunda-en-la-interconexion-entre-el-turismo-y-las-tecnologias\/","url":"https:\/\/www.ull.es\/portal\/noticias\/2015\/el-encuentro-turistica-2015-de-la-ull-abunda-en-la-interconexion-entre-el-turismo-y-las-tecnologias\/","name":"El encuentro Tur\u00edstica 2015 de la ULL abunda en la interconexi\u00f3n entre el turismo y las tecnolog\u00edas - ULL - Noticias","isPartOf":{"@id":"https:\/\/www.ull.es\/portal\/noticias\/#website"},"datePublished":"2015-12-16T15:00:27+00:00","dateModified":"2015-12-16T15:00:27+00:00","author":{"@id":"https:\/\/www.ull.es\/portal\/noticias\/#\/schema\/person\/b2b1a89d43ffa609e591f7df8ef3e817"},"breadcrumb":{"@id":"https:\/\/www.ull.es\/portal\/noticias\/2015\/el-encuentro-turistica-2015-de-la-ull-abunda-en-la-interconexion-entre-el-turismo-y-las-tecnologias\/#breadcrumb"},"inLanguage":"es","potentialAction":[{"@type":"ReadAction","target":["https:\/\/www.ull.es\/portal\/noticias\/2015\/el-encuentro-turistica-2015-de-la-ull-abunda-en-la-interconexion-entre-el-turismo-y-las-tecnologias\/"]}]},{"@type":"BreadcrumbList","@id":"https:\/\/www.ull.es\/portal\/noticias\/2015\/el-encuentro-turistica-2015-de-la-ull-abunda-en-la-interconexion-entre-el-turismo-y-las-tecnologias\/#breadcrumb","itemListElement":[{"@type":"ListItem","position":1,"name":"Portada","item":"https:\/\/www.ull.es\/portal\/noticias\/"},{"@type":"ListItem","position":2,"name":"El encuentro Tur\u00edstica 2015 de la ULL abunda en la interconexi\u00f3n entre el turismo y las tecnolog\u00edas"}]},{"@type":"WebSite","@id":"https:\/\/www.ull.es\/portal\/noticias\/#website","url":"https:\/\/www.ull.es\/portal\/noticias\/","name":"ULL - Noticias","description":"","potentialAction":[{"@type":"SearchAction","target":{"@type":"EntryPoint","urlTemplate":"https:\/\/www.ull.es\/portal\/noticias\/?s={search_term_string}"},"query-input":"required name=search_term_string"}],"inLanguage":"es"},{"@type":"Person","@id":"https:\/\/www.ull.es\/portal\/noticias\/#\/schema\/person\/b2b1a89d43ffa609e591f7df8ef3e817","name":"gaprsa","image":{"@type":"ImageObject","inLanguage":"es","@id":"https:\/\/www.ull.es\/portal\/noticias\/#\/schema\/person\/image\/","url":"https:\/\/secure.gravatar.com\/avatar\/443820550921091458b4823867723b3d?s=96&d=mm&r=g","contentUrl":"https:\/\/secure.gravatar.com\/avatar\/443820550921091458b4823867723b3d?s=96&d=mm&r=g","caption":"gaprsa"},"url":"https:\/\/www.ull.es\/portal\/noticias\/author\/gaprsa\/"}]}},"primary_category":null,"featured_image_thumbnail_url":"https:\/\/www.ull.es\/portal\/noticias\/wp-content\/uploads\/sites\/13\/2015\/12\/turistica3-300x205.jpg","_links":{"self":[{"href":"https:\/\/www.ull.es\/portal\/noticias\/wp-json\/wp\/v2\/posts\/26069"}],"collection":[{"href":"https:\/\/www.ull.es\/portal\/noticias\/wp-json\/wp\/v2\/posts"}],"about":[{"href":"https:\/\/www.ull.es\/portal\/noticias\/wp-json\/wp\/v2\/types\/post"}],"author":[{"embeddable":true,"href":"https:\/\/www.ull.es\/portal\/noticias\/wp-json\/wp\/v2\/users\/23"}],"replies":[{"embeddable":true,"href":"https:\/\/www.ull.es\/portal\/noticias\/wp-json\/wp\/v2\/comments?post=26069"}],"version-history":[{"count":0,"href":"https:\/\/www.ull.es\/portal\/noticias\/wp-json\/wp\/v2\/posts\/26069\/revisions"}],"wp:featuredmedia":[{"embeddable":true,"href":"https:\/\/www.ull.es\/portal\/noticias\/wp-json\/wp\/v2\/media\/26077"}],"wp:attachment":[{"href":"https:\/\/www.ull.es\/portal\/noticias\/wp-json\/wp\/v2\/media?parent=26069"}],"wp:term":[{"taxonomy":"category","embeddable":true,"href":"https:\/\/www.ull.es\/portal\/noticias\/wp-json\/wp\/v2\/categories?post=26069"},{"taxonomy":"post_tag","embeddable":true,"href":"https:\/\/www.ull.es\/portal\/noticias\/wp-json\/wp\/v2\/tags?post=26069"}],"curies":[{"name":"wp","href":"https:\/\/api.w.org\/{rel}","templated":true}]}}