{"id":26088,"date":"2015-12-17T13:29:23","date_gmt":"2015-12-17T13:29:23","guid":{"rendered":"http:\/\/ddigital.webs.ull.es\/?p=26088"},"modified":"2015-12-17T13:29:23","modified_gmt":"2015-12-17T13:29:23","slug":"el-grupo-de-investigadores-de-la-ull-sobre-la-metodologia-de-construccion-bim-recibe-un-importante-apoyo-nacional","status":"publish","type":"post","link":"https:\/\/www.ull.es\/portal\/noticias\/2015\/el-grupo-de-investigadores-de-la-ull-sobre-la-metodologia-de-construccion-bim-recibe-un-importante-apoyo-nacional\/","title":{"rendered":"El grupo de investigadores de la ULL sobre la metodolog\u00eda de construcci\u00f3n BIM recibe un importante apoyo nacional"},"content":{"rendered":"<p>El <a href=\"http:\/\/bimlab.ull.es\" target=\"_blank\" target=\"_blank\" rel=\"noopener\">BIM Lab de la Universidad de La Laguna<\/a> es un proyecto que re\u00fane a profesorado de la Universidad de La Laguna que busca ahondar y difundir las denominadas tecnolog\u00edas de la informaci\u00f3n en la construcci\u00f3n, entre las cuales destaca la metodolog\u00eda BIM (Building Information Modeling). El pasado octubre se desarroll\u00f3 una jornada de la cual eman\u00f3 un manifiesto de apoyo a esta actividad, el cual ha recibido recientemente un importante apoyo nacional por parte de BuildingSmart Spanish Chapter, la principal organizaci\u00f3n nacional de apoyo a BIM.<\/p>\n<p>El manifiesto fue suscrito el 11 de diciembre por el director de la Escuela Polit\u00e9cnica Superior de Ingenier\u00eda, Nicol\u00e1s Marichal; el director de la Escuela Superior de Ingenier\u00eda y Tecnolog\u00eda, Leopoldo Acosta; el presidente de la BuildingSmart Spanish Chapter, Sergio Mu\u00f1oz; y la directora del BIMLab ULL del Departamento de T\u00e9cnicas y Proyectos en Ingenier\u00eda y Arquitectura, Norena Mart\u00edn.<\/p>\n<p>Todos ellos manifestaron el apoyo a las necesidades de capacitaci\u00f3n de estudiantes, profesores y profesionales del \u00e1mbito de la construcci\u00f3n, mediante una serie de acciones, entre las que se encuentran la creaci\u00f3n y apoyo de una Comunidad Educativa Nacional BIM (Campus Virtual BIM), el apoyo a la creaci\u00f3n de una Comunidad Educativa Europea BIM (BIM Academic Forum) y, en general, apoyar la formaci\u00f3n y difusi\u00f3n de esta metodolog\u00eda tanto entre profesorado como alumnado y profesionales.<\/p>\n<p><strong>Red acad\u00e9mica<\/strong><\/p>\n<p>Una de esas acciones ya se ha puesto en marcha con la creaci\u00f3n de la <a href=\"http:\/\/www.buildingsmart.es\/esfab\/\" target=\"_blank\" target=\"_blank\" rel=\"noopener\">Red Espa\u00f1ola Acad\u00e9mica BIM (esFAB)<\/a> en el marco de la BIM International Conference celebrada a principios de diciembre. Se trata de una red acad\u00e9mica sin \u00e1nimo de lucro cuya misi\u00f3n es desarrollar y promover la formaci\u00f3n, el aprendizaje y la investigaci\u00f3n sobre BIM.<\/p>\n<p>La red arranca con el apoyo de varias universidades: Polit\u00e9cnica de Valencia, Sevilla, Europea de Madrid, Polit\u00e9cnica de Catalu\u00f1a y la propia Universidad de La Laguna. Aquellos docentes que quieran formar parte de la red pueden inscribirse en <a href=\"http:\/\/goo.gl\/forms\/bvRqjHn9K7\" target=\"_blank\" target=\"_blank\" rel=\"noopener\">este formulario<\/a>.<\/p>\n","protected":false},"excerpt":{"rendered":"<p>El BIM Lab de la Universidad de La Laguna es un proyecto que re\u00fane a profesorado de la Universidad de&#8230;<\/p>\n","protected":false},"author":23,"featured_media":26089,"comment_status":"open","ping_status":"open","sticky":false,"template":"","format":"standard","meta":{"inline_featured_image":false,"footnotes":""},"categories":[345,350,1],"tags":[645,646,1981,2527,2560],"acf":[],"yoast_head":"<!-- This site is optimized with the Yoast SEO plugin v21.3 - https:\/\/yoast.com\/wordpress\/plugins\/seo\/ -->\n<title>El grupo de investigadores de la ULL sobre la metodolog\u00eda de construcci\u00f3n BIM recibe un importante apoyo nacional - ULL - Noticias<\/title>\n<meta name=\"robots\" content=\"index, follow, max-snippet:-1, max-image-preview:large, max-video-preview:-1\" \/>\n<link rel=\"canonical\" href=\"https:\/\/www.ull.es\/portal\/noticias\/2015\/el-grupo-de-investigadores-de-la-ull-sobre-la-metodologia-de-construccion-bim-recibe-un-importante-apoyo-nacional\/\" \/>\n<meta property=\"og:locale\" content=\"es_ES\" \/>\n<meta property=\"og:type\" content=\"article\" \/>\n<meta property=\"og:title\" content=\"El grupo de investigadores de la ULL sobre la metodolog\u00eda de construcci\u00f3n BIM recibe un importante apoyo nacional - ULL - Noticias\" \/>\n<meta property=\"og:description\" content=\"El BIM Lab de la Universidad de La Laguna es un proyecto que re\u00fane a profesorado de la Universidad de...\" \/>\n<meta property=\"og:url\" content=\"https:\/\/www.ull.es\/portal\/noticias\/2015\/el-grupo-de-investigadores-de-la-ull-sobre-la-metodologia-de-construccion-bim-recibe-un-importante-apoyo-nacional\/\" \/>\n<meta property=\"og:site_name\" content=\"ULL - Noticias\" \/>\n<meta property=\"article:publisher\" content=\"https:\/\/www.facebook.com\/universidaddelalaguna\/\" \/>\n<meta property=\"article:published_time\" content=\"2015-12-17T13:29:23+00:00\" \/>\n<meta property=\"og:image\" content=\"https:\/\/www.ull.es\/portal\/noticias\/wp-content\/uploads\/sites\/13\/2015\/12\/firma-manifiesto-bim.jpg\" \/>\n\t<meta property=\"og:image:width\" content=\"500\" \/>\n\t<meta property=\"og:image:height\" content=\"334\" \/>\n\t<meta property=\"og:image:type\" content=\"image\/jpeg\" \/>\n<meta name=\"author\" content=\"gaprsa\" \/>\n<meta name=\"twitter:card\" content=\"summary_large_image\" \/>\n<meta name=\"twitter:creator\" content=\"@CanalULL\" \/>\n<meta name=\"twitter:site\" content=\"@CanalULL\" \/>\n<meta name=\"twitter:label1\" content=\"Escrito por\" \/>\n\t<meta name=\"twitter:data1\" content=\"gaprsa\" \/>\n\t<meta name=\"twitter:label2\" content=\"Tiempo de lectura\" \/>\n\t<meta name=\"twitter:data2\" content=\"2 minutos\" \/>\n<script type=\"application\/ld+json\" class=\"yoast-schema-graph\">{\"@context\":\"https:\/\/schema.org\",\"@graph\":[{\"@type\":\"WebPage\",\"@id\":\"https:\/\/www.ull.es\/portal\/noticias\/2015\/el-grupo-de-investigadores-de-la-ull-sobre-la-metodologia-de-construccion-bim-recibe-un-importante-apoyo-nacional\/\",\"url\":\"https:\/\/www.ull.es\/portal\/noticias\/2015\/el-grupo-de-investigadores-de-la-ull-sobre-la-metodologia-de-construccion-bim-recibe-un-importante-apoyo-nacional\/\",\"name\":\"El grupo de investigadores de la ULL sobre la metodolog\u00eda de construcci\u00f3n BIM recibe un importante apoyo nacional - ULL - Noticias\",\"isPartOf\":{\"@id\":\"https:\/\/www.ull.es\/portal\/noticias\/#website\"},\"datePublished\":\"2015-12-17T13:29:23+00:00\",\"dateModified\":\"2015-12-17T13:29:23+00:00\",\"author\":{\"@id\":\"https:\/\/www.ull.es\/portal\/noticias\/#\/schema\/person\/b2b1a89d43ffa609e591f7df8ef3e817\"},\"breadcrumb\":{\"@id\":\"https:\/\/www.ull.es\/portal\/noticias\/2015\/el-grupo-de-investigadores-de-la-ull-sobre-la-metodologia-de-construccion-bim-recibe-un-importante-apoyo-nacional\/#breadcrumb\"},\"inLanguage\":\"es\",\"potentialAction\":[{\"@type\":\"ReadAction\",\"target\":[\"https:\/\/www.ull.es\/portal\/noticias\/2015\/el-grupo-de-investigadores-de-la-ull-sobre-la-metodologia-de-construccion-bim-recibe-un-importante-apoyo-nacional\/\"]}]},{\"@type\":\"BreadcrumbList\",\"@id\":\"https:\/\/www.ull.es\/portal\/noticias\/2015\/el-grupo-de-investigadores-de-la-ull-sobre-la-metodologia-de-construccion-bim-recibe-un-importante-apoyo-nacional\/#breadcrumb\",\"itemListElement\":[{\"@type\":\"ListItem\",\"position\":1,\"name\":\"Portada\",\"item\":\"https:\/\/www.ull.es\/portal\/noticias\/\"},{\"@type\":\"ListItem\",\"position\":2,\"name\":\"El grupo de investigadores de la ULL sobre la metodolog\u00eda de construcci\u00f3n BIM recibe un importante apoyo nacional\"}]},{\"@type\":\"WebSite\",\"@id\":\"https:\/\/www.ull.es\/portal\/noticias\/#website\",\"url\":\"https:\/\/www.ull.es\/portal\/noticias\/\",\"name\":\"ULL - Noticias\",\"description\":\"\",\"potentialAction\":[{\"@type\":\"SearchAction\",\"target\":{\"@type\":\"EntryPoint\",\"urlTemplate\":\"https:\/\/www.ull.es\/portal\/noticias\/?s={search_term_string}\"},\"query-input\":\"required name=search_term_string\"}],\"inLanguage\":\"es\"},{\"@type\":\"Person\",\"@id\":\"https:\/\/www.ull.es\/portal\/noticias\/#\/schema\/person\/b2b1a89d43ffa609e591f7df8ef3e817\",\"name\":\"gaprsa\",\"image\":{\"@type\":\"ImageObject\",\"inLanguage\":\"es\",\"@id\":\"https:\/\/www.ull.es\/portal\/noticias\/#\/schema\/person\/image\/\",\"url\":\"https:\/\/secure.gravatar.com\/avatar\/443820550921091458b4823867723b3d?s=96&d=mm&r=g\",\"contentUrl\":\"https:\/\/secure.gravatar.com\/avatar\/443820550921091458b4823867723b3d?s=96&d=mm&r=g\",\"caption\":\"gaprsa\"},\"url\":\"https:\/\/www.ull.es\/portal\/noticias\/author\/gaprsa\/\"}]}<\/script>\n<!-- \/ Yoast SEO plugin. -->","yoast_head_json":{"title":"El grupo de investigadores de la ULL sobre la metodolog\u00eda de construcci\u00f3n BIM recibe un importante apoyo nacional - ULL - Noticias","robots":{"index":"index","follow":"follow","max-snippet":"max-snippet:-1","max-image-preview":"max-image-preview:large","max-video-preview":"max-video-preview:-1"},"canonical":"https:\/\/www.ull.es\/portal\/noticias\/2015\/el-grupo-de-investigadores-de-la-ull-sobre-la-metodologia-de-construccion-bim-recibe-un-importante-apoyo-nacional\/","og_locale":"es_ES","og_type":"article","og_title":"El grupo de investigadores de la ULL sobre la metodolog\u00eda de construcci\u00f3n BIM recibe un importante apoyo nacional - ULL - Noticias","og_description":"El BIM Lab de la Universidad de La Laguna es un proyecto que re\u00fane a profesorado de la Universidad de...","og_url":"https:\/\/www.ull.es\/portal\/noticias\/2015\/el-grupo-de-investigadores-de-la-ull-sobre-la-metodologia-de-construccion-bim-recibe-un-importante-apoyo-nacional\/","og_site_name":"ULL - Noticias","article_publisher":"https:\/\/www.facebook.com\/universidaddelalaguna\/","article_published_time":"2015-12-17T13:29:23+00:00","og_image":[{"width":500,"height":334,"url":"https:\/\/www.ull.es\/portal\/noticias\/wp-content\/uploads\/sites\/13\/2015\/12\/firma-manifiesto-bim.jpg","type":"image\/jpeg"}],"author":"gaprsa","twitter_card":"summary_large_image","twitter_creator":"@CanalULL","twitter_site":"@CanalULL","twitter_misc":{"Escrito por":"gaprsa","Tiempo de lectura":"2 minutos"},"schema":{"@context":"https:\/\/schema.org","@graph":[{"@type":"WebPage","@id":"https:\/\/www.ull.es\/portal\/noticias\/2015\/el-grupo-de-investigadores-de-la-ull-sobre-la-metodologia-de-construccion-bim-recibe-un-importante-apoyo-nacional\/","url":"https:\/\/www.ull.es\/portal\/noticias\/2015\/el-grupo-de-investigadores-de-la-ull-sobre-la-metodologia-de-construccion-bim-recibe-un-importante-apoyo-nacional\/","name":"El grupo de investigadores de la ULL sobre la metodolog\u00eda de construcci\u00f3n BIM recibe un importante apoyo nacional - ULL - Noticias","isPartOf":{"@id":"https:\/\/www.ull.es\/portal\/noticias\/#website"},"datePublished":"2015-12-17T13:29:23+00:00","dateModified":"2015-12-17T13:29:23+00:00","author":{"@id":"https:\/\/www.ull.es\/portal\/noticias\/#\/schema\/person\/b2b1a89d43ffa609e591f7df8ef3e817"},"breadcrumb":{"@id":"https:\/\/www.ull.es\/portal\/noticias\/2015\/el-grupo-de-investigadores-de-la-ull-sobre-la-metodologia-de-construccion-bim-recibe-un-importante-apoyo-nacional\/#breadcrumb"},"inLanguage":"es","potentialAction":[{"@type":"ReadAction","target":["https:\/\/www.ull.es\/portal\/noticias\/2015\/el-grupo-de-investigadores-de-la-ull-sobre-la-metodologia-de-construccion-bim-recibe-un-importante-apoyo-nacional\/"]}]},{"@type":"BreadcrumbList","@id":"https:\/\/www.ull.es\/portal\/noticias\/2015\/el-grupo-de-investigadores-de-la-ull-sobre-la-metodologia-de-construccion-bim-recibe-un-importante-apoyo-nacional\/#breadcrumb","itemListElement":[{"@type":"ListItem","position":1,"name":"Portada","item":"https:\/\/www.ull.es\/portal\/noticias\/"},{"@type":"ListItem","position":2,"name":"El grupo de investigadores de la ULL sobre la metodolog\u00eda de construcci\u00f3n BIM recibe un importante apoyo nacional"}]},{"@type":"WebSite","@id":"https:\/\/www.ull.es\/portal\/noticias\/#website","url":"https:\/\/www.ull.es\/portal\/noticias\/","name":"ULL - Noticias","description":"","potentialAction":[{"@type":"SearchAction","target":{"@type":"EntryPoint","urlTemplate":"https:\/\/www.ull.es\/portal\/noticias\/?s={search_term_string}"},"query-input":"required name=search_term_string"}],"inLanguage":"es"},{"@type":"Person","@id":"https:\/\/www.ull.es\/portal\/noticias\/#\/schema\/person\/b2b1a89d43ffa609e591f7df8ef3e817","name":"gaprsa","image":{"@type":"ImageObject","inLanguage":"es","@id":"https:\/\/www.ull.es\/portal\/noticias\/#\/schema\/person\/image\/","url":"https:\/\/secure.gravatar.com\/avatar\/443820550921091458b4823867723b3d?s=96&d=mm&r=g","contentUrl":"https:\/\/secure.gravatar.com\/avatar\/443820550921091458b4823867723b3d?s=96&d=mm&r=g","caption":"gaprsa"},"url":"https:\/\/www.ull.es\/portal\/noticias\/author\/gaprsa\/"}]}},"primary_category":null,"featured_image_thumbnail_url":"https:\/\/www.ull.es\/portal\/noticias\/wp-content\/uploads\/sites\/13\/2015\/12\/firma-manifiesto-bim-300x200.jpg","_links":{"self":[{"href":"https:\/\/www.ull.es\/portal\/noticias\/wp-json\/wp\/v2\/posts\/26088"}],"collection":[{"href":"https:\/\/www.ull.es\/portal\/noticias\/wp-json\/wp\/v2\/posts"}],"about":[{"href":"https:\/\/www.ull.es\/portal\/noticias\/wp-json\/wp\/v2\/types\/post"}],"author":[{"embeddable":true,"href":"https:\/\/www.ull.es\/portal\/noticias\/wp-json\/wp\/v2\/users\/23"}],"replies":[{"embeddable":true,"href":"https:\/\/www.ull.es\/portal\/noticias\/wp-json\/wp\/v2\/comments?post=26088"}],"version-history":[{"count":0,"href":"https:\/\/www.ull.es\/portal\/noticias\/wp-json\/wp\/v2\/posts\/26088\/revisions"}],"wp:featuredmedia":[{"embeddable":true,"href":"https:\/\/www.ull.es\/portal\/noticias\/wp-json\/wp\/v2\/media\/26089"}],"wp:attachment":[{"href":"https:\/\/www.ull.es\/portal\/noticias\/wp-json\/wp\/v2\/media?parent=26088"}],"wp:term":[{"taxonomy":"category","embeddable":true,"href":"https:\/\/www.ull.es\/portal\/noticias\/wp-json\/wp\/v2\/categories?post=26088"},{"taxonomy":"post_tag","embeddable":true,"href":"https:\/\/www.ull.es\/portal\/noticias\/wp-json\/wp\/v2\/tags?post=26088"}],"curies":[{"name":"wp","href":"https:\/\/api.w.org\/{rel}","templated":true}]}}